{"id":5604,"date":"2024-12-12T08:40:05","date_gmt":"2024-12-12T07:40:05","guid":{"rendered":"https:\/\/gijonbasket.com\/?p=5604"},"modified":"2024-12-12T08:40:05","modified_gmt":"2024-12-12T07:40:05","slug":"augusto-lima-baja-por-lesion-en-leyma-coruna","status":"publish","type":"post","link":"https:\/\/gijonbasket.com\/en\/2024\/12\/12\/augusto-lima-baja-por-lesion-en-leyma-coruna\/","title":{"rendered":"Augusto Lima baja por lesi\u00f3n en Leyma Coru\u00f1a"},"content":{"rendered":"<p>El Leyma Coru\u00f1a contar\u00e1 con la baja por lesi\u00f3n de Augusto Lima al sufrir una rotura de fibras del muslo del gemelo derecho.<\/p>\n\n\n\n<p>El periodo de inactividad ser\u00e1 de seis semanas.<\/p>\n\n\n\n<p>P\u00edvot brasile\u00f1o con nacionalidad espa\u00f1ola de 33 a\u00f1os y 2.09 m.<\/p>\n\n\n\n<p>Augusto Lima en su primera temporada en el Leyma Coru\u00f1a est\u00e1 promediando 5.7 ppp; 4.9 rpp.<\/p>\n\n\n\n<p>15\u00aa temporada en Liga Endesa militando en Unicaja, C.B. Granada, UCAM Murcia, Real Madrid, San Pablo Burgos y Leyma Coru\u00f1a.<\/p>","protected":false},"excerpt":{"rendered":"<p>El Leyma Coru\u00f1a contar\u00e1 con la baja por lesi\u00f3n de Augusto Lima al sufrir una rotura de fibras del muslo del gemelo derecho. El periodo de inactividad ser\u00e1 de seis semanas. P\u00edvot brasile\u00f1o con nacionalidad espa\u00f1ola de 33 a\u00f1os y 2.09 m. Augusto Lima en su primera temporada en el Leyma Coru\u00f1a est\u00e1 promediando 5.7&hellip;&nbsp;<a href=\"https:\/\/gijonbasket.com\/en\/2024\/12\/12\/augusto-lima-baja-por-lesion-en-leyma-coruna\/\" class=\"\" rel=\"bookmark\">Read More &raquo;<span class=\"screen-reader-text\">Augusto Lima baja por lesi\u00f3n en Leyma Coru\u00f1a<\/span><\/a><\/p>","protected":false},"author":2,"featured_media":0,"comment_status":"open","ping_status":"open","sticky":false,"template":"","format":"standard","meta":{"neve_meta_sidebar":"","neve_meta_container":"","neve_meta_enable_content_width":"","neve_meta_content_width":0,"neve_meta_title_alignment":"","neve_meta_author_avatar":"","neve_post_elements_order":"","neve_meta_disable_header":"","neve_meta_disable_footer":"","neve_meta_disable_title":"","footnotes":""},"categories":[4],"tags":[],"class_list":["post-5604","post","type-post","status-publish","format-standard","hentry","category-noticias"],"yoast_head":"<!-- This site is optimized with the Yoast SEO plugin v23.4 - https:\/\/yoast.com\/wordpress\/plugins\/seo\/ -->\n<title>Augusto Lima baja por lesi\u00f3n en Leyma Coru\u00f1a - gijonbasket<\/title>\n<meta name=\"robots\" content=\"index, follow, max-snippet:-1, max-image-preview:large, max-video-preview:-1\" \/>\n<link rel=\"canonical\" href=\"https:\/\/gijonbasket.com\/en\/2024\/12\/12\/augusto-lima-baja-por-lesion-en-leyma-coruna\/\" \/>\n<meta property=\"og:locale\" content=\"en_US\" \/>\n<meta property=\"og:type\" content=\"article\" \/>\n<meta property=\"og:title\" content=\"Augusto Lima baja por lesi\u00f3n en Leyma Coru\u00f1a - gijonbasket\" \/>\n<meta property=\"og:description\" content=\"El Leyma Coru\u00f1a contar\u00e1 con la baja por lesi\u00f3n de Augusto Lima al sufrir una rotura de fibras del muslo del gemelo derecho. El periodo de inactividad ser\u00e1 de seis semanas. P\u00edvot brasile\u00f1o con nacionalidad espa\u00f1ola de 33 a\u00f1os y 2.09 m. Augusto Lima en su primera temporada en el Leyma Coru\u00f1a est\u00e1 promediando 5.7&hellip;&nbsp;Read More &raquo;Augusto Lima baja por lesi\u00f3n en Leyma Coru\u00f1a\" \/>\n<meta property=\"og:url\" content=\"https:\/\/gijonbasket.com\/en\/2024\/12\/12\/augusto-lima-baja-por-lesion-en-leyma-coruna\/\" \/>\n<meta property=\"og:site_name\" content=\"gijonbasket\" \/>\n<meta property=\"article:published_time\" content=\"2024-12-12T07:40:05+00:00\" \/>\n<meta name=\"author\" content=\"Cesar Morales\" \/>\n<meta name=\"twitter:card\" content=\"summary_large_image\" \/>\n<meta name=\"twitter:label1\" content=\"Written by\" \/>\n\t<meta name=\"twitter:data1\" content=\"Cesar Morales\" \/>\n\t<meta name=\"twitter:label2\" content=\"Est. reading time\" \/>\n\t<meta name=\"twitter:data2\" content=\"1 minute\" \/>\n<script type=\"application\/ld+json\" class=\"yoast-schema-graph\">{\"@context\":\"https:\/\/schema.org\",\"@graph\":[{\"@type\":\"Article\",\"@id\":\"https:\/\/gijonbasket.com\/2024\/12\/12\/augusto-lima-baja-por-lesion-en-leyma-coruna\/#article\",\"isPartOf\":{\"@id\":\"https:\/\/gijonbasket.com\/2024\/12\/12\/augusto-lima-baja-por-lesion-en-leyma-coruna\/\"},\"author\":{\"name\":\"Cesar Morales\",\"@id\":\"https:\/\/gijonbasket.com\/#\/schema\/person\/91af9ff03e8eab582ccc344b715907c0\"},\"headline\":\"Augusto Lima baja por lesi\u00f3n en Leyma Coru\u00f1a\",\"datePublished\":\"2024-12-12T07:40:05+00:00\",\"dateModified\":\"2024-12-12T07:40:05+00:00\",\"mainEntityOfPage\":{\"@id\":\"https:\/\/gijonbasket.com\/2024\/12\/12\/augusto-lima-baja-por-lesion-en-leyma-coruna\/\"},\"wordCount\":92,\"commentCount\":0,\"publisher\":{\"@id\":\"https:\/\/gijonbasket.com\/#organization\"},\"articleSection\":[\"noticias\"],\"inLanguage\":\"en-US\",\"potentialAction\":[{\"@type\":\"CommentAction\",\"name\":\"Comment\",\"target\":[\"https:\/\/gijonbasket.com\/2024\/12\/12\/augusto-lima-baja-por-lesion-en-leyma-coruna\/#respond\"]}]},{\"@type\":\"WebPage\",\"@id\":\"https:\/\/gijonbasket.com\/2024\/12\/12\/augusto-lima-baja-por-lesion-en-leyma-coruna\/\",\"url\":\"https:\/\/gijonbasket.com\/2024\/12\/12\/augusto-lima-baja-por-lesion-en-leyma-coruna\/\",\"name\":\"Augusto Lima baja por lesi\u00f3n en Leyma Coru\u00f1a - gijonbasket\",\"isPartOf\":{\"@id\":\"https:\/\/gijonbasket.com\/#website\"},\"datePublished\":\"2024-12-12T07:40:05+00:00\",\"dateModified\":\"2024-12-12T07:40:05+00:00\",\"breadcrumb\":{\"@id\":\"https:\/\/gijonbasket.com\/2024\/12\/12\/augusto-lima-baja-por-lesion-en-leyma-coruna\/#breadcrumb\"},\"inLanguage\":\"en-US\",\"potentialAction\":[{\"@type\":\"ReadAction\",\"target\":[\"https:\/\/gijonbasket.com\/2024\/12\/12\/augusto-lima-baja-por-lesion-en-leyma-coruna\/\"]}]},{\"@type\":\"BreadcrumbList\",\"@id\":\"https:\/\/gijonbasket.com\/2024\/12\/12\/augusto-lima-baja-por-lesion-en-leyma-coruna\/#breadcrumb\",\"itemListElement\":[{\"@type\":\"ListItem\",\"position\":1,\"name\":\"Portada\",\"item\":\"https:\/\/gijonbasket.com\/\"},{\"@type\":\"ListItem\",\"position\":2,\"name\":\"Augusto Lima baja por lesi\u00f3n en Leyma Coru\u00f1a\"}]},{\"@type\":\"WebSite\",\"@id\":\"https:\/\/gijonbasket.com\/#website\",\"url\":\"https:\/\/gijonbasket.com\/\",\"name\":\"gijonbasket\",\"description\":\"\",\"publisher\":{\"@id\":\"https:\/\/gijonbasket.com\/#organization\"},\"potentialAction\":[{\"@type\":\"SearchAction\",\"target\":{\"@type\":\"EntryPoint\",\"urlTemplate\":\"https:\/\/gijonbasket.com\/?s={search_term_string}\"},\"query-input\":{\"@type\":\"PropertyValueSpecification\",\"valueRequired\":true,\"valueName\":\"search_term_string\"}}],\"inLanguage\":\"en-US\"},{\"@type\":\"Organization\",\"@id\":\"https:\/\/gijonbasket.com\/#organization\",\"name\":\"gijonbasket\",\"url\":\"https:\/\/gijonbasket.com\/\",\"logo\":{\"@type\":\"ImageObject\",\"inLanguage\":\"en-US\",\"@id\":\"https:\/\/gijonbasket.com\/#\/schema\/logo\/image\/\",\"url\":\"https:\/\/gijonbasket.com\/wp-content\/uploads\/2023\/03\/LogoGijonBasket2.jpg\",\"contentUrl\":\"https:\/\/gijonbasket.com\/wp-content\/uploads\/2023\/03\/LogoGijonBasket2.jpg\",\"width\":2000,\"height\":550,\"caption\":\"gijonbasket\"},\"image\":{\"@id\":\"https:\/\/gijonbasket.com\/#\/schema\/logo\/image\/\"}},{\"@type\":\"Person\",\"@id\":\"https:\/\/gijonbasket.com\/#\/schema\/person\/91af9ff03e8eab582ccc344b715907c0\",\"name\":\"Cesar Morales\",\"image\":{\"@type\":\"ImageObject\",\"inLanguage\":\"en-US\",\"@id\":\"https:\/\/gijonbasket.com\/#\/schema\/person\/image\/\",\"url\":\"https:\/\/secure.gravatar.com\/avatar\/ab9ddf1e87f7580cae3deefb05a58c5cf4f0c7f96f033fd7dacc23f0e8d149ca?s=96&d=mm&r=g\",\"contentUrl\":\"https:\/\/secure.gravatar.com\/avatar\/ab9ddf1e87f7580cae3deefb05a58c5cf4f0c7f96f033fd7dacc23f0e8d149ca?s=96&d=mm&r=g\",\"caption\":\"Cesar Morales\"},\"url\":\"https:\/\/gijonbasket.com\/en\/author\/cesar\/\"}]}<\/script>\n<!-- \/ Yoast SEO plugin. -->","yoast_head_json":{"title":"Augusto Lima baja por lesi\u00f3n en Leyma Coru\u00f1a - gijonbasket","robots":{"index":"index","follow":"follow","max-snippet":"max-snippet:-1","max-image-preview":"max-image-preview:large","max-video-preview":"max-video-preview:-1"},"canonical":"https:\/\/gijonbasket.com\/en\/2024\/12\/12\/augusto-lima-baja-por-lesion-en-leyma-coruna\/","og_locale":"en_US","og_type":"article","og_title":"Augusto Lima baja por lesi\u00f3n en Leyma Coru\u00f1a - gijonbasket","og_description":"El Leyma Coru\u00f1a contar\u00e1 con la baja por lesi\u00f3n de Augusto Lima al sufrir una rotura de fibras del muslo del gemelo derecho. El periodo de inactividad ser\u00e1 de seis semanas. P\u00edvot brasile\u00f1o con nacionalidad espa\u00f1ola de 33 a\u00f1os y 2.09 m. Augusto Lima en su primera temporada en el Leyma Coru\u00f1a est\u00e1 promediando 5.7&hellip;&nbsp;Read More &raquo;Augusto Lima baja por lesi\u00f3n en Leyma Coru\u00f1a","og_url":"https:\/\/gijonbasket.com\/en\/2024\/12\/12\/augusto-lima-baja-por-lesion-en-leyma-coruna\/","og_site_name":"gijonbasket","article_published_time":"2024-12-12T07:40:05+00:00","author":"Cesar Morales","twitter_card":"summary_large_image","twitter_misc":{"Written by":"Cesar Morales","Est. reading time":"1 minute"},"schema":{"@context":"https:\/\/schema.org","@graph":[{"@type":"Article","@id":"https:\/\/gijonbasket.com\/2024\/12\/12\/augusto-lima-baja-por-lesion-en-leyma-coruna\/#article","isPartOf":{"@id":"https:\/\/gijonbasket.com\/2024\/12\/12\/augusto-lima-baja-por-lesion-en-leyma-coruna\/"},"author":{"name":"Cesar Morales","@id":"https:\/\/gijonbasket.com\/#\/schema\/person\/91af9ff03e8eab582ccc344b715907c0"},"headline":"Augusto Lima baja por lesi\u00f3n en Leyma Coru\u00f1a","datePublished":"2024-12-12T07:40:05+00:00","dateModified":"2024-12-12T07:40:05+00:00","mainEntityOfPage":{"@id":"https:\/\/gijonbasket.com\/2024\/12\/12\/augusto-lima-baja-por-lesion-en-leyma-coruna\/"},"wordCount":92,"commentCount":0,"publisher":{"@id":"https:\/\/gijonbasket.com\/#organization"},"articleSection":["noticias"],"inLanguage":"en-US","potentialAction":[{"@type":"CommentAction","name":"Comment","target":["https:\/\/gijonbasket.com\/2024\/12\/12\/augusto-lima-baja-por-lesion-en-leyma-coruna\/#respond"]}]},{"@type":"WebPage","@id":"https:\/\/gijonbasket.com\/2024\/12\/12\/augusto-lima-baja-por-lesion-en-leyma-coruna\/","url":"https:\/\/gijonbasket.com\/2024\/12\/12\/augusto-lima-baja-por-lesion-en-leyma-coruna\/","name":"Augusto Lima baja por lesi\u00f3n en Leyma Coru\u00f1a - gijonbasket","isPartOf":{"@id":"https:\/\/gijonbasket.com\/#website"},"datePublished":"2024-12-12T07:40:05+00:00","dateModified":"2024-12-12T07:40:05+00:00","breadcrumb":{"@id":"https:\/\/gijonbasket.com\/2024\/12\/12\/augusto-lima-baja-por-lesion-en-leyma-coruna\/#breadcrumb"},"inLanguage":"en-US","potentialAction":[{"@type":"ReadAction","target":["https:\/\/gijonbasket.com\/2024\/12\/12\/augusto-lima-baja-por-lesion-en-leyma-coruna\/"]}]},{"@type":"BreadcrumbList","@id":"https:\/\/gijonbasket.com\/2024\/12\/12\/augusto-lima-baja-por-lesion-en-leyma-coruna\/#breadcrumb","itemListElement":[{"@type":"ListItem","position":1,"name":"Portada","item":"https:\/\/gijonbasket.com\/"},{"@type":"ListItem","position":2,"name":"Augusto Lima baja por lesi\u00f3n en Leyma Coru\u00f1a"}]},{"@type":"WebSite","@id":"https:\/\/gijonbasket.com\/#website","url":"https:\/\/gijonbasket.com\/","name":"gijonbasket","description":"","publisher":{"@id":"https:\/\/gijonbasket.com\/#organization"},"potentialAction":[{"@type":"SearchAction","target":{"@type":"EntryPoint","urlTemplate":"https:\/\/gijonbasket.com\/?s={search_term_string}"},"query-input":{"@type":"PropertyValueSpecification","valueRequired":true,"valueName":"search_term_string"}}],"inLanguage":"en-US"},{"@type":"Organization","@id":"https:\/\/gijonbasket.com\/#organization","name":"gijonbasket","url":"https:\/\/gijonbasket.com\/","logo":{"@type":"ImageObject","inLanguage":"en-US","@id":"https:\/\/gijonbasket.com\/#\/schema\/logo\/image\/","url":"https:\/\/gijonbasket.com\/wp-content\/uploads\/2023\/03\/LogoGijonBasket2.jpg","contentUrl":"https:\/\/gijonbasket.com\/wp-content\/uploads\/2023\/03\/LogoGijonBasket2.jpg","width":2000,"height":550,"caption":"gijonbasket"},"image":{"@id":"https:\/\/gijonbasket.com\/#\/schema\/logo\/image\/"}},{"@type":"Person","@id":"https:\/\/gijonbasket.com\/#\/schema\/person\/91af9ff03e8eab582ccc344b715907c0","name":"Cesar Morales","image":{"@type":"ImageObject","inLanguage":"en-US","@id":"https:\/\/gijonbasket.com\/#\/schema\/person\/image\/","url":"https:\/\/secure.gravatar.com\/avatar\/ab9ddf1e87f7580cae3deefb05a58c5cf4f0c7f96f033fd7dacc23f0e8d149ca?s=96&d=mm&r=g","contentUrl":"https:\/\/secure.gravatar.com\/avatar\/ab9ddf1e87f7580cae3deefb05a58c5cf4f0c7f96f033fd7dacc23f0e8d149ca?s=96&d=mm&r=g","caption":"Cesar Morales"},"url":"https:\/\/gijonbasket.com\/en\/author\/cesar\/"}]}},"_links":{"self":[{"href":"https:\/\/gijonbasket.com\/en\/wp-json\/wp\/v2\/posts\/5604","targetHints":{"allow":["GET"]}}],"collection":[{"href":"https:\/\/gijonbasket.com\/en\/wp-json\/wp\/v2\/posts"}],"about":[{"href":"https:\/\/gijonbasket.com\/en\/wp-json\/wp\/v2\/types\/post"}],"author":[{"embeddable":true,"href":"https:\/\/gijonbasket.com\/en\/wp-json\/wp\/v2\/users\/2"}],"replies":[{"embeddable":true,"href":"https:\/\/gijonbasket.com\/en\/wp-json\/wp\/v2\/comments?post=5604"}],"version-history":[{"count":1,"href":"https:\/\/gijonbasket.com\/en\/wp-json\/wp\/v2\/posts\/5604\/revisions"}],"predecessor-version":[{"id":5605,"href":"https:\/\/gijonbasket.com\/en\/wp-json\/wp\/v2\/posts\/5604\/revisions\/5605"}],"wp:attachment":[{"href":"https:\/\/gijonbasket.com\/en\/wp-json\/wp\/v2\/media?parent=5604"}],"wp:term":[{"taxonomy":"category","embeddable":true,"href":"https:\/\/gijonbasket.com\/en\/wp-json\/wp\/v2\/categories?post=5604"},{"taxonomy":"post_tag","embeddable":true,"href":"https:\/\/gijonbasket.com\/en\/wp-json\/wp\/v2\/tags?post=5604"}],"curies":[{"name":"wp","href":"https:\/\/api.w.org\/{rel}","templated":true}]}}