{"id":5771,"date":"2024-12-31T10:05:04","date_gmt":"2024-12-31T09:05:04","guid":{"rendered":"https:\/\/gijonbasket.com\/?p=5771"},"modified":"2024-12-31T10:05:05","modified_gmt":"2024-12-31T09:05:05","slug":"rozitis-adios-al-uemc-real-valladolid-baloncesto-con-fichaje-de-josh-mballa","status":"publish","type":"post","link":"https:\/\/gijonbasket.com\/en\/2024\/12\/31\/rozitis-adios-al-uemc-real-valladolid-baloncesto-con-fichaje-de-josh-mballa\/","title":{"rendered":"Rozitis adi\u00f3s al UEMC Real Valladolid Baloncesto con fichaje de Josh Mballa"},"content":{"rendered":"<p>Nuevos cambios en la plantilla del UEMC Real Valladolid Baloncesto con el adi\u00f3s de Davis Rozitis y el fichaje de Josh Mballa (Super Agropal Palencia).<\/p>\n\n\n\n<p>El conjunto pucelano cierra 2024 en posici\u00f3n de descenso, 16\u00ba con un balance de 4 victorias &#8211; 10 derrotas, acumulando una racha de cuatro derrotas consecutivas.<\/p>\n\n\n\n<p>Davis Rozitis, p\u00edvot let\u00f3n de 34 a\u00f1os y 2.13 m., recal\u00f3 con un contrato temporal que fue ampliado hasta el 31 de diciembre, pero  finalmente no continuar\u00e1 en el conjunto pucelano. 9 partidos con unas estad\u00edsticas de 5.1 ppp; 4.2 rpp. Su fichaje se produjo ante la baja por lesi\u00f3n de Vasilije Vucetic a mediados del mes de octubre. UEMC Real Valladolid Baloncesto es el octavo equipo en el que ha militado Davis Rozitis, en Espa\u00f1a, tras pasar por Actel For\u00e7a Lleida, R\u00edo Ourense Termal, Delteco Gipuzkoa Basket, B\u00e1squet Girona, TAU Castell\u00f3, Zunder Palencia y Alimerka Oviedo Baloncesto<\/p>\n\n\n\n<p>El UEMC Real Valladolid Baloncesto anunci\u00f3 el fichaje de Josh Mballa procedente del Super Agropal Palencia.<\/p>\n\n\n\n<p>P\u00edvot estadounidense con nacionalidad francesa de 25 a\u00f1os y 2.03 m. que esta temporada con el Super Agropal Palencia, primera experiencia profesional, promedi\u00f3 4.9 ppp; 2.5 rpp (Primera FEB) y 8.3 ppp; 4.3 rpp (Copa Espa\u00f1a).<\/p>\n\n\n\n<p><\/p>","protected":false},"excerpt":{"rendered":"<p>Nuevos cambios en la plantilla del UEMC Real Valladolid Baloncesto con el adi\u00f3s de Davis Rozitis y el fichaje de Josh Mballa (Super Agropal Palencia). El conjunto pucelano cierra 2024 en posici\u00f3n de descenso, 16\u00ba con un balance de 4 victorias &#8211; 10 derrotas, acumulando una racha de cuatro derrotas consecutivas. Davis Rozitis, p\u00edvot let\u00f3n&hellip;&nbsp;<a href=\"https:\/\/gijonbasket.com\/en\/2024\/12\/31\/rozitis-adios-al-uemc-real-valladolid-baloncesto-con-fichaje-de-josh-mballa\/\" class=\"\" rel=\"bookmark\">Read More &raquo;<span class=\"screen-reader-text\">Rozitis adi\u00f3s al UEMC Real Valladolid Baloncesto con fichaje de Josh Mballa<\/span><\/a><\/p>","protected":false},"author":2,"featured_media":0,"comment_status":"open","ping_status":"open","sticky":false,"template":"","format":"standard","meta":{"neve_meta_sidebar":"","neve_meta_container":"","neve_meta_enable_content_width":"","neve_meta_content_width":0,"neve_meta_title_alignment":"","neve_meta_author_avatar":"","neve_post_elements_order":"","neve_meta_disable_header":"","neve_meta_disable_footer":"","neve_meta_disable_title":"","footnotes":""},"categories":[4],"tags":[],"class_list":["post-5771","post","type-post","status-publish","format-standard","hentry","category-noticias"],"yoast_head":"<!-- This site is optimized with the Yoast SEO plugin v23.4 - https:\/\/yoast.com\/wordpress\/plugins\/seo\/ -->\n<title>Rozitis adi\u00f3s al UEMC Real Valladolid Baloncesto con fichaje de Josh Mballa - gijonbasket<\/title>\n<meta name=\"robots\" content=\"index, follow, max-snippet:-1, max-image-preview:large, max-video-preview:-1\" \/>\n<link rel=\"canonical\" href=\"https:\/\/gijonbasket.com\/en\/2024\/12\/31\/rozitis-adios-al-uemc-real-valladolid-baloncesto-con-fichaje-de-josh-mballa\/\" \/>\n<meta property=\"og:locale\" content=\"en_US\" \/>\n<meta property=\"og:type\" content=\"article\" \/>\n<meta property=\"og:title\" content=\"Rozitis adi\u00f3s al UEMC Real Valladolid Baloncesto con fichaje de Josh Mballa - gijonbasket\" \/>\n<meta property=\"og:description\" content=\"Nuevos cambios en la plantilla del UEMC Real Valladolid Baloncesto con el adi\u00f3s de Davis Rozitis y el fichaje de Josh Mballa (Super Agropal Palencia). El conjunto pucelano cierra 2024 en posici\u00f3n de descenso, 16\u00ba con un balance de 4 victorias &#8211; 10 derrotas, acumulando una racha de cuatro derrotas consecutivas. Davis Rozitis, p\u00edvot let\u00f3n&hellip;&nbsp;Read More &raquo;Rozitis adi\u00f3s al UEMC Real Valladolid Baloncesto con fichaje de Josh Mballa\" \/>\n<meta property=\"og:url\" content=\"https:\/\/gijonbasket.com\/en\/2024\/12\/31\/rozitis-adios-al-uemc-real-valladolid-baloncesto-con-fichaje-de-josh-mballa\/\" \/>\n<meta property=\"og:site_name\" content=\"gijonbasket\" \/>\n<meta property=\"article:published_time\" content=\"2024-12-31T09:05:04+00:00\" \/>\n<meta property=\"article:modified_time\" content=\"2024-12-31T09:05:05+00:00\" \/>\n<meta name=\"author\" content=\"Cesar Morales\" \/>\n<meta name=\"twitter:card\" content=\"summary_large_image\" \/>\n<meta name=\"twitter:label1\" content=\"Written by\" \/>\n\t<meta name=\"twitter:data1\" content=\"Cesar Morales\" \/>\n\t<meta name=\"twitter:label2\" content=\"Est. reading time\" \/>\n\t<meta name=\"twitter:data2\" content=\"1 minute\" \/>\n<script type=\"application\/ld+json\" class=\"yoast-schema-graph\">{\"@context\":\"https:\/\/schema.org\",\"@graph\":[{\"@type\":\"Article\",\"@id\":\"https:\/\/gijonbasket.com\/2024\/12\/31\/rozitis-adios-al-uemc-real-valladolid-baloncesto-con-fichaje-de-josh-mballa\/#article\",\"isPartOf\":{\"@id\":\"https:\/\/gijonbasket.com\/2024\/12\/31\/rozitis-adios-al-uemc-real-valladolid-baloncesto-con-fichaje-de-josh-mballa\/\"},\"author\":{\"name\":\"Cesar Morales\",\"@id\":\"https:\/\/gijonbasket.com\/#\/schema\/person\/91af9ff03e8eab582ccc344b715907c0\"},\"headline\":\"Rozitis adi\u00f3s al UEMC Real Valladolid Baloncesto con fichaje de Josh Mballa\",\"datePublished\":\"2024-12-31T09:05:04+00:00\",\"dateModified\":\"2024-12-31T09:05:05+00:00\",\"mainEntityOfPage\":{\"@id\":\"https:\/\/gijonbasket.com\/2024\/12\/31\/rozitis-adios-al-uemc-real-valladolid-baloncesto-con-fichaje-de-josh-mballa\/\"},\"wordCount\":212,\"commentCount\":0,\"publisher\":{\"@id\":\"https:\/\/gijonbasket.com\/#organization\"},\"articleSection\":[\"noticias\"],\"inLanguage\":\"en-US\",\"potentialAction\":[{\"@type\":\"CommentAction\",\"name\":\"Comment\",\"target\":[\"https:\/\/gijonbasket.com\/2024\/12\/31\/rozitis-adios-al-uemc-real-valladolid-baloncesto-con-fichaje-de-josh-mballa\/#respond\"]}]},{\"@type\":\"WebPage\",\"@id\":\"https:\/\/gijonbasket.com\/2024\/12\/31\/rozitis-adios-al-uemc-real-valladolid-baloncesto-con-fichaje-de-josh-mballa\/\",\"url\":\"https:\/\/gijonbasket.com\/2024\/12\/31\/rozitis-adios-al-uemc-real-valladolid-baloncesto-con-fichaje-de-josh-mballa\/\",\"name\":\"Rozitis adi\u00f3s al UEMC Real Valladolid Baloncesto con fichaje de Josh Mballa - gijonbasket\",\"isPartOf\":{\"@id\":\"https:\/\/gijonbasket.com\/#website\"},\"datePublished\":\"2024-12-31T09:05:04+00:00\",\"dateModified\":\"2024-12-31T09:05:05+00:00\",\"breadcrumb\":{\"@id\":\"https:\/\/gijonbasket.com\/2024\/12\/31\/rozitis-adios-al-uemc-real-valladolid-baloncesto-con-fichaje-de-josh-mballa\/#breadcrumb\"},\"inLanguage\":\"en-US\",\"potentialAction\":[{\"@type\":\"ReadAction\",\"target\":[\"https:\/\/gijonbasket.com\/2024\/12\/31\/rozitis-adios-al-uemc-real-valladolid-baloncesto-con-fichaje-de-josh-mballa\/\"]}]},{\"@type\":\"BreadcrumbList\",\"@id\":\"https:\/\/gijonbasket.com\/2024\/12\/31\/rozitis-adios-al-uemc-real-valladolid-baloncesto-con-fichaje-de-josh-mballa\/#breadcrumb\",\"itemListElement\":[{\"@type\":\"ListItem\",\"position\":1,\"name\":\"Portada\",\"item\":\"https:\/\/gijonbasket.com\/\"},{\"@type\":\"ListItem\",\"position\":2,\"name\":\"Rozitis adi\u00f3s al UEMC Real Valladolid Baloncesto con fichaje de Josh Mballa\"}]},{\"@type\":\"WebSite\",\"@id\":\"https:\/\/gijonbasket.com\/#website\",\"url\":\"https:\/\/gijonbasket.com\/\",\"name\":\"gijonbasket\",\"description\":\"\",\"publisher\":{\"@id\":\"https:\/\/gijonbasket.com\/#organization\"},\"potentialAction\":[{\"@type\":\"SearchAction\",\"target\":{\"@type\":\"EntryPoint\",\"urlTemplate\":\"https:\/\/gijonbasket.com\/?s={search_term_string}\"},\"query-input\":{\"@type\":\"PropertyValueSpecification\",\"valueRequired\":true,\"valueName\":\"search_term_string\"}}],\"inLanguage\":\"en-US\"},{\"@type\":\"Organization\",\"@id\":\"https:\/\/gijonbasket.com\/#organization\",\"name\":\"gijonbasket\",\"url\":\"https:\/\/gijonbasket.com\/\",\"logo\":{\"@type\":\"ImageObject\",\"inLanguage\":\"en-US\",\"@id\":\"https:\/\/gijonbasket.com\/#\/schema\/logo\/image\/\",\"url\":\"https:\/\/gijonbasket.com\/wp-content\/uploads\/2023\/03\/LogoGijonBasket2.jpg\",\"contentUrl\":\"https:\/\/gijonbasket.com\/wp-content\/uploads\/2023\/03\/LogoGijonBasket2.jpg\",\"width\":2000,\"height\":550,\"caption\":\"gijonbasket\"},\"image\":{\"@id\":\"https:\/\/gijonbasket.com\/#\/schema\/logo\/image\/\"}},{\"@type\":\"Person\",\"@id\":\"https:\/\/gijonbasket.com\/#\/schema\/person\/91af9ff03e8eab582ccc344b715907c0\",\"name\":\"Cesar Morales\",\"image\":{\"@type\":\"ImageObject\",\"inLanguage\":\"en-US\",\"@id\":\"https:\/\/gijonbasket.com\/#\/schema\/person\/image\/\",\"url\":\"https:\/\/secure.gravatar.com\/avatar\/ab9ddf1e87f7580cae3deefb05a58c5cf4f0c7f96f033fd7dacc23f0e8d149ca?s=96&d=mm&r=g\",\"contentUrl\":\"https:\/\/secure.gravatar.com\/avatar\/ab9ddf1e87f7580cae3deefb05a58c5cf4f0c7f96f033fd7dacc23f0e8d149ca?s=96&d=mm&r=g\",\"caption\":\"Cesar Morales\"},\"url\":\"https:\/\/gijonbasket.com\/en\/author\/cesar\/\"}]}<\/script>\n<!-- \/ Yoast SEO plugin. -->","yoast_head_json":{"title":"Rozitis adi\u00f3s al UEMC Real Valladolid Baloncesto con fichaje de Josh Mballa - gijonbasket","robots":{"index":"index","follow":"follow","max-snippet":"max-snippet:-1","max-image-preview":"max-image-preview:large","max-video-preview":"max-video-preview:-1"},"canonical":"https:\/\/gijonbasket.com\/en\/2024\/12\/31\/rozitis-adios-al-uemc-real-valladolid-baloncesto-con-fichaje-de-josh-mballa\/","og_locale":"en_US","og_type":"article","og_title":"Rozitis adi\u00f3s al UEMC Real Valladolid Baloncesto con fichaje de Josh Mballa - gijonbasket","og_description":"Nuevos cambios en la plantilla del UEMC Real Valladolid Baloncesto con el adi\u00f3s de Davis Rozitis y el fichaje de Josh Mballa (Super Agropal Palencia). El conjunto pucelano cierra 2024 en posici\u00f3n de descenso, 16\u00ba con un balance de 4 victorias &#8211; 10 derrotas, acumulando una racha de cuatro derrotas consecutivas. Davis Rozitis, p\u00edvot let\u00f3n&hellip;&nbsp;Read More &raquo;Rozitis adi\u00f3s al UEMC Real Valladolid Baloncesto con fichaje de Josh Mballa","og_url":"https:\/\/gijonbasket.com\/en\/2024\/12\/31\/rozitis-adios-al-uemc-real-valladolid-baloncesto-con-fichaje-de-josh-mballa\/","og_site_name":"gijonbasket","article_published_time":"2024-12-31T09:05:04+00:00","article_modified_time":"2024-12-31T09:05:05+00:00","author":"Cesar Morales","twitter_card":"summary_large_image","twitter_misc":{"Written by":"Cesar Morales","Est. reading time":"1 minute"},"schema":{"@context":"https:\/\/schema.org","@graph":[{"@type":"Article","@id":"https:\/\/gijonbasket.com\/2024\/12\/31\/rozitis-adios-al-uemc-real-valladolid-baloncesto-con-fichaje-de-josh-mballa\/#article","isPartOf":{"@id":"https:\/\/gijonbasket.com\/2024\/12\/31\/rozitis-adios-al-uemc-real-valladolid-baloncesto-con-fichaje-de-josh-mballa\/"},"author":{"name":"Cesar Morales","@id":"https:\/\/gijonbasket.com\/#\/schema\/person\/91af9ff03e8eab582ccc344b715907c0"},"headline":"Rozitis adi\u00f3s al UEMC Real Valladolid Baloncesto con fichaje de Josh Mballa","datePublished":"2024-12-31T09:05:04+00:00","dateModified":"2024-12-31T09:05:05+00:00","mainEntityOfPage":{"@id":"https:\/\/gijonbasket.com\/2024\/12\/31\/rozitis-adios-al-uemc-real-valladolid-baloncesto-con-fichaje-de-josh-mballa\/"},"wordCount":212,"commentCount":0,"publisher":{"@id":"https:\/\/gijonbasket.com\/#organization"},"articleSection":["noticias"],"inLanguage":"en-US","potentialAction":[{"@type":"CommentAction","name":"Comment","target":["https:\/\/gijonbasket.com\/2024\/12\/31\/rozitis-adios-al-uemc-real-valladolid-baloncesto-con-fichaje-de-josh-mballa\/#respond"]}]},{"@type":"WebPage","@id":"https:\/\/gijonbasket.com\/2024\/12\/31\/rozitis-adios-al-uemc-real-valladolid-baloncesto-con-fichaje-de-josh-mballa\/","url":"https:\/\/gijonbasket.com\/2024\/12\/31\/rozitis-adios-al-uemc-real-valladolid-baloncesto-con-fichaje-de-josh-mballa\/","name":"Rozitis adi\u00f3s al UEMC Real Valladolid Baloncesto con fichaje de Josh Mballa - gijonbasket","isPartOf":{"@id":"https:\/\/gijonbasket.com\/#website"},"datePublished":"2024-12-31T09:05:04+00:00","dateModified":"2024-12-31T09:05:05+00:00","breadcrumb":{"@id":"https:\/\/gijonbasket.com\/2024\/12\/31\/rozitis-adios-al-uemc-real-valladolid-baloncesto-con-fichaje-de-josh-mballa\/#breadcrumb"},"inLanguage":"en-US","potentialAction":[{"@type":"ReadAction","target":["https:\/\/gijonbasket.com\/2024\/12\/31\/rozitis-adios-al-uemc-real-valladolid-baloncesto-con-fichaje-de-josh-mballa\/"]}]},{"@type":"BreadcrumbList","@id":"https:\/\/gijonbasket.com\/2024\/12\/31\/rozitis-adios-al-uemc-real-valladolid-baloncesto-con-fichaje-de-josh-mballa\/#breadcrumb","itemListElement":[{"@type":"ListItem","position":1,"name":"Portada","item":"https:\/\/gijonbasket.com\/"},{"@type":"ListItem","position":2,"name":"Rozitis adi\u00f3s al UEMC Real Valladolid Baloncesto con fichaje de Josh Mballa"}]},{"@type":"WebSite","@id":"https:\/\/gijonbasket.com\/#website","url":"https:\/\/gijonbasket.com\/","name":"gijonbasket","description":"","publisher":{"@id":"https:\/\/gijonbasket.com\/#organization"},"potentialAction":[{"@type":"SearchAction","target":{"@type":"EntryPoint","urlTemplate":"https:\/\/gijonbasket.com\/?s={search_term_string}"},"query-input":{"@type":"PropertyValueSpecification","valueRequired":true,"valueName":"search_term_string"}}],"inLanguage":"en-US"},{"@type":"Organization","@id":"https:\/\/gijonbasket.com\/#organization","name":"gijonbasket","url":"https:\/\/gijonbasket.com\/","logo":{"@type":"ImageObject","inLanguage":"en-US","@id":"https:\/\/gijonbasket.com\/#\/schema\/logo\/image\/","url":"https:\/\/gijonbasket.com\/wp-content\/uploads\/2023\/03\/LogoGijonBasket2.jpg","contentUrl":"https:\/\/gijonbasket.com\/wp-content\/uploads\/2023\/03\/LogoGijonBasket2.jpg","width":2000,"height":550,"caption":"gijonbasket"},"image":{"@id":"https:\/\/gijonbasket.com\/#\/schema\/logo\/image\/"}},{"@type":"Person","@id":"https:\/\/gijonbasket.com\/#\/schema\/person\/91af9ff03e8eab582ccc344b715907c0","name":"Cesar Morales","image":{"@type":"ImageObject","inLanguage":"en-US","@id":"https:\/\/gijonbasket.com\/#\/schema\/person\/image\/","url":"https:\/\/secure.gravatar.com\/avatar\/ab9ddf1e87f7580cae3deefb05a58c5cf4f0c7f96f033fd7dacc23f0e8d149ca?s=96&d=mm&r=g","contentUrl":"https:\/\/secure.gravatar.com\/avatar\/ab9ddf1e87f7580cae3deefb05a58c5cf4f0c7f96f033fd7dacc23f0e8d149ca?s=96&d=mm&r=g","caption":"Cesar Morales"},"url":"https:\/\/gijonbasket.com\/en\/author\/cesar\/"}]}},"_links":{"self":[{"href":"https:\/\/gijonbasket.com\/en\/wp-json\/wp\/v2\/posts\/5771","targetHints":{"allow":["GET"]}}],"collection":[{"href":"https:\/\/gijonbasket.com\/en\/wp-json\/wp\/v2\/posts"}],"about":[{"href":"https:\/\/gijonbasket.com\/en\/wp-json\/wp\/v2\/types\/post"}],"author":[{"embeddable":true,"href":"https:\/\/gijonbasket.com\/en\/wp-json\/wp\/v2\/users\/2"}],"replies":[{"embeddable":true,"href":"https:\/\/gijonbasket.com\/en\/wp-json\/wp\/v2\/comments?post=5771"}],"version-history":[{"count":1,"href":"https:\/\/gijonbasket.com\/en\/wp-json\/wp\/v2\/posts\/5771\/revisions"}],"predecessor-version":[{"id":5772,"href":"https:\/\/gijonbasket.com\/en\/wp-json\/wp\/v2\/posts\/5771\/revisions\/5772"}],"wp:attachment":[{"href":"https:\/\/gijonbasket.com\/en\/wp-json\/wp\/v2\/media?parent=5771"}],"wp:term":[{"taxonomy":"category","embeddable":true,"href":"https:\/\/gijonbasket.com\/en\/wp-json\/wp\/v2\/categories?post=5771"},{"taxonomy":"post_tag","embeddable":true,"href":"https:\/\/gijonbasket.com\/en\/wp-json\/wp\/v2\/tags?post=5771"}],"curies":[{"name":"wp","href":"https:\/\/api.w.org\/{rel}","templated":true}]}}