{"id":5861,"date":"2025-01-07T10:40:05","date_gmt":"2025-01-07T09:40:05","guid":{"rendered":"https:\/\/gijonbasket.com\/?p=5861"},"modified":"2025-01-07T10:40:06","modified_gmt":"2025-01-07T09:40:06","slug":"jonathan-kuminga-3-semanas-de-baja-para-los-warriors","status":"publish","type":"post","link":"https:\/\/gijonbasket.com\/en\/2025\/01\/07\/jonathan-kuminga-3-semanas-de-baja-para-los-warriors\/","title":{"rendered":"Jonathan Kuminga 3 semanas de baja para los Warriors"},"content":{"rendered":"<p>Los Golden State Warriors pierden por lesi\u00f3n a Jonathan Kuminga, para tres semanas, al sufrir un esguince lateral en su tobillo derecho.<\/p>\n\n\n\n<p>Alero congole\u00f1o de 22 a\u00f1os y 2.01 m. que cumple su tercera temporada en los Golden State Warriors.<\/p>\n\n\n\n<p>Seleccionado en NBA Draft 2021 por los Warriors con n\u00ba 7.<\/p>\n\n\n\n<p>Campe\u00f3n NBA con los Warriors, en la temporada 2021\/2022, para ser el segundo jugador m\u00e1s joven en la historia en ganar el t\u00edtulo por detr\u00e1s de Darko Milicic. Jonathan Kuminga en la temporada de su debut NBA conquist\u00f3 el t\u00edtulo de Campe\u00f3n.<\/p>\n\n\n\n<p>Esta temporada est\u00e1 promediando 16.8 ppp; 5 rpp.<\/p>","protected":false},"excerpt":{"rendered":"<p>Los Golden State Warriors pierden por lesi\u00f3n a Jonathan Kuminga, para tres semanas, al sufrir un esguince lateral en su tobillo derecho. Alero congole\u00f1o de 22 a\u00f1os y 2.01 m. que cumple su tercera temporada en los Golden State Warriors. Seleccionado en NBA Draft 2021 por los Warriors con n\u00ba 7. Campe\u00f3n NBA con los&hellip;&nbsp;<a href=\"https:\/\/gijonbasket.com\/en\/2025\/01\/07\/jonathan-kuminga-3-semanas-de-baja-para-los-warriors\/\" class=\"\" rel=\"bookmark\">Read More &raquo;<span class=\"screen-reader-text\">Jonathan Kuminga 3 semanas de baja para los Warriors<\/span><\/a><\/p>","protected":false},"author":2,"featured_media":0,"comment_status":"open","ping_status":"open","sticky":false,"template":"","format":"standard","meta":{"neve_meta_sidebar":"","neve_meta_container":"","neve_meta_enable_content_width":"","neve_meta_content_width":0,"neve_meta_title_alignment":"","neve_meta_author_avatar":"","neve_post_elements_order":"","neve_meta_disable_header":"","neve_meta_disable_footer":"","neve_meta_disable_title":"","footnotes":""},"categories":[4],"tags":[],"class_list":["post-5861","post","type-post","status-publish","format-standard","hentry","category-noticias"],"yoast_head":"<!-- This site is optimized with the Yoast SEO plugin v23.4 - https:\/\/yoast.com\/wordpress\/plugins\/seo\/ -->\n<title>Jonathan Kuminga 3 semanas de baja para los Warriors - gijonbasket<\/title>\n<meta name=\"robots\" content=\"index, follow, max-snippet:-1, max-image-preview:large, max-video-preview:-1\" \/>\n<link rel=\"canonical\" href=\"https:\/\/gijonbasket.com\/en\/2025\/01\/07\/jonathan-kuminga-3-semanas-de-baja-para-los-warriors\/\" \/>\n<meta property=\"og:locale\" content=\"en_US\" \/>\n<meta property=\"og:type\" content=\"article\" \/>\n<meta property=\"og:title\" content=\"Jonathan Kuminga 3 semanas de baja para los Warriors - gijonbasket\" \/>\n<meta property=\"og:description\" content=\"Los Golden State Warriors pierden por lesi\u00f3n a Jonathan Kuminga, para tres semanas, al sufrir un esguince lateral en su tobillo derecho. Alero congole\u00f1o de 22 a\u00f1os y 2.01 m. que cumple su tercera temporada en los Golden State Warriors. Seleccionado en NBA Draft 2021 por los Warriors con n\u00ba 7. Campe\u00f3n NBA con los&hellip;&nbsp;Read More &raquo;Jonathan Kuminga 3 semanas de baja para los Warriors\" \/>\n<meta property=\"og:url\" content=\"https:\/\/gijonbasket.com\/en\/2025\/01\/07\/jonathan-kuminga-3-semanas-de-baja-para-los-warriors\/\" \/>\n<meta property=\"og:site_name\" content=\"gijonbasket\" \/>\n<meta property=\"article:published_time\" content=\"2025-01-07T09:40:05+00:00\" \/>\n<meta property=\"article:modified_time\" content=\"2025-01-07T09:40:06+00:00\" \/>\n<meta name=\"author\" content=\"Cesar Morales\" \/>\n<meta name=\"twitter:card\" content=\"summary_large_image\" \/>\n<meta name=\"twitter:label1\" content=\"Written by\" \/>\n\t<meta name=\"twitter:data1\" content=\"Cesar Morales\" \/>\n\t<meta name=\"twitter:label2\" content=\"Est. reading time\" \/>\n\t<meta name=\"twitter:data2\" content=\"1 minute\" \/>\n<script type=\"application\/ld+json\" class=\"yoast-schema-graph\">{\"@context\":\"https:\/\/schema.org\",\"@graph\":[{\"@type\":\"Article\",\"@id\":\"https:\/\/gijonbasket.com\/2025\/01\/07\/jonathan-kuminga-3-semanas-de-baja-para-los-warriors\/#article\",\"isPartOf\":{\"@id\":\"https:\/\/gijonbasket.com\/2025\/01\/07\/jonathan-kuminga-3-semanas-de-baja-para-los-warriors\/\"},\"author\":{\"name\":\"Cesar Morales\",\"@id\":\"https:\/\/gijonbasket.com\/#\/schema\/person\/91af9ff03e8eab582ccc344b715907c0\"},\"headline\":\"Jonathan Kuminga 3 semanas de baja para los Warriors\",\"datePublished\":\"2025-01-07T09:40:05+00:00\",\"dateModified\":\"2025-01-07T09:40:06+00:00\",\"mainEntityOfPage\":{\"@id\":\"https:\/\/gijonbasket.com\/2025\/01\/07\/jonathan-kuminga-3-semanas-de-baja-para-los-warriors\/\"},\"wordCount\":111,\"commentCount\":0,\"publisher\":{\"@id\":\"https:\/\/gijonbasket.com\/#organization\"},\"articleSection\":[\"noticias\"],\"inLanguage\":\"en-US\",\"potentialAction\":[{\"@type\":\"CommentAction\",\"name\":\"Comment\",\"target\":[\"https:\/\/gijonbasket.com\/2025\/01\/07\/jonathan-kuminga-3-semanas-de-baja-para-los-warriors\/#respond\"]}]},{\"@type\":\"WebPage\",\"@id\":\"https:\/\/gijonbasket.com\/2025\/01\/07\/jonathan-kuminga-3-semanas-de-baja-para-los-warriors\/\",\"url\":\"https:\/\/gijonbasket.com\/2025\/01\/07\/jonathan-kuminga-3-semanas-de-baja-para-los-warriors\/\",\"name\":\"Jonathan Kuminga 3 semanas de baja para los Warriors - gijonbasket\",\"isPartOf\":{\"@id\":\"https:\/\/gijonbasket.com\/#website\"},\"datePublished\":\"2025-01-07T09:40:05+00:00\",\"dateModified\":\"2025-01-07T09:40:06+00:00\",\"breadcrumb\":{\"@id\":\"https:\/\/gijonbasket.com\/2025\/01\/07\/jonathan-kuminga-3-semanas-de-baja-para-los-warriors\/#breadcrumb\"},\"inLanguage\":\"en-US\",\"potentialAction\":[{\"@type\":\"ReadAction\",\"target\":[\"https:\/\/gijonbasket.com\/2025\/01\/07\/jonathan-kuminga-3-semanas-de-baja-para-los-warriors\/\"]}]},{\"@type\":\"BreadcrumbList\",\"@id\":\"https:\/\/gijonbasket.com\/2025\/01\/07\/jonathan-kuminga-3-semanas-de-baja-para-los-warriors\/#breadcrumb\",\"itemListElement\":[{\"@type\":\"ListItem\",\"position\":1,\"name\":\"Portada\",\"item\":\"https:\/\/gijonbasket.com\/\"},{\"@type\":\"ListItem\",\"position\":2,\"name\":\"Jonathan Kuminga 3 semanas de baja para los Warriors\"}]},{\"@type\":\"WebSite\",\"@id\":\"https:\/\/gijonbasket.com\/#website\",\"url\":\"https:\/\/gijonbasket.com\/\",\"name\":\"gijonbasket\",\"description\":\"\",\"publisher\":{\"@id\":\"https:\/\/gijonbasket.com\/#organization\"},\"potentialAction\":[{\"@type\":\"SearchAction\",\"target\":{\"@type\":\"EntryPoint\",\"urlTemplate\":\"https:\/\/gijonbasket.com\/?s={search_term_string}\"},\"query-input\":{\"@type\":\"PropertyValueSpecification\",\"valueRequired\":true,\"valueName\":\"search_term_string\"}}],\"inLanguage\":\"en-US\"},{\"@type\":\"Organization\",\"@id\":\"https:\/\/gijonbasket.com\/#organization\",\"name\":\"gijonbasket\",\"url\":\"https:\/\/gijonbasket.com\/\",\"logo\":{\"@type\":\"ImageObject\",\"inLanguage\":\"en-US\",\"@id\":\"https:\/\/gijonbasket.com\/#\/schema\/logo\/image\/\",\"url\":\"https:\/\/gijonbasket.com\/wp-content\/uploads\/2023\/03\/LogoGijonBasket2.jpg\",\"contentUrl\":\"https:\/\/gijonbasket.com\/wp-content\/uploads\/2023\/03\/LogoGijonBasket2.jpg\",\"width\":2000,\"height\":550,\"caption\":\"gijonbasket\"},\"image\":{\"@id\":\"https:\/\/gijonbasket.com\/#\/schema\/logo\/image\/\"}},{\"@type\":\"Person\",\"@id\":\"https:\/\/gijonbasket.com\/#\/schema\/person\/91af9ff03e8eab582ccc344b715907c0\",\"name\":\"Cesar Morales\",\"image\":{\"@type\":\"ImageObject\",\"inLanguage\":\"en-US\",\"@id\":\"https:\/\/gijonbasket.com\/#\/schema\/person\/image\/\",\"url\":\"https:\/\/secure.gravatar.com\/avatar\/ab9ddf1e87f7580cae3deefb05a58c5cf4f0c7f96f033fd7dacc23f0e8d149ca?s=96&d=mm&r=g\",\"contentUrl\":\"https:\/\/secure.gravatar.com\/avatar\/ab9ddf1e87f7580cae3deefb05a58c5cf4f0c7f96f033fd7dacc23f0e8d149ca?s=96&d=mm&r=g\",\"caption\":\"Cesar Morales\"},\"url\":\"https:\/\/gijonbasket.com\/en\/author\/cesar\/\"}]}<\/script>\n<!-- \/ Yoast SEO plugin. -->","yoast_head_json":{"title":"Jonathan Kuminga 3 semanas de baja para los Warriors - gijonbasket","robots":{"index":"index","follow":"follow","max-snippet":"max-snippet:-1","max-image-preview":"max-image-preview:large","max-video-preview":"max-video-preview:-1"},"canonical":"https:\/\/gijonbasket.com\/en\/2025\/01\/07\/jonathan-kuminga-3-semanas-de-baja-para-los-warriors\/","og_locale":"en_US","og_type":"article","og_title":"Jonathan Kuminga 3 semanas de baja para los Warriors - gijonbasket","og_description":"Los Golden State Warriors pierden por lesi\u00f3n a Jonathan Kuminga, para tres semanas, al sufrir un esguince lateral en su tobillo derecho. Alero congole\u00f1o de 22 a\u00f1os y 2.01 m. que cumple su tercera temporada en los Golden State Warriors. Seleccionado en NBA Draft 2021 por los Warriors con n\u00ba 7. Campe\u00f3n NBA con los&hellip;&nbsp;Read More &raquo;Jonathan Kuminga 3 semanas de baja para los Warriors","og_url":"https:\/\/gijonbasket.com\/en\/2025\/01\/07\/jonathan-kuminga-3-semanas-de-baja-para-los-warriors\/","og_site_name":"gijonbasket","article_published_time":"2025-01-07T09:40:05+00:00","article_modified_time":"2025-01-07T09:40:06+00:00","author":"Cesar Morales","twitter_card":"summary_large_image","twitter_misc":{"Written by":"Cesar Morales","Est. reading time":"1 minute"},"schema":{"@context":"https:\/\/schema.org","@graph":[{"@type":"Article","@id":"https:\/\/gijonbasket.com\/2025\/01\/07\/jonathan-kuminga-3-semanas-de-baja-para-los-warriors\/#article","isPartOf":{"@id":"https:\/\/gijonbasket.com\/2025\/01\/07\/jonathan-kuminga-3-semanas-de-baja-para-los-warriors\/"},"author":{"name":"Cesar Morales","@id":"https:\/\/gijonbasket.com\/#\/schema\/person\/91af9ff03e8eab582ccc344b715907c0"},"headline":"Jonathan Kuminga 3 semanas de baja para los Warriors","datePublished":"2025-01-07T09:40:05+00:00","dateModified":"2025-01-07T09:40:06+00:00","mainEntityOfPage":{"@id":"https:\/\/gijonbasket.com\/2025\/01\/07\/jonathan-kuminga-3-semanas-de-baja-para-los-warriors\/"},"wordCount":111,"commentCount":0,"publisher":{"@id":"https:\/\/gijonbasket.com\/#organization"},"articleSection":["noticias"],"inLanguage":"en-US","potentialAction":[{"@type":"CommentAction","name":"Comment","target":["https:\/\/gijonbasket.com\/2025\/01\/07\/jonathan-kuminga-3-semanas-de-baja-para-los-warriors\/#respond"]}]},{"@type":"WebPage","@id":"https:\/\/gijonbasket.com\/2025\/01\/07\/jonathan-kuminga-3-semanas-de-baja-para-los-warriors\/","url":"https:\/\/gijonbasket.com\/2025\/01\/07\/jonathan-kuminga-3-semanas-de-baja-para-los-warriors\/","name":"Jonathan Kuminga 3 semanas de baja para los Warriors - gijonbasket","isPartOf":{"@id":"https:\/\/gijonbasket.com\/#website"},"datePublished":"2025-01-07T09:40:05+00:00","dateModified":"2025-01-07T09:40:06+00:00","breadcrumb":{"@id":"https:\/\/gijonbasket.com\/2025\/01\/07\/jonathan-kuminga-3-semanas-de-baja-para-los-warriors\/#breadcrumb"},"inLanguage":"en-US","potentialAction":[{"@type":"ReadAction","target":["https:\/\/gijonbasket.com\/2025\/01\/07\/jonathan-kuminga-3-semanas-de-baja-para-los-warriors\/"]}]},{"@type":"BreadcrumbList","@id":"https:\/\/gijonbasket.com\/2025\/01\/07\/jonathan-kuminga-3-semanas-de-baja-para-los-warriors\/#breadcrumb","itemListElement":[{"@type":"ListItem","position":1,"name":"Portada","item":"https:\/\/gijonbasket.com\/"},{"@type":"ListItem","position":2,"name":"Jonathan Kuminga 3 semanas de baja para los Warriors"}]},{"@type":"WebSite","@id":"https:\/\/gijonbasket.com\/#website","url":"https:\/\/gijonbasket.com\/","name":"gijonbasket","description":"","publisher":{"@id":"https:\/\/gijonbasket.com\/#organization"},"potentialAction":[{"@type":"SearchAction","target":{"@type":"EntryPoint","urlTemplate":"https:\/\/gijonbasket.com\/?s={search_term_string}"},"query-input":{"@type":"PropertyValueSpecification","valueRequired":true,"valueName":"search_term_string"}}],"inLanguage":"en-US"},{"@type":"Organization","@id":"https:\/\/gijonbasket.com\/#organization","name":"gijonbasket","url":"https:\/\/gijonbasket.com\/","logo":{"@type":"ImageObject","inLanguage":"en-US","@id":"https:\/\/gijonbasket.com\/#\/schema\/logo\/image\/","url":"https:\/\/gijonbasket.com\/wp-content\/uploads\/2023\/03\/LogoGijonBasket2.jpg","contentUrl":"https:\/\/gijonbasket.com\/wp-content\/uploads\/2023\/03\/LogoGijonBasket2.jpg","width":2000,"height":550,"caption":"gijonbasket"},"image":{"@id":"https:\/\/gijonbasket.com\/#\/schema\/logo\/image\/"}},{"@type":"Person","@id":"https:\/\/gijonbasket.com\/#\/schema\/person\/91af9ff03e8eab582ccc344b715907c0","name":"Cesar Morales","image":{"@type":"ImageObject","inLanguage":"en-US","@id":"https:\/\/gijonbasket.com\/#\/schema\/person\/image\/","url":"https:\/\/secure.gravatar.com\/avatar\/ab9ddf1e87f7580cae3deefb05a58c5cf4f0c7f96f033fd7dacc23f0e8d149ca?s=96&d=mm&r=g","contentUrl":"https:\/\/secure.gravatar.com\/avatar\/ab9ddf1e87f7580cae3deefb05a58c5cf4f0c7f96f033fd7dacc23f0e8d149ca?s=96&d=mm&r=g","caption":"Cesar Morales"},"url":"https:\/\/gijonbasket.com\/en\/author\/cesar\/"}]}},"_links":{"self":[{"href":"https:\/\/gijonbasket.com\/en\/wp-json\/wp\/v2\/posts\/5861","targetHints":{"allow":["GET"]}}],"collection":[{"href":"https:\/\/gijonbasket.com\/en\/wp-json\/wp\/v2\/posts"}],"about":[{"href":"https:\/\/gijonbasket.com\/en\/wp-json\/wp\/v2\/types\/post"}],"author":[{"embeddable":true,"href":"https:\/\/gijonbasket.com\/en\/wp-json\/wp\/v2\/users\/2"}],"replies":[{"embeddable":true,"href":"https:\/\/gijonbasket.com\/en\/wp-json\/wp\/v2\/comments?post=5861"}],"version-history":[{"count":1,"href":"https:\/\/gijonbasket.com\/en\/wp-json\/wp\/v2\/posts\/5861\/revisions"}],"predecessor-version":[{"id":5862,"href":"https:\/\/gijonbasket.com\/en\/wp-json\/wp\/v2\/posts\/5861\/revisions\/5862"}],"wp:attachment":[{"href":"https:\/\/gijonbasket.com\/en\/wp-json\/wp\/v2\/media?parent=5861"}],"wp:term":[{"taxonomy":"category","embeddable":true,"href":"https:\/\/gijonbasket.com\/en\/wp-json\/wp\/v2\/categories?post=5861"},{"taxonomy":"post_tag","embeddable":true,"href":"https:\/\/gijonbasket.com\/en\/wp-json\/wp\/v2\/tags?post=5861"}],"curies":[{"name":"wp","href":"https:\/\/api.w.org\/{rel}","templated":true}]}}