{"id":5898,"date":"2025-01-10T23:05:46","date_gmt":"2025-01-10T22:05:46","guid":{"rendered":"https:\/\/gijonbasket.com\/?p=5898"},"modified":"2025-01-11T17:35:46","modified_gmt":"2025-01-11T16:35:46","slug":"c-b-norena-gijon-basket-51-75","status":"publish","type":"post","link":"https:\/\/gijonbasket.com\/en\/2025\/01\/10\/c-b-norena-gijon-basket-51-75\/","title":{"rendered":"C.B. Nore\u00f1a &#8211; Gij\u00f3n Basket (51-75)"},"content":{"rendered":"<p>El partido de los aplazamientos finalmente se pudo disputar pero con cambio de escenario. <\/p>\n\n\n\n<p>Los problemas de condensaci\u00f3n en el Polideportivo Los Riegos de Nore\u00f1a oblig\u00f3 a trasladar el partido al Polideportivo de Los Campones en El Berr\u00f3n. Encuentro correspondiente a la Jornada 4, que deber\u00eda de haberse disputado el pasado 19 de octubre, pero que por falta de \u00e1rbitros se aplaz\u00f3 al 4 de enero para volver a retrasar su fecha de juego por los problemas de condensaci\u00f3n en la pista del C.B. Nore\u00f1a que se volvieron a repetir en el d\u00eda de hoy.<\/p>\n\n\n\n<p>Victoria de Gij\u00f3n Basket en un encuentro que cont\u00f3 con las bajas de Diego S\u00e1nchez, Milo Vukcevic y Felipe Carneiro.<\/p>\n\n\n\n<p>El C.B. Nore\u00f1a sigue sin conocer la victoria y la derrota sufrida ante Gij\u00f3n Basket fue por la tercera menor diferencia de puntos (24 puntos).<\/p>\n\n\n\n<p>Parcial de 0-4 para Gij\u00f3n Basket en el inicio del partido. El primer cuarto fue el de menor anotaci\u00f3n conjunta del encuentro. En la recta final del periodo, el C.B. Nore\u00f1a logr\u00f3 dar la vuelta al tanteador, pasando del 8-9 al 15-9 con el que se lleg\u00f3 a la conclusi\u00f3n del cuarto.<\/p>\n\n\n\n<p>Un triple de Ra\u00fal Berros dio al C.B. Nore\u00f1a su m\u00e1xima ventaja del encuentro (7 puntos; 18-11). Debut de \u00c1lex Sevilla con Gij\u00f3n Basket a falta de 07:34 logrando estrenar su casillero de anotaci\u00f3n con 18-15. El C.B. Nore\u00f1a llev\u00f3 el dominio del partido hasta 24-21. Gij\u00f3n Basket tom\u00f3 el mando del partido con un parcial de 0-10, pasando de 24-21 a 24-31. Chema del Busto con 6 puntos lider\u00f3 el parcial rojiblanco. Al intermedio se lleg\u00f3 con ventaja para Gij\u00f3n Basket (26-34). <\/p>\n\n\n\n<p>Marcos Lago con 8 puntos destac\u00f3 en los primeros minutos del tercer cuarto para Gij\u00f3n Basket. Con 32-44, cuatro puntos consecutivos de Chema del Busto, ampliaron la renta visitante a 15 puntos (32-47) Gij\u00f3n Basket alcanz\u00f3 los dieciseis puntos de renta (37-53). El tercer cuarto finaliz\u00f3 con ventaja para Gij\u00f3n Basket (43-55) para un parcial de 17-21.<\/p>\n\n\n\n<p>El C.B. Nore\u00f1a not\u00f3 el desgaste en el \u00faltimo cuarto para encajar un parcial global de 8-20. Gij\u00f3n Basket alcanz\u00f3 su m\u00e1xima ventaja del encuentro (26 puntos; 49-75) para terminar imponi\u00e9ndose por el definitivo 51-75. En este \u00faltimo cuarto, Gij\u00f3n Basket logr\u00f3 un parcial de 15-0 pasando del 46-55 al 46-70. Samuel Garc\u00eda con 8 puntos destac\u00f3 en el parcial gijon\u00e9s. <\/p>\n\n\n\n<p>Samuel Garc\u00eda con 16 puntos, m\u00e1ximo anotador del encuentro, liderando a Gij\u00f3n Basket para firmar un doble-doble gracias a 10 rebotes capturados. Junto a Samuel Garc\u00eda tambi\u00e9n destacaron por parte de Gij\u00f3n Basket, Chema del Busto (15 puntos; 5 rebotes), Marcos Lago (12 puntos) y Gerard Burrull (10 puntos; 8 rebotes).<\/p>\n\n\n\n<p>Alejandro Artidiello con 14 puntos lider\u00f3 al C.B. Nore\u00f1a seguido de Ra\u00fal Berros rozando el doble-doble (11 puntos; 9 rebotes).<\/p>\n\n\n\n<p>La victoria para Gij\u00f3n Basket tuvo sus puntos negros como el nulo acierto exterior (0\/12-T3) unido a la friolera de 22 tiros libres fallados (11\/33-TL). Absoluta superioridad bajo tableros para Gij\u00f3n Basket (41-54) unido a sus individualidades permitieron al conjunto rojiblanco sumar la victoria.<\/p>","protected":false},"excerpt":{"rendered":"<p>El partido de los aplazamientos finalmente se pudo disputar pero con cambio de escenario. Los problemas de condensaci\u00f3n en el Polideportivo Los Riegos de Nore\u00f1a oblig\u00f3 a trasladar el partido al Polideportivo de Los Campones en El Berr\u00f3n. Encuentro correspondiente a la Jornada 4, que deber\u00eda de haberse disputado el pasado 19 de octubre, pero&hellip;&nbsp;<a href=\"https:\/\/gijonbasket.com\/en\/2025\/01\/10\/c-b-norena-gijon-basket-51-75\/\" class=\"\" rel=\"bookmark\">Read More &raquo;<span class=\"screen-reader-text\">C.B. Nore\u00f1a &#8211; Gij\u00f3n Basket (51-75)<\/span><\/a><\/p>","protected":false},"author":2,"featured_media":0,"comment_status":"open","ping_status":"open","sticky":false,"template":"","format":"standard","meta":{"neve_meta_sidebar":"","neve_meta_container":"","neve_meta_enable_content_width":"","neve_meta_content_width":0,"neve_meta_title_alignment":"","neve_meta_author_avatar":"","neve_post_elements_order":"","neve_meta_disable_header":"","neve_meta_disable_footer":"","neve_meta_disable_title":"","footnotes":""},"categories":[4],"tags":[],"class_list":["post-5898","post","type-post","status-publish","format-standard","hentry","category-noticias"],"yoast_head":"<!-- This site is optimized with the Yoast SEO plugin v23.4 - https:\/\/yoast.com\/wordpress\/plugins\/seo\/ -->\n<title>C.B. Nore\u00f1a - Gij\u00f3n Basket (51-75) - gijonbasket<\/title>\n<meta name=\"robots\" content=\"index, follow, max-snippet:-1, max-image-preview:large, max-video-preview:-1\" \/>\n<link rel=\"canonical\" href=\"https:\/\/gijonbasket.com\/en\/2025\/01\/10\/c-b-norena-gijon-basket-51-75\/\" \/>\n<meta property=\"og:locale\" content=\"en_US\" \/>\n<meta property=\"og:type\" content=\"article\" \/>\n<meta property=\"og:title\" content=\"C.B. Nore\u00f1a - Gij\u00f3n Basket (51-75) - gijonbasket\" \/>\n<meta property=\"og:description\" content=\"El partido de los aplazamientos finalmente se pudo disputar pero con cambio de escenario. Los problemas de condensaci\u00f3n en el Polideportivo Los Riegos de Nore\u00f1a oblig\u00f3 a trasladar el partido al Polideportivo de Los Campones en El Berr\u00f3n. Encuentro correspondiente a la Jornada 4, que deber\u00eda de haberse disputado el pasado 19 de octubre, pero&hellip;&nbsp;Read More &raquo;C.B. Nore\u00f1a &#8211; Gij\u00f3n Basket (51-75)\" \/>\n<meta property=\"og:url\" content=\"https:\/\/gijonbasket.com\/en\/2025\/01\/10\/c-b-norena-gijon-basket-51-75\/\" \/>\n<meta property=\"og:site_name\" content=\"gijonbasket\" \/>\n<meta property=\"article:published_time\" content=\"2025-01-10T22:05:46+00:00\" \/>\n<meta property=\"article:modified_time\" content=\"2025-01-11T16:35:46+00:00\" \/>\n<meta name=\"author\" content=\"Cesar Morales\" \/>\n<meta name=\"twitter:card\" content=\"summary_large_image\" \/>\n<meta name=\"twitter:label1\" content=\"Written by\" \/>\n\t<meta name=\"twitter:data1\" content=\"Cesar Morales\" \/>\n\t<meta name=\"twitter:label2\" content=\"Est. reading time\" \/>\n\t<meta name=\"twitter:data2\" content=\"3 minutes\" \/>\n<script type=\"application\/ld+json\" class=\"yoast-schema-graph\">{\"@context\":\"https:\/\/schema.org\",\"@graph\":[{\"@type\":\"Article\",\"@id\":\"https:\/\/gijonbasket.com\/2025\/01\/10\/c-b-norena-gijon-basket-51-75\/#article\",\"isPartOf\":{\"@id\":\"https:\/\/gijonbasket.com\/2025\/01\/10\/c-b-norena-gijon-basket-51-75\/\"},\"author\":{\"name\":\"Cesar Morales\",\"@id\":\"https:\/\/gijonbasket.com\/#\/schema\/person\/91af9ff03e8eab582ccc344b715907c0\"},\"headline\":\"C.B. Nore\u00f1a &#8211; Gij\u00f3n Basket (51-75)\",\"datePublished\":\"2025-01-10T22:05:46+00:00\",\"dateModified\":\"2025-01-11T16:35:46+00:00\",\"mainEntityOfPage\":{\"@id\":\"https:\/\/gijonbasket.com\/2025\/01\/10\/c-b-norena-gijon-basket-51-75\/\"},\"wordCount\":545,\"commentCount\":0,\"publisher\":{\"@id\":\"https:\/\/gijonbasket.com\/#organization\"},\"articleSection\":[\"noticias\"],\"inLanguage\":\"en-US\",\"potentialAction\":[{\"@type\":\"CommentAction\",\"name\":\"Comment\",\"target\":[\"https:\/\/gijonbasket.com\/2025\/01\/10\/c-b-norena-gijon-basket-51-75\/#respond\"]}]},{\"@type\":\"WebPage\",\"@id\":\"https:\/\/gijonbasket.com\/2025\/01\/10\/c-b-norena-gijon-basket-51-75\/\",\"url\":\"https:\/\/gijonbasket.com\/2025\/01\/10\/c-b-norena-gijon-basket-51-75\/\",\"name\":\"C.B. Nore\u00f1a - Gij\u00f3n Basket (51-75) - gijonbasket\",\"isPartOf\":{\"@id\":\"https:\/\/gijonbasket.com\/#website\"},\"datePublished\":\"2025-01-10T22:05:46+00:00\",\"dateModified\":\"2025-01-11T16:35:46+00:00\",\"breadcrumb\":{\"@id\":\"https:\/\/gijonbasket.com\/2025\/01\/10\/c-b-norena-gijon-basket-51-75\/#breadcrumb\"},\"inLanguage\":\"en-US\",\"potentialAction\":[{\"@type\":\"ReadAction\",\"target\":[\"https:\/\/gijonbasket.com\/2025\/01\/10\/c-b-norena-gijon-basket-51-75\/\"]}]},{\"@type\":\"BreadcrumbList\",\"@id\":\"https:\/\/gijonbasket.com\/2025\/01\/10\/c-b-norena-gijon-basket-51-75\/#breadcrumb\",\"itemListElement\":[{\"@type\":\"ListItem\",\"position\":1,\"name\":\"Portada\",\"item\":\"https:\/\/gijonbasket.com\/\"},{\"@type\":\"ListItem\",\"position\":2,\"name\":\"C.B. Nore\u00f1a &#8211; Gij\u00f3n Basket (51-75)\"}]},{\"@type\":\"WebSite\",\"@id\":\"https:\/\/gijonbasket.com\/#website\",\"url\":\"https:\/\/gijonbasket.com\/\",\"name\":\"gijonbasket\",\"description\":\"\",\"publisher\":{\"@id\":\"https:\/\/gijonbasket.com\/#organization\"},\"potentialAction\":[{\"@type\":\"SearchAction\",\"target\":{\"@type\":\"EntryPoint\",\"urlTemplate\":\"https:\/\/gijonbasket.com\/?s={search_term_string}\"},\"query-input\":{\"@type\":\"PropertyValueSpecification\",\"valueRequired\":true,\"valueName\":\"search_term_string\"}}],\"inLanguage\":\"en-US\"},{\"@type\":\"Organization\",\"@id\":\"https:\/\/gijonbasket.com\/#organization\",\"name\":\"gijonbasket\",\"url\":\"https:\/\/gijonbasket.com\/\",\"logo\":{\"@type\":\"ImageObject\",\"inLanguage\":\"en-US\",\"@id\":\"https:\/\/gijonbasket.com\/#\/schema\/logo\/image\/\",\"url\":\"https:\/\/gijonbasket.com\/wp-content\/uploads\/2023\/03\/LogoGijonBasket2.jpg\",\"contentUrl\":\"https:\/\/gijonbasket.com\/wp-content\/uploads\/2023\/03\/LogoGijonBasket2.jpg\",\"width\":2000,\"height\":550,\"caption\":\"gijonbasket\"},\"image\":{\"@id\":\"https:\/\/gijonbasket.com\/#\/schema\/logo\/image\/\"}},{\"@type\":\"Person\",\"@id\":\"https:\/\/gijonbasket.com\/#\/schema\/person\/91af9ff03e8eab582ccc344b715907c0\",\"name\":\"Cesar Morales\",\"image\":{\"@type\":\"ImageObject\",\"inLanguage\":\"en-US\",\"@id\":\"https:\/\/gijonbasket.com\/#\/schema\/person\/image\/\",\"url\":\"https:\/\/secure.gravatar.com\/avatar\/ab9ddf1e87f7580cae3deefb05a58c5cf4f0c7f96f033fd7dacc23f0e8d149ca?s=96&d=mm&r=g\",\"contentUrl\":\"https:\/\/secure.gravatar.com\/avatar\/ab9ddf1e87f7580cae3deefb05a58c5cf4f0c7f96f033fd7dacc23f0e8d149ca?s=96&d=mm&r=g\",\"caption\":\"Cesar Morales\"},\"url\":\"https:\/\/gijonbasket.com\/en\/author\/cesar\/\"}]}<\/script>\n<!-- \/ Yoast SEO plugin. -->","yoast_head_json":{"title":"C.B. Nore\u00f1a - Gij\u00f3n Basket (51-75) - gijonbasket","robots":{"index":"index","follow":"follow","max-snippet":"max-snippet:-1","max-image-preview":"max-image-preview:large","max-video-preview":"max-video-preview:-1"},"canonical":"https:\/\/gijonbasket.com\/en\/2025\/01\/10\/c-b-norena-gijon-basket-51-75\/","og_locale":"en_US","og_type":"article","og_title":"C.B. Nore\u00f1a - Gij\u00f3n Basket (51-75) - gijonbasket","og_description":"El partido de los aplazamientos finalmente se pudo disputar pero con cambio de escenario. Los problemas de condensaci\u00f3n en el Polideportivo Los Riegos de Nore\u00f1a oblig\u00f3 a trasladar el partido al Polideportivo de Los Campones en El Berr\u00f3n. Encuentro correspondiente a la Jornada 4, que deber\u00eda de haberse disputado el pasado 19 de octubre, pero&hellip;&nbsp;Read More &raquo;C.B. Nore\u00f1a &#8211; Gij\u00f3n Basket (51-75)","og_url":"https:\/\/gijonbasket.com\/en\/2025\/01\/10\/c-b-norena-gijon-basket-51-75\/","og_site_name":"gijonbasket","article_published_time":"2025-01-10T22:05:46+00:00","article_modified_time":"2025-01-11T16:35:46+00:00","author":"Cesar Morales","twitter_card":"summary_large_image","twitter_misc":{"Written by":"Cesar Morales","Est. reading time":"3 minutes"},"schema":{"@context":"https:\/\/schema.org","@graph":[{"@type":"Article","@id":"https:\/\/gijonbasket.com\/2025\/01\/10\/c-b-norena-gijon-basket-51-75\/#article","isPartOf":{"@id":"https:\/\/gijonbasket.com\/2025\/01\/10\/c-b-norena-gijon-basket-51-75\/"},"author":{"name":"Cesar Morales","@id":"https:\/\/gijonbasket.com\/#\/schema\/person\/91af9ff03e8eab582ccc344b715907c0"},"headline":"C.B. Nore\u00f1a &#8211; Gij\u00f3n Basket (51-75)","datePublished":"2025-01-10T22:05:46+00:00","dateModified":"2025-01-11T16:35:46+00:00","mainEntityOfPage":{"@id":"https:\/\/gijonbasket.com\/2025\/01\/10\/c-b-norena-gijon-basket-51-75\/"},"wordCount":545,"commentCount":0,"publisher":{"@id":"https:\/\/gijonbasket.com\/#organization"},"articleSection":["noticias"],"inLanguage":"en-US","potentialAction":[{"@type":"CommentAction","name":"Comment","target":["https:\/\/gijonbasket.com\/2025\/01\/10\/c-b-norena-gijon-basket-51-75\/#respond"]}]},{"@type":"WebPage","@id":"https:\/\/gijonbasket.com\/2025\/01\/10\/c-b-norena-gijon-basket-51-75\/","url":"https:\/\/gijonbasket.com\/2025\/01\/10\/c-b-norena-gijon-basket-51-75\/","name":"C.B. Nore\u00f1a - Gij\u00f3n Basket (51-75) - gijonbasket","isPartOf":{"@id":"https:\/\/gijonbasket.com\/#website"},"datePublished":"2025-01-10T22:05:46+00:00","dateModified":"2025-01-11T16:35:46+00:00","breadcrumb":{"@id":"https:\/\/gijonbasket.com\/2025\/01\/10\/c-b-norena-gijon-basket-51-75\/#breadcrumb"},"inLanguage":"en-US","potentialAction":[{"@type":"ReadAction","target":["https:\/\/gijonbasket.com\/2025\/01\/10\/c-b-norena-gijon-basket-51-75\/"]}]},{"@type":"BreadcrumbList","@id":"https:\/\/gijonbasket.com\/2025\/01\/10\/c-b-norena-gijon-basket-51-75\/#breadcrumb","itemListElement":[{"@type":"ListItem","position":1,"name":"Portada","item":"https:\/\/gijonbasket.com\/"},{"@type":"ListItem","position":2,"name":"C.B. Nore\u00f1a &#8211; Gij\u00f3n Basket (51-75)"}]},{"@type":"WebSite","@id":"https:\/\/gijonbasket.com\/#website","url":"https:\/\/gijonbasket.com\/","name":"gijonbasket","description":"","publisher":{"@id":"https:\/\/gijonbasket.com\/#organization"},"potentialAction":[{"@type":"SearchAction","target":{"@type":"EntryPoint","urlTemplate":"https:\/\/gijonbasket.com\/?s={search_term_string}"},"query-input":{"@type":"PropertyValueSpecification","valueRequired":true,"valueName":"search_term_string"}}],"inLanguage":"en-US"},{"@type":"Organization","@id":"https:\/\/gijonbasket.com\/#organization","name":"gijonbasket","url":"https:\/\/gijonbasket.com\/","logo":{"@type":"ImageObject","inLanguage":"en-US","@id":"https:\/\/gijonbasket.com\/#\/schema\/logo\/image\/","url":"https:\/\/gijonbasket.com\/wp-content\/uploads\/2023\/03\/LogoGijonBasket2.jpg","contentUrl":"https:\/\/gijonbasket.com\/wp-content\/uploads\/2023\/03\/LogoGijonBasket2.jpg","width":2000,"height":550,"caption":"gijonbasket"},"image":{"@id":"https:\/\/gijonbasket.com\/#\/schema\/logo\/image\/"}},{"@type":"Person","@id":"https:\/\/gijonbasket.com\/#\/schema\/person\/91af9ff03e8eab582ccc344b715907c0","name":"Cesar Morales","image":{"@type":"ImageObject","inLanguage":"en-US","@id":"https:\/\/gijonbasket.com\/#\/schema\/person\/image\/","url":"https:\/\/secure.gravatar.com\/avatar\/ab9ddf1e87f7580cae3deefb05a58c5cf4f0c7f96f033fd7dacc23f0e8d149ca?s=96&d=mm&r=g","contentUrl":"https:\/\/secure.gravatar.com\/avatar\/ab9ddf1e87f7580cae3deefb05a58c5cf4f0c7f96f033fd7dacc23f0e8d149ca?s=96&d=mm&r=g","caption":"Cesar Morales"},"url":"https:\/\/gijonbasket.com\/en\/author\/cesar\/"}]}},"_links":{"self":[{"href":"https:\/\/gijonbasket.com\/en\/wp-json\/wp\/v2\/posts\/5898","targetHints":{"allow":["GET"]}}],"collection":[{"href":"https:\/\/gijonbasket.com\/en\/wp-json\/wp\/v2\/posts"}],"about":[{"href":"https:\/\/gijonbasket.com\/en\/wp-json\/wp\/v2\/types\/post"}],"author":[{"embeddable":true,"href":"https:\/\/gijonbasket.com\/en\/wp-json\/wp\/v2\/users\/2"}],"replies":[{"embeddable":true,"href":"https:\/\/gijonbasket.com\/en\/wp-json\/wp\/v2\/comments?post=5898"}],"version-history":[{"count":2,"href":"https:\/\/gijonbasket.com\/en\/wp-json\/wp\/v2\/posts\/5898\/revisions"}],"predecessor-version":[{"id":5910,"href":"https:\/\/gijonbasket.com\/en\/wp-json\/wp\/v2\/posts\/5898\/revisions\/5910"}],"wp:attachment":[{"href":"https:\/\/gijonbasket.com\/en\/wp-json\/wp\/v2\/media?parent=5898"}],"wp:term":[{"taxonomy":"category","embeddable":true,"href":"https:\/\/gijonbasket.com\/en\/wp-json\/wp\/v2\/categories?post=5898"},{"taxonomy":"post_tag","embeddable":true,"href":"https:\/\/gijonbasket.com\/en\/wp-json\/wp\/v2\/tags?post=5898"}],"curies":[{"name":"wp","href":"https:\/\/api.w.org\/{rel}","templated":true}]}}