{"id":5915,"date":"2025-01-12T10:40:06","date_gmt":"2025-01-12T09:40:06","guid":{"rendered":"https:\/\/gijonbasket.com\/?p=5915"},"modified":"2025-01-12T10:40:07","modified_gmt":"2025-01-12T09:40:07","slug":"thierry-sagna-fichaje-de-altura-para-el-recoletas-salud-carbajosa","status":"publish","type":"post","link":"https:\/\/gijonbasket.com\/en\/2025\/01\/12\/thierry-sagna-fichaje-de-altura-para-el-recoletas-salud-carbajosa\/","title":{"rendered":"Thierry Sagna fichaje de altura para el Recoletas Salud Carbajosa"},"content":{"rendered":"<p>El Recoletas Salud Carbajosa cerr\u00f3 el fichaje de Thierry Sagna (ASC Ville de Dakar), para tratar de sacar al conjunto de Carbajosa de la Sagrada de posiciones de descenso. <\/p>\n\n\n\n<p>Sagna podr\u00e1 debutar en el encuentro de esta ma\u00f1ana a partir de las 12:30 en la pista del Perfumer\u00edas Avenida Xoborg.<\/p>\n\n\n\n<p>P\u00edvot senegal\u00e9s de 26 a\u00f1os y 2.06 m. procedente del ASC Ville de Dakar con el que se proclam\u00f3 Campe\u00f3n de Liga (N1M-Senegal) donde fue M.V.P. y m\u00e1ximo reboteador.<\/p>\n\n\n\n<p>El Recoletas Salud Carbajosa ocupa la 12\u00aa posici\u00f3n en la clasificaci\u00f3n con un balance de 3 victorias &#8211; 8 derrotas.<\/p>","protected":false},"excerpt":{"rendered":"<p>El Recoletas Salud Carbajosa cerr\u00f3 el fichaje de Thierry Sagna (ASC Ville de Dakar), para tratar de sacar al conjunto de Carbajosa de la Sagrada de posiciones de descenso. Sagna podr\u00e1 debutar en el encuentro de esta ma\u00f1ana a partir de las 12:30 en la pista del Perfumer\u00edas Avenida Xoborg. P\u00edvot senegal\u00e9s de 26 a\u00f1os&hellip;&nbsp;<a href=\"https:\/\/gijonbasket.com\/en\/2025\/01\/12\/thierry-sagna-fichaje-de-altura-para-el-recoletas-salud-carbajosa\/\" class=\"\" rel=\"bookmark\">Read More &raquo;<span class=\"screen-reader-text\">Thierry Sagna fichaje de altura para el Recoletas Salud Carbajosa<\/span><\/a><\/p>","protected":false},"author":2,"featured_media":0,"comment_status":"open","ping_status":"open","sticky":false,"template":"","format":"standard","meta":{"neve_meta_sidebar":"","neve_meta_container":"","neve_meta_enable_content_width":"","neve_meta_content_width":0,"neve_meta_title_alignment":"","neve_meta_author_avatar":"","neve_post_elements_order":"","neve_meta_disable_header":"","neve_meta_disable_footer":"","neve_meta_disable_title":"","footnotes":""},"categories":[4],"tags":[],"class_list":["post-5915","post","type-post","status-publish","format-standard","hentry","category-noticias"],"yoast_head":"<!-- This site is optimized with the Yoast SEO plugin v23.4 - https:\/\/yoast.com\/wordpress\/plugins\/seo\/ -->\n<title>Thierry Sagna fichaje de altura para el Recoletas Salud Carbajosa - gijonbasket<\/title>\n<meta name=\"robots\" content=\"index, follow, max-snippet:-1, max-image-preview:large, max-video-preview:-1\" \/>\n<link rel=\"canonical\" href=\"https:\/\/gijonbasket.com\/en\/2025\/01\/12\/thierry-sagna-fichaje-de-altura-para-el-recoletas-salud-carbajosa\/\" \/>\n<meta property=\"og:locale\" content=\"en_US\" \/>\n<meta property=\"og:type\" content=\"article\" \/>\n<meta property=\"og:title\" content=\"Thierry Sagna fichaje de altura para el Recoletas Salud Carbajosa - gijonbasket\" \/>\n<meta property=\"og:description\" content=\"El Recoletas Salud Carbajosa cerr\u00f3 el fichaje de Thierry Sagna (ASC Ville de Dakar), para tratar de sacar al conjunto de Carbajosa de la Sagrada de posiciones de descenso. Sagna podr\u00e1 debutar en el encuentro de esta ma\u00f1ana a partir de las 12:30 en la pista del Perfumer\u00edas Avenida Xoborg. P\u00edvot senegal\u00e9s de 26 a\u00f1os&hellip;&nbsp;Read More &raquo;Thierry Sagna fichaje de altura para el Recoletas Salud Carbajosa\" \/>\n<meta property=\"og:url\" content=\"https:\/\/gijonbasket.com\/en\/2025\/01\/12\/thierry-sagna-fichaje-de-altura-para-el-recoletas-salud-carbajosa\/\" \/>\n<meta property=\"og:site_name\" content=\"gijonbasket\" \/>\n<meta property=\"article:published_time\" content=\"2025-01-12T09:40:06+00:00\" \/>\n<meta property=\"article:modified_time\" content=\"2025-01-12T09:40:07+00:00\" \/>\n<meta name=\"author\" content=\"Cesar Morales\" \/>\n<meta name=\"twitter:card\" content=\"summary_large_image\" \/>\n<meta name=\"twitter:label1\" content=\"Written by\" \/>\n\t<meta name=\"twitter:data1\" content=\"Cesar Morales\" \/>\n\t<meta name=\"twitter:label2\" content=\"Est. reading time\" \/>\n\t<meta name=\"twitter:data2\" content=\"1 minute\" \/>\n<script type=\"application\/ld+json\" class=\"yoast-schema-graph\">{\"@context\":\"https:\/\/schema.org\",\"@graph\":[{\"@type\":\"Article\",\"@id\":\"https:\/\/gijonbasket.com\/2025\/01\/12\/thierry-sagna-fichaje-de-altura-para-el-recoletas-salud-carbajosa\/#article\",\"isPartOf\":{\"@id\":\"https:\/\/gijonbasket.com\/2025\/01\/12\/thierry-sagna-fichaje-de-altura-para-el-recoletas-salud-carbajosa\/\"},\"author\":{\"name\":\"Cesar Morales\",\"@id\":\"https:\/\/gijonbasket.com\/#\/schema\/person\/91af9ff03e8eab582ccc344b715907c0\"},\"headline\":\"Thierry Sagna fichaje de altura para el Recoletas Salud Carbajosa\",\"datePublished\":\"2025-01-12T09:40:06+00:00\",\"dateModified\":\"2025-01-12T09:40:07+00:00\",\"mainEntityOfPage\":{\"@id\":\"https:\/\/gijonbasket.com\/2025\/01\/12\/thierry-sagna-fichaje-de-altura-para-el-recoletas-salud-carbajosa\/\"},\"wordCount\":115,\"commentCount\":0,\"publisher\":{\"@id\":\"https:\/\/gijonbasket.com\/#organization\"},\"articleSection\":[\"noticias\"],\"inLanguage\":\"en-US\",\"potentialAction\":[{\"@type\":\"CommentAction\",\"name\":\"Comment\",\"target\":[\"https:\/\/gijonbasket.com\/2025\/01\/12\/thierry-sagna-fichaje-de-altura-para-el-recoletas-salud-carbajosa\/#respond\"]}]},{\"@type\":\"WebPage\",\"@id\":\"https:\/\/gijonbasket.com\/2025\/01\/12\/thierry-sagna-fichaje-de-altura-para-el-recoletas-salud-carbajosa\/\",\"url\":\"https:\/\/gijonbasket.com\/2025\/01\/12\/thierry-sagna-fichaje-de-altura-para-el-recoletas-salud-carbajosa\/\",\"name\":\"Thierry Sagna fichaje de altura para el Recoletas Salud Carbajosa - gijonbasket\",\"isPartOf\":{\"@id\":\"https:\/\/gijonbasket.com\/#website\"},\"datePublished\":\"2025-01-12T09:40:06+00:00\",\"dateModified\":\"2025-01-12T09:40:07+00:00\",\"breadcrumb\":{\"@id\":\"https:\/\/gijonbasket.com\/2025\/01\/12\/thierry-sagna-fichaje-de-altura-para-el-recoletas-salud-carbajosa\/#breadcrumb\"},\"inLanguage\":\"en-US\",\"potentialAction\":[{\"@type\":\"ReadAction\",\"target\":[\"https:\/\/gijonbasket.com\/2025\/01\/12\/thierry-sagna-fichaje-de-altura-para-el-recoletas-salud-carbajosa\/\"]}]},{\"@type\":\"BreadcrumbList\",\"@id\":\"https:\/\/gijonbasket.com\/2025\/01\/12\/thierry-sagna-fichaje-de-altura-para-el-recoletas-salud-carbajosa\/#breadcrumb\",\"itemListElement\":[{\"@type\":\"ListItem\",\"position\":1,\"name\":\"Portada\",\"item\":\"https:\/\/gijonbasket.com\/\"},{\"@type\":\"ListItem\",\"position\":2,\"name\":\"Thierry Sagna fichaje de altura para el Recoletas Salud Carbajosa\"}]},{\"@type\":\"WebSite\",\"@id\":\"https:\/\/gijonbasket.com\/#website\",\"url\":\"https:\/\/gijonbasket.com\/\",\"name\":\"gijonbasket\",\"description\":\"\",\"publisher\":{\"@id\":\"https:\/\/gijonbasket.com\/#organization\"},\"potentialAction\":[{\"@type\":\"SearchAction\",\"target\":{\"@type\":\"EntryPoint\",\"urlTemplate\":\"https:\/\/gijonbasket.com\/?s={search_term_string}\"},\"query-input\":{\"@type\":\"PropertyValueSpecification\",\"valueRequired\":true,\"valueName\":\"search_term_string\"}}],\"inLanguage\":\"en-US\"},{\"@type\":\"Organization\",\"@id\":\"https:\/\/gijonbasket.com\/#organization\",\"name\":\"gijonbasket\",\"url\":\"https:\/\/gijonbasket.com\/\",\"logo\":{\"@type\":\"ImageObject\",\"inLanguage\":\"en-US\",\"@id\":\"https:\/\/gijonbasket.com\/#\/schema\/logo\/image\/\",\"url\":\"https:\/\/gijonbasket.com\/wp-content\/uploads\/2023\/03\/LogoGijonBasket2.jpg\",\"contentUrl\":\"https:\/\/gijonbasket.com\/wp-content\/uploads\/2023\/03\/LogoGijonBasket2.jpg\",\"width\":2000,\"height\":550,\"caption\":\"gijonbasket\"},\"image\":{\"@id\":\"https:\/\/gijonbasket.com\/#\/schema\/logo\/image\/\"}},{\"@type\":\"Person\",\"@id\":\"https:\/\/gijonbasket.com\/#\/schema\/person\/91af9ff03e8eab582ccc344b715907c0\",\"name\":\"Cesar Morales\",\"image\":{\"@type\":\"ImageObject\",\"inLanguage\":\"en-US\",\"@id\":\"https:\/\/gijonbasket.com\/#\/schema\/person\/image\/\",\"url\":\"https:\/\/secure.gravatar.com\/avatar\/ab9ddf1e87f7580cae3deefb05a58c5cf4f0c7f96f033fd7dacc23f0e8d149ca?s=96&d=mm&r=g\",\"contentUrl\":\"https:\/\/secure.gravatar.com\/avatar\/ab9ddf1e87f7580cae3deefb05a58c5cf4f0c7f96f033fd7dacc23f0e8d149ca?s=96&d=mm&r=g\",\"caption\":\"Cesar Morales\"},\"url\":\"https:\/\/gijonbasket.com\/en\/author\/cesar\/\"}]}<\/script>\n<!-- \/ Yoast SEO plugin. -->","yoast_head_json":{"title":"Thierry Sagna fichaje de altura para el Recoletas Salud Carbajosa - gijonbasket","robots":{"index":"index","follow":"follow","max-snippet":"max-snippet:-1","max-image-preview":"max-image-preview:large","max-video-preview":"max-video-preview:-1"},"canonical":"https:\/\/gijonbasket.com\/en\/2025\/01\/12\/thierry-sagna-fichaje-de-altura-para-el-recoletas-salud-carbajosa\/","og_locale":"en_US","og_type":"article","og_title":"Thierry Sagna fichaje de altura para el Recoletas Salud Carbajosa - gijonbasket","og_description":"El Recoletas Salud Carbajosa cerr\u00f3 el fichaje de Thierry Sagna (ASC Ville de Dakar), para tratar de sacar al conjunto de Carbajosa de la Sagrada de posiciones de descenso. Sagna podr\u00e1 debutar en el encuentro de esta ma\u00f1ana a partir de las 12:30 en la pista del Perfumer\u00edas Avenida Xoborg. P\u00edvot senegal\u00e9s de 26 a\u00f1os&hellip;&nbsp;Read More &raquo;Thierry Sagna fichaje de altura para el Recoletas Salud Carbajosa","og_url":"https:\/\/gijonbasket.com\/en\/2025\/01\/12\/thierry-sagna-fichaje-de-altura-para-el-recoletas-salud-carbajosa\/","og_site_name":"gijonbasket","article_published_time":"2025-01-12T09:40:06+00:00","article_modified_time":"2025-01-12T09:40:07+00:00","author":"Cesar Morales","twitter_card":"summary_large_image","twitter_misc":{"Written by":"Cesar Morales","Est. reading time":"1 minute"},"schema":{"@context":"https:\/\/schema.org","@graph":[{"@type":"Article","@id":"https:\/\/gijonbasket.com\/2025\/01\/12\/thierry-sagna-fichaje-de-altura-para-el-recoletas-salud-carbajosa\/#article","isPartOf":{"@id":"https:\/\/gijonbasket.com\/2025\/01\/12\/thierry-sagna-fichaje-de-altura-para-el-recoletas-salud-carbajosa\/"},"author":{"name":"Cesar Morales","@id":"https:\/\/gijonbasket.com\/#\/schema\/person\/91af9ff03e8eab582ccc344b715907c0"},"headline":"Thierry Sagna fichaje de altura para el Recoletas Salud Carbajosa","datePublished":"2025-01-12T09:40:06+00:00","dateModified":"2025-01-12T09:40:07+00:00","mainEntityOfPage":{"@id":"https:\/\/gijonbasket.com\/2025\/01\/12\/thierry-sagna-fichaje-de-altura-para-el-recoletas-salud-carbajosa\/"},"wordCount":115,"commentCount":0,"publisher":{"@id":"https:\/\/gijonbasket.com\/#organization"},"articleSection":["noticias"],"inLanguage":"en-US","potentialAction":[{"@type":"CommentAction","name":"Comment","target":["https:\/\/gijonbasket.com\/2025\/01\/12\/thierry-sagna-fichaje-de-altura-para-el-recoletas-salud-carbajosa\/#respond"]}]},{"@type":"WebPage","@id":"https:\/\/gijonbasket.com\/2025\/01\/12\/thierry-sagna-fichaje-de-altura-para-el-recoletas-salud-carbajosa\/","url":"https:\/\/gijonbasket.com\/2025\/01\/12\/thierry-sagna-fichaje-de-altura-para-el-recoletas-salud-carbajosa\/","name":"Thierry Sagna fichaje de altura para el Recoletas Salud Carbajosa - gijonbasket","isPartOf":{"@id":"https:\/\/gijonbasket.com\/#website"},"datePublished":"2025-01-12T09:40:06+00:00","dateModified":"2025-01-12T09:40:07+00:00","breadcrumb":{"@id":"https:\/\/gijonbasket.com\/2025\/01\/12\/thierry-sagna-fichaje-de-altura-para-el-recoletas-salud-carbajosa\/#breadcrumb"},"inLanguage":"en-US","potentialAction":[{"@type":"ReadAction","target":["https:\/\/gijonbasket.com\/2025\/01\/12\/thierry-sagna-fichaje-de-altura-para-el-recoletas-salud-carbajosa\/"]}]},{"@type":"BreadcrumbList","@id":"https:\/\/gijonbasket.com\/2025\/01\/12\/thierry-sagna-fichaje-de-altura-para-el-recoletas-salud-carbajosa\/#breadcrumb","itemListElement":[{"@type":"ListItem","position":1,"name":"Portada","item":"https:\/\/gijonbasket.com\/"},{"@type":"ListItem","position":2,"name":"Thierry Sagna fichaje de altura para el Recoletas Salud Carbajosa"}]},{"@type":"WebSite","@id":"https:\/\/gijonbasket.com\/#website","url":"https:\/\/gijonbasket.com\/","name":"gijonbasket","description":"","publisher":{"@id":"https:\/\/gijonbasket.com\/#organization"},"potentialAction":[{"@type":"SearchAction","target":{"@type":"EntryPoint","urlTemplate":"https:\/\/gijonbasket.com\/?s={search_term_string}"},"query-input":{"@type":"PropertyValueSpecification","valueRequired":true,"valueName":"search_term_string"}}],"inLanguage":"en-US"},{"@type":"Organization","@id":"https:\/\/gijonbasket.com\/#organization","name":"gijonbasket","url":"https:\/\/gijonbasket.com\/","logo":{"@type":"ImageObject","inLanguage":"en-US","@id":"https:\/\/gijonbasket.com\/#\/schema\/logo\/image\/","url":"https:\/\/gijonbasket.com\/wp-content\/uploads\/2023\/03\/LogoGijonBasket2.jpg","contentUrl":"https:\/\/gijonbasket.com\/wp-content\/uploads\/2023\/03\/LogoGijonBasket2.jpg","width":2000,"height":550,"caption":"gijonbasket"},"image":{"@id":"https:\/\/gijonbasket.com\/#\/schema\/logo\/image\/"}},{"@type":"Person","@id":"https:\/\/gijonbasket.com\/#\/schema\/person\/91af9ff03e8eab582ccc344b715907c0","name":"Cesar Morales","image":{"@type":"ImageObject","inLanguage":"en-US","@id":"https:\/\/gijonbasket.com\/#\/schema\/person\/image\/","url":"https:\/\/secure.gravatar.com\/avatar\/ab9ddf1e87f7580cae3deefb05a58c5cf4f0c7f96f033fd7dacc23f0e8d149ca?s=96&d=mm&r=g","contentUrl":"https:\/\/secure.gravatar.com\/avatar\/ab9ddf1e87f7580cae3deefb05a58c5cf4f0c7f96f033fd7dacc23f0e8d149ca?s=96&d=mm&r=g","caption":"Cesar Morales"},"url":"https:\/\/gijonbasket.com\/en\/author\/cesar\/"}]}},"_links":{"self":[{"href":"https:\/\/gijonbasket.com\/en\/wp-json\/wp\/v2\/posts\/5915","targetHints":{"allow":["GET"]}}],"collection":[{"href":"https:\/\/gijonbasket.com\/en\/wp-json\/wp\/v2\/posts"}],"about":[{"href":"https:\/\/gijonbasket.com\/en\/wp-json\/wp\/v2\/types\/post"}],"author":[{"embeddable":true,"href":"https:\/\/gijonbasket.com\/en\/wp-json\/wp\/v2\/users\/2"}],"replies":[{"embeddable":true,"href":"https:\/\/gijonbasket.com\/en\/wp-json\/wp\/v2\/comments?post=5915"}],"version-history":[{"count":1,"href":"https:\/\/gijonbasket.com\/en\/wp-json\/wp\/v2\/posts\/5915\/revisions"}],"predecessor-version":[{"id":5916,"href":"https:\/\/gijonbasket.com\/en\/wp-json\/wp\/v2\/posts\/5915\/revisions\/5916"}],"wp:attachment":[{"href":"https:\/\/gijonbasket.com\/en\/wp-json\/wp\/v2\/media?parent=5915"}],"wp:term":[{"taxonomy":"category","embeddable":true,"href":"https:\/\/gijonbasket.com\/en\/wp-json\/wp\/v2\/categories?post=5915"},{"taxonomy":"post_tag","embeddable":true,"href":"https:\/\/gijonbasket.com\/en\/wp-json\/wp\/v2\/tags?post=5915"}],"curies":[{"name":"wp","href":"https:\/\/api.w.org\/{rel}","templated":true}]}}