{"id":5935,"date":"2025-01-14T10:55:15","date_gmt":"2025-01-14T09:55:15","guid":{"rendered":"https:\/\/gijonbasket.com\/?p=5935"},"modified":"2025-01-14T10:55:18","modified_gmt":"2025-01-14T09:55:18","slug":"veljko-mrsic-de-vuelta-a-los-banquillos-con-kk-split","status":"publish","type":"post","link":"https:\/\/gijonbasket.com\/en\/2025\/01\/14\/veljko-mrsic-de-vuelta-a-los-banquillos-con-kk-split\/","title":{"rendered":"Veljko Mrsic de vuelta a los banquillos con KK Split"},"content":{"rendered":"<p>KK Split anunci\u00f3 la contrataci\u00f3n de Veljko  Mrsic (R\u00edo breog\u00e1n) como nuevo t\u00e9cnico del conjunto croata en sustituci\u00f3n de Slaven Rimac.<\/p>\n\n\n\n<p>De esta forma, Mrsic a sus 53 a\u00f1os, regresa al equipo en el que comenz\u00f3 su carrera como entrenador en junio de 2006.<\/p>\n\n\n\n<p>El t\u00e9cnico croata, tras una destacada carrera como jugador, tuvo su primera experiencia en Espa\u00f1a en un banquillo con el RETAbet Bilbao Basket en la temporada 2017\/2018.<\/p>\n\n\n\n<p>Veljko Mrsic recal\u00f3 en el R\u00edo Breog\u00e1n el 20 de enero de 2022, para permanecer en el conjunto lucense hasta el pasado 3 de diciembre. <\/p>\n\n\n\n<p>Esta temporada los malos resultados, con un balance en Liga Endesa de 2 victorias &#8211; 7 derrotas, provocaron su relevo en el banquillo para ser sustituido por Luis Casimiro.<\/p>","protected":false},"excerpt":{"rendered":"<p>KK Split anunci\u00f3 la contrataci\u00f3n de Veljko Mrsic (R\u00edo breog\u00e1n) como nuevo t\u00e9cnico del conjunto croata en sustituci\u00f3n de Slaven Rimac. De esta forma, Mrsic a sus 53 a\u00f1os, regresa al equipo en el que comenz\u00f3 su carrera como entrenador en junio de 2006. El t\u00e9cnico croata, tras una destacada carrera como jugador, tuvo su&hellip;&nbsp;<a href=\"https:\/\/gijonbasket.com\/en\/2025\/01\/14\/veljko-mrsic-de-vuelta-a-los-banquillos-con-kk-split\/\" class=\"\" rel=\"bookmark\">Read More &raquo;<span class=\"screen-reader-text\">Veljko Mrsic de vuelta a los banquillos con KK Split<\/span><\/a><\/p>","protected":false},"author":2,"featured_media":0,"comment_status":"open","ping_status":"open","sticky":false,"template":"","format":"standard","meta":{"neve_meta_sidebar":"","neve_meta_container":"","neve_meta_enable_content_width":"","neve_meta_content_width":0,"neve_meta_title_alignment":"","neve_meta_author_avatar":"","neve_post_elements_order":"","neve_meta_disable_header":"","neve_meta_disable_footer":"","neve_meta_disable_title":"","footnotes":""},"categories":[4],"tags":[],"class_list":["post-5935","post","type-post","status-publish","format-standard","hentry","category-noticias"],"yoast_head":"<!-- This site is optimized with the Yoast SEO plugin v23.4 - https:\/\/yoast.com\/wordpress\/plugins\/seo\/ -->\n<title>Veljko Mrsic de vuelta a los banquillos con KK Split - gijonbasket<\/title>\n<meta name=\"robots\" content=\"index, follow, max-snippet:-1, max-image-preview:large, max-video-preview:-1\" \/>\n<link rel=\"canonical\" href=\"https:\/\/gijonbasket.com\/en\/2025\/01\/14\/veljko-mrsic-de-vuelta-a-los-banquillos-con-kk-split\/\" \/>\n<meta property=\"og:locale\" content=\"en_US\" \/>\n<meta property=\"og:type\" content=\"article\" \/>\n<meta property=\"og:title\" content=\"Veljko Mrsic de vuelta a los banquillos con KK Split - gijonbasket\" \/>\n<meta property=\"og:description\" content=\"KK Split anunci\u00f3 la contrataci\u00f3n de Veljko Mrsic (R\u00edo breog\u00e1n) como nuevo t\u00e9cnico del conjunto croata en sustituci\u00f3n de Slaven Rimac. De esta forma, Mrsic a sus 53 a\u00f1os, regresa al equipo en el que comenz\u00f3 su carrera como entrenador en junio de 2006. El t\u00e9cnico croata, tras una destacada carrera como jugador, tuvo su&hellip;&nbsp;Read More &raquo;Veljko Mrsic de vuelta a los banquillos con KK Split\" \/>\n<meta property=\"og:url\" content=\"https:\/\/gijonbasket.com\/en\/2025\/01\/14\/veljko-mrsic-de-vuelta-a-los-banquillos-con-kk-split\/\" \/>\n<meta property=\"og:site_name\" content=\"gijonbasket\" \/>\n<meta property=\"article:published_time\" content=\"2025-01-14T09:55:15+00:00\" \/>\n<meta property=\"article:modified_time\" content=\"2025-01-14T09:55:18+00:00\" \/>\n<meta name=\"author\" content=\"Cesar Morales\" \/>\n<meta name=\"twitter:card\" content=\"summary_large_image\" \/>\n<meta name=\"twitter:label1\" content=\"Written by\" \/>\n\t<meta name=\"twitter:data1\" content=\"Cesar Morales\" \/>\n\t<meta name=\"twitter:label2\" content=\"Est. reading time\" \/>\n\t<meta name=\"twitter:data2\" content=\"1 minute\" \/>\n<script type=\"application\/ld+json\" class=\"yoast-schema-graph\">{\"@context\":\"https:\/\/schema.org\",\"@graph\":[{\"@type\":\"Article\",\"@id\":\"https:\/\/gijonbasket.com\/2025\/01\/14\/veljko-mrsic-de-vuelta-a-los-banquillos-con-kk-split\/#article\",\"isPartOf\":{\"@id\":\"https:\/\/gijonbasket.com\/2025\/01\/14\/veljko-mrsic-de-vuelta-a-los-banquillos-con-kk-split\/\"},\"author\":{\"name\":\"Cesar Morales\",\"@id\":\"https:\/\/gijonbasket.com\/#\/schema\/person\/91af9ff03e8eab582ccc344b715907c0\"},\"headline\":\"Veljko Mrsic de vuelta a los banquillos con KK Split\",\"datePublished\":\"2025-01-14T09:55:15+00:00\",\"dateModified\":\"2025-01-14T09:55:18+00:00\",\"mainEntityOfPage\":{\"@id\":\"https:\/\/gijonbasket.com\/2025\/01\/14\/veljko-mrsic-de-vuelta-a-los-banquillos-con-kk-split\/\"},\"wordCount\":137,\"commentCount\":0,\"publisher\":{\"@id\":\"https:\/\/gijonbasket.com\/#organization\"},\"articleSection\":[\"noticias\"],\"inLanguage\":\"en-US\",\"potentialAction\":[{\"@type\":\"CommentAction\",\"name\":\"Comment\",\"target\":[\"https:\/\/gijonbasket.com\/2025\/01\/14\/veljko-mrsic-de-vuelta-a-los-banquillos-con-kk-split\/#respond\"]}]},{\"@type\":\"WebPage\",\"@id\":\"https:\/\/gijonbasket.com\/2025\/01\/14\/veljko-mrsic-de-vuelta-a-los-banquillos-con-kk-split\/\",\"url\":\"https:\/\/gijonbasket.com\/2025\/01\/14\/veljko-mrsic-de-vuelta-a-los-banquillos-con-kk-split\/\",\"name\":\"Veljko Mrsic de vuelta a los banquillos con KK Split - gijonbasket\",\"isPartOf\":{\"@id\":\"https:\/\/gijonbasket.com\/#website\"},\"datePublished\":\"2025-01-14T09:55:15+00:00\",\"dateModified\":\"2025-01-14T09:55:18+00:00\",\"breadcrumb\":{\"@id\":\"https:\/\/gijonbasket.com\/2025\/01\/14\/veljko-mrsic-de-vuelta-a-los-banquillos-con-kk-split\/#breadcrumb\"},\"inLanguage\":\"en-US\",\"potentialAction\":[{\"@type\":\"ReadAction\",\"target\":[\"https:\/\/gijonbasket.com\/2025\/01\/14\/veljko-mrsic-de-vuelta-a-los-banquillos-con-kk-split\/\"]}]},{\"@type\":\"BreadcrumbList\",\"@id\":\"https:\/\/gijonbasket.com\/2025\/01\/14\/veljko-mrsic-de-vuelta-a-los-banquillos-con-kk-split\/#breadcrumb\",\"itemListElement\":[{\"@type\":\"ListItem\",\"position\":1,\"name\":\"Portada\",\"item\":\"https:\/\/gijonbasket.com\/\"},{\"@type\":\"ListItem\",\"position\":2,\"name\":\"Veljko Mrsic de vuelta a los banquillos con KK Split\"}]},{\"@type\":\"WebSite\",\"@id\":\"https:\/\/gijonbasket.com\/#website\",\"url\":\"https:\/\/gijonbasket.com\/\",\"name\":\"gijonbasket\",\"description\":\"\",\"publisher\":{\"@id\":\"https:\/\/gijonbasket.com\/#organization\"},\"potentialAction\":[{\"@type\":\"SearchAction\",\"target\":{\"@type\":\"EntryPoint\",\"urlTemplate\":\"https:\/\/gijonbasket.com\/?s={search_term_string}\"},\"query-input\":{\"@type\":\"PropertyValueSpecification\",\"valueRequired\":true,\"valueName\":\"search_term_string\"}}],\"inLanguage\":\"en-US\"},{\"@type\":\"Organization\",\"@id\":\"https:\/\/gijonbasket.com\/#organization\",\"name\":\"gijonbasket\",\"url\":\"https:\/\/gijonbasket.com\/\",\"logo\":{\"@type\":\"ImageObject\",\"inLanguage\":\"en-US\",\"@id\":\"https:\/\/gijonbasket.com\/#\/schema\/logo\/image\/\",\"url\":\"https:\/\/gijonbasket.com\/wp-content\/uploads\/2023\/03\/LogoGijonBasket2.jpg\",\"contentUrl\":\"https:\/\/gijonbasket.com\/wp-content\/uploads\/2023\/03\/LogoGijonBasket2.jpg\",\"width\":2000,\"height\":550,\"caption\":\"gijonbasket\"},\"image\":{\"@id\":\"https:\/\/gijonbasket.com\/#\/schema\/logo\/image\/\"}},{\"@type\":\"Person\",\"@id\":\"https:\/\/gijonbasket.com\/#\/schema\/person\/91af9ff03e8eab582ccc344b715907c0\",\"name\":\"Cesar Morales\",\"image\":{\"@type\":\"ImageObject\",\"inLanguage\":\"en-US\",\"@id\":\"https:\/\/gijonbasket.com\/#\/schema\/person\/image\/\",\"url\":\"https:\/\/secure.gravatar.com\/avatar\/ab9ddf1e87f7580cae3deefb05a58c5cf4f0c7f96f033fd7dacc23f0e8d149ca?s=96&d=mm&r=g\",\"contentUrl\":\"https:\/\/secure.gravatar.com\/avatar\/ab9ddf1e87f7580cae3deefb05a58c5cf4f0c7f96f033fd7dacc23f0e8d149ca?s=96&d=mm&r=g\",\"caption\":\"Cesar Morales\"},\"url\":\"https:\/\/gijonbasket.com\/en\/author\/cesar\/\"}]}<\/script>\n<!-- \/ Yoast SEO plugin. -->","yoast_head_json":{"title":"Veljko Mrsic de vuelta a los banquillos con KK Split - gijonbasket","robots":{"index":"index","follow":"follow","max-snippet":"max-snippet:-1","max-image-preview":"max-image-preview:large","max-video-preview":"max-video-preview:-1"},"canonical":"https:\/\/gijonbasket.com\/en\/2025\/01\/14\/veljko-mrsic-de-vuelta-a-los-banquillos-con-kk-split\/","og_locale":"en_US","og_type":"article","og_title":"Veljko Mrsic de vuelta a los banquillos con KK Split - gijonbasket","og_description":"KK Split anunci\u00f3 la contrataci\u00f3n de Veljko Mrsic (R\u00edo breog\u00e1n) como nuevo t\u00e9cnico del conjunto croata en sustituci\u00f3n de Slaven Rimac. De esta forma, Mrsic a sus 53 a\u00f1os, regresa al equipo en el que comenz\u00f3 su carrera como entrenador en junio de 2006. El t\u00e9cnico croata, tras una destacada carrera como jugador, tuvo su&hellip;&nbsp;Read More &raquo;Veljko Mrsic de vuelta a los banquillos con KK Split","og_url":"https:\/\/gijonbasket.com\/en\/2025\/01\/14\/veljko-mrsic-de-vuelta-a-los-banquillos-con-kk-split\/","og_site_name":"gijonbasket","article_published_time":"2025-01-14T09:55:15+00:00","article_modified_time":"2025-01-14T09:55:18+00:00","author":"Cesar Morales","twitter_card":"summary_large_image","twitter_misc":{"Written by":"Cesar Morales","Est. reading time":"1 minute"},"schema":{"@context":"https:\/\/schema.org","@graph":[{"@type":"Article","@id":"https:\/\/gijonbasket.com\/2025\/01\/14\/veljko-mrsic-de-vuelta-a-los-banquillos-con-kk-split\/#article","isPartOf":{"@id":"https:\/\/gijonbasket.com\/2025\/01\/14\/veljko-mrsic-de-vuelta-a-los-banquillos-con-kk-split\/"},"author":{"name":"Cesar Morales","@id":"https:\/\/gijonbasket.com\/#\/schema\/person\/91af9ff03e8eab582ccc344b715907c0"},"headline":"Veljko Mrsic de vuelta a los banquillos con KK Split","datePublished":"2025-01-14T09:55:15+00:00","dateModified":"2025-01-14T09:55:18+00:00","mainEntityOfPage":{"@id":"https:\/\/gijonbasket.com\/2025\/01\/14\/veljko-mrsic-de-vuelta-a-los-banquillos-con-kk-split\/"},"wordCount":137,"commentCount":0,"publisher":{"@id":"https:\/\/gijonbasket.com\/#organization"},"articleSection":["noticias"],"inLanguage":"en-US","potentialAction":[{"@type":"CommentAction","name":"Comment","target":["https:\/\/gijonbasket.com\/2025\/01\/14\/veljko-mrsic-de-vuelta-a-los-banquillos-con-kk-split\/#respond"]}]},{"@type":"WebPage","@id":"https:\/\/gijonbasket.com\/2025\/01\/14\/veljko-mrsic-de-vuelta-a-los-banquillos-con-kk-split\/","url":"https:\/\/gijonbasket.com\/2025\/01\/14\/veljko-mrsic-de-vuelta-a-los-banquillos-con-kk-split\/","name":"Veljko Mrsic de vuelta a los banquillos con KK Split - gijonbasket","isPartOf":{"@id":"https:\/\/gijonbasket.com\/#website"},"datePublished":"2025-01-14T09:55:15+00:00","dateModified":"2025-01-14T09:55:18+00:00","breadcrumb":{"@id":"https:\/\/gijonbasket.com\/2025\/01\/14\/veljko-mrsic-de-vuelta-a-los-banquillos-con-kk-split\/#breadcrumb"},"inLanguage":"en-US","potentialAction":[{"@type":"ReadAction","target":["https:\/\/gijonbasket.com\/2025\/01\/14\/veljko-mrsic-de-vuelta-a-los-banquillos-con-kk-split\/"]}]},{"@type":"BreadcrumbList","@id":"https:\/\/gijonbasket.com\/2025\/01\/14\/veljko-mrsic-de-vuelta-a-los-banquillos-con-kk-split\/#breadcrumb","itemListElement":[{"@type":"ListItem","position":1,"name":"Portada","item":"https:\/\/gijonbasket.com\/"},{"@type":"ListItem","position":2,"name":"Veljko Mrsic de vuelta a los banquillos con KK Split"}]},{"@type":"WebSite","@id":"https:\/\/gijonbasket.com\/#website","url":"https:\/\/gijonbasket.com\/","name":"gijonbasket","description":"","publisher":{"@id":"https:\/\/gijonbasket.com\/#organization"},"potentialAction":[{"@type":"SearchAction","target":{"@type":"EntryPoint","urlTemplate":"https:\/\/gijonbasket.com\/?s={search_term_string}"},"query-input":{"@type":"PropertyValueSpecification","valueRequired":true,"valueName":"search_term_string"}}],"inLanguage":"en-US"},{"@type":"Organization","@id":"https:\/\/gijonbasket.com\/#organization","name":"gijonbasket","url":"https:\/\/gijonbasket.com\/","logo":{"@type":"ImageObject","inLanguage":"en-US","@id":"https:\/\/gijonbasket.com\/#\/schema\/logo\/image\/","url":"https:\/\/gijonbasket.com\/wp-content\/uploads\/2023\/03\/LogoGijonBasket2.jpg","contentUrl":"https:\/\/gijonbasket.com\/wp-content\/uploads\/2023\/03\/LogoGijonBasket2.jpg","width":2000,"height":550,"caption":"gijonbasket"},"image":{"@id":"https:\/\/gijonbasket.com\/#\/schema\/logo\/image\/"}},{"@type":"Person","@id":"https:\/\/gijonbasket.com\/#\/schema\/person\/91af9ff03e8eab582ccc344b715907c0","name":"Cesar Morales","image":{"@type":"ImageObject","inLanguage":"en-US","@id":"https:\/\/gijonbasket.com\/#\/schema\/person\/image\/","url":"https:\/\/secure.gravatar.com\/avatar\/ab9ddf1e87f7580cae3deefb05a58c5cf4f0c7f96f033fd7dacc23f0e8d149ca?s=96&d=mm&r=g","contentUrl":"https:\/\/secure.gravatar.com\/avatar\/ab9ddf1e87f7580cae3deefb05a58c5cf4f0c7f96f033fd7dacc23f0e8d149ca?s=96&d=mm&r=g","caption":"Cesar Morales"},"url":"https:\/\/gijonbasket.com\/en\/author\/cesar\/"}]}},"_links":{"self":[{"href":"https:\/\/gijonbasket.com\/en\/wp-json\/wp\/v2\/posts\/5935","targetHints":{"allow":["GET"]}}],"collection":[{"href":"https:\/\/gijonbasket.com\/en\/wp-json\/wp\/v2\/posts"}],"about":[{"href":"https:\/\/gijonbasket.com\/en\/wp-json\/wp\/v2\/types\/post"}],"author":[{"embeddable":true,"href":"https:\/\/gijonbasket.com\/en\/wp-json\/wp\/v2\/users\/2"}],"replies":[{"embeddable":true,"href":"https:\/\/gijonbasket.com\/en\/wp-json\/wp\/v2\/comments?post=5935"}],"version-history":[{"count":1,"href":"https:\/\/gijonbasket.com\/en\/wp-json\/wp\/v2\/posts\/5935\/revisions"}],"predecessor-version":[{"id":5936,"href":"https:\/\/gijonbasket.com\/en\/wp-json\/wp\/v2\/posts\/5935\/revisions\/5936"}],"wp:attachment":[{"href":"https:\/\/gijonbasket.com\/en\/wp-json\/wp\/v2\/media?parent=5935"}],"wp:term":[{"taxonomy":"category","embeddable":true,"href":"https:\/\/gijonbasket.com\/en\/wp-json\/wp\/v2\/categories?post=5935"},{"taxonomy":"post_tag","embeddable":true,"href":"https:\/\/gijonbasket.com\/en\/wp-json\/wp\/v2\/tags?post=5935"}],"curies":[{"name":"wp","href":"https:\/\/api.w.org\/{rel}","templated":true}]}}