{"id":6155,"date":"2025-02-07T07:33:34","date_gmt":"2025-02-07T06:33:34","guid":{"rendered":"https:\/\/gijonbasket.com\/?p=6155"},"modified":"2025-02-07T07:33:37","modified_gmt":"2025-02-07T06:33:37","slug":"hansel-atencia-nuevo-fichaje-del-grupo-alega-cantabria","status":"publish","type":"post","link":"https:\/\/gijonbasket.com\/en\/2025\/02\/07\/hansel-atencia-nuevo-fichaje-del-grupo-alega-cantabria\/","title":{"rendered":"Hansel Atencia nuevo fichaje del Grupo Alega Cantabria"},"content":{"rendered":"<p>Tercer equipo para Hansel Atencia en Primera FEB esta temporada. El Grupo Alega Cantabria anunci\u00f3 su fichaje por lo que resta de temporada.<\/p>\n\n\n\n<p>Base colombiano con nacionalidad espa\u00f1ola de 27 a\u00f1os y 1.79 m. Esta temporada Hansel Atencia suma ya dos equipos en su trayectoria tras haber militado en UEMC Real Valladolid Baloncesto y Real Betis Baloncesto. En los dos equipos con contratos temporales para cubrir bajas por lesi\u00f3n.<\/p>\n\n\n\n<p>Con el UEMC Real Valladolid Baloncesto, promedi\u00f3 7.3 ppp; 1.1 rpp; 1.6 app (Primera FEB) y 8.3 ppp; 1 rpp; 2.3 app (Copa Espa\u00f1a) mientras que con el Real Betis Baloncesto sus n\u00fameros fueron de 3.8 ppp; 0.2 rpp; 1.2 app (Primera FEB) y 8.3 ppp; 1 rpp; 2.3 app (Copa Espa\u00f1a).<\/p>\n\n\n\n<p>Hansel Atencia se estren\u00f3 en Espa\u00f1a en la temporada 2021\/2022 militando en el Unicaja Banco Oviedo. Su notable rendimiento en el conjunto carbay\u00f3n, le vali\u00f3 a Hansel Atencia para firmar por el Movistar Estudiantes 2022\/2023 para una campa\u00f1a en la que el conjunto colegial no logr\u00f3 el ascenso a Liga Endesa.<\/p>\n\n\n\n<p>La pasada temporada Hansel Atencia milit\u00f3 en el C\u00e1ceres Patrimonio de la Humanidad, promediando 10.3 ppp; 1.7 rpp; 4.1 app, no pudiendo evitar el descenso de categor\u00eda del conjunto cacere\u00f1o a Segunda FEB.<\/p>\n\n\n\n<p>Con su fichaje por el Grupo Alega Cantabria, Hansel Atencia tratar\u00e1 de ayudar al conjunto de Torrelavega en su lucha por la permanencia. El Grupo Alega Cantabria se encuentra en posici\u00f3n de descenso a Segunda FEB siendo 16\u00ba con un balance de 5 victorias &#8211; 13 derrotas.<\/p>\n\n\n\n<p>Hansel Atencia coincidir\u00e1 en el Grupo Alega Cantabria con Lolo Encinas que fue su t\u00e9cnico a principio de temporada en el UEMC Real Valladolid Baloncesto.<\/p>","protected":false},"excerpt":{"rendered":"<p>Tercer equipo para Hansel Atencia en Primera FEB esta temporada. El Grupo Alega Cantabria anunci\u00f3 su fichaje por lo que resta de temporada. Base colombiano con nacionalidad espa\u00f1ola de 27 a\u00f1os y 1.79 m. Esta temporada Hansel Atencia suma ya dos equipos en su trayectoria tras haber militado en UEMC Real Valladolid Baloncesto y Real&hellip;&nbsp;<a href=\"https:\/\/gijonbasket.com\/en\/2025\/02\/07\/hansel-atencia-nuevo-fichaje-del-grupo-alega-cantabria\/\" class=\"\" rel=\"bookmark\">Read More &raquo;<span class=\"screen-reader-text\">Hansel Atencia nuevo fichaje del Grupo Alega Cantabria<\/span><\/a><\/p>","protected":false},"author":2,"featured_media":0,"comment_status":"open","ping_status":"open","sticky":false,"template":"","format":"standard","meta":{"neve_meta_sidebar":"","neve_meta_container":"","neve_meta_enable_content_width":"","neve_meta_content_width":0,"neve_meta_title_alignment":"","neve_meta_author_avatar":"","neve_post_elements_order":"","neve_meta_disable_header":"","neve_meta_disable_footer":"","neve_meta_disable_title":"","footnotes":""},"categories":[4],"tags":[],"class_list":["post-6155","post","type-post","status-publish","format-standard","hentry","category-noticias"],"yoast_head":"<!-- This site is optimized with the Yoast SEO plugin v23.4 - https:\/\/yoast.com\/wordpress\/plugins\/seo\/ -->\n<title>Hansel Atencia nuevo fichaje del Grupo Alega Cantabria - gijonbasket<\/title>\n<meta name=\"robots\" content=\"index, follow, max-snippet:-1, max-image-preview:large, max-video-preview:-1\" \/>\n<link rel=\"canonical\" href=\"https:\/\/gijonbasket.com\/en\/2025\/02\/07\/hansel-atencia-nuevo-fichaje-del-grupo-alega-cantabria\/\" \/>\n<meta property=\"og:locale\" content=\"en_US\" \/>\n<meta property=\"og:type\" content=\"article\" \/>\n<meta property=\"og:title\" content=\"Hansel Atencia nuevo fichaje del Grupo Alega Cantabria - gijonbasket\" \/>\n<meta property=\"og:description\" content=\"Tercer equipo para Hansel Atencia en Primera FEB esta temporada. El Grupo Alega Cantabria anunci\u00f3 su fichaje por lo que resta de temporada. Base colombiano con nacionalidad espa\u00f1ola de 27 a\u00f1os y 1.79 m. Esta temporada Hansel Atencia suma ya dos equipos en su trayectoria tras haber militado en UEMC Real Valladolid Baloncesto y Real&hellip;&nbsp;Read More &raquo;Hansel Atencia nuevo fichaje del Grupo Alega Cantabria\" \/>\n<meta property=\"og:url\" content=\"https:\/\/gijonbasket.com\/en\/2025\/02\/07\/hansel-atencia-nuevo-fichaje-del-grupo-alega-cantabria\/\" \/>\n<meta property=\"og:site_name\" content=\"gijonbasket\" \/>\n<meta property=\"article:published_time\" content=\"2025-02-07T06:33:34+00:00\" \/>\n<meta property=\"article:modified_time\" content=\"2025-02-07T06:33:37+00:00\" \/>\n<meta name=\"author\" content=\"Cesar Morales\" \/>\n<meta name=\"twitter:card\" content=\"summary_large_image\" \/>\n<meta name=\"twitter:label1\" content=\"Written by\" \/>\n\t<meta name=\"twitter:data1\" content=\"Cesar Morales\" \/>\n\t<meta name=\"twitter:label2\" content=\"Est. reading time\" \/>\n\t<meta name=\"twitter:data2\" content=\"2 minutes\" \/>\n<script type=\"application\/ld+json\" class=\"yoast-schema-graph\">{\"@context\":\"https:\/\/schema.org\",\"@graph\":[{\"@type\":\"Article\",\"@id\":\"https:\/\/gijonbasket.com\/2025\/02\/07\/hansel-atencia-nuevo-fichaje-del-grupo-alega-cantabria\/#article\",\"isPartOf\":{\"@id\":\"https:\/\/gijonbasket.com\/2025\/02\/07\/hansel-atencia-nuevo-fichaje-del-grupo-alega-cantabria\/\"},\"author\":{\"name\":\"Cesar Morales\",\"@id\":\"https:\/\/gijonbasket.com\/#\/schema\/person\/91af9ff03e8eab582ccc344b715907c0\"},\"headline\":\"Hansel Atencia nuevo fichaje del Grupo Alega Cantabria\",\"datePublished\":\"2025-02-07T06:33:34+00:00\",\"dateModified\":\"2025-02-07T06:33:37+00:00\",\"mainEntityOfPage\":{\"@id\":\"https:\/\/gijonbasket.com\/2025\/02\/07\/hansel-atencia-nuevo-fichaje-del-grupo-alega-cantabria\/\"},\"wordCount\":277,\"commentCount\":0,\"publisher\":{\"@id\":\"https:\/\/gijonbasket.com\/#organization\"},\"articleSection\":[\"noticias\"],\"inLanguage\":\"en-US\",\"potentialAction\":[{\"@type\":\"CommentAction\",\"name\":\"Comment\",\"target\":[\"https:\/\/gijonbasket.com\/2025\/02\/07\/hansel-atencia-nuevo-fichaje-del-grupo-alega-cantabria\/#respond\"]}]},{\"@type\":\"WebPage\",\"@id\":\"https:\/\/gijonbasket.com\/2025\/02\/07\/hansel-atencia-nuevo-fichaje-del-grupo-alega-cantabria\/\",\"url\":\"https:\/\/gijonbasket.com\/2025\/02\/07\/hansel-atencia-nuevo-fichaje-del-grupo-alega-cantabria\/\",\"name\":\"Hansel Atencia nuevo fichaje del Grupo Alega Cantabria - gijonbasket\",\"isPartOf\":{\"@id\":\"https:\/\/gijonbasket.com\/#website\"},\"datePublished\":\"2025-02-07T06:33:34+00:00\",\"dateModified\":\"2025-02-07T06:33:37+00:00\",\"breadcrumb\":{\"@id\":\"https:\/\/gijonbasket.com\/2025\/02\/07\/hansel-atencia-nuevo-fichaje-del-grupo-alega-cantabria\/#breadcrumb\"},\"inLanguage\":\"en-US\",\"potentialAction\":[{\"@type\":\"ReadAction\",\"target\":[\"https:\/\/gijonbasket.com\/2025\/02\/07\/hansel-atencia-nuevo-fichaje-del-grupo-alega-cantabria\/\"]}]},{\"@type\":\"BreadcrumbList\",\"@id\":\"https:\/\/gijonbasket.com\/2025\/02\/07\/hansel-atencia-nuevo-fichaje-del-grupo-alega-cantabria\/#breadcrumb\",\"itemListElement\":[{\"@type\":\"ListItem\",\"position\":1,\"name\":\"Portada\",\"item\":\"https:\/\/gijonbasket.com\/\"},{\"@type\":\"ListItem\",\"position\":2,\"name\":\"Hansel Atencia nuevo fichaje del Grupo Alega Cantabria\"}]},{\"@type\":\"WebSite\",\"@id\":\"https:\/\/gijonbasket.com\/#website\",\"url\":\"https:\/\/gijonbasket.com\/\",\"name\":\"gijonbasket\",\"description\":\"\",\"publisher\":{\"@id\":\"https:\/\/gijonbasket.com\/#organization\"},\"potentialAction\":[{\"@type\":\"SearchAction\",\"target\":{\"@type\":\"EntryPoint\",\"urlTemplate\":\"https:\/\/gijonbasket.com\/?s={search_term_string}\"},\"query-input\":{\"@type\":\"PropertyValueSpecification\",\"valueRequired\":true,\"valueName\":\"search_term_string\"}}],\"inLanguage\":\"en-US\"},{\"@type\":\"Organization\",\"@id\":\"https:\/\/gijonbasket.com\/#organization\",\"name\":\"gijonbasket\",\"url\":\"https:\/\/gijonbasket.com\/\",\"logo\":{\"@type\":\"ImageObject\",\"inLanguage\":\"en-US\",\"@id\":\"https:\/\/gijonbasket.com\/#\/schema\/logo\/image\/\",\"url\":\"https:\/\/gijonbasket.com\/wp-content\/uploads\/2023\/03\/LogoGijonBasket2.jpg\",\"contentUrl\":\"https:\/\/gijonbasket.com\/wp-content\/uploads\/2023\/03\/LogoGijonBasket2.jpg\",\"width\":2000,\"height\":550,\"caption\":\"gijonbasket\"},\"image\":{\"@id\":\"https:\/\/gijonbasket.com\/#\/schema\/logo\/image\/\"}},{\"@type\":\"Person\",\"@id\":\"https:\/\/gijonbasket.com\/#\/schema\/person\/91af9ff03e8eab582ccc344b715907c0\",\"name\":\"Cesar Morales\",\"image\":{\"@type\":\"ImageObject\",\"inLanguage\":\"en-US\",\"@id\":\"https:\/\/gijonbasket.com\/#\/schema\/person\/image\/\",\"url\":\"https:\/\/secure.gravatar.com\/avatar\/ab9ddf1e87f7580cae3deefb05a58c5cf4f0c7f96f033fd7dacc23f0e8d149ca?s=96&d=mm&r=g\",\"contentUrl\":\"https:\/\/secure.gravatar.com\/avatar\/ab9ddf1e87f7580cae3deefb05a58c5cf4f0c7f96f033fd7dacc23f0e8d149ca?s=96&d=mm&r=g\",\"caption\":\"Cesar Morales\"},\"url\":\"https:\/\/gijonbasket.com\/en\/author\/cesar\/\"}]}<\/script>\n<!-- \/ Yoast SEO plugin. -->","yoast_head_json":{"title":"Hansel Atencia nuevo fichaje del Grupo Alega Cantabria - gijonbasket","robots":{"index":"index","follow":"follow","max-snippet":"max-snippet:-1","max-image-preview":"max-image-preview:large","max-video-preview":"max-video-preview:-1"},"canonical":"https:\/\/gijonbasket.com\/en\/2025\/02\/07\/hansel-atencia-nuevo-fichaje-del-grupo-alega-cantabria\/","og_locale":"en_US","og_type":"article","og_title":"Hansel Atencia nuevo fichaje del Grupo Alega Cantabria - gijonbasket","og_description":"Tercer equipo para Hansel Atencia en Primera FEB esta temporada. El Grupo Alega Cantabria anunci\u00f3 su fichaje por lo que resta de temporada. Base colombiano con nacionalidad espa\u00f1ola de 27 a\u00f1os y 1.79 m. Esta temporada Hansel Atencia suma ya dos equipos en su trayectoria tras haber militado en UEMC Real Valladolid Baloncesto y Real&hellip;&nbsp;Read More &raquo;Hansel Atencia nuevo fichaje del Grupo Alega Cantabria","og_url":"https:\/\/gijonbasket.com\/en\/2025\/02\/07\/hansel-atencia-nuevo-fichaje-del-grupo-alega-cantabria\/","og_site_name":"gijonbasket","article_published_time":"2025-02-07T06:33:34+00:00","article_modified_time":"2025-02-07T06:33:37+00:00","author":"Cesar Morales","twitter_card":"summary_large_image","twitter_misc":{"Written by":"Cesar Morales","Est. reading time":"2 minutes"},"schema":{"@context":"https:\/\/schema.org","@graph":[{"@type":"Article","@id":"https:\/\/gijonbasket.com\/2025\/02\/07\/hansel-atencia-nuevo-fichaje-del-grupo-alega-cantabria\/#article","isPartOf":{"@id":"https:\/\/gijonbasket.com\/2025\/02\/07\/hansel-atencia-nuevo-fichaje-del-grupo-alega-cantabria\/"},"author":{"name":"Cesar Morales","@id":"https:\/\/gijonbasket.com\/#\/schema\/person\/91af9ff03e8eab582ccc344b715907c0"},"headline":"Hansel Atencia nuevo fichaje del Grupo Alega Cantabria","datePublished":"2025-02-07T06:33:34+00:00","dateModified":"2025-02-07T06:33:37+00:00","mainEntityOfPage":{"@id":"https:\/\/gijonbasket.com\/2025\/02\/07\/hansel-atencia-nuevo-fichaje-del-grupo-alega-cantabria\/"},"wordCount":277,"commentCount":0,"publisher":{"@id":"https:\/\/gijonbasket.com\/#organization"},"articleSection":["noticias"],"inLanguage":"en-US","potentialAction":[{"@type":"CommentAction","name":"Comment","target":["https:\/\/gijonbasket.com\/2025\/02\/07\/hansel-atencia-nuevo-fichaje-del-grupo-alega-cantabria\/#respond"]}]},{"@type":"WebPage","@id":"https:\/\/gijonbasket.com\/2025\/02\/07\/hansel-atencia-nuevo-fichaje-del-grupo-alega-cantabria\/","url":"https:\/\/gijonbasket.com\/2025\/02\/07\/hansel-atencia-nuevo-fichaje-del-grupo-alega-cantabria\/","name":"Hansel Atencia nuevo fichaje del Grupo Alega Cantabria - gijonbasket","isPartOf":{"@id":"https:\/\/gijonbasket.com\/#website"},"datePublished":"2025-02-07T06:33:34+00:00","dateModified":"2025-02-07T06:33:37+00:00","breadcrumb":{"@id":"https:\/\/gijonbasket.com\/2025\/02\/07\/hansel-atencia-nuevo-fichaje-del-grupo-alega-cantabria\/#breadcrumb"},"inLanguage":"en-US","potentialAction":[{"@type":"ReadAction","target":["https:\/\/gijonbasket.com\/2025\/02\/07\/hansel-atencia-nuevo-fichaje-del-grupo-alega-cantabria\/"]}]},{"@type":"BreadcrumbList","@id":"https:\/\/gijonbasket.com\/2025\/02\/07\/hansel-atencia-nuevo-fichaje-del-grupo-alega-cantabria\/#breadcrumb","itemListElement":[{"@type":"ListItem","position":1,"name":"Portada","item":"https:\/\/gijonbasket.com\/"},{"@type":"ListItem","position":2,"name":"Hansel Atencia nuevo fichaje del Grupo Alega Cantabria"}]},{"@type":"WebSite","@id":"https:\/\/gijonbasket.com\/#website","url":"https:\/\/gijonbasket.com\/","name":"gijonbasket","description":"","publisher":{"@id":"https:\/\/gijonbasket.com\/#organization"},"potentialAction":[{"@type":"SearchAction","target":{"@type":"EntryPoint","urlTemplate":"https:\/\/gijonbasket.com\/?s={search_term_string}"},"query-input":{"@type":"PropertyValueSpecification","valueRequired":true,"valueName":"search_term_string"}}],"inLanguage":"en-US"},{"@type":"Organization","@id":"https:\/\/gijonbasket.com\/#organization","name":"gijonbasket","url":"https:\/\/gijonbasket.com\/","logo":{"@type":"ImageObject","inLanguage":"en-US","@id":"https:\/\/gijonbasket.com\/#\/schema\/logo\/image\/","url":"https:\/\/gijonbasket.com\/wp-content\/uploads\/2023\/03\/LogoGijonBasket2.jpg","contentUrl":"https:\/\/gijonbasket.com\/wp-content\/uploads\/2023\/03\/LogoGijonBasket2.jpg","width":2000,"height":550,"caption":"gijonbasket"},"image":{"@id":"https:\/\/gijonbasket.com\/#\/schema\/logo\/image\/"}},{"@type":"Person","@id":"https:\/\/gijonbasket.com\/#\/schema\/person\/91af9ff03e8eab582ccc344b715907c0","name":"Cesar Morales","image":{"@type":"ImageObject","inLanguage":"en-US","@id":"https:\/\/gijonbasket.com\/#\/schema\/person\/image\/","url":"https:\/\/secure.gravatar.com\/avatar\/ab9ddf1e87f7580cae3deefb05a58c5cf4f0c7f96f033fd7dacc23f0e8d149ca?s=96&d=mm&r=g","contentUrl":"https:\/\/secure.gravatar.com\/avatar\/ab9ddf1e87f7580cae3deefb05a58c5cf4f0c7f96f033fd7dacc23f0e8d149ca?s=96&d=mm&r=g","caption":"Cesar Morales"},"url":"https:\/\/gijonbasket.com\/en\/author\/cesar\/"}]}},"_links":{"self":[{"href":"https:\/\/gijonbasket.com\/en\/wp-json\/wp\/v2\/posts\/6155","targetHints":{"allow":["GET"]}}],"collection":[{"href":"https:\/\/gijonbasket.com\/en\/wp-json\/wp\/v2\/posts"}],"about":[{"href":"https:\/\/gijonbasket.com\/en\/wp-json\/wp\/v2\/types\/post"}],"author":[{"embeddable":true,"href":"https:\/\/gijonbasket.com\/en\/wp-json\/wp\/v2\/users\/2"}],"replies":[{"embeddable":true,"href":"https:\/\/gijonbasket.com\/en\/wp-json\/wp\/v2\/comments?post=6155"}],"version-history":[{"count":1,"href":"https:\/\/gijonbasket.com\/en\/wp-json\/wp\/v2\/posts\/6155\/revisions"}],"predecessor-version":[{"id":6156,"href":"https:\/\/gijonbasket.com\/en\/wp-json\/wp\/v2\/posts\/6155\/revisions\/6156"}],"wp:attachment":[{"href":"https:\/\/gijonbasket.com\/en\/wp-json\/wp\/v2\/media?parent=6155"}],"wp:term":[{"taxonomy":"category","embeddable":true,"href":"https:\/\/gijonbasket.com\/en\/wp-json\/wp\/v2\/categories?post=6155"},{"taxonomy":"post_tag","embeddable":true,"href":"https:\/\/gijonbasket.com\/en\/wp-json\/wp\/v2\/tags?post=6155"}],"curies":[{"name":"wp","href":"https:\/\/api.w.org\/{rel}","templated":true}]}}