{"id":6252,"date":"2025-02-14T11:00:46","date_gmt":"2025-02-14T10:00:46","guid":{"rendered":"https:\/\/gijonbasket.com\/?p=6252"},"modified":"2025-02-14T11:00:50","modified_gmt":"2025-02-14T10:00:50","slug":"deandre-ayton-baja-por-lesion-en-los-blazers","status":"publish","type":"post","link":"https:\/\/gijonbasket.com\/en\/2025\/02\/14\/deandre-ayton-baja-por-lesion-en-los-blazers\/","title":{"rendered":"Deandre Ayton baja por lesi\u00f3n en los Blazers"},"content":{"rendered":"<p>Los Portland Trail Blazers pierden por lesi\u00f3n de Deandre Ayton, al sufrir una distensi\u00f3n en su gemelo izquierdo, que le mantendr\u00e1 alejado de las canchas durante cuatro semanas.<\/p>\n\n\n\n<p>P\u00edvot bahame\u00f1o de 26 a\u00f1os y 2.13 m. Segunda temporada  en los Portland Trail Blazers.<\/p>\n\n\n\n<p>Esta temporada Deandre Ayton est\u00e1 promediando 14.4 ppp; 10.5 rpp.<\/p>\n\n\n\n<p>Internacional por Bahamas.<\/p>","protected":false},"excerpt":{"rendered":"<p>Los Portland Trail Blazers pierden por lesi\u00f3n de Deandre Ayton, al sufrir una distensi\u00f3n en su gemelo izquierdo, que le mantendr\u00e1 alejado de las canchas durante cuatro semanas. P\u00edvot bahame\u00f1o de 26 a\u00f1os y 2.13 m. Segunda temporada en los Portland Trail Blazers. Esta temporada Deandre Ayton est\u00e1 promediando 14.4 ppp; 10.5 rpp. Internacional por&hellip;&nbsp;<a href=\"https:\/\/gijonbasket.com\/en\/2025\/02\/14\/deandre-ayton-baja-por-lesion-en-los-blazers\/\" class=\"\" rel=\"bookmark\">Read More &raquo;<span class=\"screen-reader-text\">Deandre Ayton baja por lesi\u00f3n en los Blazers<\/span><\/a><\/p>","protected":false},"author":2,"featured_media":0,"comment_status":"open","ping_status":"open","sticky":false,"template":"","format":"standard","meta":{"neve_meta_sidebar":"","neve_meta_container":"","neve_meta_enable_content_width":"","neve_meta_content_width":0,"neve_meta_title_alignment":"","neve_meta_author_avatar":"","neve_post_elements_order":"","neve_meta_disable_header":"","neve_meta_disable_footer":"","neve_meta_disable_title":"","footnotes":""},"categories":[4],"tags":[],"class_list":["post-6252","post","type-post","status-publish","format-standard","hentry","category-noticias"],"yoast_head":"<!-- This site is optimized with the Yoast SEO plugin v23.4 - https:\/\/yoast.com\/wordpress\/plugins\/seo\/ -->\n<title>Deandre Ayton baja por lesi\u00f3n en los Blazers - gijonbasket<\/title>\n<meta name=\"robots\" content=\"index, follow, max-snippet:-1, max-image-preview:large, max-video-preview:-1\" \/>\n<link rel=\"canonical\" href=\"https:\/\/gijonbasket.com\/en\/2025\/02\/14\/deandre-ayton-baja-por-lesion-en-los-blazers\/\" \/>\n<meta property=\"og:locale\" content=\"en_US\" \/>\n<meta property=\"og:type\" content=\"article\" \/>\n<meta property=\"og:title\" content=\"Deandre Ayton baja por lesi\u00f3n en los Blazers - gijonbasket\" \/>\n<meta property=\"og:description\" content=\"Los Portland Trail Blazers pierden por lesi\u00f3n de Deandre Ayton, al sufrir una distensi\u00f3n en su gemelo izquierdo, que le mantendr\u00e1 alejado de las canchas durante cuatro semanas. P\u00edvot bahame\u00f1o de 26 a\u00f1os y 2.13 m. Segunda temporada en los Portland Trail Blazers. Esta temporada Deandre Ayton est\u00e1 promediando 14.4 ppp; 10.5 rpp. Internacional por&hellip;&nbsp;Read More &raquo;Deandre Ayton baja por lesi\u00f3n en los Blazers\" \/>\n<meta property=\"og:url\" content=\"https:\/\/gijonbasket.com\/en\/2025\/02\/14\/deandre-ayton-baja-por-lesion-en-los-blazers\/\" \/>\n<meta property=\"og:site_name\" content=\"gijonbasket\" \/>\n<meta property=\"article:published_time\" content=\"2025-02-14T10:00:46+00:00\" \/>\n<meta property=\"article:modified_time\" content=\"2025-02-14T10:00:50+00:00\" \/>\n<meta name=\"author\" content=\"Cesar Morales\" \/>\n<meta name=\"twitter:card\" content=\"summary_large_image\" \/>\n<meta name=\"twitter:label1\" content=\"Written by\" \/>\n\t<meta name=\"twitter:data1\" content=\"Cesar Morales\" \/>\n\t<meta name=\"twitter:label2\" content=\"Est. reading time\" \/>\n\t<meta name=\"twitter:data2\" content=\"1 minute\" \/>\n<script type=\"application\/ld+json\" class=\"yoast-schema-graph\">{\"@context\":\"https:\/\/schema.org\",\"@graph\":[{\"@type\":\"Article\",\"@id\":\"https:\/\/gijonbasket.com\/2025\/02\/14\/deandre-ayton-baja-por-lesion-en-los-blazers\/#article\",\"isPartOf\":{\"@id\":\"https:\/\/gijonbasket.com\/2025\/02\/14\/deandre-ayton-baja-por-lesion-en-los-blazers\/\"},\"author\":{\"name\":\"Cesar Morales\",\"@id\":\"https:\/\/gijonbasket.com\/#\/schema\/person\/91af9ff03e8eab582ccc344b715907c0\"},\"headline\":\"Deandre Ayton baja por lesi\u00f3n en los Blazers\",\"datePublished\":\"2025-02-14T10:00:46+00:00\",\"dateModified\":\"2025-02-14T10:00:50+00:00\",\"mainEntityOfPage\":{\"@id\":\"https:\/\/gijonbasket.com\/2025\/02\/14\/deandre-ayton-baja-por-lesion-en-los-blazers\/\"},\"wordCount\":66,\"commentCount\":0,\"publisher\":{\"@id\":\"https:\/\/gijonbasket.com\/#organization\"},\"articleSection\":[\"noticias\"],\"inLanguage\":\"en-US\",\"potentialAction\":[{\"@type\":\"CommentAction\",\"name\":\"Comment\",\"target\":[\"https:\/\/gijonbasket.com\/2025\/02\/14\/deandre-ayton-baja-por-lesion-en-los-blazers\/#respond\"]}]},{\"@type\":\"WebPage\",\"@id\":\"https:\/\/gijonbasket.com\/2025\/02\/14\/deandre-ayton-baja-por-lesion-en-los-blazers\/\",\"url\":\"https:\/\/gijonbasket.com\/2025\/02\/14\/deandre-ayton-baja-por-lesion-en-los-blazers\/\",\"name\":\"Deandre Ayton baja por lesi\u00f3n en los Blazers - gijonbasket\",\"isPartOf\":{\"@id\":\"https:\/\/gijonbasket.com\/#website\"},\"datePublished\":\"2025-02-14T10:00:46+00:00\",\"dateModified\":\"2025-02-14T10:00:50+00:00\",\"breadcrumb\":{\"@id\":\"https:\/\/gijonbasket.com\/2025\/02\/14\/deandre-ayton-baja-por-lesion-en-los-blazers\/#breadcrumb\"},\"inLanguage\":\"en-US\",\"potentialAction\":[{\"@type\":\"ReadAction\",\"target\":[\"https:\/\/gijonbasket.com\/2025\/02\/14\/deandre-ayton-baja-por-lesion-en-los-blazers\/\"]}]},{\"@type\":\"BreadcrumbList\",\"@id\":\"https:\/\/gijonbasket.com\/2025\/02\/14\/deandre-ayton-baja-por-lesion-en-los-blazers\/#breadcrumb\",\"itemListElement\":[{\"@type\":\"ListItem\",\"position\":1,\"name\":\"Portada\",\"item\":\"https:\/\/gijonbasket.com\/\"},{\"@type\":\"ListItem\",\"position\":2,\"name\":\"Deandre Ayton baja por lesi\u00f3n en los Blazers\"}]},{\"@type\":\"WebSite\",\"@id\":\"https:\/\/gijonbasket.com\/#website\",\"url\":\"https:\/\/gijonbasket.com\/\",\"name\":\"gijonbasket\",\"description\":\"\",\"publisher\":{\"@id\":\"https:\/\/gijonbasket.com\/#organization\"},\"potentialAction\":[{\"@type\":\"SearchAction\",\"target\":{\"@type\":\"EntryPoint\",\"urlTemplate\":\"https:\/\/gijonbasket.com\/?s={search_term_string}\"},\"query-input\":{\"@type\":\"PropertyValueSpecification\",\"valueRequired\":true,\"valueName\":\"search_term_string\"}}],\"inLanguage\":\"en-US\"},{\"@type\":\"Organization\",\"@id\":\"https:\/\/gijonbasket.com\/#organization\",\"name\":\"gijonbasket\",\"url\":\"https:\/\/gijonbasket.com\/\",\"logo\":{\"@type\":\"ImageObject\",\"inLanguage\":\"en-US\",\"@id\":\"https:\/\/gijonbasket.com\/#\/schema\/logo\/image\/\",\"url\":\"https:\/\/gijonbasket.com\/wp-content\/uploads\/2023\/03\/LogoGijonBasket2.jpg\",\"contentUrl\":\"https:\/\/gijonbasket.com\/wp-content\/uploads\/2023\/03\/LogoGijonBasket2.jpg\",\"width\":2000,\"height\":550,\"caption\":\"gijonbasket\"},\"image\":{\"@id\":\"https:\/\/gijonbasket.com\/#\/schema\/logo\/image\/\"}},{\"@type\":\"Person\",\"@id\":\"https:\/\/gijonbasket.com\/#\/schema\/person\/91af9ff03e8eab582ccc344b715907c0\",\"name\":\"Cesar Morales\",\"image\":{\"@type\":\"ImageObject\",\"inLanguage\":\"en-US\",\"@id\":\"https:\/\/gijonbasket.com\/#\/schema\/person\/image\/\",\"url\":\"https:\/\/secure.gravatar.com\/avatar\/ab9ddf1e87f7580cae3deefb05a58c5cf4f0c7f96f033fd7dacc23f0e8d149ca?s=96&d=mm&r=g\",\"contentUrl\":\"https:\/\/secure.gravatar.com\/avatar\/ab9ddf1e87f7580cae3deefb05a58c5cf4f0c7f96f033fd7dacc23f0e8d149ca?s=96&d=mm&r=g\",\"caption\":\"Cesar Morales\"},\"url\":\"https:\/\/gijonbasket.com\/en\/author\/cesar\/\"}]}<\/script>\n<!-- \/ Yoast SEO plugin. -->","yoast_head_json":{"title":"Deandre Ayton baja por lesi\u00f3n en los Blazers - gijonbasket","robots":{"index":"index","follow":"follow","max-snippet":"max-snippet:-1","max-image-preview":"max-image-preview:large","max-video-preview":"max-video-preview:-1"},"canonical":"https:\/\/gijonbasket.com\/en\/2025\/02\/14\/deandre-ayton-baja-por-lesion-en-los-blazers\/","og_locale":"en_US","og_type":"article","og_title":"Deandre Ayton baja por lesi\u00f3n en los Blazers - gijonbasket","og_description":"Los Portland Trail Blazers pierden por lesi\u00f3n de Deandre Ayton, al sufrir una distensi\u00f3n en su gemelo izquierdo, que le mantendr\u00e1 alejado de las canchas durante cuatro semanas. P\u00edvot bahame\u00f1o de 26 a\u00f1os y 2.13 m. Segunda temporada en los Portland Trail Blazers. Esta temporada Deandre Ayton est\u00e1 promediando 14.4 ppp; 10.5 rpp. Internacional por&hellip;&nbsp;Read More &raquo;Deandre Ayton baja por lesi\u00f3n en los Blazers","og_url":"https:\/\/gijonbasket.com\/en\/2025\/02\/14\/deandre-ayton-baja-por-lesion-en-los-blazers\/","og_site_name":"gijonbasket","article_published_time":"2025-02-14T10:00:46+00:00","article_modified_time":"2025-02-14T10:00:50+00:00","author":"Cesar Morales","twitter_card":"summary_large_image","twitter_misc":{"Written by":"Cesar Morales","Est. reading time":"1 minute"},"schema":{"@context":"https:\/\/schema.org","@graph":[{"@type":"Article","@id":"https:\/\/gijonbasket.com\/2025\/02\/14\/deandre-ayton-baja-por-lesion-en-los-blazers\/#article","isPartOf":{"@id":"https:\/\/gijonbasket.com\/2025\/02\/14\/deandre-ayton-baja-por-lesion-en-los-blazers\/"},"author":{"name":"Cesar Morales","@id":"https:\/\/gijonbasket.com\/#\/schema\/person\/91af9ff03e8eab582ccc344b715907c0"},"headline":"Deandre Ayton baja por lesi\u00f3n en los Blazers","datePublished":"2025-02-14T10:00:46+00:00","dateModified":"2025-02-14T10:00:50+00:00","mainEntityOfPage":{"@id":"https:\/\/gijonbasket.com\/2025\/02\/14\/deandre-ayton-baja-por-lesion-en-los-blazers\/"},"wordCount":66,"commentCount":0,"publisher":{"@id":"https:\/\/gijonbasket.com\/#organization"},"articleSection":["noticias"],"inLanguage":"en-US","potentialAction":[{"@type":"CommentAction","name":"Comment","target":["https:\/\/gijonbasket.com\/2025\/02\/14\/deandre-ayton-baja-por-lesion-en-los-blazers\/#respond"]}]},{"@type":"WebPage","@id":"https:\/\/gijonbasket.com\/2025\/02\/14\/deandre-ayton-baja-por-lesion-en-los-blazers\/","url":"https:\/\/gijonbasket.com\/2025\/02\/14\/deandre-ayton-baja-por-lesion-en-los-blazers\/","name":"Deandre Ayton baja por lesi\u00f3n en los Blazers - gijonbasket","isPartOf":{"@id":"https:\/\/gijonbasket.com\/#website"},"datePublished":"2025-02-14T10:00:46+00:00","dateModified":"2025-02-14T10:00:50+00:00","breadcrumb":{"@id":"https:\/\/gijonbasket.com\/2025\/02\/14\/deandre-ayton-baja-por-lesion-en-los-blazers\/#breadcrumb"},"inLanguage":"en-US","potentialAction":[{"@type":"ReadAction","target":["https:\/\/gijonbasket.com\/2025\/02\/14\/deandre-ayton-baja-por-lesion-en-los-blazers\/"]}]},{"@type":"BreadcrumbList","@id":"https:\/\/gijonbasket.com\/2025\/02\/14\/deandre-ayton-baja-por-lesion-en-los-blazers\/#breadcrumb","itemListElement":[{"@type":"ListItem","position":1,"name":"Portada","item":"https:\/\/gijonbasket.com\/"},{"@type":"ListItem","position":2,"name":"Deandre Ayton baja por lesi\u00f3n en los Blazers"}]},{"@type":"WebSite","@id":"https:\/\/gijonbasket.com\/#website","url":"https:\/\/gijonbasket.com\/","name":"gijonbasket","description":"","publisher":{"@id":"https:\/\/gijonbasket.com\/#organization"},"potentialAction":[{"@type":"SearchAction","target":{"@type":"EntryPoint","urlTemplate":"https:\/\/gijonbasket.com\/?s={search_term_string}"},"query-input":{"@type":"PropertyValueSpecification","valueRequired":true,"valueName":"search_term_string"}}],"inLanguage":"en-US"},{"@type":"Organization","@id":"https:\/\/gijonbasket.com\/#organization","name":"gijonbasket","url":"https:\/\/gijonbasket.com\/","logo":{"@type":"ImageObject","inLanguage":"en-US","@id":"https:\/\/gijonbasket.com\/#\/schema\/logo\/image\/","url":"https:\/\/gijonbasket.com\/wp-content\/uploads\/2023\/03\/LogoGijonBasket2.jpg","contentUrl":"https:\/\/gijonbasket.com\/wp-content\/uploads\/2023\/03\/LogoGijonBasket2.jpg","width":2000,"height":550,"caption":"gijonbasket"},"image":{"@id":"https:\/\/gijonbasket.com\/#\/schema\/logo\/image\/"}},{"@type":"Person","@id":"https:\/\/gijonbasket.com\/#\/schema\/person\/91af9ff03e8eab582ccc344b715907c0","name":"Cesar Morales","image":{"@type":"ImageObject","inLanguage":"en-US","@id":"https:\/\/gijonbasket.com\/#\/schema\/person\/image\/","url":"https:\/\/secure.gravatar.com\/avatar\/ab9ddf1e87f7580cae3deefb05a58c5cf4f0c7f96f033fd7dacc23f0e8d149ca?s=96&d=mm&r=g","contentUrl":"https:\/\/secure.gravatar.com\/avatar\/ab9ddf1e87f7580cae3deefb05a58c5cf4f0c7f96f033fd7dacc23f0e8d149ca?s=96&d=mm&r=g","caption":"Cesar Morales"},"url":"https:\/\/gijonbasket.com\/en\/author\/cesar\/"}]}},"_links":{"self":[{"href":"https:\/\/gijonbasket.com\/en\/wp-json\/wp\/v2\/posts\/6252","targetHints":{"allow":["GET"]}}],"collection":[{"href":"https:\/\/gijonbasket.com\/en\/wp-json\/wp\/v2\/posts"}],"about":[{"href":"https:\/\/gijonbasket.com\/en\/wp-json\/wp\/v2\/types\/post"}],"author":[{"embeddable":true,"href":"https:\/\/gijonbasket.com\/en\/wp-json\/wp\/v2\/users\/2"}],"replies":[{"embeddable":true,"href":"https:\/\/gijonbasket.com\/en\/wp-json\/wp\/v2\/comments?post=6252"}],"version-history":[{"count":1,"href":"https:\/\/gijonbasket.com\/en\/wp-json\/wp\/v2\/posts\/6252\/revisions"}],"predecessor-version":[{"id":6253,"href":"https:\/\/gijonbasket.com\/en\/wp-json\/wp\/v2\/posts\/6252\/revisions\/6253"}],"wp:attachment":[{"href":"https:\/\/gijonbasket.com\/en\/wp-json\/wp\/v2\/media?parent=6252"}],"wp:term":[{"taxonomy":"category","embeddable":true,"href":"https:\/\/gijonbasket.com\/en\/wp-json\/wp\/v2\/categories?post=6252"},{"taxonomy":"post_tag","embeddable":true,"href":"https:\/\/gijonbasket.com\/en\/wp-json\/wp\/v2\/tags?post=6252"}],"curies":[{"name":"wp","href":"https:\/\/api.w.org\/{rel}","templated":true}]}}