{"id":6385,"date":"2025-02-27T16:46:28","date_gmt":"2025-02-27T15:46:28","guid":{"rendered":"https:\/\/gijonbasket.com\/?p=6385"},"modified":"2025-02-27T16:46:32","modified_gmt":"2025-02-27T15:46:32","slug":"mas-lesiones-en-el-f-c-barcelona-juan-nunez-ultimo-en-caer","status":"publish","type":"post","link":"https:\/\/gijonbasket.com\/en\/2025\/02\/27\/mas-lesiones-en-el-f-c-barcelona-juan-nunez-ultimo-en-caer\/","title":{"rendered":"M\u00e1s lesiones en el F.C. Barcelona. Juan N\u00fa\u00f1ez \u00faltimo en caer."},"content":{"rendered":"<p>La plaga de lesiones del F.C. Barcelona comenz\u00f3 con Nicol\u00e1s Laprovittola diciendo adi\u00f3s a la temporada y en este 2025 est\u00e1n de baja por lesi\u00f3n Jan Vesely y Kevin Punter a los que se les suma Juan N\u00fa\u00f1ez.<\/p>\n\n\n\n<p>Juan N\u00fa\u00f1ez, base de 20 a\u00f1os y 1.91 m., causa baja por una inflamaci\u00f3n del menisco externo de su rodilla derecha. En dos semanas ser\u00e1 revaluado de su lesi\u00f3n, aunque los pron\u00f3sticos m\u00e1s desfavorables, apuntan a que pudiera ser de mayor duraci\u00f3n el periodo de inactividad.<\/p>\n\n\n\n<p>Juan N\u00fa\u00f1ez cumple su primera temporada en el F.C. Barcelona procedente del Ratiopharm \u00dclm.<\/p>\n\n\n\n<p>Esta temporada est\u00e1 promediando 5.1 ppp; 3.1 rpp; 3.4 app (Liga Endesa) y 5 ppp; 2.5 rpp; 3.4 app (Euroliga). <\/p>","protected":false},"excerpt":{"rendered":"<p>La plaga de lesiones del F.C. Barcelona comenz\u00f3 con Nicol\u00e1s Laprovittola diciendo adi\u00f3s a la temporada y en este 2025 est\u00e1n de baja por lesi\u00f3n Jan Vesely y Kevin Punter a los que se les suma Juan N\u00fa\u00f1ez. Juan N\u00fa\u00f1ez, base de 20 a\u00f1os y 1.91 m., causa baja por una inflamaci\u00f3n del menisco externo&hellip;&nbsp;<a href=\"https:\/\/gijonbasket.com\/en\/2025\/02\/27\/mas-lesiones-en-el-f-c-barcelona-juan-nunez-ultimo-en-caer\/\" class=\"\" rel=\"bookmark\">Read More &raquo;<span class=\"screen-reader-text\">M\u00e1s lesiones en el F.C. Barcelona. Juan N\u00fa\u00f1ez \u00faltimo en caer.<\/span><\/a><\/p>","protected":false},"author":2,"featured_media":0,"comment_status":"open","ping_status":"open","sticky":false,"template":"","format":"standard","meta":{"neve_meta_sidebar":"","neve_meta_container":"","neve_meta_enable_content_width":"","neve_meta_content_width":0,"neve_meta_title_alignment":"","neve_meta_author_avatar":"","neve_post_elements_order":"","neve_meta_disable_header":"","neve_meta_disable_footer":"","neve_meta_disable_title":"","footnotes":""},"categories":[4],"tags":[],"class_list":["post-6385","post","type-post","status-publish","format-standard","hentry","category-noticias"],"yoast_head":"<!-- This site is optimized with the Yoast SEO plugin v23.4 - https:\/\/yoast.com\/wordpress\/plugins\/seo\/ -->\n<title>M\u00e1s lesiones en el F.C. Barcelona. Juan N\u00fa\u00f1ez \u00faltimo en caer. - gijonbasket<\/title>\n<meta name=\"robots\" content=\"index, follow, max-snippet:-1, max-image-preview:large, max-video-preview:-1\" \/>\n<link rel=\"canonical\" href=\"https:\/\/gijonbasket.com\/en\/2025\/02\/27\/mas-lesiones-en-el-f-c-barcelona-juan-nunez-ultimo-en-caer\/\" \/>\n<meta property=\"og:locale\" content=\"en_US\" \/>\n<meta property=\"og:type\" content=\"article\" \/>\n<meta property=\"og:title\" content=\"M\u00e1s lesiones en el F.C. Barcelona. Juan N\u00fa\u00f1ez \u00faltimo en caer. - gijonbasket\" \/>\n<meta property=\"og:description\" content=\"La plaga de lesiones del F.C. Barcelona comenz\u00f3 con Nicol\u00e1s Laprovittola diciendo adi\u00f3s a la temporada y en este 2025 est\u00e1n de baja por lesi\u00f3n Jan Vesely y Kevin Punter a los que se les suma Juan N\u00fa\u00f1ez. Juan N\u00fa\u00f1ez, base de 20 a\u00f1os y 1.91 m., causa baja por una inflamaci\u00f3n del menisco externo&hellip;&nbsp;Read More &raquo;M\u00e1s lesiones en el F.C. Barcelona. Juan N\u00fa\u00f1ez \u00faltimo en caer.\" \/>\n<meta property=\"og:url\" content=\"https:\/\/gijonbasket.com\/en\/2025\/02\/27\/mas-lesiones-en-el-f-c-barcelona-juan-nunez-ultimo-en-caer\/\" \/>\n<meta property=\"og:site_name\" content=\"gijonbasket\" \/>\n<meta property=\"article:published_time\" content=\"2025-02-27T15:46:28+00:00\" \/>\n<meta property=\"article:modified_time\" content=\"2025-02-27T15:46:32+00:00\" \/>\n<meta name=\"author\" content=\"Cesar Morales\" \/>\n<meta name=\"twitter:card\" content=\"summary_large_image\" \/>\n<meta name=\"twitter:label1\" content=\"Written by\" \/>\n\t<meta name=\"twitter:data1\" content=\"Cesar Morales\" \/>\n\t<meta name=\"twitter:label2\" content=\"Est. reading time\" \/>\n\t<meta name=\"twitter:data2\" content=\"1 minute\" \/>\n<script type=\"application\/ld+json\" class=\"yoast-schema-graph\">{\"@context\":\"https:\/\/schema.org\",\"@graph\":[{\"@type\":\"Article\",\"@id\":\"https:\/\/gijonbasket.com\/2025\/02\/27\/mas-lesiones-en-el-f-c-barcelona-juan-nunez-ultimo-en-caer\/#article\",\"isPartOf\":{\"@id\":\"https:\/\/gijonbasket.com\/2025\/02\/27\/mas-lesiones-en-el-f-c-barcelona-juan-nunez-ultimo-en-caer\/\"},\"author\":{\"name\":\"Cesar Morales\",\"@id\":\"https:\/\/gijonbasket.com\/#\/schema\/person\/91af9ff03e8eab582ccc344b715907c0\"},\"headline\":\"M\u00e1s lesiones en el F.C. Barcelona. Juan N\u00fa\u00f1ez \u00faltimo en caer.\",\"datePublished\":\"2025-02-27T15:46:28+00:00\",\"dateModified\":\"2025-02-27T15:46:32+00:00\",\"mainEntityOfPage\":{\"@id\":\"https:\/\/gijonbasket.com\/2025\/02\/27\/mas-lesiones-en-el-f-c-barcelona-juan-nunez-ultimo-en-caer\/\"},\"wordCount\":138,\"commentCount\":0,\"publisher\":{\"@id\":\"https:\/\/gijonbasket.com\/#organization\"},\"articleSection\":[\"noticias\"],\"inLanguage\":\"en-US\",\"potentialAction\":[{\"@type\":\"CommentAction\",\"name\":\"Comment\",\"target\":[\"https:\/\/gijonbasket.com\/2025\/02\/27\/mas-lesiones-en-el-f-c-barcelona-juan-nunez-ultimo-en-caer\/#respond\"]}]},{\"@type\":\"WebPage\",\"@id\":\"https:\/\/gijonbasket.com\/2025\/02\/27\/mas-lesiones-en-el-f-c-barcelona-juan-nunez-ultimo-en-caer\/\",\"url\":\"https:\/\/gijonbasket.com\/2025\/02\/27\/mas-lesiones-en-el-f-c-barcelona-juan-nunez-ultimo-en-caer\/\",\"name\":\"M\u00e1s lesiones en el F.C. Barcelona. Juan N\u00fa\u00f1ez \u00faltimo en caer. - gijonbasket\",\"isPartOf\":{\"@id\":\"https:\/\/gijonbasket.com\/#website\"},\"datePublished\":\"2025-02-27T15:46:28+00:00\",\"dateModified\":\"2025-02-27T15:46:32+00:00\",\"breadcrumb\":{\"@id\":\"https:\/\/gijonbasket.com\/2025\/02\/27\/mas-lesiones-en-el-f-c-barcelona-juan-nunez-ultimo-en-caer\/#breadcrumb\"},\"inLanguage\":\"en-US\",\"potentialAction\":[{\"@type\":\"ReadAction\",\"target\":[\"https:\/\/gijonbasket.com\/2025\/02\/27\/mas-lesiones-en-el-f-c-barcelona-juan-nunez-ultimo-en-caer\/\"]}]},{\"@type\":\"BreadcrumbList\",\"@id\":\"https:\/\/gijonbasket.com\/2025\/02\/27\/mas-lesiones-en-el-f-c-barcelona-juan-nunez-ultimo-en-caer\/#breadcrumb\",\"itemListElement\":[{\"@type\":\"ListItem\",\"position\":1,\"name\":\"Portada\",\"item\":\"https:\/\/gijonbasket.com\/\"},{\"@type\":\"ListItem\",\"position\":2,\"name\":\"M\u00e1s lesiones en el F.C. Barcelona. Juan N\u00fa\u00f1ez \u00faltimo en caer.\"}]},{\"@type\":\"WebSite\",\"@id\":\"https:\/\/gijonbasket.com\/#website\",\"url\":\"https:\/\/gijonbasket.com\/\",\"name\":\"gijonbasket\",\"description\":\"\",\"publisher\":{\"@id\":\"https:\/\/gijonbasket.com\/#organization\"},\"potentialAction\":[{\"@type\":\"SearchAction\",\"target\":{\"@type\":\"EntryPoint\",\"urlTemplate\":\"https:\/\/gijonbasket.com\/?s={search_term_string}\"},\"query-input\":{\"@type\":\"PropertyValueSpecification\",\"valueRequired\":true,\"valueName\":\"search_term_string\"}}],\"inLanguage\":\"en-US\"},{\"@type\":\"Organization\",\"@id\":\"https:\/\/gijonbasket.com\/#organization\",\"name\":\"gijonbasket\",\"url\":\"https:\/\/gijonbasket.com\/\",\"logo\":{\"@type\":\"ImageObject\",\"inLanguage\":\"en-US\",\"@id\":\"https:\/\/gijonbasket.com\/#\/schema\/logo\/image\/\",\"url\":\"https:\/\/gijonbasket.com\/wp-content\/uploads\/2023\/03\/LogoGijonBasket2.jpg\",\"contentUrl\":\"https:\/\/gijonbasket.com\/wp-content\/uploads\/2023\/03\/LogoGijonBasket2.jpg\",\"width\":2000,\"height\":550,\"caption\":\"gijonbasket\"},\"image\":{\"@id\":\"https:\/\/gijonbasket.com\/#\/schema\/logo\/image\/\"}},{\"@type\":\"Person\",\"@id\":\"https:\/\/gijonbasket.com\/#\/schema\/person\/91af9ff03e8eab582ccc344b715907c0\",\"name\":\"Cesar Morales\",\"image\":{\"@type\":\"ImageObject\",\"inLanguage\":\"en-US\",\"@id\":\"https:\/\/gijonbasket.com\/#\/schema\/person\/image\/\",\"url\":\"https:\/\/secure.gravatar.com\/avatar\/ab9ddf1e87f7580cae3deefb05a58c5cf4f0c7f96f033fd7dacc23f0e8d149ca?s=96&d=mm&r=g\",\"contentUrl\":\"https:\/\/secure.gravatar.com\/avatar\/ab9ddf1e87f7580cae3deefb05a58c5cf4f0c7f96f033fd7dacc23f0e8d149ca?s=96&d=mm&r=g\",\"caption\":\"Cesar Morales\"},\"url\":\"https:\/\/gijonbasket.com\/en\/author\/cesar\/\"}]}<\/script>\n<!-- \/ Yoast SEO plugin. -->","yoast_head_json":{"title":"M\u00e1s lesiones en el F.C. Barcelona. Juan N\u00fa\u00f1ez \u00faltimo en caer. - gijonbasket","robots":{"index":"index","follow":"follow","max-snippet":"max-snippet:-1","max-image-preview":"max-image-preview:large","max-video-preview":"max-video-preview:-1"},"canonical":"https:\/\/gijonbasket.com\/en\/2025\/02\/27\/mas-lesiones-en-el-f-c-barcelona-juan-nunez-ultimo-en-caer\/","og_locale":"en_US","og_type":"article","og_title":"M\u00e1s lesiones en el F.C. Barcelona. Juan N\u00fa\u00f1ez \u00faltimo en caer. - gijonbasket","og_description":"La plaga de lesiones del F.C. Barcelona comenz\u00f3 con Nicol\u00e1s Laprovittola diciendo adi\u00f3s a la temporada y en este 2025 est\u00e1n de baja por lesi\u00f3n Jan Vesely y Kevin Punter a los que se les suma Juan N\u00fa\u00f1ez. Juan N\u00fa\u00f1ez, base de 20 a\u00f1os y 1.91 m., causa baja por una inflamaci\u00f3n del menisco externo&hellip;&nbsp;Read More &raquo;M\u00e1s lesiones en el F.C. Barcelona. Juan N\u00fa\u00f1ez \u00faltimo en caer.","og_url":"https:\/\/gijonbasket.com\/en\/2025\/02\/27\/mas-lesiones-en-el-f-c-barcelona-juan-nunez-ultimo-en-caer\/","og_site_name":"gijonbasket","article_published_time":"2025-02-27T15:46:28+00:00","article_modified_time":"2025-02-27T15:46:32+00:00","author":"Cesar Morales","twitter_card":"summary_large_image","twitter_misc":{"Written by":"Cesar Morales","Est. reading time":"1 minute"},"schema":{"@context":"https:\/\/schema.org","@graph":[{"@type":"Article","@id":"https:\/\/gijonbasket.com\/2025\/02\/27\/mas-lesiones-en-el-f-c-barcelona-juan-nunez-ultimo-en-caer\/#article","isPartOf":{"@id":"https:\/\/gijonbasket.com\/2025\/02\/27\/mas-lesiones-en-el-f-c-barcelona-juan-nunez-ultimo-en-caer\/"},"author":{"name":"Cesar Morales","@id":"https:\/\/gijonbasket.com\/#\/schema\/person\/91af9ff03e8eab582ccc344b715907c0"},"headline":"M\u00e1s lesiones en el F.C. Barcelona. Juan N\u00fa\u00f1ez \u00faltimo en caer.","datePublished":"2025-02-27T15:46:28+00:00","dateModified":"2025-02-27T15:46:32+00:00","mainEntityOfPage":{"@id":"https:\/\/gijonbasket.com\/2025\/02\/27\/mas-lesiones-en-el-f-c-barcelona-juan-nunez-ultimo-en-caer\/"},"wordCount":138,"commentCount":0,"publisher":{"@id":"https:\/\/gijonbasket.com\/#organization"},"articleSection":["noticias"],"inLanguage":"en-US","potentialAction":[{"@type":"CommentAction","name":"Comment","target":["https:\/\/gijonbasket.com\/2025\/02\/27\/mas-lesiones-en-el-f-c-barcelona-juan-nunez-ultimo-en-caer\/#respond"]}]},{"@type":"WebPage","@id":"https:\/\/gijonbasket.com\/2025\/02\/27\/mas-lesiones-en-el-f-c-barcelona-juan-nunez-ultimo-en-caer\/","url":"https:\/\/gijonbasket.com\/2025\/02\/27\/mas-lesiones-en-el-f-c-barcelona-juan-nunez-ultimo-en-caer\/","name":"M\u00e1s lesiones en el F.C. Barcelona. Juan N\u00fa\u00f1ez \u00faltimo en caer. - gijonbasket","isPartOf":{"@id":"https:\/\/gijonbasket.com\/#website"},"datePublished":"2025-02-27T15:46:28+00:00","dateModified":"2025-02-27T15:46:32+00:00","breadcrumb":{"@id":"https:\/\/gijonbasket.com\/2025\/02\/27\/mas-lesiones-en-el-f-c-barcelona-juan-nunez-ultimo-en-caer\/#breadcrumb"},"inLanguage":"en-US","potentialAction":[{"@type":"ReadAction","target":["https:\/\/gijonbasket.com\/2025\/02\/27\/mas-lesiones-en-el-f-c-barcelona-juan-nunez-ultimo-en-caer\/"]}]},{"@type":"BreadcrumbList","@id":"https:\/\/gijonbasket.com\/2025\/02\/27\/mas-lesiones-en-el-f-c-barcelona-juan-nunez-ultimo-en-caer\/#breadcrumb","itemListElement":[{"@type":"ListItem","position":1,"name":"Portada","item":"https:\/\/gijonbasket.com\/"},{"@type":"ListItem","position":2,"name":"M\u00e1s lesiones en el F.C. Barcelona. Juan N\u00fa\u00f1ez \u00faltimo en caer."}]},{"@type":"WebSite","@id":"https:\/\/gijonbasket.com\/#website","url":"https:\/\/gijonbasket.com\/","name":"gijonbasket","description":"","publisher":{"@id":"https:\/\/gijonbasket.com\/#organization"},"potentialAction":[{"@type":"SearchAction","target":{"@type":"EntryPoint","urlTemplate":"https:\/\/gijonbasket.com\/?s={search_term_string}"},"query-input":{"@type":"PropertyValueSpecification","valueRequired":true,"valueName":"search_term_string"}}],"inLanguage":"en-US"},{"@type":"Organization","@id":"https:\/\/gijonbasket.com\/#organization","name":"gijonbasket","url":"https:\/\/gijonbasket.com\/","logo":{"@type":"ImageObject","inLanguage":"en-US","@id":"https:\/\/gijonbasket.com\/#\/schema\/logo\/image\/","url":"https:\/\/gijonbasket.com\/wp-content\/uploads\/2023\/03\/LogoGijonBasket2.jpg","contentUrl":"https:\/\/gijonbasket.com\/wp-content\/uploads\/2023\/03\/LogoGijonBasket2.jpg","width":2000,"height":550,"caption":"gijonbasket"},"image":{"@id":"https:\/\/gijonbasket.com\/#\/schema\/logo\/image\/"}},{"@type":"Person","@id":"https:\/\/gijonbasket.com\/#\/schema\/person\/91af9ff03e8eab582ccc344b715907c0","name":"Cesar Morales","image":{"@type":"ImageObject","inLanguage":"en-US","@id":"https:\/\/gijonbasket.com\/#\/schema\/person\/image\/","url":"https:\/\/secure.gravatar.com\/avatar\/ab9ddf1e87f7580cae3deefb05a58c5cf4f0c7f96f033fd7dacc23f0e8d149ca?s=96&d=mm&r=g","contentUrl":"https:\/\/secure.gravatar.com\/avatar\/ab9ddf1e87f7580cae3deefb05a58c5cf4f0c7f96f033fd7dacc23f0e8d149ca?s=96&d=mm&r=g","caption":"Cesar Morales"},"url":"https:\/\/gijonbasket.com\/en\/author\/cesar\/"}]}},"_links":{"self":[{"href":"https:\/\/gijonbasket.com\/en\/wp-json\/wp\/v2\/posts\/6385","targetHints":{"allow":["GET"]}}],"collection":[{"href":"https:\/\/gijonbasket.com\/en\/wp-json\/wp\/v2\/posts"}],"about":[{"href":"https:\/\/gijonbasket.com\/en\/wp-json\/wp\/v2\/types\/post"}],"author":[{"embeddable":true,"href":"https:\/\/gijonbasket.com\/en\/wp-json\/wp\/v2\/users\/2"}],"replies":[{"embeddable":true,"href":"https:\/\/gijonbasket.com\/en\/wp-json\/wp\/v2\/comments?post=6385"}],"version-history":[{"count":1,"href":"https:\/\/gijonbasket.com\/en\/wp-json\/wp\/v2\/posts\/6385\/revisions"}],"predecessor-version":[{"id":6386,"href":"https:\/\/gijonbasket.com\/en\/wp-json\/wp\/v2\/posts\/6385\/revisions\/6386"}],"wp:attachment":[{"href":"https:\/\/gijonbasket.com\/en\/wp-json\/wp\/v2\/media?parent=6385"}],"wp:term":[{"taxonomy":"category","embeddable":true,"href":"https:\/\/gijonbasket.com\/en\/wp-json\/wp\/v2\/categories?post=6385"},{"taxonomy":"post_tag","embeddable":true,"href":"https:\/\/gijonbasket.com\/en\/wp-json\/wp\/v2\/tags?post=6385"}],"curies":[{"name":"wp","href":"https:\/\/api.w.org\/{rel}","templated":true}]}}