{"id":6396,"date":"2025-02-28T23:42:22","date_gmt":"2025-02-28T22:42:22","guid":{"rendered":"https:\/\/gijonbasket.com\/?p=6396"},"modified":"2025-02-28T23:42:24","modified_gmt":"2025-02-28T22:42:24","slug":"fumata-blanca-del-real-madrid-con-el-adios-de-dennis-smith","status":"publish","type":"post","link":"https:\/\/gijonbasket.com\/en\/2025\/02\/28\/fumata-blanca-del-real-madrid-con-el-adios-de-dennis-smith\/","title":{"rendered":"Fumata blanca del Real Madrid con el adi\u00f3s de Dennis Smith"},"content":{"rendered":"<p>El Real Madrid comunic\u00f3 a las 14:51 el fin de la vinculaci\u00f3n con Dennis Smith.<\/p>\n\n\n\n<p>En www.gijonbasket.com publicamos hoy la noticia sobre la marcha de Dennis Smith y que se encontraba de vuelta a U.S.A., a\u00fan sin la comunicaci\u00f3n oficial por parte del Real Madrid.<\/p>\n\n\n\n<p>A continuaci\u00f3n recuperamos el enlace con la noticia de \u00bb Dennis Smith visto y no visto en el Real Madrid. Sin noticia oficial por el conjunto merengue.\u00bb<\/p>\n\n\n\n<figure class=\"wp-block-embed is-type-wp-embed is-provider-gijonbasket wp-block-embed-gijonbasket\"><div class=\"wp-block-embed__wrapper\">\n<blockquote class=\"wp-embedded-content\" data-secret=\"1a39v8ENsl\"><a href=\"https:\/\/gijonbasket.com\/en\/2025\/02\/28\/dennis-smith-visto-y-no-visto-en-el-real-madrid-sin-noticia-oficial-por-el-conjunto-merengue\/\">Dennis Smith visto y no visto en el Real Madrid. Sin noticia oficial por el conjunto merengue.<\/a><\/blockquote><iframe class=\"wp-embedded-content\" sandbox=\"allow-scripts\" security=\"restricted\" style=\"position: absolute; visibility: hidden;\" title=\"\u00abDennis Smith visto y no visto en el Real Madrid. Sin noticia oficial por el conjunto merengue.\u00bb \u2014 gijonbasket\" src=\"https:\/\/gijonbasket.com\/2025\/02\/28\/dennis-smith-visto-y-no-visto-en-el-real-madrid-sin-noticia-oficial-por-el-conjunto-merengue\/embed\/#?secret=7NUD3gRVlH#?secret=1a39v8ENsl\" data-secret=\"1a39v8ENsl\" width=\"600\" height=\"338\" frameborder=\"0\" marginwidth=\"0\" marginheight=\"0\" scrolling=\"no\"><\/iframe>\n<\/div><\/figure>\n\n\n\n<p><\/p>","protected":false},"excerpt":{"rendered":"<p>El Real Madrid comunic\u00f3 a las 14:51 el fin de la vinculaci\u00f3n con Dennis Smith. En www.gijonbasket.com publicamos hoy la noticia sobre la marcha de Dennis Smith y que se encontraba de vuelta a U.S.A., a\u00fan sin la comunicaci\u00f3n oficial por parte del Real Madrid. A continuaci\u00f3n recuperamos el enlace con la noticia de \u00bb&hellip;&nbsp;<a href=\"https:\/\/gijonbasket.com\/en\/2025\/02\/28\/fumata-blanca-del-real-madrid-con-el-adios-de-dennis-smith\/\" class=\"\" rel=\"bookmark\">Read More &raquo;<span class=\"screen-reader-text\">Fumata blanca del Real Madrid con el adi\u00f3s de Dennis Smith<\/span><\/a><\/p>","protected":false},"author":2,"featured_media":0,"comment_status":"open","ping_status":"open","sticky":false,"template":"","format":"standard","meta":{"neve_meta_sidebar":"","neve_meta_container":"","neve_meta_enable_content_width":"","neve_meta_content_width":0,"neve_meta_title_alignment":"","neve_meta_author_avatar":"","neve_post_elements_order":"","neve_meta_disable_header":"","neve_meta_disable_footer":"","neve_meta_disable_title":"","footnotes":""},"categories":[4],"tags":[],"class_list":["post-6396","post","type-post","status-publish","format-standard","hentry","category-noticias"],"yoast_head":"<!-- This site is optimized with the Yoast SEO plugin v23.4 - https:\/\/yoast.com\/wordpress\/plugins\/seo\/ -->\n<title>Fumata blanca del Real Madrid con el adi\u00f3s de Dennis Smith - gijonbasket<\/title>\n<meta name=\"robots\" content=\"index, follow, max-snippet:-1, max-image-preview:large, max-video-preview:-1\" \/>\n<link rel=\"canonical\" href=\"https:\/\/gijonbasket.com\/en\/2025\/02\/28\/fumata-blanca-del-real-madrid-con-el-adios-de-dennis-smith\/\" \/>\n<meta property=\"og:locale\" content=\"en_US\" \/>\n<meta property=\"og:type\" content=\"article\" \/>\n<meta property=\"og:title\" content=\"Fumata blanca del Real Madrid con el adi\u00f3s de Dennis Smith - gijonbasket\" \/>\n<meta property=\"og:description\" content=\"El Real Madrid comunic\u00f3 a las 14:51 el fin de la vinculaci\u00f3n con Dennis Smith. En www.gijonbasket.com publicamos hoy la noticia sobre la marcha de Dennis Smith y que se encontraba de vuelta a U.S.A., a\u00fan sin la comunicaci\u00f3n oficial por parte del Real Madrid. A continuaci\u00f3n recuperamos el enlace con la noticia de \u00bb&hellip;&nbsp;Read More &raquo;Fumata blanca del Real Madrid con el adi\u00f3s de Dennis Smith\" \/>\n<meta property=\"og:url\" content=\"https:\/\/gijonbasket.com\/en\/2025\/02\/28\/fumata-blanca-del-real-madrid-con-el-adios-de-dennis-smith\/\" \/>\n<meta property=\"og:site_name\" content=\"gijonbasket\" \/>\n<meta property=\"article:published_time\" content=\"2025-02-28T22:42:22+00:00\" \/>\n<meta property=\"article:modified_time\" content=\"2025-02-28T22:42:24+00:00\" \/>\n<meta name=\"author\" content=\"Cesar Morales\" \/>\n<meta name=\"twitter:card\" content=\"summary_large_image\" \/>\n<meta name=\"twitter:label1\" content=\"Written by\" \/>\n\t<meta name=\"twitter:data1\" content=\"Cesar Morales\" \/>\n\t<meta name=\"twitter:label2\" content=\"Est. reading time\" \/>\n\t<meta name=\"twitter:data2\" content=\"1 minute\" \/>\n<script type=\"application\/ld+json\" class=\"yoast-schema-graph\">{\"@context\":\"https:\/\/schema.org\",\"@graph\":[{\"@type\":\"Article\",\"@id\":\"https:\/\/gijonbasket.com\/2025\/02\/28\/fumata-blanca-del-real-madrid-con-el-adios-de-dennis-smith\/#article\",\"isPartOf\":{\"@id\":\"https:\/\/gijonbasket.com\/2025\/02\/28\/fumata-blanca-del-real-madrid-con-el-adios-de-dennis-smith\/\"},\"author\":{\"name\":\"Cesar Morales\",\"@id\":\"https:\/\/gijonbasket.com\/#\/schema\/person\/91af9ff03e8eab582ccc344b715907c0\"},\"headline\":\"Fumata blanca del Real Madrid con el adi\u00f3s de Dennis Smith\",\"datePublished\":\"2025-02-28T22:42:22+00:00\",\"dateModified\":\"2025-02-28T22:42:24+00:00\",\"mainEntityOfPage\":{\"@id\":\"https:\/\/gijonbasket.com\/2025\/02\/28\/fumata-blanca-del-real-madrid-con-el-adios-de-dennis-smith\/\"},\"wordCount\":94,\"commentCount\":0,\"publisher\":{\"@id\":\"https:\/\/gijonbasket.com\/#organization\"},\"articleSection\":[\"noticias\"],\"inLanguage\":\"en-US\",\"potentialAction\":[{\"@type\":\"CommentAction\",\"name\":\"Comment\",\"target\":[\"https:\/\/gijonbasket.com\/2025\/02\/28\/fumata-blanca-del-real-madrid-con-el-adios-de-dennis-smith\/#respond\"]}]},{\"@type\":\"WebPage\",\"@id\":\"https:\/\/gijonbasket.com\/2025\/02\/28\/fumata-blanca-del-real-madrid-con-el-adios-de-dennis-smith\/\",\"url\":\"https:\/\/gijonbasket.com\/2025\/02\/28\/fumata-blanca-del-real-madrid-con-el-adios-de-dennis-smith\/\",\"name\":\"Fumata blanca del Real Madrid con el adi\u00f3s de Dennis Smith - gijonbasket\",\"isPartOf\":{\"@id\":\"https:\/\/gijonbasket.com\/#website\"},\"datePublished\":\"2025-02-28T22:42:22+00:00\",\"dateModified\":\"2025-02-28T22:42:24+00:00\",\"breadcrumb\":{\"@id\":\"https:\/\/gijonbasket.com\/2025\/02\/28\/fumata-blanca-del-real-madrid-con-el-adios-de-dennis-smith\/#breadcrumb\"},\"inLanguage\":\"en-US\",\"potentialAction\":[{\"@type\":\"ReadAction\",\"target\":[\"https:\/\/gijonbasket.com\/2025\/02\/28\/fumata-blanca-del-real-madrid-con-el-adios-de-dennis-smith\/\"]}]},{\"@type\":\"BreadcrumbList\",\"@id\":\"https:\/\/gijonbasket.com\/2025\/02\/28\/fumata-blanca-del-real-madrid-con-el-adios-de-dennis-smith\/#breadcrumb\",\"itemListElement\":[{\"@type\":\"ListItem\",\"position\":1,\"name\":\"Portada\",\"item\":\"https:\/\/gijonbasket.com\/\"},{\"@type\":\"ListItem\",\"position\":2,\"name\":\"Fumata blanca del Real Madrid con el adi\u00f3s de Dennis Smith\"}]},{\"@type\":\"WebSite\",\"@id\":\"https:\/\/gijonbasket.com\/#website\",\"url\":\"https:\/\/gijonbasket.com\/\",\"name\":\"gijonbasket\",\"description\":\"\",\"publisher\":{\"@id\":\"https:\/\/gijonbasket.com\/#organization\"},\"potentialAction\":[{\"@type\":\"SearchAction\",\"target\":{\"@type\":\"EntryPoint\",\"urlTemplate\":\"https:\/\/gijonbasket.com\/?s={search_term_string}\"},\"query-input\":{\"@type\":\"PropertyValueSpecification\",\"valueRequired\":true,\"valueName\":\"search_term_string\"}}],\"inLanguage\":\"en-US\"},{\"@type\":\"Organization\",\"@id\":\"https:\/\/gijonbasket.com\/#organization\",\"name\":\"gijonbasket\",\"url\":\"https:\/\/gijonbasket.com\/\",\"logo\":{\"@type\":\"ImageObject\",\"inLanguage\":\"en-US\",\"@id\":\"https:\/\/gijonbasket.com\/#\/schema\/logo\/image\/\",\"url\":\"https:\/\/gijonbasket.com\/wp-content\/uploads\/2023\/03\/LogoGijonBasket2.jpg\",\"contentUrl\":\"https:\/\/gijonbasket.com\/wp-content\/uploads\/2023\/03\/LogoGijonBasket2.jpg\",\"width\":2000,\"height\":550,\"caption\":\"gijonbasket\"},\"image\":{\"@id\":\"https:\/\/gijonbasket.com\/#\/schema\/logo\/image\/\"}},{\"@type\":\"Person\",\"@id\":\"https:\/\/gijonbasket.com\/#\/schema\/person\/91af9ff03e8eab582ccc344b715907c0\",\"name\":\"Cesar Morales\",\"image\":{\"@type\":\"ImageObject\",\"inLanguage\":\"en-US\",\"@id\":\"https:\/\/gijonbasket.com\/#\/schema\/person\/image\/\",\"url\":\"https:\/\/secure.gravatar.com\/avatar\/ab9ddf1e87f7580cae3deefb05a58c5cf4f0c7f96f033fd7dacc23f0e8d149ca?s=96&d=mm&r=g\",\"contentUrl\":\"https:\/\/secure.gravatar.com\/avatar\/ab9ddf1e87f7580cae3deefb05a58c5cf4f0c7f96f033fd7dacc23f0e8d149ca?s=96&d=mm&r=g\",\"caption\":\"Cesar Morales\"},\"url\":\"https:\/\/gijonbasket.com\/en\/author\/cesar\/\"}]}<\/script>\n<!-- \/ Yoast SEO plugin. -->","yoast_head_json":{"title":"Fumata blanca del Real Madrid con el adi\u00f3s de Dennis Smith - gijonbasket","robots":{"index":"index","follow":"follow","max-snippet":"max-snippet:-1","max-image-preview":"max-image-preview:large","max-video-preview":"max-video-preview:-1"},"canonical":"https:\/\/gijonbasket.com\/en\/2025\/02\/28\/fumata-blanca-del-real-madrid-con-el-adios-de-dennis-smith\/","og_locale":"en_US","og_type":"article","og_title":"Fumata blanca del Real Madrid con el adi\u00f3s de Dennis Smith - gijonbasket","og_description":"El Real Madrid comunic\u00f3 a las 14:51 el fin de la vinculaci\u00f3n con Dennis Smith. En www.gijonbasket.com publicamos hoy la noticia sobre la marcha de Dennis Smith y que se encontraba de vuelta a U.S.A., a\u00fan sin la comunicaci\u00f3n oficial por parte del Real Madrid. A continuaci\u00f3n recuperamos el enlace con la noticia de \u00bb&hellip;&nbsp;Read More &raquo;Fumata blanca del Real Madrid con el adi\u00f3s de Dennis Smith","og_url":"https:\/\/gijonbasket.com\/en\/2025\/02\/28\/fumata-blanca-del-real-madrid-con-el-adios-de-dennis-smith\/","og_site_name":"gijonbasket","article_published_time":"2025-02-28T22:42:22+00:00","article_modified_time":"2025-02-28T22:42:24+00:00","author":"Cesar Morales","twitter_card":"summary_large_image","twitter_misc":{"Written by":"Cesar Morales","Est. reading time":"1 minute"},"schema":{"@context":"https:\/\/schema.org","@graph":[{"@type":"Article","@id":"https:\/\/gijonbasket.com\/2025\/02\/28\/fumata-blanca-del-real-madrid-con-el-adios-de-dennis-smith\/#article","isPartOf":{"@id":"https:\/\/gijonbasket.com\/2025\/02\/28\/fumata-blanca-del-real-madrid-con-el-adios-de-dennis-smith\/"},"author":{"name":"Cesar Morales","@id":"https:\/\/gijonbasket.com\/#\/schema\/person\/91af9ff03e8eab582ccc344b715907c0"},"headline":"Fumata blanca del Real Madrid con el adi\u00f3s de Dennis Smith","datePublished":"2025-02-28T22:42:22+00:00","dateModified":"2025-02-28T22:42:24+00:00","mainEntityOfPage":{"@id":"https:\/\/gijonbasket.com\/2025\/02\/28\/fumata-blanca-del-real-madrid-con-el-adios-de-dennis-smith\/"},"wordCount":94,"commentCount":0,"publisher":{"@id":"https:\/\/gijonbasket.com\/#organization"},"articleSection":["noticias"],"inLanguage":"en-US","potentialAction":[{"@type":"CommentAction","name":"Comment","target":["https:\/\/gijonbasket.com\/2025\/02\/28\/fumata-blanca-del-real-madrid-con-el-adios-de-dennis-smith\/#respond"]}]},{"@type":"WebPage","@id":"https:\/\/gijonbasket.com\/2025\/02\/28\/fumata-blanca-del-real-madrid-con-el-adios-de-dennis-smith\/","url":"https:\/\/gijonbasket.com\/2025\/02\/28\/fumata-blanca-del-real-madrid-con-el-adios-de-dennis-smith\/","name":"Fumata blanca del Real Madrid con el adi\u00f3s de Dennis Smith - gijonbasket","isPartOf":{"@id":"https:\/\/gijonbasket.com\/#website"},"datePublished":"2025-02-28T22:42:22+00:00","dateModified":"2025-02-28T22:42:24+00:00","breadcrumb":{"@id":"https:\/\/gijonbasket.com\/2025\/02\/28\/fumata-blanca-del-real-madrid-con-el-adios-de-dennis-smith\/#breadcrumb"},"inLanguage":"en-US","potentialAction":[{"@type":"ReadAction","target":["https:\/\/gijonbasket.com\/2025\/02\/28\/fumata-blanca-del-real-madrid-con-el-adios-de-dennis-smith\/"]}]},{"@type":"BreadcrumbList","@id":"https:\/\/gijonbasket.com\/2025\/02\/28\/fumata-blanca-del-real-madrid-con-el-adios-de-dennis-smith\/#breadcrumb","itemListElement":[{"@type":"ListItem","position":1,"name":"Portada","item":"https:\/\/gijonbasket.com\/"},{"@type":"ListItem","position":2,"name":"Fumata blanca del Real Madrid con el adi\u00f3s de Dennis Smith"}]},{"@type":"WebSite","@id":"https:\/\/gijonbasket.com\/#website","url":"https:\/\/gijonbasket.com\/","name":"gijonbasket","description":"","publisher":{"@id":"https:\/\/gijonbasket.com\/#organization"},"potentialAction":[{"@type":"SearchAction","target":{"@type":"EntryPoint","urlTemplate":"https:\/\/gijonbasket.com\/?s={search_term_string}"},"query-input":{"@type":"PropertyValueSpecification","valueRequired":true,"valueName":"search_term_string"}}],"inLanguage":"en-US"},{"@type":"Organization","@id":"https:\/\/gijonbasket.com\/#organization","name":"gijonbasket","url":"https:\/\/gijonbasket.com\/","logo":{"@type":"ImageObject","inLanguage":"en-US","@id":"https:\/\/gijonbasket.com\/#\/schema\/logo\/image\/","url":"https:\/\/gijonbasket.com\/wp-content\/uploads\/2023\/03\/LogoGijonBasket2.jpg","contentUrl":"https:\/\/gijonbasket.com\/wp-content\/uploads\/2023\/03\/LogoGijonBasket2.jpg","width":2000,"height":550,"caption":"gijonbasket"},"image":{"@id":"https:\/\/gijonbasket.com\/#\/schema\/logo\/image\/"}},{"@type":"Person","@id":"https:\/\/gijonbasket.com\/#\/schema\/person\/91af9ff03e8eab582ccc344b715907c0","name":"Cesar Morales","image":{"@type":"ImageObject","inLanguage":"en-US","@id":"https:\/\/gijonbasket.com\/#\/schema\/person\/image\/","url":"https:\/\/secure.gravatar.com\/avatar\/ab9ddf1e87f7580cae3deefb05a58c5cf4f0c7f96f033fd7dacc23f0e8d149ca?s=96&d=mm&r=g","contentUrl":"https:\/\/secure.gravatar.com\/avatar\/ab9ddf1e87f7580cae3deefb05a58c5cf4f0c7f96f033fd7dacc23f0e8d149ca?s=96&d=mm&r=g","caption":"Cesar Morales"},"url":"https:\/\/gijonbasket.com\/en\/author\/cesar\/"}]}},"_links":{"self":[{"href":"https:\/\/gijonbasket.com\/en\/wp-json\/wp\/v2\/posts\/6396","targetHints":{"allow":["GET"]}}],"collection":[{"href":"https:\/\/gijonbasket.com\/en\/wp-json\/wp\/v2\/posts"}],"about":[{"href":"https:\/\/gijonbasket.com\/en\/wp-json\/wp\/v2\/types\/post"}],"author":[{"embeddable":true,"href":"https:\/\/gijonbasket.com\/en\/wp-json\/wp\/v2\/users\/2"}],"replies":[{"embeddable":true,"href":"https:\/\/gijonbasket.com\/en\/wp-json\/wp\/v2\/comments?post=6396"}],"version-history":[{"count":1,"href":"https:\/\/gijonbasket.com\/en\/wp-json\/wp\/v2\/posts\/6396\/revisions"}],"predecessor-version":[{"id":6397,"href":"https:\/\/gijonbasket.com\/en\/wp-json\/wp\/v2\/posts\/6396\/revisions\/6397"}],"wp:attachment":[{"href":"https:\/\/gijonbasket.com\/en\/wp-json\/wp\/v2\/media?parent=6396"}],"wp:term":[{"taxonomy":"category","embeddable":true,"href":"https:\/\/gijonbasket.com\/en\/wp-json\/wp\/v2\/categories?post=6396"},{"taxonomy":"post_tag","embeddable":true,"href":"https:\/\/gijonbasket.com\/en\/wp-json\/wp\/v2\/tags?post=6396"}],"curies":[{"name":"wp","href":"https:\/\/api.w.org\/{rel}","templated":true}]}}