{"id":6510,"date":"2025-03-12T10:52:15","date_gmt":"2025-03-12T09:52:15","guid":{"rendered":"https:\/\/gijonbasket.com\/?p=6510"},"modified":"2025-03-12T10:52:33","modified_gmt":"2025-03-12T09:52:33","slug":"juan-nunez-adios-a-la-temporada-con-el-f-c-barcelona","status":"publish","type":"post","link":"https:\/\/gijonbasket.com\/en\/2025\/03\/12\/juan-nunez-adios-a-la-temporada-con-el-f-c-barcelona\/","title":{"rendered":"Juan N\u00fa\u00f1ez adi\u00f3s a la temporada con el F.C. Barcelona"},"content":{"rendered":"<p>Los peores pron\u00f3sticos se confirmaron para Juan N\u00fa\u00f1ez que dice adi\u00f3s a la temporada al sufrir la rotura del menisco externo de su rodilla derecha,<\/p>\n\n\n\n<p>El periodo de baja estimado ser\u00e1 de unos seis meses.<\/p>\n\n\n\n<p>Base de 20 a\u00f1os y 1.91 m., que cumple su primera temporada en el F.C. Barcelona, procedente del Ratiopharm \u00dclm.<\/p>\n\n\n\n<p>Esta temporada est\u00e1 promediando 5.1 ppp; 3.1 rpp; 3.4 app (Liga Endesa) y 5 ppp; 2.5 rpp; 3.4 app (Euroliga).<\/p>\n\n\n\n<p>El F.C. Barcelona acumula una temporada para olvidar en el apartado de lesiones.<\/p>\n\n\n\n<p>Juan N\u00fa\u00f1ez se suma a las bajas de Nicol\u00e1s Laprovittola, Jan Vesely y Kevin Punter.<\/p>\n\n\n\n<p>De las cuatro bajas tanto Laprovittola como N\u00fa\u00f1ez causan baja para toda la temporada, con especial incidencia la lesi\u00f3n del base argentino que se produjo al inicio de campa\u00f1a, sufriendo la rotura en el ligamento cruzado anterior con afectaci\u00f3n al menisco externo de su rodilla derecha.<\/p>\n\n\n\n<p><\/p>","protected":false},"excerpt":{"rendered":"<p>Los peores pron\u00f3sticos se confirmaron para Juan N\u00fa\u00f1ez que dice adi\u00f3s a la temporada al sufrir la rotura del menisco externo de su rodilla derecha, El periodo de baja estimado ser\u00e1 de unos seis meses. Base de 20 a\u00f1os y 1.91 m., que cumple su primera temporada en el F.C. Barcelona, procedente del Ratiopharm \u00dclm.&hellip;&nbsp;<a href=\"https:\/\/gijonbasket.com\/en\/2025\/03\/12\/juan-nunez-adios-a-la-temporada-con-el-f-c-barcelona\/\" class=\"\" rel=\"bookmark\">Read More &raquo;<span class=\"screen-reader-text\">Juan N\u00fa\u00f1ez adi\u00f3s a la temporada con el F.C. Barcelona<\/span><\/a><\/p>","protected":false},"author":2,"featured_media":0,"comment_status":"open","ping_status":"open","sticky":false,"template":"","format":"standard","meta":{"neve_meta_sidebar":"","neve_meta_container":"","neve_meta_enable_content_width":"","neve_meta_content_width":0,"neve_meta_title_alignment":"","neve_meta_author_avatar":"","neve_post_elements_order":"","neve_meta_disable_header":"","neve_meta_disable_footer":"","neve_meta_disable_title":"","footnotes":""},"categories":[4],"tags":[],"class_list":["post-6510","post","type-post","status-publish","format-standard","hentry","category-noticias"],"yoast_head":"<!-- This site is optimized with the Yoast SEO plugin v23.4 - https:\/\/yoast.com\/wordpress\/plugins\/seo\/ -->\n<title>Juan N\u00fa\u00f1ez adi\u00f3s a la temporada con el F.C. Barcelona - gijonbasket<\/title>\n<meta name=\"robots\" content=\"index, follow, max-snippet:-1, max-image-preview:large, max-video-preview:-1\" \/>\n<link rel=\"canonical\" href=\"https:\/\/gijonbasket.com\/en\/2025\/03\/12\/juan-nunez-adios-a-la-temporada-con-el-f-c-barcelona\/\" \/>\n<meta property=\"og:locale\" content=\"en_US\" \/>\n<meta property=\"og:type\" content=\"article\" \/>\n<meta property=\"og:title\" content=\"Juan N\u00fa\u00f1ez adi\u00f3s a la temporada con el F.C. Barcelona - gijonbasket\" \/>\n<meta property=\"og:description\" content=\"Los peores pron\u00f3sticos se confirmaron para Juan N\u00fa\u00f1ez que dice adi\u00f3s a la temporada al sufrir la rotura del menisco externo de su rodilla derecha, El periodo de baja estimado ser\u00e1 de unos seis meses. Base de 20 a\u00f1os y 1.91 m., que cumple su primera temporada en el F.C. Barcelona, procedente del Ratiopharm \u00dclm.&hellip;&nbsp;Read More &raquo;Juan N\u00fa\u00f1ez adi\u00f3s a la temporada con el F.C. Barcelona\" \/>\n<meta property=\"og:url\" content=\"https:\/\/gijonbasket.com\/en\/2025\/03\/12\/juan-nunez-adios-a-la-temporada-con-el-f-c-barcelona\/\" \/>\n<meta property=\"og:site_name\" content=\"gijonbasket\" \/>\n<meta property=\"article:published_time\" content=\"2025-03-12T09:52:15+00:00\" \/>\n<meta property=\"article:modified_time\" content=\"2025-03-12T09:52:33+00:00\" \/>\n<meta name=\"author\" content=\"Cesar Morales\" \/>\n<meta name=\"twitter:card\" content=\"summary_large_image\" \/>\n<meta name=\"twitter:label1\" content=\"Written by\" \/>\n\t<meta name=\"twitter:data1\" content=\"Cesar Morales\" \/>\n\t<meta name=\"twitter:label2\" content=\"Est. reading time\" \/>\n\t<meta name=\"twitter:data2\" content=\"1 minute\" \/>\n<script type=\"application\/ld+json\" class=\"yoast-schema-graph\">{\"@context\":\"https:\/\/schema.org\",\"@graph\":[{\"@type\":\"Article\",\"@id\":\"https:\/\/gijonbasket.com\/2025\/03\/12\/juan-nunez-adios-a-la-temporada-con-el-f-c-barcelona\/#article\",\"isPartOf\":{\"@id\":\"https:\/\/gijonbasket.com\/2025\/03\/12\/juan-nunez-adios-a-la-temporada-con-el-f-c-barcelona\/\"},\"author\":{\"name\":\"Cesar Morales\",\"@id\":\"https:\/\/gijonbasket.com\/#\/schema\/person\/91af9ff03e8eab582ccc344b715907c0\"},\"headline\":\"Juan N\u00fa\u00f1ez adi\u00f3s a la temporada con el F.C. Barcelona\",\"datePublished\":\"2025-03-12T09:52:15+00:00\",\"dateModified\":\"2025-03-12T09:52:33+00:00\",\"mainEntityOfPage\":{\"@id\":\"https:\/\/gijonbasket.com\/2025\/03\/12\/juan-nunez-adios-a-la-temporada-con-el-f-c-barcelona\/\"},\"wordCount\":166,\"commentCount\":0,\"publisher\":{\"@id\":\"https:\/\/gijonbasket.com\/#organization\"},\"articleSection\":[\"noticias\"],\"inLanguage\":\"en-US\",\"potentialAction\":[{\"@type\":\"CommentAction\",\"name\":\"Comment\",\"target\":[\"https:\/\/gijonbasket.com\/2025\/03\/12\/juan-nunez-adios-a-la-temporada-con-el-f-c-barcelona\/#respond\"]}]},{\"@type\":\"WebPage\",\"@id\":\"https:\/\/gijonbasket.com\/2025\/03\/12\/juan-nunez-adios-a-la-temporada-con-el-f-c-barcelona\/\",\"url\":\"https:\/\/gijonbasket.com\/2025\/03\/12\/juan-nunez-adios-a-la-temporada-con-el-f-c-barcelona\/\",\"name\":\"Juan N\u00fa\u00f1ez adi\u00f3s a la temporada con el F.C. Barcelona - gijonbasket\",\"isPartOf\":{\"@id\":\"https:\/\/gijonbasket.com\/#website\"},\"datePublished\":\"2025-03-12T09:52:15+00:00\",\"dateModified\":\"2025-03-12T09:52:33+00:00\",\"breadcrumb\":{\"@id\":\"https:\/\/gijonbasket.com\/2025\/03\/12\/juan-nunez-adios-a-la-temporada-con-el-f-c-barcelona\/#breadcrumb\"},\"inLanguage\":\"en-US\",\"potentialAction\":[{\"@type\":\"ReadAction\",\"target\":[\"https:\/\/gijonbasket.com\/2025\/03\/12\/juan-nunez-adios-a-la-temporada-con-el-f-c-barcelona\/\"]}]},{\"@type\":\"BreadcrumbList\",\"@id\":\"https:\/\/gijonbasket.com\/2025\/03\/12\/juan-nunez-adios-a-la-temporada-con-el-f-c-barcelona\/#breadcrumb\",\"itemListElement\":[{\"@type\":\"ListItem\",\"position\":1,\"name\":\"Portada\",\"item\":\"https:\/\/gijonbasket.com\/\"},{\"@type\":\"ListItem\",\"position\":2,\"name\":\"Juan N\u00fa\u00f1ez adi\u00f3s a la temporada con el F.C. Barcelona\"}]},{\"@type\":\"WebSite\",\"@id\":\"https:\/\/gijonbasket.com\/#website\",\"url\":\"https:\/\/gijonbasket.com\/\",\"name\":\"gijonbasket\",\"description\":\"\",\"publisher\":{\"@id\":\"https:\/\/gijonbasket.com\/#organization\"},\"potentialAction\":[{\"@type\":\"SearchAction\",\"target\":{\"@type\":\"EntryPoint\",\"urlTemplate\":\"https:\/\/gijonbasket.com\/?s={search_term_string}\"},\"query-input\":{\"@type\":\"PropertyValueSpecification\",\"valueRequired\":true,\"valueName\":\"search_term_string\"}}],\"inLanguage\":\"en-US\"},{\"@type\":\"Organization\",\"@id\":\"https:\/\/gijonbasket.com\/#organization\",\"name\":\"gijonbasket\",\"url\":\"https:\/\/gijonbasket.com\/\",\"logo\":{\"@type\":\"ImageObject\",\"inLanguage\":\"en-US\",\"@id\":\"https:\/\/gijonbasket.com\/#\/schema\/logo\/image\/\",\"url\":\"https:\/\/gijonbasket.com\/wp-content\/uploads\/2023\/03\/LogoGijonBasket2.jpg\",\"contentUrl\":\"https:\/\/gijonbasket.com\/wp-content\/uploads\/2023\/03\/LogoGijonBasket2.jpg\",\"width\":2000,\"height\":550,\"caption\":\"gijonbasket\"},\"image\":{\"@id\":\"https:\/\/gijonbasket.com\/#\/schema\/logo\/image\/\"}},{\"@type\":\"Person\",\"@id\":\"https:\/\/gijonbasket.com\/#\/schema\/person\/91af9ff03e8eab582ccc344b715907c0\",\"name\":\"Cesar Morales\",\"image\":{\"@type\":\"ImageObject\",\"inLanguage\":\"en-US\",\"@id\":\"https:\/\/gijonbasket.com\/#\/schema\/person\/image\/\",\"url\":\"https:\/\/secure.gravatar.com\/avatar\/ab9ddf1e87f7580cae3deefb05a58c5cf4f0c7f96f033fd7dacc23f0e8d149ca?s=96&d=mm&r=g\",\"contentUrl\":\"https:\/\/secure.gravatar.com\/avatar\/ab9ddf1e87f7580cae3deefb05a58c5cf4f0c7f96f033fd7dacc23f0e8d149ca?s=96&d=mm&r=g\",\"caption\":\"Cesar Morales\"},\"url\":\"https:\/\/gijonbasket.com\/en\/author\/cesar\/\"}]}<\/script>\n<!-- \/ Yoast SEO plugin. -->","yoast_head_json":{"title":"Juan N\u00fa\u00f1ez adi\u00f3s a la temporada con el F.C. Barcelona - gijonbasket","robots":{"index":"index","follow":"follow","max-snippet":"max-snippet:-1","max-image-preview":"max-image-preview:large","max-video-preview":"max-video-preview:-1"},"canonical":"https:\/\/gijonbasket.com\/en\/2025\/03\/12\/juan-nunez-adios-a-la-temporada-con-el-f-c-barcelona\/","og_locale":"en_US","og_type":"article","og_title":"Juan N\u00fa\u00f1ez adi\u00f3s a la temporada con el F.C. Barcelona - gijonbasket","og_description":"Los peores pron\u00f3sticos se confirmaron para Juan N\u00fa\u00f1ez que dice adi\u00f3s a la temporada al sufrir la rotura del menisco externo de su rodilla derecha, El periodo de baja estimado ser\u00e1 de unos seis meses. Base de 20 a\u00f1os y 1.91 m., que cumple su primera temporada en el F.C. Barcelona, procedente del Ratiopharm \u00dclm.&hellip;&nbsp;Read More &raquo;Juan N\u00fa\u00f1ez adi\u00f3s a la temporada con el F.C. Barcelona","og_url":"https:\/\/gijonbasket.com\/en\/2025\/03\/12\/juan-nunez-adios-a-la-temporada-con-el-f-c-barcelona\/","og_site_name":"gijonbasket","article_published_time":"2025-03-12T09:52:15+00:00","article_modified_time":"2025-03-12T09:52:33+00:00","author":"Cesar Morales","twitter_card":"summary_large_image","twitter_misc":{"Written by":"Cesar Morales","Est. reading time":"1 minute"},"schema":{"@context":"https:\/\/schema.org","@graph":[{"@type":"Article","@id":"https:\/\/gijonbasket.com\/2025\/03\/12\/juan-nunez-adios-a-la-temporada-con-el-f-c-barcelona\/#article","isPartOf":{"@id":"https:\/\/gijonbasket.com\/2025\/03\/12\/juan-nunez-adios-a-la-temporada-con-el-f-c-barcelona\/"},"author":{"name":"Cesar Morales","@id":"https:\/\/gijonbasket.com\/#\/schema\/person\/91af9ff03e8eab582ccc344b715907c0"},"headline":"Juan N\u00fa\u00f1ez adi\u00f3s a la temporada con el F.C. Barcelona","datePublished":"2025-03-12T09:52:15+00:00","dateModified":"2025-03-12T09:52:33+00:00","mainEntityOfPage":{"@id":"https:\/\/gijonbasket.com\/2025\/03\/12\/juan-nunez-adios-a-la-temporada-con-el-f-c-barcelona\/"},"wordCount":166,"commentCount":0,"publisher":{"@id":"https:\/\/gijonbasket.com\/#organization"},"articleSection":["noticias"],"inLanguage":"en-US","potentialAction":[{"@type":"CommentAction","name":"Comment","target":["https:\/\/gijonbasket.com\/2025\/03\/12\/juan-nunez-adios-a-la-temporada-con-el-f-c-barcelona\/#respond"]}]},{"@type":"WebPage","@id":"https:\/\/gijonbasket.com\/2025\/03\/12\/juan-nunez-adios-a-la-temporada-con-el-f-c-barcelona\/","url":"https:\/\/gijonbasket.com\/2025\/03\/12\/juan-nunez-adios-a-la-temporada-con-el-f-c-barcelona\/","name":"Juan N\u00fa\u00f1ez adi\u00f3s a la temporada con el F.C. Barcelona - gijonbasket","isPartOf":{"@id":"https:\/\/gijonbasket.com\/#website"},"datePublished":"2025-03-12T09:52:15+00:00","dateModified":"2025-03-12T09:52:33+00:00","breadcrumb":{"@id":"https:\/\/gijonbasket.com\/2025\/03\/12\/juan-nunez-adios-a-la-temporada-con-el-f-c-barcelona\/#breadcrumb"},"inLanguage":"en-US","potentialAction":[{"@type":"ReadAction","target":["https:\/\/gijonbasket.com\/2025\/03\/12\/juan-nunez-adios-a-la-temporada-con-el-f-c-barcelona\/"]}]},{"@type":"BreadcrumbList","@id":"https:\/\/gijonbasket.com\/2025\/03\/12\/juan-nunez-adios-a-la-temporada-con-el-f-c-barcelona\/#breadcrumb","itemListElement":[{"@type":"ListItem","position":1,"name":"Portada","item":"https:\/\/gijonbasket.com\/"},{"@type":"ListItem","position":2,"name":"Juan N\u00fa\u00f1ez adi\u00f3s a la temporada con el F.C. Barcelona"}]},{"@type":"WebSite","@id":"https:\/\/gijonbasket.com\/#website","url":"https:\/\/gijonbasket.com\/","name":"gijonbasket","description":"","publisher":{"@id":"https:\/\/gijonbasket.com\/#organization"},"potentialAction":[{"@type":"SearchAction","target":{"@type":"EntryPoint","urlTemplate":"https:\/\/gijonbasket.com\/?s={search_term_string}"},"query-input":{"@type":"PropertyValueSpecification","valueRequired":true,"valueName":"search_term_string"}}],"inLanguage":"en-US"},{"@type":"Organization","@id":"https:\/\/gijonbasket.com\/#organization","name":"gijonbasket","url":"https:\/\/gijonbasket.com\/","logo":{"@type":"ImageObject","inLanguage":"en-US","@id":"https:\/\/gijonbasket.com\/#\/schema\/logo\/image\/","url":"https:\/\/gijonbasket.com\/wp-content\/uploads\/2023\/03\/LogoGijonBasket2.jpg","contentUrl":"https:\/\/gijonbasket.com\/wp-content\/uploads\/2023\/03\/LogoGijonBasket2.jpg","width":2000,"height":550,"caption":"gijonbasket"},"image":{"@id":"https:\/\/gijonbasket.com\/#\/schema\/logo\/image\/"}},{"@type":"Person","@id":"https:\/\/gijonbasket.com\/#\/schema\/person\/91af9ff03e8eab582ccc344b715907c0","name":"Cesar Morales","image":{"@type":"ImageObject","inLanguage":"en-US","@id":"https:\/\/gijonbasket.com\/#\/schema\/person\/image\/","url":"https:\/\/secure.gravatar.com\/avatar\/ab9ddf1e87f7580cae3deefb05a58c5cf4f0c7f96f033fd7dacc23f0e8d149ca?s=96&d=mm&r=g","contentUrl":"https:\/\/secure.gravatar.com\/avatar\/ab9ddf1e87f7580cae3deefb05a58c5cf4f0c7f96f033fd7dacc23f0e8d149ca?s=96&d=mm&r=g","caption":"Cesar Morales"},"url":"https:\/\/gijonbasket.com\/en\/author\/cesar\/"}]}},"_links":{"self":[{"href":"https:\/\/gijonbasket.com\/en\/wp-json\/wp\/v2\/posts\/6510","targetHints":{"allow":["GET"]}}],"collection":[{"href":"https:\/\/gijonbasket.com\/en\/wp-json\/wp\/v2\/posts"}],"about":[{"href":"https:\/\/gijonbasket.com\/en\/wp-json\/wp\/v2\/types\/post"}],"author":[{"embeddable":true,"href":"https:\/\/gijonbasket.com\/en\/wp-json\/wp\/v2\/users\/2"}],"replies":[{"embeddable":true,"href":"https:\/\/gijonbasket.com\/en\/wp-json\/wp\/v2\/comments?post=6510"}],"version-history":[{"count":1,"href":"https:\/\/gijonbasket.com\/en\/wp-json\/wp\/v2\/posts\/6510\/revisions"}],"predecessor-version":[{"id":6511,"href":"https:\/\/gijonbasket.com\/en\/wp-json\/wp\/v2\/posts\/6510\/revisions\/6511"}],"wp:attachment":[{"href":"https:\/\/gijonbasket.com\/en\/wp-json\/wp\/v2\/media?parent=6510"}],"wp:term":[{"taxonomy":"category","embeddable":true,"href":"https:\/\/gijonbasket.com\/en\/wp-json\/wp\/v2\/categories?post=6510"},{"taxonomy":"post_tag","embeddable":true,"href":"https:\/\/gijonbasket.com\/en\/wp-json\/wp\/v2\/tags?post=6510"}],"curies":[{"name":"wp","href":"https:\/\/api.w.org\/{rel}","templated":true}]}}