{"id":6547,"date":"2025-03-15T15:30:18","date_gmt":"2025-03-15T14:30:18","guid":{"rendered":"https:\/\/gijonbasket.com\/?p=6547"},"modified":"2025-03-15T15:30:31","modified_gmt":"2025-03-15T14:30:31","slug":"laura-martinez-adios-a-la-temporada-para-el-aceites-abril-adba-sanfer-art-chivo","status":"publish","type":"post","link":"https:\/\/gijonbasket.com\/en\/2025\/03\/15\/laura-martinez-adios-a-la-temporada-para-el-aceites-abril-adba-sanfer-art-chivo\/","title":{"rendered":"Laura Mart\u00ednez adi\u00f3s a la temporada para el Aceites Abril ADBA-Sanfer Art-Chivo"},"content":{"rendered":"<p>Nuevo duro golpe para el Aceites Abril ADBA-Sanfer Art-Chivo, que pierde por lo que resta de temporada a Laura Mart\u00ednez, tras sufrir la rotura del ligamento cruzado de su rodilla izquierda en el partido de la \u00faltima jornada en la cancha del Romakuruma U.E. Matar\u00f3.<\/p>\n\n\n\n<p>Laura Mart\u00ednez, escolta de 23 a\u00f1os y 1.75 m. Su incorporaci\u00f3n al Aceites Abril ADBA-Sanfer Art-Chivo se produjo en la temporada 2016\/2017. Debut\u00f3 en Liga Femenina 2 en la temporada 2018\/2019.<\/p>\n\n\n\n<p>Esta temporada estaba promediando 4.2 ppp; 2.2 rpp.<\/p>\n\n\n\n<p>La lesi\u00f3n de Laura Mart\u00ednez, se suma a la de Guadalupe L\u00f3pez que tambi\u00e9n por una rotura en su menisco izquierdo, tambi\u00e9n dijo adi\u00f3s a la temporada.<\/p>\n\n\n\n<p>Con todas estas adversas circunstancias, en forma de lesiones, unido a la salida de Mar Marata a principios del mes de enero para recalar en Fustecma NBF Castell\u00f3 (LF Challenge), provocan que el Aceites Abril ADBA-Sanfer Art-Chivo tenga el objetivo de la permanencia como una misi\u00f3n imposible a falta de seis jornadas para finalizar la temporada regular.<\/p>","protected":false},"excerpt":{"rendered":"<p>Nuevo duro golpe para el Aceites Abril ADBA-Sanfer Art-Chivo, que pierde por lo que resta de temporada a Laura Mart\u00ednez, tras sufrir la rotura del ligamento cruzado de su rodilla izquierda en el partido de la \u00faltima jornada en la cancha del Romakuruma U.E. Matar\u00f3. Laura Mart\u00ednez, escolta de 23 a\u00f1os y 1.75 m. Su&hellip;&nbsp;<a href=\"https:\/\/gijonbasket.com\/en\/2025\/03\/15\/laura-martinez-adios-a-la-temporada-para-el-aceites-abril-adba-sanfer-art-chivo\/\" class=\"\" rel=\"bookmark\">Read More &raquo;<span class=\"screen-reader-text\">Laura Mart\u00ednez adi\u00f3s a la temporada para el Aceites Abril ADBA-Sanfer Art-Chivo<\/span><\/a><\/p>","protected":false},"author":2,"featured_media":0,"comment_status":"open","ping_status":"open","sticky":false,"template":"","format":"standard","meta":{"neve_meta_sidebar":"","neve_meta_container":"","neve_meta_enable_content_width":"","neve_meta_content_width":0,"neve_meta_title_alignment":"","neve_meta_author_avatar":"","neve_post_elements_order":"","neve_meta_disable_header":"","neve_meta_disable_footer":"","neve_meta_disable_title":"","footnotes":""},"categories":[4],"tags":[],"class_list":["post-6547","post","type-post","status-publish","format-standard","hentry","category-noticias"],"yoast_head":"<!-- This site is optimized with the Yoast SEO plugin v23.4 - https:\/\/yoast.com\/wordpress\/plugins\/seo\/ -->\n<title>Laura Mart\u00ednez adi\u00f3s a la temporada para el Aceites Abril ADBA-Sanfer Art-Chivo - gijonbasket<\/title>\n<meta name=\"robots\" content=\"index, follow, max-snippet:-1, max-image-preview:large, max-video-preview:-1\" \/>\n<link rel=\"canonical\" href=\"https:\/\/gijonbasket.com\/en\/2025\/03\/15\/laura-martinez-adios-a-la-temporada-para-el-aceites-abril-adba-sanfer-art-chivo\/\" \/>\n<meta property=\"og:locale\" content=\"en_US\" \/>\n<meta property=\"og:type\" content=\"article\" \/>\n<meta property=\"og:title\" content=\"Laura Mart\u00ednez adi\u00f3s a la temporada para el Aceites Abril ADBA-Sanfer Art-Chivo - gijonbasket\" \/>\n<meta property=\"og:description\" content=\"Nuevo duro golpe para el Aceites Abril ADBA-Sanfer Art-Chivo, que pierde por lo que resta de temporada a Laura Mart\u00ednez, tras sufrir la rotura del ligamento cruzado de su rodilla izquierda en el partido de la \u00faltima jornada en la cancha del Romakuruma U.E. Matar\u00f3. Laura Mart\u00ednez, escolta de 23 a\u00f1os y 1.75 m. Su&hellip;&nbsp;Read More &raquo;Laura Mart\u00ednez adi\u00f3s a la temporada para el Aceites Abril ADBA-Sanfer Art-Chivo\" \/>\n<meta property=\"og:url\" content=\"https:\/\/gijonbasket.com\/en\/2025\/03\/15\/laura-martinez-adios-a-la-temporada-para-el-aceites-abril-adba-sanfer-art-chivo\/\" \/>\n<meta property=\"og:site_name\" content=\"gijonbasket\" \/>\n<meta property=\"article:published_time\" content=\"2025-03-15T14:30:18+00:00\" \/>\n<meta property=\"article:modified_time\" content=\"2025-03-15T14:30:31+00:00\" \/>\n<meta name=\"author\" content=\"Cesar Morales\" \/>\n<meta name=\"twitter:card\" content=\"summary_large_image\" \/>\n<meta name=\"twitter:label1\" content=\"Written by\" \/>\n\t<meta name=\"twitter:data1\" content=\"Cesar Morales\" \/>\n\t<meta name=\"twitter:label2\" content=\"Est. reading time\" \/>\n\t<meta name=\"twitter:data2\" content=\"1 minute\" \/>\n<script type=\"application\/ld+json\" class=\"yoast-schema-graph\">{\"@context\":\"https:\/\/schema.org\",\"@graph\":[{\"@type\":\"Article\",\"@id\":\"https:\/\/gijonbasket.com\/2025\/03\/15\/laura-martinez-adios-a-la-temporada-para-el-aceites-abril-adba-sanfer-art-chivo\/#article\",\"isPartOf\":{\"@id\":\"https:\/\/gijonbasket.com\/2025\/03\/15\/laura-martinez-adios-a-la-temporada-para-el-aceites-abril-adba-sanfer-art-chivo\/\"},\"author\":{\"name\":\"Cesar Morales\",\"@id\":\"https:\/\/gijonbasket.com\/#\/schema\/person\/91af9ff03e8eab582ccc344b715907c0\"},\"headline\":\"Laura Mart\u00ednez adi\u00f3s a la temporada para el Aceites Abril ADBA-Sanfer Art-Chivo\",\"datePublished\":\"2025-03-15T14:30:18+00:00\",\"dateModified\":\"2025-03-15T14:30:31+00:00\",\"mainEntityOfPage\":{\"@id\":\"https:\/\/gijonbasket.com\/2025\/03\/15\/laura-martinez-adios-a-la-temporada-para-el-aceites-abril-adba-sanfer-art-chivo\/\"},\"wordCount\":187,\"commentCount\":0,\"publisher\":{\"@id\":\"https:\/\/gijonbasket.com\/#organization\"},\"articleSection\":[\"noticias\"],\"inLanguage\":\"en-US\",\"potentialAction\":[{\"@type\":\"CommentAction\",\"name\":\"Comment\",\"target\":[\"https:\/\/gijonbasket.com\/2025\/03\/15\/laura-martinez-adios-a-la-temporada-para-el-aceites-abril-adba-sanfer-art-chivo\/#respond\"]}]},{\"@type\":\"WebPage\",\"@id\":\"https:\/\/gijonbasket.com\/2025\/03\/15\/laura-martinez-adios-a-la-temporada-para-el-aceites-abril-adba-sanfer-art-chivo\/\",\"url\":\"https:\/\/gijonbasket.com\/2025\/03\/15\/laura-martinez-adios-a-la-temporada-para-el-aceites-abril-adba-sanfer-art-chivo\/\",\"name\":\"Laura Mart\u00ednez adi\u00f3s a la temporada para el Aceites Abril ADBA-Sanfer Art-Chivo - gijonbasket\",\"isPartOf\":{\"@id\":\"https:\/\/gijonbasket.com\/#website\"},\"datePublished\":\"2025-03-15T14:30:18+00:00\",\"dateModified\":\"2025-03-15T14:30:31+00:00\",\"breadcrumb\":{\"@id\":\"https:\/\/gijonbasket.com\/2025\/03\/15\/laura-martinez-adios-a-la-temporada-para-el-aceites-abril-adba-sanfer-art-chivo\/#breadcrumb\"},\"inLanguage\":\"en-US\",\"potentialAction\":[{\"@type\":\"ReadAction\",\"target\":[\"https:\/\/gijonbasket.com\/2025\/03\/15\/laura-martinez-adios-a-la-temporada-para-el-aceites-abril-adba-sanfer-art-chivo\/\"]}]},{\"@type\":\"BreadcrumbList\",\"@id\":\"https:\/\/gijonbasket.com\/2025\/03\/15\/laura-martinez-adios-a-la-temporada-para-el-aceites-abril-adba-sanfer-art-chivo\/#breadcrumb\",\"itemListElement\":[{\"@type\":\"ListItem\",\"position\":1,\"name\":\"Portada\",\"item\":\"https:\/\/gijonbasket.com\/\"},{\"@type\":\"ListItem\",\"position\":2,\"name\":\"Laura Mart\u00ednez adi\u00f3s a la temporada para el Aceites Abril ADBA-Sanfer Art-Chivo\"}]},{\"@type\":\"WebSite\",\"@id\":\"https:\/\/gijonbasket.com\/#website\",\"url\":\"https:\/\/gijonbasket.com\/\",\"name\":\"gijonbasket\",\"description\":\"\",\"publisher\":{\"@id\":\"https:\/\/gijonbasket.com\/#organization\"},\"potentialAction\":[{\"@type\":\"SearchAction\",\"target\":{\"@type\":\"EntryPoint\",\"urlTemplate\":\"https:\/\/gijonbasket.com\/?s={search_term_string}\"},\"query-input\":{\"@type\":\"PropertyValueSpecification\",\"valueRequired\":true,\"valueName\":\"search_term_string\"}}],\"inLanguage\":\"en-US\"},{\"@type\":\"Organization\",\"@id\":\"https:\/\/gijonbasket.com\/#organization\",\"name\":\"gijonbasket\",\"url\":\"https:\/\/gijonbasket.com\/\",\"logo\":{\"@type\":\"ImageObject\",\"inLanguage\":\"en-US\",\"@id\":\"https:\/\/gijonbasket.com\/#\/schema\/logo\/image\/\",\"url\":\"https:\/\/gijonbasket.com\/wp-content\/uploads\/2023\/03\/LogoGijonBasket2.jpg\",\"contentUrl\":\"https:\/\/gijonbasket.com\/wp-content\/uploads\/2023\/03\/LogoGijonBasket2.jpg\",\"width\":2000,\"height\":550,\"caption\":\"gijonbasket\"},\"image\":{\"@id\":\"https:\/\/gijonbasket.com\/#\/schema\/logo\/image\/\"}},{\"@type\":\"Person\",\"@id\":\"https:\/\/gijonbasket.com\/#\/schema\/person\/91af9ff03e8eab582ccc344b715907c0\",\"name\":\"Cesar Morales\",\"image\":{\"@type\":\"ImageObject\",\"inLanguage\":\"en-US\",\"@id\":\"https:\/\/gijonbasket.com\/#\/schema\/person\/image\/\",\"url\":\"https:\/\/secure.gravatar.com\/avatar\/ab9ddf1e87f7580cae3deefb05a58c5cf4f0c7f96f033fd7dacc23f0e8d149ca?s=96&d=mm&r=g\",\"contentUrl\":\"https:\/\/secure.gravatar.com\/avatar\/ab9ddf1e87f7580cae3deefb05a58c5cf4f0c7f96f033fd7dacc23f0e8d149ca?s=96&d=mm&r=g\",\"caption\":\"Cesar Morales\"},\"url\":\"https:\/\/gijonbasket.com\/en\/author\/cesar\/\"}]}<\/script>\n<!-- \/ Yoast SEO plugin. -->","yoast_head_json":{"title":"Laura Mart\u00ednez adi\u00f3s a la temporada para el Aceites Abril ADBA-Sanfer Art-Chivo - gijonbasket","robots":{"index":"index","follow":"follow","max-snippet":"max-snippet:-1","max-image-preview":"max-image-preview:large","max-video-preview":"max-video-preview:-1"},"canonical":"https:\/\/gijonbasket.com\/en\/2025\/03\/15\/laura-martinez-adios-a-la-temporada-para-el-aceites-abril-adba-sanfer-art-chivo\/","og_locale":"en_US","og_type":"article","og_title":"Laura Mart\u00ednez adi\u00f3s a la temporada para el Aceites Abril ADBA-Sanfer Art-Chivo - gijonbasket","og_description":"Nuevo duro golpe para el Aceites Abril ADBA-Sanfer Art-Chivo, que pierde por lo que resta de temporada a Laura Mart\u00ednez, tras sufrir la rotura del ligamento cruzado de su rodilla izquierda en el partido de la \u00faltima jornada en la cancha del Romakuruma U.E. Matar\u00f3. Laura Mart\u00ednez, escolta de 23 a\u00f1os y 1.75 m. Su&hellip;&nbsp;Read More &raquo;Laura Mart\u00ednez adi\u00f3s a la temporada para el Aceites Abril ADBA-Sanfer Art-Chivo","og_url":"https:\/\/gijonbasket.com\/en\/2025\/03\/15\/laura-martinez-adios-a-la-temporada-para-el-aceites-abril-adba-sanfer-art-chivo\/","og_site_name":"gijonbasket","article_published_time":"2025-03-15T14:30:18+00:00","article_modified_time":"2025-03-15T14:30:31+00:00","author":"Cesar Morales","twitter_card":"summary_large_image","twitter_misc":{"Written by":"Cesar Morales","Est. reading time":"1 minute"},"schema":{"@context":"https:\/\/schema.org","@graph":[{"@type":"Article","@id":"https:\/\/gijonbasket.com\/2025\/03\/15\/laura-martinez-adios-a-la-temporada-para-el-aceites-abril-adba-sanfer-art-chivo\/#article","isPartOf":{"@id":"https:\/\/gijonbasket.com\/2025\/03\/15\/laura-martinez-adios-a-la-temporada-para-el-aceites-abril-adba-sanfer-art-chivo\/"},"author":{"name":"Cesar Morales","@id":"https:\/\/gijonbasket.com\/#\/schema\/person\/91af9ff03e8eab582ccc344b715907c0"},"headline":"Laura Mart\u00ednez adi\u00f3s a la temporada para el Aceites Abril ADBA-Sanfer Art-Chivo","datePublished":"2025-03-15T14:30:18+00:00","dateModified":"2025-03-15T14:30:31+00:00","mainEntityOfPage":{"@id":"https:\/\/gijonbasket.com\/2025\/03\/15\/laura-martinez-adios-a-la-temporada-para-el-aceites-abril-adba-sanfer-art-chivo\/"},"wordCount":187,"commentCount":0,"publisher":{"@id":"https:\/\/gijonbasket.com\/#organization"},"articleSection":["noticias"],"inLanguage":"en-US","potentialAction":[{"@type":"CommentAction","name":"Comment","target":["https:\/\/gijonbasket.com\/2025\/03\/15\/laura-martinez-adios-a-la-temporada-para-el-aceites-abril-adba-sanfer-art-chivo\/#respond"]}]},{"@type":"WebPage","@id":"https:\/\/gijonbasket.com\/2025\/03\/15\/laura-martinez-adios-a-la-temporada-para-el-aceites-abril-adba-sanfer-art-chivo\/","url":"https:\/\/gijonbasket.com\/2025\/03\/15\/laura-martinez-adios-a-la-temporada-para-el-aceites-abril-adba-sanfer-art-chivo\/","name":"Laura Mart\u00ednez adi\u00f3s a la temporada para el Aceites Abril ADBA-Sanfer Art-Chivo - gijonbasket","isPartOf":{"@id":"https:\/\/gijonbasket.com\/#website"},"datePublished":"2025-03-15T14:30:18+00:00","dateModified":"2025-03-15T14:30:31+00:00","breadcrumb":{"@id":"https:\/\/gijonbasket.com\/2025\/03\/15\/laura-martinez-adios-a-la-temporada-para-el-aceites-abril-adba-sanfer-art-chivo\/#breadcrumb"},"inLanguage":"en-US","potentialAction":[{"@type":"ReadAction","target":["https:\/\/gijonbasket.com\/2025\/03\/15\/laura-martinez-adios-a-la-temporada-para-el-aceites-abril-adba-sanfer-art-chivo\/"]}]},{"@type":"BreadcrumbList","@id":"https:\/\/gijonbasket.com\/2025\/03\/15\/laura-martinez-adios-a-la-temporada-para-el-aceites-abril-adba-sanfer-art-chivo\/#breadcrumb","itemListElement":[{"@type":"ListItem","position":1,"name":"Portada","item":"https:\/\/gijonbasket.com\/"},{"@type":"ListItem","position":2,"name":"Laura Mart\u00ednez adi\u00f3s a la temporada para el Aceites Abril ADBA-Sanfer Art-Chivo"}]},{"@type":"WebSite","@id":"https:\/\/gijonbasket.com\/#website","url":"https:\/\/gijonbasket.com\/","name":"gijonbasket","description":"","publisher":{"@id":"https:\/\/gijonbasket.com\/#organization"},"potentialAction":[{"@type":"SearchAction","target":{"@type":"EntryPoint","urlTemplate":"https:\/\/gijonbasket.com\/?s={search_term_string}"},"query-input":{"@type":"PropertyValueSpecification","valueRequired":true,"valueName":"search_term_string"}}],"inLanguage":"en-US"},{"@type":"Organization","@id":"https:\/\/gijonbasket.com\/#organization","name":"gijonbasket","url":"https:\/\/gijonbasket.com\/","logo":{"@type":"ImageObject","inLanguage":"en-US","@id":"https:\/\/gijonbasket.com\/#\/schema\/logo\/image\/","url":"https:\/\/gijonbasket.com\/wp-content\/uploads\/2023\/03\/LogoGijonBasket2.jpg","contentUrl":"https:\/\/gijonbasket.com\/wp-content\/uploads\/2023\/03\/LogoGijonBasket2.jpg","width":2000,"height":550,"caption":"gijonbasket"},"image":{"@id":"https:\/\/gijonbasket.com\/#\/schema\/logo\/image\/"}},{"@type":"Person","@id":"https:\/\/gijonbasket.com\/#\/schema\/person\/91af9ff03e8eab582ccc344b715907c0","name":"Cesar Morales","image":{"@type":"ImageObject","inLanguage":"en-US","@id":"https:\/\/gijonbasket.com\/#\/schema\/person\/image\/","url":"https:\/\/secure.gravatar.com\/avatar\/ab9ddf1e87f7580cae3deefb05a58c5cf4f0c7f96f033fd7dacc23f0e8d149ca?s=96&d=mm&r=g","contentUrl":"https:\/\/secure.gravatar.com\/avatar\/ab9ddf1e87f7580cae3deefb05a58c5cf4f0c7f96f033fd7dacc23f0e8d149ca?s=96&d=mm&r=g","caption":"Cesar Morales"},"url":"https:\/\/gijonbasket.com\/en\/author\/cesar\/"}]}},"_links":{"self":[{"href":"https:\/\/gijonbasket.com\/en\/wp-json\/wp\/v2\/posts\/6547","targetHints":{"allow":["GET"]}}],"collection":[{"href":"https:\/\/gijonbasket.com\/en\/wp-json\/wp\/v2\/posts"}],"about":[{"href":"https:\/\/gijonbasket.com\/en\/wp-json\/wp\/v2\/types\/post"}],"author":[{"embeddable":true,"href":"https:\/\/gijonbasket.com\/en\/wp-json\/wp\/v2\/users\/2"}],"replies":[{"embeddable":true,"href":"https:\/\/gijonbasket.com\/en\/wp-json\/wp\/v2\/comments?post=6547"}],"version-history":[{"count":1,"href":"https:\/\/gijonbasket.com\/en\/wp-json\/wp\/v2\/posts\/6547\/revisions"}],"predecessor-version":[{"id":6548,"href":"https:\/\/gijonbasket.com\/en\/wp-json\/wp\/v2\/posts\/6547\/revisions\/6548"}],"wp:attachment":[{"href":"https:\/\/gijonbasket.com\/en\/wp-json\/wp\/v2\/media?parent=6547"}],"wp:term":[{"taxonomy":"category","embeddable":true,"href":"https:\/\/gijonbasket.com\/en\/wp-json\/wp\/v2\/categories?post=6547"},{"taxonomy":"post_tag","embeddable":true,"href":"https:\/\/gijonbasket.com\/en\/wp-json\/wp\/v2\/tags?post=6547"}],"curies":[{"name":"wp","href":"https:\/\/api.w.org\/{rel}","templated":true}]}}