{"id":6566,"date":"2025-03-18T10:00:27","date_gmt":"2025-03-18T09:00:27","guid":{"rendered":"https:\/\/gijonbasket.com\/?p=6566"},"modified":"2025-03-18T10:00:29","modified_gmt":"2025-03-18T09:00:29","slug":"terremoto-en-el-movistar-estudiantes-con-la-destitucion-de-pedro-rivero","status":"publish","type":"post","link":"https:\/\/gijonbasket.com\/en\/2025\/03\/18\/terremoto-en-el-movistar-estudiantes-con-la-destitucion-de-pedro-rivero\/","title":{"rendered":"Terremoto en el Movistar Estudiantes con la destituci\u00f3n de Pedro Rivero"},"content":{"rendered":"<p>El Movistar Estudiantes anunci\u00f3 ayer la destituci\u00f3n de su t\u00e9cnico Pedro Rivero con el conjunto estudiantil.<\/p>\n\n\n\n<p>El Movistar Estudiantes est\u00e1 segundo en Primera FEB con un balance de 22 victorias &#8211; 3 derrotas, a una victoria del l\u00edder Silb\u00f6 San Pablo Burgos y acumulando una racha de siete victorias consecutivas.<\/p>\n\n\n\n<p>Pedro Rivero estaba cumpliendo su segunda temporada al frente del Movistar Estudiantes. El t\u00e9cnico segoviano en su primera temporada al frente del Movistar Estudiantes 2023\/2024, sufri\u00f3 el duro golpe de no lograr el ascenso a Liga Endesa, materializado en la pesadilla de la derrota ante ICG For\u00e7a Lleida en la final de la Final Four de Ascenso a Liga Endesa disputada en el Madrid Arena.<\/p>\n\n\n\n<p>La trayectoria de Pedro Rivero como t\u00e9cnico, al margen su etapa con el Movistar Estudiantes, est\u00e1 marcada por los \u00e9xitos logrados con HLA Alicante y Zunder Palencia.<\/p>\n\n\n\n<p>HLA Alicante fue su primera experiencia como t\u00e9cnico, temporada 2018\/2019, logrando el hist\u00f3rico \u00e9xito del ascenso a LEB Oro. Campe\u00f3n del Play-Off de Ascenso m\u00e1s el t\u00edtulo de la Copa LEB Plata. Su paso por HLA Alicante se prolong\u00f3 durante dos temporadas m\u00e1s (2019\/2020; 2020\/2021) clasificando al equipo para los Play-Offs de Ascenso a Liga Endesa.<\/p>\n\n\n\n<p>El Zunder Palencia, fue su segundo equipo como t\u00e9cnico en la temporada 2022\/2023, logrando el t\u00edtulo de la Copa Princesa de Asturias m\u00e1s el hist\u00f3rico ascenso a Liga Endesa al conquistar la Final Four de Ascenso a Liga Endesa.<\/p>\n\n\n\n<p>Natxo Lezkano que esta temporada dirigi\u00f3 al MoraBanc Andorra, hasta su destituci\u00f3n a finales del pasado mes de enero, se posiciona como principal candidato al banquillo colegial.<\/p>","protected":false},"excerpt":{"rendered":"<p>El Movistar Estudiantes anunci\u00f3 ayer la destituci\u00f3n de su t\u00e9cnico Pedro Rivero con el conjunto estudiantil. El Movistar Estudiantes est\u00e1 segundo en Primera FEB con un balance de 22 victorias &#8211; 3 derrotas, a una victoria del l\u00edder Silb\u00f6 San Pablo Burgos y acumulando una racha de siete victorias consecutivas. Pedro Rivero estaba cumpliendo su&hellip;&nbsp;<a href=\"https:\/\/gijonbasket.com\/en\/2025\/03\/18\/terremoto-en-el-movistar-estudiantes-con-la-destitucion-de-pedro-rivero\/\" class=\"\" rel=\"bookmark\">Read More &raquo;<span class=\"screen-reader-text\">Terremoto en el Movistar Estudiantes con la destituci\u00f3n de Pedro Rivero<\/span><\/a><\/p>","protected":false},"author":2,"featured_media":0,"comment_status":"open","ping_status":"open","sticky":false,"template":"","format":"standard","meta":{"neve_meta_sidebar":"","neve_meta_container":"","neve_meta_enable_content_width":"","neve_meta_content_width":0,"neve_meta_title_alignment":"","neve_meta_author_avatar":"","neve_post_elements_order":"","neve_meta_disable_header":"","neve_meta_disable_footer":"","neve_meta_disable_title":"","footnotes":""},"categories":[4],"tags":[],"class_list":["post-6566","post","type-post","status-publish","format-standard","hentry","category-noticias"],"yoast_head":"<!-- This site is optimized with the Yoast SEO plugin v23.4 - https:\/\/yoast.com\/wordpress\/plugins\/seo\/ -->\n<title>Terremoto en el Movistar Estudiantes con la destituci\u00f3n de Pedro Rivero - gijonbasket<\/title>\n<meta name=\"robots\" content=\"index, follow, max-snippet:-1, max-image-preview:large, max-video-preview:-1\" \/>\n<link rel=\"canonical\" href=\"https:\/\/gijonbasket.com\/en\/2025\/03\/18\/terremoto-en-el-movistar-estudiantes-con-la-destitucion-de-pedro-rivero\/\" \/>\n<meta property=\"og:locale\" content=\"en_US\" \/>\n<meta property=\"og:type\" content=\"article\" \/>\n<meta property=\"og:title\" content=\"Terremoto en el Movistar Estudiantes con la destituci\u00f3n de Pedro Rivero - gijonbasket\" \/>\n<meta property=\"og:description\" content=\"El Movistar Estudiantes anunci\u00f3 ayer la destituci\u00f3n de su t\u00e9cnico Pedro Rivero con el conjunto estudiantil. El Movistar Estudiantes est\u00e1 segundo en Primera FEB con un balance de 22 victorias &#8211; 3 derrotas, a una victoria del l\u00edder Silb\u00f6 San Pablo Burgos y acumulando una racha de siete victorias consecutivas. Pedro Rivero estaba cumpliendo su&hellip;&nbsp;Read More &raquo;Terremoto en el Movistar Estudiantes con la destituci\u00f3n de Pedro Rivero\" \/>\n<meta property=\"og:url\" content=\"https:\/\/gijonbasket.com\/en\/2025\/03\/18\/terremoto-en-el-movistar-estudiantes-con-la-destitucion-de-pedro-rivero\/\" \/>\n<meta property=\"og:site_name\" content=\"gijonbasket\" \/>\n<meta property=\"article:published_time\" content=\"2025-03-18T09:00:27+00:00\" \/>\n<meta property=\"article:modified_time\" content=\"2025-03-18T09:00:29+00:00\" \/>\n<meta name=\"author\" content=\"Cesar Morales\" \/>\n<meta name=\"twitter:card\" content=\"summary_large_image\" \/>\n<meta name=\"twitter:label1\" content=\"Written by\" \/>\n\t<meta name=\"twitter:data1\" content=\"Cesar Morales\" \/>\n\t<meta name=\"twitter:label2\" content=\"Est. reading time\" \/>\n\t<meta name=\"twitter:data2\" content=\"2 minutes\" \/>\n<script type=\"application\/ld+json\" class=\"yoast-schema-graph\">{\"@context\":\"https:\/\/schema.org\",\"@graph\":[{\"@type\":\"Article\",\"@id\":\"https:\/\/gijonbasket.com\/2025\/03\/18\/terremoto-en-el-movistar-estudiantes-con-la-destitucion-de-pedro-rivero\/#article\",\"isPartOf\":{\"@id\":\"https:\/\/gijonbasket.com\/2025\/03\/18\/terremoto-en-el-movistar-estudiantes-con-la-destitucion-de-pedro-rivero\/\"},\"author\":{\"name\":\"Cesar Morales\",\"@id\":\"https:\/\/gijonbasket.com\/#\/schema\/person\/91af9ff03e8eab582ccc344b715907c0\"},\"headline\":\"Terremoto en el Movistar Estudiantes con la destituci\u00f3n de Pedro Rivero\",\"datePublished\":\"2025-03-18T09:00:27+00:00\",\"dateModified\":\"2025-03-18T09:00:29+00:00\",\"mainEntityOfPage\":{\"@id\":\"https:\/\/gijonbasket.com\/2025\/03\/18\/terremoto-en-el-movistar-estudiantes-con-la-destitucion-de-pedro-rivero\/\"},\"wordCount\":286,\"commentCount\":0,\"publisher\":{\"@id\":\"https:\/\/gijonbasket.com\/#organization\"},\"articleSection\":[\"noticias\"],\"inLanguage\":\"en-US\",\"potentialAction\":[{\"@type\":\"CommentAction\",\"name\":\"Comment\",\"target\":[\"https:\/\/gijonbasket.com\/2025\/03\/18\/terremoto-en-el-movistar-estudiantes-con-la-destitucion-de-pedro-rivero\/#respond\"]}]},{\"@type\":\"WebPage\",\"@id\":\"https:\/\/gijonbasket.com\/2025\/03\/18\/terremoto-en-el-movistar-estudiantes-con-la-destitucion-de-pedro-rivero\/\",\"url\":\"https:\/\/gijonbasket.com\/2025\/03\/18\/terremoto-en-el-movistar-estudiantes-con-la-destitucion-de-pedro-rivero\/\",\"name\":\"Terremoto en el Movistar Estudiantes con la destituci\u00f3n de Pedro Rivero - gijonbasket\",\"isPartOf\":{\"@id\":\"https:\/\/gijonbasket.com\/#website\"},\"datePublished\":\"2025-03-18T09:00:27+00:00\",\"dateModified\":\"2025-03-18T09:00:29+00:00\",\"breadcrumb\":{\"@id\":\"https:\/\/gijonbasket.com\/2025\/03\/18\/terremoto-en-el-movistar-estudiantes-con-la-destitucion-de-pedro-rivero\/#breadcrumb\"},\"inLanguage\":\"en-US\",\"potentialAction\":[{\"@type\":\"ReadAction\",\"target\":[\"https:\/\/gijonbasket.com\/2025\/03\/18\/terremoto-en-el-movistar-estudiantes-con-la-destitucion-de-pedro-rivero\/\"]}]},{\"@type\":\"BreadcrumbList\",\"@id\":\"https:\/\/gijonbasket.com\/2025\/03\/18\/terremoto-en-el-movistar-estudiantes-con-la-destitucion-de-pedro-rivero\/#breadcrumb\",\"itemListElement\":[{\"@type\":\"ListItem\",\"position\":1,\"name\":\"Portada\",\"item\":\"https:\/\/gijonbasket.com\/\"},{\"@type\":\"ListItem\",\"position\":2,\"name\":\"Terremoto en el Movistar Estudiantes con la destituci\u00f3n de Pedro Rivero\"}]},{\"@type\":\"WebSite\",\"@id\":\"https:\/\/gijonbasket.com\/#website\",\"url\":\"https:\/\/gijonbasket.com\/\",\"name\":\"gijonbasket\",\"description\":\"\",\"publisher\":{\"@id\":\"https:\/\/gijonbasket.com\/#organization\"},\"potentialAction\":[{\"@type\":\"SearchAction\",\"target\":{\"@type\":\"EntryPoint\",\"urlTemplate\":\"https:\/\/gijonbasket.com\/?s={search_term_string}\"},\"query-input\":{\"@type\":\"PropertyValueSpecification\",\"valueRequired\":true,\"valueName\":\"search_term_string\"}}],\"inLanguage\":\"en-US\"},{\"@type\":\"Organization\",\"@id\":\"https:\/\/gijonbasket.com\/#organization\",\"name\":\"gijonbasket\",\"url\":\"https:\/\/gijonbasket.com\/\",\"logo\":{\"@type\":\"ImageObject\",\"inLanguage\":\"en-US\",\"@id\":\"https:\/\/gijonbasket.com\/#\/schema\/logo\/image\/\",\"url\":\"https:\/\/gijonbasket.com\/wp-content\/uploads\/2023\/03\/LogoGijonBasket2.jpg\",\"contentUrl\":\"https:\/\/gijonbasket.com\/wp-content\/uploads\/2023\/03\/LogoGijonBasket2.jpg\",\"width\":2000,\"height\":550,\"caption\":\"gijonbasket\"},\"image\":{\"@id\":\"https:\/\/gijonbasket.com\/#\/schema\/logo\/image\/\"}},{\"@type\":\"Person\",\"@id\":\"https:\/\/gijonbasket.com\/#\/schema\/person\/91af9ff03e8eab582ccc344b715907c0\",\"name\":\"Cesar Morales\",\"image\":{\"@type\":\"ImageObject\",\"inLanguage\":\"en-US\",\"@id\":\"https:\/\/gijonbasket.com\/#\/schema\/person\/image\/\",\"url\":\"https:\/\/secure.gravatar.com\/avatar\/ab9ddf1e87f7580cae3deefb05a58c5cf4f0c7f96f033fd7dacc23f0e8d149ca?s=96&d=mm&r=g\",\"contentUrl\":\"https:\/\/secure.gravatar.com\/avatar\/ab9ddf1e87f7580cae3deefb05a58c5cf4f0c7f96f033fd7dacc23f0e8d149ca?s=96&d=mm&r=g\",\"caption\":\"Cesar Morales\"},\"url\":\"https:\/\/gijonbasket.com\/en\/author\/cesar\/\"}]}<\/script>\n<!-- \/ Yoast SEO plugin. -->","yoast_head_json":{"title":"Terremoto en el Movistar Estudiantes con la destituci\u00f3n de Pedro Rivero - gijonbasket","robots":{"index":"index","follow":"follow","max-snippet":"max-snippet:-1","max-image-preview":"max-image-preview:large","max-video-preview":"max-video-preview:-1"},"canonical":"https:\/\/gijonbasket.com\/en\/2025\/03\/18\/terremoto-en-el-movistar-estudiantes-con-la-destitucion-de-pedro-rivero\/","og_locale":"en_US","og_type":"article","og_title":"Terremoto en el Movistar Estudiantes con la destituci\u00f3n de Pedro Rivero - gijonbasket","og_description":"El Movistar Estudiantes anunci\u00f3 ayer la destituci\u00f3n de su t\u00e9cnico Pedro Rivero con el conjunto estudiantil. El Movistar Estudiantes est\u00e1 segundo en Primera FEB con un balance de 22 victorias &#8211; 3 derrotas, a una victoria del l\u00edder Silb\u00f6 San Pablo Burgos y acumulando una racha de siete victorias consecutivas. Pedro Rivero estaba cumpliendo su&hellip;&nbsp;Read More &raquo;Terremoto en el Movistar Estudiantes con la destituci\u00f3n de Pedro Rivero","og_url":"https:\/\/gijonbasket.com\/en\/2025\/03\/18\/terremoto-en-el-movistar-estudiantes-con-la-destitucion-de-pedro-rivero\/","og_site_name":"gijonbasket","article_published_time":"2025-03-18T09:00:27+00:00","article_modified_time":"2025-03-18T09:00:29+00:00","author":"Cesar Morales","twitter_card":"summary_large_image","twitter_misc":{"Written by":"Cesar Morales","Est. reading time":"2 minutes"},"schema":{"@context":"https:\/\/schema.org","@graph":[{"@type":"Article","@id":"https:\/\/gijonbasket.com\/2025\/03\/18\/terremoto-en-el-movistar-estudiantes-con-la-destitucion-de-pedro-rivero\/#article","isPartOf":{"@id":"https:\/\/gijonbasket.com\/2025\/03\/18\/terremoto-en-el-movistar-estudiantes-con-la-destitucion-de-pedro-rivero\/"},"author":{"name":"Cesar Morales","@id":"https:\/\/gijonbasket.com\/#\/schema\/person\/91af9ff03e8eab582ccc344b715907c0"},"headline":"Terremoto en el Movistar Estudiantes con la destituci\u00f3n de Pedro Rivero","datePublished":"2025-03-18T09:00:27+00:00","dateModified":"2025-03-18T09:00:29+00:00","mainEntityOfPage":{"@id":"https:\/\/gijonbasket.com\/2025\/03\/18\/terremoto-en-el-movistar-estudiantes-con-la-destitucion-de-pedro-rivero\/"},"wordCount":286,"commentCount":0,"publisher":{"@id":"https:\/\/gijonbasket.com\/#organization"},"articleSection":["noticias"],"inLanguage":"en-US","potentialAction":[{"@type":"CommentAction","name":"Comment","target":["https:\/\/gijonbasket.com\/2025\/03\/18\/terremoto-en-el-movistar-estudiantes-con-la-destitucion-de-pedro-rivero\/#respond"]}]},{"@type":"WebPage","@id":"https:\/\/gijonbasket.com\/2025\/03\/18\/terremoto-en-el-movistar-estudiantes-con-la-destitucion-de-pedro-rivero\/","url":"https:\/\/gijonbasket.com\/2025\/03\/18\/terremoto-en-el-movistar-estudiantes-con-la-destitucion-de-pedro-rivero\/","name":"Terremoto en el Movistar Estudiantes con la destituci\u00f3n de Pedro Rivero - gijonbasket","isPartOf":{"@id":"https:\/\/gijonbasket.com\/#website"},"datePublished":"2025-03-18T09:00:27+00:00","dateModified":"2025-03-18T09:00:29+00:00","breadcrumb":{"@id":"https:\/\/gijonbasket.com\/2025\/03\/18\/terremoto-en-el-movistar-estudiantes-con-la-destitucion-de-pedro-rivero\/#breadcrumb"},"inLanguage":"en-US","potentialAction":[{"@type":"ReadAction","target":["https:\/\/gijonbasket.com\/2025\/03\/18\/terremoto-en-el-movistar-estudiantes-con-la-destitucion-de-pedro-rivero\/"]}]},{"@type":"BreadcrumbList","@id":"https:\/\/gijonbasket.com\/2025\/03\/18\/terremoto-en-el-movistar-estudiantes-con-la-destitucion-de-pedro-rivero\/#breadcrumb","itemListElement":[{"@type":"ListItem","position":1,"name":"Portada","item":"https:\/\/gijonbasket.com\/"},{"@type":"ListItem","position":2,"name":"Terremoto en el Movistar Estudiantes con la destituci\u00f3n de Pedro Rivero"}]},{"@type":"WebSite","@id":"https:\/\/gijonbasket.com\/#website","url":"https:\/\/gijonbasket.com\/","name":"gijonbasket","description":"","publisher":{"@id":"https:\/\/gijonbasket.com\/#organization"},"potentialAction":[{"@type":"SearchAction","target":{"@type":"EntryPoint","urlTemplate":"https:\/\/gijonbasket.com\/?s={search_term_string}"},"query-input":{"@type":"PropertyValueSpecification","valueRequired":true,"valueName":"search_term_string"}}],"inLanguage":"en-US"},{"@type":"Organization","@id":"https:\/\/gijonbasket.com\/#organization","name":"gijonbasket","url":"https:\/\/gijonbasket.com\/","logo":{"@type":"ImageObject","inLanguage":"en-US","@id":"https:\/\/gijonbasket.com\/#\/schema\/logo\/image\/","url":"https:\/\/gijonbasket.com\/wp-content\/uploads\/2023\/03\/LogoGijonBasket2.jpg","contentUrl":"https:\/\/gijonbasket.com\/wp-content\/uploads\/2023\/03\/LogoGijonBasket2.jpg","width":2000,"height":550,"caption":"gijonbasket"},"image":{"@id":"https:\/\/gijonbasket.com\/#\/schema\/logo\/image\/"}},{"@type":"Person","@id":"https:\/\/gijonbasket.com\/#\/schema\/person\/91af9ff03e8eab582ccc344b715907c0","name":"Cesar Morales","image":{"@type":"ImageObject","inLanguage":"en-US","@id":"https:\/\/gijonbasket.com\/#\/schema\/person\/image\/","url":"https:\/\/secure.gravatar.com\/avatar\/ab9ddf1e87f7580cae3deefb05a58c5cf4f0c7f96f033fd7dacc23f0e8d149ca?s=96&d=mm&r=g","contentUrl":"https:\/\/secure.gravatar.com\/avatar\/ab9ddf1e87f7580cae3deefb05a58c5cf4f0c7f96f033fd7dacc23f0e8d149ca?s=96&d=mm&r=g","caption":"Cesar Morales"},"url":"https:\/\/gijonbasket.com\/en\/author\/cesar\/"}]}},"_links":{"self":[{"href":"https:\/\/gijonbasket.com\/en\/wp-json\/wp\/v2\/posts\/6566","targetHints":{"allow":["GET"]}}],"collection":[{"href":"https:\/\/gijonbasket.com\/en\/wp-json\/wp\/v2\/posts"}],"about":[{"href":"https:\/\/gijonbasket.com\/en\/wp-json\/wp\/v2\/types\/post"}],"author":[{"embeddable":true,"href":"https:\/\/gijonbasket.com\/en\/wp-json\/wp\/v2\/users\/2"}],"replies":[{"embeddable":true,"href":"https:\/\/gijonbasket.com\/en\/wp-json\/wp\/v2\/comments?post=6566"}],"version-history":[{"count":1,"href":"https:\/\/gijonbasket.com\/en\/wp-json\/wp\/v2\/posts\/6566\/revisions"}],"predecessor-version":[{"id":6567,"href":"https:\/\/gijonbasket.com\/en\/wp-json\/wp\/v2\/posts\/6566\/revisions\/6567"}],"wp:attachment":[{"href":"https:\/\/gijonbasket.com\/en\/wp-json\/wp\/v2\/media?parent=6566"}],"wp:term":[{"taxonomy":"category","embeddable":true,"href":"https:\/\/gijonbasket.com\/en\/wp-json\/wp\/v2\/categories?post=6566"},{"taxonomy":"post_tag","embeddable":true,"href":"https:\/\/gijonbasket.com\/en\/wp-json\/wp\/v2\/tags?post=6566"}],"curies":[{"name":"wp","href":"https:\/\/api.w.org\/{rel}","templated":true}]}}