{"id":6570,"date":"2025-03-18T16:42:12","date_gmt":"2025-03-18T15:42:12","guid":{"rendered":"https:\/\/gijonbasket.com\/?p=6570"},"modified":"2025-03-18T16:42:16","modified_gmt":"2025-03-18T15:42:16","slug":"nikola-rakocevic-de-vuelta-al-caceres-patrimonio-de-la-humanidad","status":"publish","type":"post","link":"https:\/\/gijonbasket.com\/en\/2025\/03\/18\/nikola-rakocevic-de-vuelta-al-caceres-patrimonio-de-la-humanidad\/","title":{"rendered":"Nikola Rakocevic de vuelta al C\u00e1ceres Patrimonio de la Humanidad"},"content":{"rendered":"<p>El C\u00e1ceres Patrimonio de la Humanidad se refuerza con el fichaje de Nikola Rakocevic procedente del Grupo Alega Cantabria.<\/p>\n\n\n\n<p>El regreso de Nikola Rakocevic al C\u00e1ceres Patrimonio de la Humanidad donde milit\u00f3 durante dos etapas. Una primera en la temporada 2013\/2014 en LEB Plata y la segunda sumando cuatro campa\u00f1as en LEB Oro (2016\/2017; 2017\/2018; 2018\/2019; 2019\/2020).<\/p>\n\n\n\n<p>Escolta montenegrino de 34 a\u00f1os y 1.92 m., que esta temporada milit\u00f3 en el Grupo Alega Cantabria, donde promedi\u00f3 7.6 ppp; 2.3 rpp (Primera FEB) y 9.3 ppp; 0.7 rpp (Copa Espa\u00f1a).<\/p>\n\n\n\n<p>Aterriz\u00f3 en Espa\u00f1a en la temporada 2006\/2007 para formar parte de la cantera del Real Madrid. 18\u00aa temporada en Espa\u00f1a para Nikola Rakocevic habiendo militado en categorias inferiores del Real Madrid, Baloncesto Majadahonda, Casademont Zaragoza, Monte Ducay Olivar, Grupo Iru\u00f1a Navarra, Knet, MyWyGo Valladolid, Caf\u00e9s Candelas Breog\u00e1n, C\u00e1ceres Patrimonio de la Humanidad, Melilla Sport Capital, HLA Alicante, Real Betis Baloncesto, Movistar Estudiantes y Grupo Alega Cantabria.<\/p>\n\n\n\n<p>Nikola Rakocevic lleg\u00f3 a debutar en Liga Endesa con el Casademont Zaragoza en la temporada 2010\/2011 aunque s\u00f3lo disputando 2 encuentros en una campa\u00f1a donde jug\u00f3 en el Monte Ducay Olivar (Liga EBA).<\/p>\n\n\n\n<p>18 temporadas en Espa\u00f1a con la excepci\u00f3n de la campa\u00f1a 2020\/2021 donde jug\u00f3 en Eslovaquia con el MBK Banik Handlova.<\/p>\n\n\n\n<p>Nikola Rakocevic en Espa\u00f1a jug\u00f3 en las siguientes categor\u00edas: Liga EBA, LEB Plata, LEB Oro, Primera FEB y Liga Endesa.<\/p>\n\n\n\n<p>El fichaje de Nikola Rakocevic es para cubrir la baja por lesi\u00f3n de Erikas Kalinicenko.<\/p>\n\n\n\n<p><\/p>\n\n\n\n<p><\/p>","protected":false},"excerpt":{"rendered":"<p>El C\u00e1ceres Patrimonio de la Humanidad se refuerza con el fichaje de Nikola Rakocevic procedente del Grupo Alega Cantabria. El regreso de Nikola Rakocevic al C\u00e1ceres Patrimonio de la Humanidad donde milit\u00f3 durante dos etapas. Una primera en la temporada 2013\/2014 en LEB Plata y la segunda sumando cuatro campa\u00f1as en LEB Oro (2016\/2017; 2017\/2018;&hellip;&nbsp;<a href=\"https:\/\/gijonbasket.com\/en\/2025\/03\/18\/nikola-rakocevic-de-vuelta-al-caceres-patrimonio-de-la-humanidad\/\" class=\"\" rel=\"bookmark\">Read More &raquo;<span class=\"screen-reader-text\">Nikola Rakocevic de vuelta al C\u00e1ceres Patrimonio de la Humanidad<\/span><\/a><\/p>","protected":false},"author":2,"featured_media":0,"comment_status":"open","ping_status":"open","sticky":false,"template":"","format":"standard","meta":{"neve_meta_sidebar":"","neve_meta_container":"","neve_meta_enable_content_width":"","neve_meta_content_width":0,"neve_meta_title_alignment":"","neve_meta_author_avatar":"","neve_post_elements_order":"","neve_meta_disable_header":"","neve_meta_disable_footer":"","neve_meta_disable_title":"","footnotes":""},"categories":[4],"tags":[],"class_list":["post-6570","post","type-post","status-publish","format-standard","hentry","category-noticias"],"yoast_head":"<!-- This site is optimized with the Yoast SEO plugin v23.4 - https:\/\/yoast.com\/wordpress\/plugins\/seo\/ -->\n<title>Nikola Rakocevic de vuelta al C\u00e1ceres Patrimonio de la Humanidad - gijonbasket<\/title>\n<meta name=\"robots\" content=\"index, follow, max-snippet:-1, max-image-preview:large, max-video-preview:-1\" \/>\n<link rel=\"canonical\" href=\"https:\/\/gijonbasket.com\/en\/2025\/03\/18\/nikola-rakocevic-de-vuelta-al-caceres-patrimonio-de-la-humanidad\/\" \/>\n<meta property=\"og:locale\" content=\"en_US\" \/>\n<meta property=\"og:type\" content=\"article\" \/>\n<meta property=\"og:title\" content=\"Nikola Rakocevic de vuelta al C\u00e1ceres Patrimonio de la Humanidad - gijonbasket\" \/>\n<meta property=\"og:description\" content=\"El C\u00e1ceres Patrimonio de la Humanidad se refuerza con el fichaje de Nikola Rakocevic procedente del Grupo Alega Cantabria. El regreso de Nikola Rakocevic al C\u00e1ceres Patrimonio de la Humanidad donde milit\u00f3 durante dos etapas. Una primera en la temporada 2013\/2014 en LEB Plata y la segunda sumando cuatro campa\u00f1as en LEB Oro (2016\/2017; 2017\/2018;&hellip;&nbsp;Read More &raquo;Nikola Rakocevic de vuelta al C\u00e1ceres Patrimonio de la Humanidad\" \/>\n<meta property=\"og:url\" content=\"https:\/\/gijonbasket.com\/en\/2025\/03\/18\/nikola-rakocevic-de-vuelta-al-caceres-patrimonio-de-la-humanidad\/\" \/>\n<meta property=\"og:site_name\" content=\"gijonbasket\" \/>\n<meta property=\"article:published_time\" content=\"2025-03-18T15:42:12+00:00\" \/>\n<meta property=\"article:modified_time\" content=\"2025-03-18T15:42:16+00:00\" \/>\n<meta name=\"author\" content=\"Cesar Morales\" \/>\n<meta name=\"twitter:card\" content=\"summary_large_image\" \/>\n<meta name=\"twitter:label1\" content=\"Written by\" \/>\n\t<meta name=\"twitter:data1\" content=\"Cesar Morales\" \/>\n\t<meta name=\"twitter:label2\" content=\"Est. reading time\" \/>\n\t<meta name=\"twitter:data2\" content=\"2 minutes\" \/>\n<script type=\"application\/ld+json\" class=\"yoast-schema-graph\">{\"@context\":\"https:\/\/schema.org\",\"@graph\":[{\"@type\":\"Article\",\"@id\":\"https:\/\/gijonbasket.com\/2025\/03\/18\/nikola-rakocevic-de-vuelta-al-caceres-patrimonio-de-la-humanidad\/#article\",\"isPartOf\":{\"@id\":\"https:\/\/gijonbasket.com\/2025\/03\/18\/nikola-rakocevic-de-vuelta-al-caceres-patrimonio-de-la-humanidad\/\"},\"author\":{\"name\":\"Cesar Morales\",\"@id\":\"https:\/\/gijonbasket.com\/#\/schema\/person\/91af9ff03e8eab582ccc344b715907c0\"},\"headline\":\"Nikola Rakocevic de vuelta al C\u00e1ceres Patrimonio de la Humanidad\",\"datePublished\":\"2025-03-18T15:42:12+00:00\",\"dateModified\":\"2025-03-18T15:42:16+00:00\",\"mainEntityOfPage\":{\"@id\":\"https:\/\/gijonbasket.com\/2025\/03\/18\/nikola-rakocevic-de-vuelta-al-caceres-patrimonio-de-la-humanidad\/\"},\"wordCount\":256,\"commentCount\":0,\"publisher\":{\"@id\":\"https:\/\/gijonbasket.com\/#organization\"},\"articleSection\":[\"noticias\"],\"inLanguage\":\"en-US\",\"potentialAction\":[{\"@type\":\"CommentAction\",\"name\":\"Comment\",\"target\":[\"https:\/\/gijonbasket.com\/2025\/03\/18\/nikola-rakocevic-de-vuelta-al-caceres-patrimonio-de-la-humanidad\/#respond\"]}]},{\"@type\":\"WebPage\",\"@id\":\"https:\/\/gijonbasket.com\/2025\/03\/18\/nikola-rakocevic-de-vuelta-al-caceres-patrimonio-de-la-humanidad\/\",\"url\":\"https:\/\/gijonbasket.com\/2025\/03\/18\/nikola-rakocevic-de-vuelta-al-caceres-patrimonio-de-la-humanidad\/\",\"name\":\"Nikola Rakocevic de vuelta al C\u00e1ceres Patrimonio de la Humanidad - gijonbasket\",\"isPartOf\":{\"@id\":\"https:\/\/gijonbasket.com\/#website\"},\"datePublished\":\"2025-03-18T15:42:12+00:00\",\"dateModified\":\"2025-03-18T15:42:16+00:00\",\"breadcrumb\":{\"@id\":\"https:\/\/gijonbasket.com\/2025\/03\/18\/nikola-rakocevic-de-vuelta-al-caceres-patrimonio-de-la-humanidad\/#breadcrumb\"},\"inLanguage\":\"en-US\",\"potentialAction\":[{\"@type\":\"ReadAction\",\"target\":[\"https:\/\/gijonbasket.com\/2025\/03\/18\/nikola-rakocevic-de-vuelta-al-caceres-patrimonio-de-la-humanidad\/\"]}]},{\"@type\":\"BreadcrumbList\",\"@id\":\"https:\/\/gijonbasket.com\/2025\/03\/18\/nikola-rakocevic-de-vuelta-al-caceres-patrimonio-de-la-humanidad\/#breadcrumb\",\"itemListElement\":[{\"@type\":\"ListItem\",\"position\":1,\"name\":\"Portada\",\"item\":\"https:\/\/gijonbasket.com\/\"},{\"@type\":\"ListItem\",\"position\":2,\"name\":\"Nikola Rakocevic de vuelta al C\u00e1ceres Patrimonio de la Humanidad\"}]},{\"@type\":\"WebSite\",\"@id\":\"https:\/\/gijonbasket.com\/#website\",\"url\":\"https:\/\/gijonbasket.com\/\",\"name\":\"gijonbasket\",\"description\":\"\",\"publisher\":{\"@id\":\"https:\/\/gijonbasket.com\/#organization\"},\"potentialAction\":[{\"@type\":\"SearchAction\",\"target\":{\"@type\":\"EntryPoint\",\"urlTemplate\":\"https:\/\/gijonbasket.com\/?s={search_term_string}\"},\"query-input\":{\"@type\":\"PropertyValueSpecification\",\"valueRequired\":true,\"valueName\":\"search_term_string\"}}],\"inLanguage\":\"en-US\"},{\"@type\":\"Organization\",\"@id\":\"https:\/\/gijonbasket.com\/#organization\",\"name\":\"gijonbasket\",\"url\":\"https:\/\/gijonbasket.com\/\",\"logo\":{\"@type\":\"ImageObject\",\"inLanguage\":\"en-US\",\"@id\":\"https:\/\/gijonbasket.com\/#\/schema\/logo\/image\/\",\"url\":\"https:\/\/gijonbasket.com\/wp-content\/uploads\/2023\/03\/LogoGijonBasket2.jpg\",\"contentUrl\":\"https:\/\/gijonbasket.com\/wp-content\/uploads\/2023\/03\/LogoGijonBasket2.jpg\",\"width\":2000,\"height\":550,\"caption\":\"gijonbasket\"},\"image\":{\"@id\":\"https:\/\/gijonbasket.com\/#\/schema\/logo\/image\/\"}},{\"@type\":\"Person\",\"@id\":\"https:\/\/gijonbasket.com\/#\/schema\/person\/91af9ff03e8eab582ccc344b715907c0\",\"name\":\"Cesar Morales\",\"image\":{\"@type\":\"ImageObject\",\"inLanguage\":\"en-US\",\"@id\":\"https:\/\/gijonbasket.com\/#\/schema\/person\/image\/\",\"url\":\"https:\/\/secure.gravatar.com\/avatar\/ab9ddf1e87f7580cae3deefb05a58c5cf4f0c7f96f033fd7dacc23f0e8d149ca?s=96&d=mm&r=g\",\"contentUrl\":\"https:\/\/secure.gravatar.com\/avatar\/ab9ddf1e87f7580cae3deefb05a58c5cf4f0c7f96f033fd7dacc23f0e8d149ca?s=96&d=mm&r=g\",\"caption\":\"Cesar Morales\"},\"url\":\"https:\/\/gijonbasket.com\/en\/author\/cesar\/\"}]}<\/script>\n<!-- \/ Yoast SEO plugin. -->","yoast_head_json":{"title":"Nikola Rakocevic de vuelta al C\u00e1ceres Patrimonio de la Humanidad - gijonbasket","robots":{"index":"index","follow":"follow","max-snippet":"max-snippet:-1","max-image-preview":"max-image-preview:large","max-video-preview":"max-video-preview:-1"},"canonical":"https:\/\/gijonbasket.com\/en\/2025\/03\/18\/nikola-rakocevic-de-vuelta-al-caceres-patrimonio-de-la-humanidad\/","og_locale":"en_US","og_type":"article","og_title":"Nikola Rakocevic de vuelta al C\u00e1ceres Patrimonio de la Humanidad - gijonbasket","og_description":"El C\u00e1ceres Patrimonio de la Humanidad se refuerza con el fichaje de Nikola Rakocevic procedente del Grupo Alega Cantabria. El regreso de Nikola Rakocevic al C\u00e1ceres Patrimonio de la Humanidad donde milit\u00f3 durante dos etapas. Una primera en la temporada 2013\/2014 en LEB Plata y la segunda sumando cuatro campa\u00f1as en LEB Oro (2016\/2017; 2017\/2018;&hellip;&nbsp;Read More &raquo;Nikola Rakocevic de vuelta al C\u00e1ceres Patrimonio de la Humanidad","og_url":"https:\/\/gijonbasket.com\/en\/2025\/03\/18\/nikola-rakocevic-de-vuelta-al-caceres-patrimonio-de-la-humanidad\/","og_site_name":"gijonbasket","article_published_time":"2025-03-18T15:42:12+00:00","article_modified_time":"2025-03-18T15:42:16+00:00","author":"Cesar Morales","twitter_card":"summary_large_image","twitter_misc":{"Written by":"Cesar Morales","Est. reading time":"2 minutes"},"schema":{"@context":"https:\/\/schema.org","@graph":[{"@type":"Article","@id":"https:\/\/gijonbasket.com\/2025\/03\/18\/nikola-rakocevic-de-vuelta-al-caceres-patrimonio-de-la-humanidad\/#article","isPartOf":{"@id":"https:\/\/gijonbasket.com\/2025\/03\/18\/nikola-rakocevic-de-vuelta-al-caceres-patrimonio-de-la-humanidad\/"},"author":{"name":"Cesar Morales","@id":"https:\/\/gijonbasket.com\/#\/schema\/person\/91af9ff03e8eab582ccc344b715907c0"},"headline":"Nikola Rakocevic de vuelta al C\u00e1ceres Patrimonio de la Humanidad","datePublished":"2025-03-18T15:42:12+00:00","dateModified":"2025-03-18T15:42:16+00:00","mainEntityOfPage":{"@id":"https:\/\/gijonbasket.com\/2025\/03\/18\/nikola-rakocevic-de-vuelta-al-caceres-patrimonio-de-la-humanidad\/"},"wordCount":256,"commentCount":0,"publisher":{"@id":"https:\/\/gijonbasket.com\/#organization"},"articleSection":["noticias"],"inLanguage":"en-US","potentialAction":[{"@type":"CommentAction","name":"Comment","target":["https:\/\/gijonbasket.com\/2025\/03\/18\/nikola-rakocevic-de-vuelta-al-caceres-patrimonio-de-la-humanidad\/#respond"]}]},{"@type":"WebPage","@id":"https:\/\/gijonbasket.com\/2025\/03\/18\/nikola-rakocevic-de-vuelta-al-caceres-patrimonio-de-la-humanidad\/","url":"https:\/\/gijonbasket.com\/2025\/03\/18\/nikola-rakocevic-de-vuelta-al-caceres-patrimonio-de-la-humanidad\/","name":"Nikola Rakocevic de vuelta al C\u00e1ceres Patrimonio de la Humanidad - gijonbasket","isPartOf":{"@id":"https:\/\/gijonbasket.com\/#website"},"datePublished":"2025-03-18T15:42:12+00:00","dateModified":"2025-03-18T15:42:16+00:00","breadcrumb":{"@id":"https:\/\/gijonbasket.com\/2025\/03\/18\/nikola-rakocevic-de-vuelta-al-caceres-patrimonio-de-la-humanidad\/#breadcrumb"},"inLanguage":"en-US","potentialAction":[{"@type":"ReadAction","target":["https:\/\/gijonbasket.com\/2025\/03\/18\/nikola-rakocevic-de-vuelta-al-caceres-patrimonio-de-la-humanidad\/"]}]},{"@type":"BreadcrumbList","@id":"https:\/\/gijonbasket.com\/2025\/03\/18\/nikola-rakocevic-de-vuelta-al-caceres-patrimonio-de-la-humanidad\/#breadcrumb","itemListElement":[{"@type":"ListItem","position":1,"name":"Portada","item":"https:\/\/gijonbasket.com\/"},{"@type":"ListItem","position":2,"name":"Nikola Rakocevic de vuelta al C\u00e1ceres Patrimonio de la Humanidad"}]},{"@type":"WebSite","@id":"https:\/\/gijonbasket.com\/#website","url":"https:\/\/gijonbasket.com\/","name":"gijonbasket","description":"","publisher":{"@id":"https:\/\/gijonbasket.com\/#organization"},"potentialAction":[{"@type":"SearchAction","target":{"@type":"EntryPoint","urlTemplate":"https:\/\/gijonbasket.com\/?s={search_term_string}"},"query-input":{"@type":"PropertyValueSpecification","valueRequired":true,"valueName":"search_term_string"}}],"inLanguage":"en-US"},{"@type":"Organization","@id":"https:\/\/gijonbasket.com\/#organization","name":"gijonbasket","url":"https:\/\/gijonbasket.com\/","logo":{"@type":"ImageObject","inLanguage":"en-US","@id":"https:\/\/gijonbasket.com\/#\/schema\/logo\/image\/","url":"https:\/\/gijonbasket.com\/wp-content\/uploads\/2023\/03\/LogoGijonBasket2.jpg","contentUrl":"https:\/\/gijonbasket.com\/wp-content\/uploads\/2023\/03\/LogoGijonBasket2.jpg","width":2000,"height":550,"caption":"gijonbasket"},"image":{"@id":"https:\/\/gijonbasket.com\/#\/schema\/logo\/image\/"}},{"@type":"Person","@id":"https:\/\/gijonbasket.com\/#\/schema\/person\/91af9ff03e8eab582ccc344b715907c0","name":"Cesar Morales","image":{"@type":"ImageObject","inLanguage":"en-US","@id":"https:\/\/gijonbasket.com\/#\/schema\/person\/image\/","url":"https:\/\/secure.gravatar.com\/avatar\/ab9ddf1e87f7580cae3deefb05a58c5cf4f0c7f96f033fd7dacc23f0e8d149ca?s=96&d=mm&r=g","contentUrl":"https:\/\/secure.gravatar.com\/avatar\/ab9ddf1e87f7580cae3deefb05a58c5cf4f0c7f96f033fd7dacc23f0e8d149ca?s=96&d=mm&r=g","caption":"Cesar Morales"},"url":"https:\/\/gijonbasket.com\/en\/author\/cesar\/"}]}},"_links":{"self":[{"href":"https:\/\/gijonbasket.com\/en\/wp-json\/wp\/v2\/posts\/6570","targetHints":{"allow":["GET"]}}],"collection":[{"href":"https:\/\/gijonbasket.com\/en\/wp-json\/wp\/v2\/posts"}],"about":[{"href":"https:\/\/gijonbasket.com\/en\/wp-json\/wp\/v2\/types\/post"}],"author":[{"embeddable":true,"href":"https:\/\/gijonbasket.com\/en\/wp-json\/wp\/v2\/users\/2"}],"replies":[{"embeddable":true,"href":"https:\/\/gijonbasket.com\/en\/wp-json\/wp\/v2\/comments?post=6570"}],"version-history":[{"count":1,"href":"https:\/\/gijonbasket.com\/en\/wp-json\/wp\/v2\/posts\/6570\/revisions"}],"predecessor-version":[{"id":6572,"href":"https:\/\/gijonbasket.com\/en\/wp-json\/wp\/v2\/posts\/6570\/revisions\/6572"}],"wp:attachment":[{"href":"https:\/\/gijonbasket.com\/en\/wp-json\/wp\/v2\/media?parent=6570"}],"wp:term":[{"taxonomy":"category","embeddable":true,"href":"https:\/\/gijonbasket.com\/en\/wp-json\/wp\/v2\/categories?post=6570"},{"taxonomy":"post_tag","embeddable":true,"href":"https:\/\/gijonbasket.com\/en\/wp-json\/wp\/v2\/tags?post=6570"}],"curies":[{"name":"wp","href":"https:\/\/api.w.org\/{rel}","templated":true}]}}