{"id":6575,"date":"2025-03-18T20:00:28","date_gmt":"2025-03-18T19:00:28","guid":{"rendered":"https:\/\/gijonbasket.com\/?p=6575"},"modified":"2025-03-18T20:00:43","modified_gmt":"2025-03-18T19:00:43","slug":"natxo-lezkano-nuevo-tecnico-del-movistar-estudiantes","status":"publish","type":"post","link":"https:\/\/gijonbasket.com\/en\/2025\/03\/18\/natxo-lezkano-nuevo-tecnico-del-movistar-estudiantes\/","title":{"rendered":"Natxo Lezkano nuevo t\u00e9cnico del Movistar Estudiantes"},"content":{"rendered":"<p>El Movistar Estudiantes anunci\u00f3 la contrataci\u00f3n de Natxo Lezkano (MoraBanc Andorra), como nuevo t\u00e9cnico del conjunto colegial hasta final de temporada, tras la destituci\u00f3n de Pedro Rivero.<\/p>\n\n\n\n<p>El t\u00e9cnico de Barakaldo de 52 a\u00f1os, regresa a los banquillos de la mano del Movistar Estudiantes, tras ser destituido en el MoraBanc Andorra a finales del pasado mes de enero.<\/p>\n\n\n\n<p>Regresa a la segunda categor\u00eda del baloncesto nacional donde ya dirigi\u00f3 bajo la denominaci\u00f3n de LEB Oro.<\/p>\n\n\n\n<p>2 ascensos a Liga Endesa con el Caf\u00e9s Candelas Breog\u00e1n (2017\/2018) y MoraBanc Andorra (2022\/2023).<\/p>\n\n\n\n<p>Natxo Lezkano dirigi\u00f3 al Oviedo Baloncesto con los patrocinios de Liberbank (2019\/2020; 2020\/2021) y Unicaja (2021\/2022) para dar el salto al MoraBanc Andorra.<\/p>\n\n\n\n<p>8 temporadas dirigiendo al Palencia Baloncesto, cogiendo al equipo en LEB Plata (2007\/2008) y llevarlo a LEB Oro (2009\/2010). En la temporada 2008\/2009 logr\u00f3 el doblete con el t\u00edtulo de Campe\u00f3n LEB Plata y Copa LEB Plata para lograr el ascenso a LEB Oro. En la temporada 2014\/2015 conquist\u00f3 la Copa Principe de Asturias.<\/p>\n\n\n\n<p>3 temporadas en Liga Endesa con Caf\u00e9s Candelas Breog\u00e1n (2018\/2019) y MoraBanc Andorra (2023\/2024) unido a los tres encuentros dirigidos, suponiendo su debut en la categor\u00eda, con el TAU Cer\u00e1mica (2006\/2007).<\/p>","protected":false},"excerpt":{"rendered":"<p>El Movistar Estudiantes anunci\u00f3 la contrataci\u00f3n de Natxo Lezkano (MoraBanc Andorra), como nuevo t\u00e9cnico del conjunto colegial hasta final de temporada, tras la destituci\u00f3n de Pedro Rivero. El t\u00e9cnico de Barakaldo de 52 a\u00f1os, regresa a los banquillos de la mano del Movistar Estudiantes, tras ser destituido en el MoraBanc Andorra a finales del pasado&hellip;&nbsp;<a href=\"https:\/\/gijonbasket.com\/en\/2025\/03\/18\/natxo-lezkano-nuevo-tecnico-del-movistar-estudiantes\/\" class=\"\" rel=\"bookmark\">Read More &raquo;<span class=\"screen-reader-text\">Natxo Lezkano nuevo t\u00e9cnico del Movistar Estudiantes<\/span><\/a><\/p>","protected":false},"author":2,"featured_media":0,"comment_status":"open","ping_status":"open","sticky":false,"template":"","format":"standard","meta":{"neve_meta_sidebar":"","neve_meta_container":"","neve_meta_enable_content_width":"","neve_meta_content_width":0,"neve_meta_title_alignment":"","neve_meta_author_avatar":"","neve_post_elements_order":"","neve_meta_disable_header":"","neve_meta_disable_footer":"","neve_meta_disable_title":"","footnotes":""},"categories":[4],"tags":[],"class_list":["post-6575","post","type-post","status-publish","format-standard","hentry","category-noticias"],"yoast_head":"<!-- This site is optimized with the Yoast SEO plugin v23.4 - https:\/\/yoast.com\/wordpress\/plugins\/seo\/ -->\n<title>Natxo Lezkano nuevo t\u00e9cnico del Movistar Estudiantes - gijonbasket<\/title>\n<meta name=\"robots\" content=\"index, follow, max-snippet:-1, max-image-preview:large, max-video-preview:-1\" \/>\n<link rel=\"canonical\" href=\"https:\/\/gijonbasket.com\/en\/2025\/03\/18\/natxo-lezkano-nuevo-tecnico-del-movistar-estudiantes\/\" \/>\n<meta property=\"og:locale\" content=\"en_US\" \/>\n<meta property=\"og:type\" content=\"article\" \/>\n<meta property=\"og:title\" content=\"Natxo Lezkano nuevo t\u00e9cnico del Movistar Estudiantes - gijonbasket\" \/>\n<meta property=\"og:description\" content=\"El Movistar Estudiantes anunci\u00f3 la contrataci\u00f3n de Natxo Lezkano (MoraBanc Andorra), como nuevo t\u00e9cnico del conjunto colegial hasta final de temporada, tras la destituci\u00f3n de Pedro Rivero. El t\u00e9cnico de Barakaldo de 52 a\u00f1os, regresa a los banquillos de la mano del Movistar Estudiantes, tras ser destituido en el MoraBanc Andorra a finales del pasado&hellip;&nbsp;Read More &raquo;Natxo Lezkano nuevo t\u00e9cnico del Movistar Estudiantes\" \/>\n<meta property=\"og:url\" content=\"https:\/\/gijonbasket.com\/en\/2025\/03\/18\/natxo-lezkano-nuevo-tecnico-del-movistar-estudiantes\/\" \/>\n<meta property=\"og:site_name\" content=\"gijonbasket\" \/>\n<meta property=\"article:published_time\" content=\"2025-03-18T19:00:28+00:00\" \/>\n<meta property=\"article:modified_time\" content=\"2025-03-18T19:00:43+00:00\" \/>\n<meta name=\"author\" content=\"Cesar Morales\" \/>\n<meta name=\"twitter:card\" content=\"summary_large_image\" \/>\n<meta name=\"twitter:label1\" content=\"Written by\" \/>\n\t<meta name=\"twitter:data1\" content=\"Cesar Morales\" \/>\n\t<meta name=\"twitter:label2\" content=\"Est. reading time\" \/>\n\t<meta name=\"twitter:data2\" content=\"1 minute\" \/>\n<script type=\"application\/ld+json\" class=\"yoast-schema-graph\">{\"@context\":\"https:\/\/schema.org\",\"@graph\":[{\"@type\":\"Article\",\"@id\":\"https:\/\/gijonbasket.com\/2025\/03\/18\/natxo-lezkano-nuevo-tecnico-del-movistar-estudiantes\/#article\",\"isPartOf\":{\"@id\":\"https:\/\/gijonbasket.com\/2025\/03\/18\/natxo-lezkano-nuevo-tecnico-del-movistar-estudiantes\/\"},\"author\":{\"name\":\"Cesar Morales\",\"@id\":\"https:\/\/gijonbasket.com\/#\/schema\/person\/91af9ff03e8eab582ccc344b715907c0\"},\"headline\":\"Natxo Lezkano nuevo t\u00e9cnico del Movistar Estudiantes\",\"datePublished\":\"2025-03-18T19:00:28+00:00\",\"dateModified\":\"2025-03-18T19:00:43+00:00\",\"mainEntityOfPage\":{\"@id\":\"https:\/\/gijonbasket.com\/2025\/03\/18\/natxo-lezkano-nuevo-tecnico-del-movistar-estudiantes\/\"},\"wordCount\":205,\"commentCount\":0,\"publisher\":{\"@id\":\"https:\/\/gijonbasket.com\/#organization\"},\"articleSection\":[\"noticias\"],\"inLanguage\":\"en-US\",\"potentialAction\":[{\"@type\":\"CommentAction\",\"name\":\"Comment\",\"target\":[\"https:\/\/gijonbasket.com\/2025\/03\/18\/natxo-lezkano-nuevo-tecnico-del-movistar-estudiantes\/#respond\"]}]},{\"@type\":\"WebPage\",\"@id\":\"https:\/\/gijonbasket.com\/2025\/03\/18\/natxo-lezkano-nuevo-tecnico-del-movistar-estudiantes\/\",\"url\":\"https:\/\/gijonbasket.com\/2025\/03\/18\/natxo-lezkano-nuevo-tecnico-del-movistar-estudiantes\/\",\"name\":\"Natxo Lezkano nuevo t\u00e9cnico del Movistar Estudiantes - gijonbasket\",\"isPartOf\":{\"@id\":\"https:\/\/gijonbasket.com\/#website\"},\"datePublished\":\"2025-03-18T19:00:28+00:00\",\"dateModified\":\"2025-03-18T19:00:43+00:00\",\"breadcrumb\":{\"@id\":\"https:\/\/gijonbasket.com\/2025\/03\/18\/natxo-lezkano-nuevo-tecnico-del-movistar-estudiantes\/#breadcrumb\"},\"inLanguage\":\"en-US\",\"potentialAction\":[{\"@type\":\"ReadAction\",\"target\":[\"https:\/\/gijonbasket.com\/2025\/03\/18\/natxo-lezkano-nuevo-tecnico-del-movistar-estudiantes\/\"]}]},{\"@type\":\"BreadcrumbList\",\"@id\":\"https:\/\/gijonbasket.com\/2025\/03\/18\/natxo-lezkano-nuevo-tecnico-del-movistar-estudiantes\/#breadcrumb\",\"itemListElement\":[{\"@type\":\"ListItem\",\"position\":1,\"name\":\"Portada\",\"item\":\"https:\/\/gijonbasket.com\/\"},{\"@type\":\"ListItem\",\"position\":2,\"name\":\"Natxo Lezkano nuevo t\u00e9cnico del Movistar Estudiantes\"}]},{\"@type\":\"WebSite\",\"@id\":\"https:\/\/gijonbasket.com\/#website\",\"url\":\"https:\/\/gijonbasket.com\/\",\"name\":\"gijonbasket\",\"description\":\"\",\"publisher\":{\"@id\":\"https:\/\/gijonbasket.com\/#organization\"},\"potentialAction\":[{\"@type\":\"SearchAction\",\"target\":{\"@type\":\"EntryPoint\",\"urlTemplate\":\"https:\/\/gijonbasket.com\/?s={search_term_string}\"},\"query-input\":{\"@type\":\"PropertyValueSpecification\",\"valueRequired\":true,\"valueName\":\"search_term_string\"}}],\"inLanguage\":\"en-US\"},{\"@type\":\"Organization\",\"@id\":\"https:\/\/gijonbasket.com\/#organization\",\"name\":\"gijonbasket\",\"url\":\"https:\/\/gijonbasket.com\/\",\"logo\":{\"@type\":\"ImageObject\",\"inLanguage\":\"en-US\",\"@id\":\"https:\/\/gijonbasket.com\/#\/schema\/logo\/image\/\",\"url\":\"https:\/\/gijonbasket.com\/wp-content\/uploads\/2023\/03\/LogoGijonBasket2.jpg\",\"contentUrl\":\"https:\/\/gijonbasket.com\/wp-content\/uploads\/2023\/03\/LogoGijonBasket2.jpg\",\"width\":2000,\"height\":550,\"caption\":\"gijonbasket\"},\"image\":{\"@id\":\"https:\/\/gijonbasket.com\/#\/schema\/logo\/image\/\"}},{\"@type\":\"Person\",\"@id\":\"https:\/\/gijonbasket.com\/#\/schema\/person\/91af9ff03e8eab582ccc344b715907c0\",\"name\":\"Cesar Morales\",\"image\":{\"@type\":\"ImageObject\",\"inLanguage\":\"en-US\",\"@id\":\"https:\/\/gijonbasket.com\/#\/schema\/person\/image\/\",\"url\":\"https:\/\/secure.gravatar.com\/avatar\/ab9ddf1e87f7580cae3deefb05a58c5cf4f0c7f96f033fd7dacc23f0e8d149ca?s=96&d=mm&r=g\",\"contentUrl\":\"https:\/\/secure.gravatar.com\/avatar\/ab9ddf1e87f7580cae3deefb05a58c5cf4f0c7f96f033fd7dacc23f0e8d149ca?s=96&d=mm&r=g\",\"caption\":\"Cesar Morales\"},\"url\":\"https:\/\/gijonbasket.com\/en\/author\/cesar\/\"}]}<\/script>\n<!-- \/ Yoast SEO plugin. -->","yoast_head_json":{"title":"Natxo Lezkano nuevo t\u00e9cnico del Movistar Estudiantes - gijonbasket","robots":{"index":"index","follow":"follow","max-snippet":"max-snippet:-1","max-image-preview":"max-image-preview:large","max-video-preview":"max-video-preview:-1"},"canonical":"https:\/\/gijonbasket.com\/en\/2025\/03\/18\/natxo-lezkano-nuevo-tecnico-del-movistar-estudiantes\/","og_locale":"en_US","og_type":"article","og_title":"Natxo Lezkano nuevo t\u00e9cnico del Movistar Estudiantes - gijonbasket","og_description":"El Movistar Estudiantes anunci\u00f3 la contrataci\u00f3n de Natxo Lezkano (MoraBanc Andorra), como nuevo t\u00e9cnico del conjunto colegial hasta final de temporada, tras la destituci\u00f3n de Pedro Rivero. El t\u00e9cnico de Barakaldo de 52 a\u00f1os, regresa a los banquillos de la mano del Movistar Estudiantes, tras ser destituido en el MoraBanc Andorra a finales del pasado&hellip;&nbsp;Read More &raquo;Natxo Lezkano nuevo t\u00e9cnico del Movistar Estudiantes","og_url":"https:\/\/gijonbasket.com\/en\/2025\/03\/18\/natxo-lezkano-nuevo-tecnico-del-movistar-estudiantes\/","og_site_name":"gijonbasket","article_published_time":"2025-03-18T19:00:28+00:00","article_modified_time":"2025-03-18T19:00:43+00:00","author":"Cesar Morales","twitter_card":"summary_large_image","twitter_misc":{"Written by":"Cesar Morales","Est. reading time":"1 minute"},"schema":{"@context":"https:\/\/schema.org","@graph":[{"@type":"Article","@id":"https:\/\/gijonbasket.com\/2025\/03\/18\/natxo-lezkano-nuevo-tecnico-del-movistar-estudiantes\/#article","isPartOf":{"@id":"https:\/\/gijonbasket.com\/2025\/03\/18\/natxo-lezkano-nuevo-tecnico-del-movistar-estudiantes\/"},"author":{"name":"Cesar Morales","@id":"https:\/\/gijonbasket.com\/#\/schema\/person\/91af9ff03e8eab582ccc344b715907c0"},"headline":"Natxo Lezkano nuevo t\u00e9cnico del Movistar Estudiantes","datePublished":"2025-03-18T19:00:28+00:00","dateModified":"2025-03-18T19:00:43+00:00","mainEntityOfPage":{"@id":"https:\/\/gijonbasket.com\/2025\/03\/18\/natxo-lezkano-nuevo-tecnico-del-movistar-estudiantes\/"},"wordCount":205,"commentCount":0,"publisher":{"@id":"https:\/\/gijonbasket.com\/#organization"},"articleSection":["noticias"],"inLanguage":"en-US","potentialAction":[{"@type":"CommentAction","name":"Comment","target":["https:\/\/gijonbasket.com\/2025\/03\/18\/natxo-lezkano-nuevo-tecnico-del-movistar-estudiantes\/#respond"]}]},{"@type":"WebPage","@id":"https:\/\/gijonbasket.com\/2025\/03\/18\/natxo-lezkano-nuevo-tecnico-del-movistar-estudiantes\/","url":"https:\/\/gijonbasket.com\/2025\/03\/18\/natxo-lezkano-nuevo-tecnico-del-movistar-estudiantes\/","name":"Natxo Lezkano nuevo t\u00e9cnico del Movistar Estudiantes - gijonbasket","isPartOf":{"@id":"https:\/\/gijonbasket.com\/#website"},"datePublished":"2025-03-18T19:00:28+00:00","dateModified":"2025-03-18T19:00:43+00:00","breadcrumb":{"@id":"https:\/\/gijonbasket.com\/2025\/03\/18\/natxo-lezkano-nuevo-tecnico-del-movistar-estudiantes\/#breadcrumb"},"inLanguage":"en-US","potentialAction":[{"@type":"ReadAction","target":["https:\/\/gijonbasket.com\/2025\/03\/18\/natxo-lezkano-nuevo-tecnico-del-movistar-estudiantes\/"]}]},{"@type":"BreadcrumbList","@id":"https:\/\/gijonbasket.com\/2025\/03\/18\/natxo-lezkano-nuevo-tecnico-del-movistar-estudiantes\/#breadcrumb","itemListElement":[{"@type":"ListItem","position":1,"name":"Portada","item":"https:\/\/gijonbasket.com\/"},{"@type":"ListItem","position":2,"name":"Natxo Lezkano nuevo t\u00e9cnico del Movistar Estudiantes"}]},{"@type":"WebSite","@id":"https:\/\/gijonbasket.com\/#website","url":"https:\/\/gijonbasket.com\/","name":"gijonbasket","description":"","publisher":{"@id":"https:\/\/gijonbasket.com\/#organization"},"potentialAction":[{"@type":"SearchAction","target":{"@type":"EntryPoint","urlTemplate":"https:\/\/gijonbasket.com\/?s={search_term_string}"},"query-input":{"@type":"PropertyValueSpecification","valueRequired":true,"valueName":"search_term_string"}}],"inLanguage":"en-US"},{"@type":"Organization","@id":"https:\/\/gijonbasket.com\/#organization","name":"gijonbasket","url":"https:\/\/gijonbasket.com\/","logo":{"@type":"ImageObject","inLanguage":"en-US","@id":"https:\/\/gijonbasket.com\/#\/schema\/logo\/image\/","url":"https:\/\/gijonbasket.com\/wp-content\/uploads\/2023\/03\/LogoGijonBasket2.jpg","contentUrl":"https:\/\/gijonbasket.com\/wp-content\/uploads\/2023\/03\/LogoGijonBasket2.jpg","width":2000,"height":550,"caption":"gijonbasket"},"image":{"@id":"https:\/\/gijonbasket.com\/#\/schema\/logo\/image\/"}},{"@type":"Person","@id":"https:\/\/gijonbasket.com\/#\/schema\/person\/91af9ff03e8eab582ccc344b715907c0","name":"Cesar Morales","image":{"@type":"ImageObject","inLanguage":"en-US","@id":"https:\/\/gijonbasket.com\/#\/schema\/person\/image\/","url":"https:\/\/secure.gravatar.com\/avatar\/ab9ddf1e87f7580cae3deefb05a58c5cf4f0c7f96f033fd7dacc23f0e8d149ca?s=96&d=mm&r=g","contentUrl":"https:\/\/secure.gravatar.com\/avatar\/ab9ddf1e87f7580cae3deefb05a58c5cf4f0c7f96f033fd7dacc23f0e8d149ca?s=96&d=mm&r=g","caption":"Cesar Morales"},"url":"https:\/\/gijonbasket.com\/en\/author\/cesar\/"}]}},"_links":{"self":[{"href":"https:\/\/gijonbasket.com\/en\/wp-json\/wp\/v2\/posts\/6575","targetHints":{"allow":["GET"]}}],"collection":[{"href":"https:\/\/gijonbasket.com\/en\/wp-json\/wp\/v2\/posts"}],"about":[{"href":"https:\/\/gijonbasket.com\/en\/wp-json\/wp\/v2\/types\/post"}],"author":[{"embeddable":true,"href":"https:\/\/gijonbasket.com\/en\/wp-json\/wp\/v2\/users\/2"}],"replies":[{"embeddable":true,"href":"https:\/\/gijonbasket.com\/en\/wp-json\/wp\/v2\/comments?post=6575"}],"version-history":[{"count":1,"href":"https:\/\/gijonbasket.com\/en\/wp-json\/wp\/v2\/posts\/6575\/revisions"}],"predecessor-version":[{"id":6576,"href":"https:\/\/gijonbasket.com\/en\/wp-json\/wp\/v2\/posts\/6575\/revisions\/6576"}],"wp:attachment":[{"href":"https:\/\/gijonbasket.com\/en\/wp-json\/wp\/v2\/media?parent=6575"}],"wp:term":[{"taxonomy":"category","embeddable":true,"href":"https:\/\/gijonbasket.com\/en\/wp-json\/wp\/v2\/categories?post=6575"},{"taxonomy":"post_tag","embeddable":true,"href":"https:\/\/gijonbasket.com\/en\/wp-json\/wp\/v2\/tags?post=6575"}],"curies":[{"name":"wp","href":"https:\/\/api.w.org\/{rel}","templated":true}]}}