{"id":6710,"date":"2025-04-06T08:18:13","date_gmt":"2025-04-06T06:18:13","guid":{"rendered":"https:\/\/gijonbasket.com\/?p=6710"},"modified":"2025-04-06T08:18:19","modified_gmt":"2025-04-06T06:18:19","slug":"pau-ribas-baja-por-una-fractura-nasal-en-el-joventut-badalona","status":"publish","type":"post","link":"https:\/\/gijonbasket.com\/en\/2025\/04\/06\/pau-ribas-baja-por-una-fractura-nasal-en-el-joventut-badalona\/","title":{"rendered":"Pau Ribas baja por una fractura nasal en el Joventut Badalona"},"content":{"rendered":"<p>El Joventut Badalona pierde por lesi\u00f3n a Pau Ribas, tras haber sufrido una fractura nasal, en el \u00faltimo encuentro ante el F.C. Barcelona.<\/p>\n\n\n\n<p>Escolta de 38 a\u00f1os y 1.96 m. que cumple su novena temporada en la Penya en dos etapas diferentes.<\/p>\n\n\n\n<p>20 temporadas en Liga Endesa militando en Joventut Badalona (9 temporadas), Caja Laboral (3 temporadas), Valencia Basket (3 temporadas) y F.C. Barcelona (5 temporadas).<\/p>\n\n\n\n<p>Pau Ribas sigue haciendo historia en el Joventut Badalona, equipo de su ciudad natal, donde entr\u00f3 en su cantera a la edad de 4 a\u00f1os.<\/p>\n\n\n\n<p>Esta temporada Pau Ribas est\u00e1 promediando con el Joventut Badalona en Liga Endesa 3 ppp; 0.9 rpp.<\/p>","protected":false},"excerpt":{"rendered":"<p>El Joventut Badalona pierde por lesi\u00f3n a Pau Ribas, tras haber sufrido una fractura nasal, en el \u00faltimo encuentro ante el F.C. Barcelona. Escolta de 38 a\u00f1os y 1.96 m. que cumple su novena temporada en la Penya en dos etapas diferentes. 20 temporadas en Liga Endesa militando en Joventut Badalona (9 temporadas), Caja Laboral&hellip;&nbsp;<a href=\"https:\/\/gijonbasket.com\/en\/2025\/04\/06\/pau-ribas-baja-por-una-fractura-nasal-en-el-joventut-badalona\/\" class=\"\" rel=\"bookmark\">Read More &raquo;<span class=\"screen-reader-text\">Pau Ribas baja por una fractura nasal en el Joventut Badalona<\/span><\/a><\/p>","protected":false},"author":2,"featured_media":0,"comment_status":"open","ping_status":"open","sticky":false,"template":"","format":"standard","meta":{"neve_meta_sidebar":"","neve_meta_container":"","neve_meta_enable_content_width":"","neve_meta_content_width":0,"neve_meta_title_alignment":"","neve_meta_author_avatar":"","neve_post_elements_order":"","neve_meta_disable_header":"","neve_meta_disable_footer":"","neve_meta_disable_title":"","footnotes":""},"categories":[4],"tags":[],"class_list":["post-6710","post","type-post","status-publish","format-standard","hentry","category-noticias"],"yoast_head":"<!-- This site is optimized with the Yoast SEO plugin v23.4 - https:\/\/yoast.com\/wordpress\/plugins\/seo\/ -->\n<title>Pau Ribas baja por una fractura nasal en el Joventut Badalona - gijonbasket<\/title>\n<meta name=\"robots\" content=\"index, follow, max-snippet:-1, max-image-preview:large, max-video-preview:-1\" \/>\n<link rel=\"canonical\" href=\"https:\/\/gijonbasket.com\/en\/2025\/04\/06\/pau-ribas-baja-por-una-fractura-nasal-en-el-joventut-badalona\/\" \/>\n<meta property=\"og:locale\" content=\"en_US\" \/>\n<meta property=\"og:type\" content=\"article\" \/>\n<meta property=\"og:title\" content=\"Pau Ribas baja por una fractura nasal en el Joventut Badalona - gijonbasket\" \/>\n<meta property=\"og:description\" content=\"El Joventut Badalona pierde por lesi\u00f3n a Pau Ribas, tras haber sufrido una fractura nasal, en el \u00faltimo encuentro ante el F.C. Barcelona. Escolta de 38 a\u00f1os y 1.96 m. que cumple su novena temporada en la Penya en dos etapas diferentes. 20 temporadas en Liga Endesa militando en Joventut Badalona (9 temporadas), Caja Laboral&hellip;&nbsp;Read More &raquo;Pau Ribas baja por una fractura nasal en el Joventut Badalona\" \/>\n<meta property=\"og:url\" content=\"https:\/\/gijonbasket.com\/en\/2025\/04\/06\/pau-ribas-baja-por-una-fractura-nasal-en-el-joventut-badalona\/\" \/>\n<meta property=\"og:site_name\" content=\"gijonbasket\" \/>\n<meta property=\"article:published_time\" content=\"2025-04-06T06:18:13+00:00\" \/>\n<meta property=\"article:modified_time\" content=\"2025-04-06T06:18:19+00:00\" \/>\n<meta name=\"author\" content=\"Cesar Morales\" \/>\n<meta name=\"twitter:card\" content=\"summary_large_image\" \/>\n<meta name=\"twitter:label1\" content=\"Written by\" \/>\n\t<meta name=\"twitter:data1\" content=\"Cesar Morales\" \/>\n\t<meta name=\"twitter:label2\" content=\"Est. reading time\" \/>\n\t<meta name=\"twitter:data2\" content=\"1 minute\" \/>\n<script type=\"application\/ld+json\" class=\"yoast-schema-graph\">{\"@context\":\"https:\/\/schema.org\",\"@graph\":[{\"@type\":\"Article\",\"@id\":\"https:\/\/gijonbasket.com\/2025\/04\/06\/pau-ribas-baja-por-una-fractura-nasal-en-el-joventut-badalona\/#article\",\"isPartOf\":{\"@id\":\"https:\/\/gijonbasket.com\/2025\/04\/06\/pau-ribas-baja-por-una-fractura-nasal-en-el-joventut-badalona\/\"},\"author\":{\"name\":\"Cesar Morales\",\"@id\":\"https:\/\/gijonbasket.com\/#\/schema\/person\/91af9ff03e8eab582ccc344b715907c0\"},\"headline\":\"Pau Ribas baja por una fractura nasal en el Joventut Badalona\",\"datePublished\":\"2025-04-06T06:18:13+00:00\",\"dateModified\":\"2025-04-06T06:18:19+00:00\",\"mainEntityOfPage\":{\"@id\":\"https:\/\/gijonbasket.com\/2025\/04\/06\/pau-ribas-baja-por-una-fractura-nasal-en-el-joventut-badalona\/\"},\"wordCount\":114,\"commentCount\":0,\"publisher\":{\"@id\":\"https:\/\/gijonbasket.com\/#organization\"},\"articleSection\":[\"noticias\"],\"inLanguage\":\"en-US\",\"potentialAction\":[{\"@type\":\"CommentAction\",\"name\":\"Comment\",\"target\":[\"https:\/\/gijonbasket.com\/2025\/04\/06\/pau-ribas-baja-por-una-fractura-nasal-en-el-joventut-badalona\/#respond\"]}]},{\"@type\":\"WebPage\",\"@id\":\"https:\/\/gijonbasket.com\/2025\/04\/06\/pau-ribas-baja-por-una-fractura-nasal-en-el-joventut-badalona\/\",\"url\":\"https:\/\/gijonbasket.com\/2025\/04\/06\/pau-ribas-baja-por-una-fractura-nasal-en-el-joventut-badalona\/\",\"name\":\"Pau Ribas baja por una fractura nasal en el Joventut Badalona - gijonbasket\",\"isPartOf\":{\"@id\":\"https:\/\/gijonbasket.com\/#website\"},\"datePublished\":\"2025-04-06T06:18:13+00:00\",\"dateModified\":\"2025-04-06T06:18:19+00:00\",\"breadcrumb\":{\"@id\":\"https:\/\/gijonbasket.com\/2025\/04\/06\/pau-ribas-baja-por-una-fractura-nasal-en-el-joventut-badalona\/#breadcrumb\"},\"inLanguage\":\"en-US\",\"potentialAction\":[{\"@type\":\"ReadAction\",\"target\":[\"https:\/\/gijonbasket.com\/2025\/04\/06\/pau-ribas-baja-por-una-fractura-nasal-en-el-joventut-badalona\/\"]}]},{\"@type\":\"BreadcrumbList\",\"@id\":\"https:\/\/gijonbasket.com\/2025\/04\/06\/pau-ribas-baja-por-una-fractura-nasal-en-el-joventut-badalona\/#breadcrumb\",\"itemListElement\":[{\"@type\":\"ListItem\",\"position\":1,\"name\":\"Portada\",\"item\":\"https:\/\/gijonbasket.com\/\"},{\"@type\":\"ListItem\",\"position\":2,\"name\":\"Pau Ribas baja por una fractura nasal en el Joventut Badalona\"}]},{\"@type\":\"WebSite\",\"@id\":\"https:\/\/gijonbasket.com\/#website\",\"url\":\"https:\/\/gijonbasket.com\/\",\"name\":\"gijonbasket\",\"description\":\"\",\"publisher\":{\"@id\":\"https:\/\/gijonbasket.com\/#organization\"},\"potentialAction\":[{\"@type\":\"SearchAction\",\"target\":{\"@type\":\"EntryPoint\",\"urlTemplate\":\"https:\/\/gijonbasket.com\/?s={search_term_string}\"},\"query-input\":{\"@type\":\"PropertyValueSpecification\",\"valueRequired\":true,\"valueName\":\"search_term_string\"}}],\"inLanguage\":\"en-US\"},{\"@type\":\"Organization\",\"@id\":\"https:\/\/gijonbasket.com\/#organization\",\"name\":\"gijonbasket\",\"url\":\"https:\/\/gijonbasket.com\/\",\"logo\":{\"@type\":\"ImageObject\",\"inLanguage\":\"en-US\",\"@id\":\"https:\/\/gijonbasket.com\/#\/schema\/logo\/image\/\",\"url\":\"https:\/\/gijonbasket.com\/wp-content\/uploads\/2023\/03\/LogoGijonBasket2.jpg\",\"contentUrl\":\"https:\/\/gijonbasket.com\/wp-content\/uploads\/2023\/03\/LogoGijonBasket2.jpg\",\"width\":2000,\"height\":550,\"caption\":\"gijonbasket\"},\"image\":{\"@id\":\"https:\/\/gijonbasket.com\/#\/schema\/logo\/image\/\"}},{\"@type\":\"Person\",\"@id\":\"https:\/\/gijonbasket.com\/#\/schema\/person\/91af9ff03e8eab582ccc344b715907c0\",\"name\":\"Cesar Morales\",\"image\":{\"@type\":\"ImageObject\",\"inLanguage\":\"en-US\",\"@id\":\"https:\/\/gijonbasket.com\/#\/schema\/person\/image\/\",\"url\":\"https:\/\/secure.gravatar.com\/avatar\/ab9ddf1e87f7580cae3deefb05a58c5cf4f0c7f96f033fd7dacc23f0e8d149ca?s=96&d=mm&r=g\",\"contentUrl\":\"https:\/\/secure.gravatar.com\/avatar\/ab9ddf1e87f7580cae3deefb05a58c5cf4f0c7f96f033fd7dacc23f0e8d149ca?s=96&d=mm&r=g\",\"caption\":\"Cesar Morales\"},\"url\":\"https:\/\/gijonbasket.com\/en\/author\/cesar\/\"}]}<\/script>\n<!-- \/ Yoast SEO plugin. -->","yoast_head_json":{"title":"Pau Ribas baja por una fractura nasal en el Joventut Badalona - gijonbasket","robots":{"index":"index","follow":"follow","max-snippet":"max-snippet:-1","max-image-preview":"max-image-preview:large","max-video-preview":"max-video-preview:-1"},"canonical":"https:\/\/gijonbasket.com\/en\/2025\/04\/06\/pau-ribas-baja-por-una-fractura-nasal-en-el-joventut-badalona\/","og_locale":"en_US","og_type":"article","og_title":"Pau Ribas baja por una fractura nasal en el Joventut Badalona - gijonbasket","og_description":"El Joventut Badalona pierde por lesi\u00f3n a Pau Ribas, tras haber sufrido una fractura nasal, en el \u00faltimo encuentro ante el F.C. Barcelona. Escolta de 38 a\u00f1os y 1.96 m. que cumple su novena temporada en la Penya en dos etapas diferentes. 20 temporadas en Liga Endesa militando en Joventut Badalona (9 temporadas), Caja Laboral&hellip;&nbsp;Read More &raquo;Pau Ribas baja por una fractura nasal en el Joventut Badalona","og_url":"https:\/\/gijonbasket.com\/en\/2025\/04\/06\/pau-ribas-baja-por-una-fractura-nasal-en-el-joventut-badalona\/","og_site_name":"gijonbasket","article_published_time":"2025-04-06T06:18:13+00:00","article_modified_time":"2025-04-06T06:18:19+00:00","author":"Cesar Morales","twitter_card":"summary_large_image","twitter_misc":{"Written by":"Cesar Morales","Est. reading time":"1 minute"},"schema":{"@context":"https:\/\/schema.org","@graph":[{"@type":"Article","@id":"https:\/\/gijonbasket.com\/2025\/04\/06\/pau-ribas-baja-por-una-fractura-nasal-en-el-joventut-badalona\/#article","isPartOf":{"@id":"https:\/\/gijonbasket.com\/2025\/04\/06\/pau-ribas-baja-por-una-fractura-nasal-en-el-joventut-badalona\/"},"author":{"name":"Cesar Morales","@id":"https:\/\/gijonbasket.com\/#\/schema\/person\/91af9ff03e8eab582ccc344b715907c0"},"headline":"Pau Ribas baja por una fractura nasal en el Joventut Badalona","datePublished":"2025-04-06T06:18:13+00:00","dateModified":"2025-04-06T06:18:19+00:00","mainEntityOfPage":{"@id":"https:\/\/gijonbasket.com\/2025\/04\/06\/pau-ribas-baja-por-una-fractura-nasal-en-el-joventut-badalona\/"},"wordCount":114,"commentCount":0,"publisher":{"@id":"https:\/\/gijonbasket.com\/#organization"},"articleSection":["noticias"],"inLanguage":"en-US","potentialAction":[{"@type":"CommentAction","name":"Comment","target":["https:\/\/gijonbasket.com\/2025\/04\/06\/pau-ribas-baja-por-una-fractura-nasal-en-el-joventut-badalona\/#respond"]}]},{"@type":"WebPage","@id":"https:\/\/gijonbasket.com\/2025\/04\/06\/pau-ribas-baja-por-una-fractura-nasal-en-el-joventut-badalona\/","url":"https:\/\/gijonbasket.com\/2025\/04\/06\/pau-ribas-baja-por-una-fractura-nasal-en-el-joventut-badalona\/","name":"Pau Ribas baja por una fractura nasal en el Joventut Badalona - gijonbasket","isPartOf":{"@id":"https:\/\/gijonbasket.com\/#website"},"datePublished":"2025-04-06T06:18:13+00:00","dateModified":"2025-04-06T06:18:19+00:00","breadcrumb":{"@id":"https:\/\/gijonbasket.com\/2025\/04\/06\/pau-ribas-baja-por-una-fractura-nasal-en-el-joventut-badalona\/#breadcrumb"},"inLanguage":"en-US","potentialAction":[{"@type":"ReadAction","target":["https:\/\/gijonbasket.com\/2025\/04\/06\/pau-ribas-baja-por-una-fractura-nasal-en-el-joventut-badalona\/"]}]},{"@type":"BreadcrumbList","@id":"https:\/\/gijonbasket.com\/2025\/04\/06\/pau-ribas-baja-por-una-fractura-nasal-en-el-joventut-badalona\/#breadcrumb","itemListElement":[{"@type":"ListItem","position":1,"name":"Portada","item":"https:\/\/gijonbasket.com\/"},{"@type":"ListItem","position":2,"name":"Pau Ribas baja por una fractura nasal en el Joventut Badalona"}]},{"@type":"WebSite","@id":"https:\/\/gijonbasket.com\/#website","url":"https:\/\/gijonbasket.com\/","name":"gijonbasket","description":"","publisher":{"@id":"https:\/\/gijonbasket.com\/#organization"},"potentialAction":[{"@type":"SearchAction","target":{"@type":"EntryPoint","urlTemplate":"https:\/\/gijonbasket.com\/?s={search_term_string}"},"query-input":{"@type":"PropertyValueSpecification","valueRequired":true,"valueName":"search_term_string"}}],"inLanguage":"en-US"},{"@type":"Organization","@id":"https:\/\/gijonbasket.com\/#organization","name":"gijonbasket","url":"https:\/\/gijonbasket.com\/","logo":{"@type":"ImageObject","inLanguage":"en-US","@id":"https:\/\/gijonbasket.com\/#\/schema\/logo\/image\/","url":"https:\/\/gijonbasket.com\/wp-content\/uploads\/2023\/03\/LogoGijonBasket2.jpg","contentUrl":"https:\/\/gijonbasket.com\/wp-content\/uploads\/2023\/03\/LogoGijonBasket2.jpg","width":2000,"height":550,"caption":"gijonbasket"},"image":{"@id":"https:\/\/gijonbasket.com\/#\/schema\/logo\/image\/"}},{"@type":"Person","@id":"https:\/\/gijonbasket.com\/#\/schema\/person\/91af9ff03e8eab582ccc344b715907c0","name":"Cesar Morales","image":{"@type":"ImageObject","inLanguage":"en-US","@id":"https:\/\/gijonbasket.com\/#\/schema\/person\/image\/","url":"https:\/\/secure.gravatar.com\/avatar\/ab9ddf1e87f7580cae3deefb05a58c5cf4f0c7f96f033fd7dacc23f0e8d149ca?s=96&d=mm&r=g","contentUrl":"https:\/\/secure.gravatar.com\/avatar\/ab9ddf1e87f7580cae3deefb05a58c5cf4f0c7f96f033fd7dacc23f0e8d149ca?s=96&d=mm&r=g","caption":"Cesar Morales"},"url":"https:\/\/gijonbasket.com\/en\/author\/cesar\/"}]}},"_links":{"self":[{"href":"https:\/\/gijonbasket.com\/en\/wp-json\/wp\/v2\/posts\/6710","targetHints":{"allow":["GET"]}}],"collection":[{"href":"https:\/\/gijonbasket.com\/en\/wp-json\/wp\/v2\/posts"}],"about":[{"href":"https:\/\/gijonbasket.com\/en\/wp-json\/wp\/v2\/types\/post"}],"author":[{"embeddable":true,"href":"https:\/\/gijonbasket.com\/en\/wp-json\/wp\/v2\/users\/2"}],"replies":[{"embeddable":true,"href":"https:\/\/gijonbasket.com\/en\/wp-json\/wp\/v2\/comments?post=6710"}],"version-history":[{"count":1,"href":"https:\/\/gijonbasket.com\/en\/wp-json\/wp\/v2\/posts\/6710\/revisions"}],"predecessor-version":[{"id":6711,"href":"https:\/\/gijonbasket.com\/en\/wp-json\/wp\/v2\/posts\/6710\/revisions\/6711"}],"wp:attachment":[{"href":"https:\/\/gijonbasket.com\/en\/wp-json\/wp\/v2\/media?parent=6710"}],"wp:term":[{"taxonomy":"category","embeddable":true,"href":"https:\/\/gijonbasket.com\/en\/wp-json\/wp\/v2\/categories?post=6710"},{"taxonomy":"post_tag","embeddable":true,"href":"https:\/\/gijonbasket.com\/en\/wp-json\/wp\/v2\/tags?post=6710"}],"curies":[{"name":"wp","href":"https:\/\/api.w.org\/{rel}","templated":true}]}}