{"id":6863,"date":"2025-04-30T08:22:38","date_gmt":"2025-04-30T06:22:38","guid":{"rendered":"https:\/\/gijonbasket.com\/?p=6863"},"modified":"2025-04-30T08:22:39","modified_gmt":"2025-04-30T06:22:39","slug":"keye-van-der-vuurst-adios-al-hiopos-lleida","status":"publish","type":"post","link":"https:\/\/gijonbasket.com\/en\/2025\/04\/30\/keye-van-der-vuurst-adios-al-hiopos-lleida\/","title":{"rendered":"Keye Van der Vuurst adi\u00f3s al Hiopos Lleida"},"content":{"rendered":"<p>El Hipos Lleida anunci\u00f3 la rescisi\u00f3n de contrato con Keye Van der Vuurst que militaba en el conjunto ilerdense en calidad de cedido por el Joventut Badalona.<\/p>\n\n\n\n<p>Base neerland\u00e9s de 23 a\u00f1os y 1.91 m., que comenz\u00f3 la temporada con el Joventut, hasta que en el mes de diciembre recal\u00f3 en calidad de cedido en el Hiopos Lleida.<\/p>\n\n\n\n<p>Con el Hipos Lleida promedi\u00f3 9.2 ppp; 1.6 rpp; 4.3 app.<\/p>\n\n\n\n<p>Su debut en Espa\u00f1a se produjo la pasada temporada defendiendo los colores del Zunder Palencia.<\/p>\n\n\n\n<p>5 temporadas en el Filou Oostende (2018\/2019; 2019\/2020; 2020\/2021; 2021\/2022; 2022\/2023) previo a su llegada al Zunder Palencia.<\/p>\n\n\n\n<p>Van der Vuurst regresa al Joventut pero sin poder ser reinscrito al haber finalizado el plazo de fichajes.<\/p>\n\n\n\n<p><\/p>","protected":false},"excerpt":{"rendered":"<p>El Hipos Lleida anunci\u00f3 la rescisi\u00f3n de contrato con Keye Van der Vuurst que militaba en el conjunto ilerdense en calidad de cedido por el Joventut Badalona. Base neerland\u00e9s de 23 a\u00f1os y 1.91 m., que comenz\u00f3 la temporada con el Joventut, hasta que en el mes de diciembre recal\u00f3 en calidad de cedido en&hellip;&nbsp;<a href=\"https:\/\/gijonbasket.com\/en\/2025\/04\/30\/keye-van-der-vuurst-adios-al-hiopos-lleida\/\" class=\"\" rel=\"bookmark\">Read More &raquo;<span class=\"screen-reader-text\">Keye Van der Vuurst adi\u00f3s al Hiopos Lleida<\/span><\/a><\/p>","protected":false},"author":2,"featured_media":0,"comment_status":"open","ping_status":"open","sticky":false,"template":"","format":"standard","meta":{"neve_meta_sidebar":"","neve_meta_container":"","neve_meta_enable_content_width":"","neve_meta_content_width":0,"neve_meta_title_alignment":"","neve_meta_author_avatar":"","neve_post_elements_order":"","neve_meta_disable_header":"","neve_meta_disable_footer":"","neve_meta_disable_title":"","footnotes":""},"categories":[4],"tags":[],"class_list":["post-6863","post","type-post","status-publish","format-standard","hentry","category-noticias"],"yoast_head":"<!-- This site is optimized with the Yoast SEO plugin v23.4 - https:\/\/yoast.com\/wordpress\/plugins\/seo\/ -->\n<title>Keye Van der Vuurst adi\u00f3s al Hiopos Lleida - gijonbasket<\/title>\n<meta name=\"robots\" content=\"index, follow, max-snippet:-1, max-image-preview:large, max-video-preview:-1\" \/>\n<link rel=\"canonical\" href=\"https:\/\/gijonbasket.com\/en\/2025\/04\/30\/keye-van-der-vuurst-adios-al-hiopos-lleida\/\" \/>\n<meta property=\"og:locale\" content=\"en_US\" \/>\n<meta property=\"og:type\" content=\"article\" \/>\n<meta property=\"og:title\" content=\"Keye Van der Vuurst adi\u00f3s al Hiopos Lleida - gijonbasket\" \/>\n<meta property=\"og:description\" content=\"El Hipos Lleida anunci\u00f3 la rescisi\u00f3n de contrato con Keye Van der Vuurst que militaba en el conjunto ilerdense en calidad de cedido por el Joventut Badalona. Base neerland\u00e9s de 23 a\u00f1os y 1.91 m., que comenz\u00f3 la temporada con el Joventut, hasta que en el mes de diciembre recal\u00f3 en calidad de cedido en&hellip;&nbsp;Read More &raquo;Keye Van der Vuurst adi\u00f3s al Hiopos Lleida\" \/>\n<meta property=\"og:url\" content=\"https:\/\/gijonbasket.com\/en\/2025\/04\/30\/keye-van-der-vuurst-adios-al-hiopos-lleida\/\" \/>\n<meta property=\"og:site_name\" content=\"gijonbasket\" \/>\n<meta property=\"article:published_time\" content=\"2025-04-30T06:22:38+00:00\" \/>\n<meta property=\"article:modified_time\" content=\"2025-04-30T06:22:39+00:00\" \/>\n<meta name=\"author\" content=\"Cesar Morales\" \/>\n<meta name=\"twitter:card\" content=\"summary_large_image\" \/>\n<meta name=\"twitter:label1\" content=\"Written by\" \/>\n\t<meta name=\"twitter:data1\" content=\"Cesar Morales\" \/>\n\t<meta name=\"twitter:label2\" content=\"Est. reading time\" \/>\n\t<meta name=\"twitter:data2\" content=\"1 minute\" \/>\n<script type=\"application\/ld+json\" class=\"yoast-schema-graph\">{\"@context\":\"https:\/\/schema.org\",\"@graph\":[{\"@type\":\"Article\",\"@id\":\"https:\/\/gijonbasket.com\/2025\/04\/30\/keye-van-der-vuurst-adios-al-hiopos-lleida\/#article\",\"isPartOf\":{\"@id\":\"https:\/\/gijonbasket.com\/2025\/04\/30\/keye-van-der-vuurst-adios-al-hiopos-lleida\/\"},\"author\":{\"name\":\"Cesar Morales\",\"@id\":\"https:\/\/gijonbasket.com\/#\/schema\/person\/91af9ff03e8eab582ccc344b715907c0\"},\"headline\":\"Keye Van der Vuurst adi\u00f3s al Hiopos Lleida\",\"datePublished\":\"2025-04-30T06:22:38+00:00\",\"dateModified\":\"2025-04-30T06:22:39+00:00\",\"mainEntityOfPage\":{\"@id\":\"https:\/\/gijonbasket.com\/2025\/04\/30\/keye-van-der-vuurst-adios-al-hiopos-lleida\/\"},\"wordCount\":122,\"commentCount\":0,\"publisher\":{\"@id\":\"https:\/\/gijonbasket.com\/#organization\"},\"articleSection\":[\"noticias\"],\"inLanguage\":\"en-US\",\"potentialAction\":[{\"@type\":\"CommentAction\",\"name\":\"Comment\",\"target\":[\"https:\/\/gijonbasket.com\/2025\/04\/30\/keye-van-der-vuurst-adios-al-hiopos-lleida\/#respond\"]}]},{\"@type\":\"WebPage\",\"@id\":\"https:\/\/gijonbasket.com\/2025\/04\/30\/keye-van-der-vuurst-adios-al-hiopos-lleida\/\",\"url\":\"https:\/\/gijonbasket.com\/2025\/04\/30\/keye-van-der-vuurst-adios-al-hiopos-lleida\/\",\"name\":\"Keye Van der Vuurst adi\u00f3s al Hiopos Lleida - gijonbasket\",\"isPartOf\":{\"@id\":\"https:\/\/gijonbasket.com\/#website\"},\"datePublished\":\"2025-04-30T06:22:38+00:00\",\"dateModified\":\"2025-04-30T06:22:39+00:00\",\"breadcrumb\":{\"@id\":\"https:\/\/gijonbasket.com\/2025\/04\/30\/keye-van-der-vuurst-adios-al-hiopos-lleida\/#breadcrumb\"},\"inLanguage\":\"en-US\",\"potentialAction\":[{\"@type\":\"ReadAction\",\"target\":[\"https:\/\/gijonbasket.com\/2025\/04\/30\/keye-van-der-vuurst-adios-al-hiopos-lleida\/\"]}]},{\"@type\":\"BreadcrumbList\",\"@id\":\"https:\/\/gijonbasket.com\/2025\/04\/30\/keye-van-der-vuurst-adios-al-hiopos-lleida\/#breadcrumb\",\"itemListElement\":[{\"@type\":\"ListItem\",\"position\":1,\"name\":\"Portada\",\"item\":\"https:\/\/gijonbasket.com\/\"},{\"@type\":\"ListItem\",\"position\":2,\"name\":\"Keye Van der Vuurst adi\u00f3s al Hiopos Lleida\"}]},{\"@type\":\"WebSite\",\"@id\":\"https:\/\/gijonbasket.com\/#website\",\"url\":\"https:\/\/gijonbasket.com\/\",\"name\":\"gijonbasket\",\"description\":\"\",\"publisher\":{\"@id\":\"https:\/\/gijonbasket.com\/#organization\"},\"potentialAction\":[{\"@type\":\"SearchAction\",\"target\":{\"@type\":\"EntryPoint\",\"urlTemplate\":\"https:\/\/gijonbasket.com\/?s={search_term_string}\"},\"query-input\":{\"@type\":\"PropertyValueSpecification\",\"valueRequired\":true,\"valueName\":\"search_term_string\"}}],\"inLanguage\":\"en-US\"},{\"@type\":\"Organization\",\"@id\":\"https:\/\/gijonbasket.com\/#organization\",\"name\":\"gijonbasket\",\"url\":\"https:\/\/gijonbasket.com\/\",\"logo\":{\"@type\":\"ImageObject\",\"inLanguage\":\"en-US\",\"@id\":\"https:\/\/gijonbasket.com\/#\/schema\/logo\/image\/\",\"url\":\"https:\/\/gijonbasket.com\/wp-content\/uploads\/2023\/03\/LogoGijonBasket2.jpg\",\"contentUrl\":\"https:\/\/gijonbasket.com\/wp-content\/uploads\/2023\/03\/LogoGijonBasket2.jpg\",\"width\":2000,\"height\":550,\"caption\":\"gijonbasket\"},\"image\":{\"@id\":\"https:\/\/gijonbasket.com\/#\/schema\/logo\/image\/\"}},{\"@type\":\"Person\",\"@id\":\"https:\/\/gijonbasket.com\/#\/schema\/person\/91af9ff03e8eab582ccc344b715907c0\",\"name\":\"Cesar Morales\",\"image\":{\"@type\":\"ImageObject\",\"inLanguage\":\"en-US\",\"@id\":\"https:\/\/gijonbasket.com\/#\/schema\/person\/image\/\",\"url\":\"https:\/\/secure.gravatar.com\/avatar\/ab9ddf1e87f7580cae3deefb05a58c5cf4f0c7f96f033fd7dacc23f0e8d149ca?s=96&d=mm&r=g\",\"contentUrl\":\"https:\/\/secure.gravatar.com\/avatar\/ab9ddf1e87f7580cae3deefb05a58c5cf4f0c7f96f033fd7dacc23f0e8d149ca?s=96&d=mm&r=g\",\"caption\":\"Cesar Morales\"},\"url\":\"https:\/\/gijonbasket.com\/en\/author\/cesar\/\"}]}<\/script>\n<!-- \/ Yoast SEO plugin. -->","yoast_head_json":{"title":"Keye Van der Vuurst adi\u00f3s al Hiopos Lleida - gijonbasket","robots":{"index":"index","follow":"follow","max-snippet":"max-snippet:-1","max-image-preview":"max-image-preview:large","max-video-preview":"max-video-preview:-1"},"canonical":"https:\/\/gijonbasket.com\/en\/2025\/04\/30\/keye-van-der-vuurst-adios-al-hiopos-lleida\/","og_locale":"en_US","og_type":"article","og_title":"Keye Van der Vuurst adi\u00f3s al Hiopos Lleida - gijonbasket","og_description":"El Hipos Lleida anunci\u00f3 la rescisi\u00f3n de contrato con Keye Van der Vuurst que militaba en el conjunto ilerdense en calidad de cedido por el Joventut Badalona. Base neerland\u00e9s de 23 a\u00f1os y 1.91 m., que comenz\u00f3 la temporada con el Joventut, hasta que en el mes de diciembre recal\u00f3 en calidad de cedido en&hellip;&nbsp;Read More &raquo;Keye Van der Vuurst adi\u00f3s al Hiopos Lleida","og_url":"https:\/\/gijonbasket.com\/en\/2025\/04\/30\/keye-van-der-vuurst-adios-al-hiopos-lleida\/","og_site_name":"gijonbasket","article_published_time":"2025-04-30T06:22:38+00:00","article_modified_time":"2025-04-30T06:22:39+00:00","author":"Cesar Morales","twitter_card":"summary_large_image","twitter_misc":{"Written by":"Cesar Morales","Est. reading time":"1 minute"},"schema":{"@context":"https:\/\/schema.org","@graph":[{"@type":"Article","@id":"https:\/\/gijonbasket.com\/2025\/04\/30\/keye-van-der-vuurst-adios-al-hiopos-lleida\/#article","isPartOf":{"@id":"https:\/\/gijonbasket.com\/2025\/04\/30\/keye-van-der-vuurst-adios-al-hiopos-lleida\/"},"author":{"name":"Cesar Morales","@id":"https:\/\/gijonbasket.com\/#\/schema\/person\/91af9ff03e8eab582ccc344b715907c0"},"headline":"Keye Van der Vuurst adi\u00f3s al Hiopos Lleida","datePublished":"2025-04-30T06:22:38+00:00","dateModified":"2025-04-30T06:22:39+00:00","mainEntityOfPage":{"@id":"https:\/\/gijonbasket.com\/2025\/04\/30\/keye-van-der-vuurst-adios-al-hiopos-lleida\/"},"wordCount":122,"commentCount":0,"publisher":{"@id":"https:\/\/gijonbasket.com\/#organization"},"articleSection":["noticias"],"inLanguage":"en-US","potentialAction":[{"@type":"CommentAction","name":"Comment","target":["https:\/\/gijonbasket.com\/2025\/04\/30\/keye-van-der-vuurst-adios-al-hiopos-lleida\/#respond"]}]},{"@type":"WebPage","@id":"https:\/\/gijonbasket.com\/2025\/04\/30\/keye-van-der-vuurst-adios-al-hiopos-lleida\/","url":"https:\/\/gijonbasket.com\/2025\/04\/30\/keye-van-der-vuurst-adios-al-hiopos-lleida\/","name":"Keye Van der Vuurst adi\u00f3s al Hiopos Lleida - gijonbasket","isPartOf":{"@id":"https:\/\/gijonbasket.com\/#website"},"datePublished":"2025-04-30T06:22:38+00:00","dateModified":"2025-04-30T06:22:39+00:00","breadcrumb":{"@id":"https:\/\/gijonbasket.com\/2025\/04\/30\/keye-van-der-vuurst-adios-al-hiopos-lleida\/#breadcrumb"},"inLanguage":"en-US","potentialAction":[{"@type":"ReadAction","target":["https:\/\/gijonbasket.com\/2025\/04\/30\/keye-van-der-vuurst-adios-al-hiopos-lleida\/"]}]},{"@type":"BreadcrumbList","@id":"https:\/\/gijonbasket.com\/2025\/04\/30\/keye-van-der-vuurst-adios-al-hiopos-lleida\/#breadcrumb","itemListElement":[{"@type":"ListItem","position":1,"name":"Portada","item":"https:\/\/gijonbasket.com\/"},{"@type":"ListItem","position":2,"name":"Keye Van der Vuurst adi\u00f3s al Hiopos Lleida"}]},{"@type":"WebSite","@id":"https:\/\/gijonbasket.com\/#website","url":"https:\/\/gijonbasket.com\/","name":"gijonbasket","description":"","publisher":{"@id":"https:\/\/gijonbasket.com\/#organization"},"potentialAction":[{"@type":"SearchAction","target":{"@type":"EntryPoint","urlTemplate":"https:\/\/gijonbasket.com\/?s={search_term_string}"},"query-input":{"@type":"PropertyValueSpecification","valueRequired":true,"valueName":"search_term_string"}}],"inLanguage":"en-US"},{"@type":"Organization","@id":"https:\/\/gijonbasket.com\/#organization","name":"gijonbasket","url":"https:\/\/gijonbasket.com\/","logo":{"@type":"ImageObject","inLanguage":"en-US","@id":"https:\/\/gijonbasket.com\/#\/schema\/logo\/image\/","url":"https:\/\/gijonbasket.com\/wp-content\/uploads\/2023\/03\/LogoGijonBasket2.jpg","contentUrl":"https:\/\/gijonbasket.com\/wp-content\/uploads\/2023\/03\/LogoGijonBasket2.jpg","width":2000,"height":550,"caption":"gijonbasket"},"image":{"@id":"https:\/\/gijonbasket.com\/#\/schema\/logo\/image\/"}},{"@type":"Person","@id":"https:\/\/gijonbasket.com\/#\/schema\/person\/91af9ff03e8eab582ccc344b715907c0","name":"Cesar Morales","image":{"@type":"ImageObject","inLanguage":"en-US","@id":"https:\/\/gijonbasket.com\/#\/schema\/person\/image\/","url":"https:\/\/secure.gravatar.com\/avatar\/ab9ddf1e87f7580cae3deefb05a58c5cf4f0c7f96f033fd7dacc23f0e8d149ca?s=96&d=mm&r=g","contentUrl":"https:\/\/secure.gravatar.com\/avatar\/ab9ddf1e87f7580cae3deefb05a58c5cf4f0c7f96f033fd7dacc23f0e8d149ca?s=96&d=mm&r=g","caption":"Cesar Morales"},"url":"https:\/\/gijonbasket.com\/en\/author\/cesar\/"}]}},"_links":{"self":[{"href":"https:\/\/gijonbasket.com\/en\/wp-json\/wp\/v2\/posts\/6863","targetHints":{"allow":["GET"]}}],"collection":[{"href":"https:\/\/gijonbasket.com\/en\/wp-json\/wp\/v2\/posts"}],"about":[{"href":"https:\/\/gijonbasket.com\/en\/wp-json\/wp\/v2\/types\/post"}],"author":[{"embeddable":true,"href":"https:\/\/gijonbasket.com\/en\/wp-json\/wp\/v2\/users\/2"}],"replies":[{"embeddable":true,"href":"https:\/\/gijonbasket.com\/en\/wp-json\/wp\/v2\/comments?post=6863"}],"version-history":[{"count":1,"href":"https:\/\/gijonbasket.com\/en\/wp-json\/wp\/v2\/posts\/6863\/revisions"}],"predecessor-version":[{"id":6864,"href":"https:\/\/gijonbasket.com\/en\/wp-json\/wp\/v2\/posts\/6863\/revisions\/6864"}],"wp:attachment":[{"href":"https:\/\/gijonbasket.com\/en\/wp-json\/wp\/v2\/media?parent=6863"}],"wp:term":[{"taxonomy":"category","embeddable":true,"href":"https:\/\/gijonbasket.com\/en\/wp-json\/wp\/v2\/categories?post=6863"},{"taxonomy":"post_tag","embeddable":true,"href":"https:\/\/gijonbasket.com\/en\/wp-json\/wp\/v2\/tags?post=6863"}],"curies":[{"name":"wp","href":"https:\/\/api.w.org\/{rel}","templated":true}]}}