{"id":6902,"date":"2025-05-06T11:33:32","date_gmt":"2025-05-06T09:33:32","guid":{"rendered":"https:\/\/gijonbasket.com\/?p=6902"},"modified":"2025-05-06T11:33:34","modified_gmt":"2025-05-06T09:33:34","slug":"jaka-lakovic-2-temporadas-mas-con-el-dreamland-gran-canaria","status":"publish","type":"post","link":"https:\/\/gijonbasket.com\/en\/2025\/05\/06\/jaka-lakovic-2-temporadas-mas-con-el-dreamland-gran-canaria\/","title":{"rendered":"Jaka Lakovic 2 temporadas m\u00e1s con el Dreamland Gran Canaria"},"content":{"rendered":"<p>El Dreamland Gran Canaria anunci\u00f3 la renovaci\u00f3n de contrato a su t\u00e9cnico Jaka Lakovic para las pr\u00f3ximas 2 temporadas.<\/p>\n\n\n\n<p>El t\u00e9cnico esloveno de 46 a\u00f1os, cumple su tercera temporada dirigiendo al Dreamland Gran Canaria.<\/p>\n\n\n\n<p>Jaka Lakovic debut\u00f3 como t\u00e9cnico en la temporada 2017\/2018, cuando tom\u00f3 el relevo en el banquillo del RETAbet Bilbao Basket tras la destituci\u00f3n de Veljko Mrsic, lo que le permiti\u00f3 estrenarse en Liga Endesa dirigiendo los cuatro \u00faltimos partidos de esa campa\u00f1a.<\/p>\n\n\n\n<p>Del RETAbet Bilbao Basket continu\u00f3 su carrera en Alemania dirigiendo durante tres temporadas al Ratiopharm \u00dclm (2019\/2020; 2020\/2021; 2021\/2022) previo a su llegada al Dreamland Gran Canaria.<\/p>\n\n\n\n<p>Jaka Lakovic destac\u00f3 por su extensa carrera como base. 16 temporadas como profesional destacando su paso por Panathinaikos y F.C. Barcelona.<\/p>\n\n\n\n<p>Con el F.C. Barcelona destaca su palmar\u00e9s con Euroliga (1), Liga Endesa (2), Copa del Rey (3) y SuperCopa ACB (3).<\/p>\n\n\n\n<p>Jaka Lakovic jug\u00f3 en Eslovenia, Grecia, Espa\u00f1a y Turqu\u00eda.<\/p>\n\n\n\n<p>Internacional por Eslovenia. <\/p>","protected":false},"excerpt":{"rendered":"<p>El Dreamland Gran Canaria anunci\u00f3 la renovaci\u00f3n de contrato a su t\u00e9cnico Jaka Lakovic para las pr\u00f3ximas 2 temporadas. El t\u00e9cnico esloveno de 46 a\u00f1os, cumple su tercera temporada dirigiendo al Dreamland Gran Canaria. Jaka Lakovic debut\u00f3 como t\u00e9cnico en la temporada 2017\/2018, cuando tom\u00f3 el relevo en el banquillo del RETAbet Bilbao Basket tras&hellip;&nbsp;<a href=\"https:\/\/gijonbasket.com\/en\/2025\/05\/06\/jaka-lakovic-2-temporadas-mas-con-el-dreamland-gran-canaria\/\" class=\"\" rel=\"bookmark\">Read More &raquo;<span class=\"screen-reader-text\">Jaka Lakovic 2 temporadas m\u00e1s con el Dreamland Gran Canaria<\/span><\/a><\/p>","protected":false},"author":2,"featured_media":0,"comment_status":"open","ping_status":"open","sticky":false,"template":"","format":"standard","meta":{"neve_meta_sidebar":"","neve_meta_container":"","neve_meta_enable_content_width":"","neve_meta_content_width":0,"neve_meta_title_alignment":"","neve_meta_author_avatar":"","neve_post_elements_order":"","neve_meta_disable_header":"","neve_meta_disable_footer":"","neve_meta_disable_title":"","footnotes":""},"categories":[4],"tags":[],"class_list":["post-6902","post","type-post","status-publish","format-standard","hentry","category-noticias"],"yoast_head":"<!-- This site is optimized with the Yoast SEO plugin v23.4 - https:\/\/yoast.com\/wordpress\/plugins\/seo\/ -->\n<title>Jaka Lakovic 2 temporadas m\u00e1s con el Dreamland Gran Canaria - gijonbasket<\/title>\n<meta name=\"robots\" content=\"index, follow, max-snippet:-1, max-image-preview:large, max-video-preview:-1\" \/>\n<link rel=\"canonical\" href=\"https:\/\/gijonbasket.com\/en\/2025\/05\/06\/jaka-lakovic-2-temporadas-mas-con-el-dreamland-gran-canaria\/\" \/>\n<meta property=\"og:locale\" content=\"en_US\" \/>\n<meta property=\"og:type\" content=\"article\" \/>\n<meta property=\"og:title\" content=\"Jaka Lakovic 2 temporadas m\u00e1s con el Dreamland Gran Canaria - gijonbasket\" \/>\n<meta property=\"og:description\" content=\"El Dreamland Gran Canaria anunci\u00f3 la renovaci\u00f3n de contrato a su t\u00e9cnico Jaka Lakovic para las pr\u00f3ximas 2 temporadas. El t\u00e9cnico esloveno de 46 a\u00f1os, cumple su tercera temporada dirigiendo al Dreamland Gran Canaria. Jaka Lakovic debut\u00f3 como t\u00e9cnico en la temporada 2017\/2018, cuando tom\u00f3 el relevo en el banquillo del RETAbet Bilbao Basket tras&hellip;&nbsp;Read More &raquo;Jaka Lakovic 2 temporadas m\u00e1s con el Dreamland Gran Canaria\" \/>\n<meta property=\"og:url\" content=\"https:\/\/gijonbasket.com\/en\/2025\/05\/06\/jaka-lakovic-2-temporadas-mas-con-el-dreamland-gran-canaria\/\" \/>\n<meta property=\"og:site_name\" content=\"gijonbasket\" \/>\n<meta property=\"article:published_time\" content=\"2025-05-06T09:33:32+00:00\" \/>\n<meta property=\"article:modified_time\" content=\"2025-05-06T09:33:34+00:00\" \/>\n<meta name=\"author\" content=\"Cesar Morales\" \/>\n<meta name=\"twitter:card\" content=\"summary_large_image\" \/>\n<meta name=\"twitter:label1\" content=\"Written by\" \/>\n\t<meta name=\"twitter:data1\" content=\"Cesar Morales\" \/>\n\t<meta name=\"twitter:label2\" content=\"Est. reading time\" \/>\n\t<meta name=\"twitter:data2\" content=\"1 minute\" \/>\n<script type=\"application\/ld+json\" class=\"yoast-schema-graph\">{\"@context\":\"https:\/\/schema.org\",\"@graph\":[{\"@type\":\"Article\",\"@id\":\"https:\/\/gijonbasket.com\/2025\/05\/06\/jaka-lakovic-2-temporadas-mas-con-el-dreamland-gran-canaria\/#article\",\"isPartOf\":{\"@id\":\"https:\/\/gijonbasket.com\/2025\/05\/06\/jaka-lakovic-2-temporadas-mas-con-el-dreamland-gran-canaria\/\"},\"author\":{\"name\":\"Cesar Morales\",\"@id\":\"https:\/\/gijonbasket.com\/#\/schema\/person\/91af9ff03e8eab582ccc344b715907c0\"},\"headline\":\"Jaka Lakovic 2 temporadas m\u00e1s con el Dreamland Gran Canaria\",\"datePublished\":\"2025-05-06T09:33:32+00:00\",\"dateModified\":\"2025-05-06T09:33:34+00:00\",\"mainEntityOfPage\":{\"@id\":\"https:\/\/gijonbasket.com\/2025\/05\/06\/jaka-lakovic-2-temporadas-mas-con-el-dreamland-gran-canaria\/\"},\"wordCount\":169,\"commentCount\":0,\"publisher\":{\"@id\":\"https:\/\/gijonbasket.com\/#organization\"},\"articleSection\":[\"noticias\"],\"inLanguage\":\"en-US\",\"potentialAction\":[{\"@type\":\"CommentAction\",\"name\":\"Comment\",\"target\":[\"https:\/\/gijonbasket.com\/2025\/05\/06\/jaka-lakovic-2-temporadas-mas-con-el-dreamland-gran-canaria\/#respond\"]}]},{\"@type\":\"WebPage\",\"@id\":\"https:\/\/gijonbasket.com\/2025\/05\/06\/jaka-lakovic-2-temporadas-mas-con-el-dreamland-gran-canaria\/\",\"url\":\"https:\/\/gijonbasket.com\/2025\/05\/06\/jaka-lakovic-2-temporadas-mas-con-el-dreamland-gran-canaria\/\",\"name\":\"Jaka Lakovic 2 temporadas m\u00e1s con el Dreamland Gran Canaria - gijonbasket\",\"isPartOf\":{\"@id\":\"https:\/\/gijonbasket.com\/#website\"},\"datePublished\":\"2025-05-06T09:33:32+00:00\",\"dateModified\":\"2025-05-06T09:33:34+00:00\",\"breadcrumb\":{\"@id\":\"https:\/\/gijonbasket.com\/2025\/05\/06\/jaka-lakovic-2-temporadas-mas-con-el-dreamland-gran-canaria\/#breadcrumb\"},\"inLanguage\":\"en-US\",\"potentialAction\":[{\"@type\":\"ReadAction\",\"target\":[\"https:\/\/gijonbasket.com\/2025\/05\/06\/jaka-lakovic-2-temporadas-mas-con-el-dreamland-gran-canaria\/\"]}]},{\"@type\":\"BreadcrumbList\",\"@id\":\"https:\/\/gijonbasket.com\/2025\/05\/06\/jaka-lakovic-2-temporadas-mas-con-el-dreamland-gran-canaria\/#breadcrumb\",\"itemListElement\":[{\"@type\":\"ListItem\",\"position\":1,\"name\":\"Portada\",\"item\":\"https:\/\/gijonbasket.com\/\"},{\"@type\":\"ListItem\",\"position\":2,\"name\":\"Jaka Lakovic 2 temporadas m\u00e1s con el Dreamland Gran Canaria\"}]},{\"@type\":\"WebSite\",\"@id\":\"https:\/\/gijonbasket.com\/#website\",\"url\":\"https:\/\/gijonbasket.com\/\",\"name\":\"gijonbasket\",\"description\":\"\",\"publisher\":{\"@id\":\"https:\/\/gijonbasket.com\/#organization\"},\"potentialAction\":[{\"@type\":\"SearchAction\",\"target\":{\"@type\":\"EntryPoint\",\"urlTemplate\":\"https:\/\/gijonbasket.com\/?s={search_term_string}\"},\"query-input\":{\"@type\":\"PropertyValueSpecification\",\"valueRequired\":true,\"valueName\":\"search_term_string\"}}],\"inLanguage\":\"en-US\"},{\"@type\":\"Organization\",\"@id\":\"https:\/\/gijonbasket.com\/#organization\",\"name\":\"gijonbasket\",\"url\":\"https:\/\/gijonbasket.com\/\",\"logo\":{\"@type\":\"ImageObject\",\"inLanguage\":\"en-US\",\"@id\":\"https:\/\/gijonbasket.com\/#\/schema\/logo\/image\/\",\"url\":\"https:\/\/gijonbasket.com\/wp-content\/uploads\/2023\/03\/LogoGijonBasket2.jpg\",\"contentUrl\":\"https:\/\/gijonbasket.com\/wp-content\/uploads\/2023\/03\/LogoGijonBasket2.jpg\",\"width\":2000,\"height\":550,\"caption\":\"gijonbasket\"},\"image\":{\"@id\":\"https:\/\/gijonbasket.com\/#\/schema\/logo\/image\/\"}},{\"@type\":\"Person\",\"@id\":\"https:\/\/gijonbasket.com\/#\/schema\/person\/91af9ff03e8eab582ccc344b715907c0\",\"name\":\"Cesar Morales\",\"image\":{\"@type\":\"ImageObject\",\"inLanguage\":\"en-US\",\"@id\":\"https:\/\/gijonbasket.com\/#\/schema\/person\/image\/\",\"url\":\"https:\/\/secure.gravatar.com\/avatar\/ab9ddf1e87f7580cae3deefb05a58c5cf4f0c7f96f033fd7dacc23f0e8d149ca?s=96&d=mm&r=g\",\"contentUrl\":\"https:\/\/secure.gravatar.com\/avatar\/ab9ddf1e87f7580cae3deefb05a58c5cf4f0c7f96f033fd7dacc23f0e8d149ca?s=96&d=mm&r=g\",\"caption\":\"Cesar Morales\"},\"url\":\"https:\/\/gijonbasket.com\/en\/author\/cesar\/\"}]}<\/script>\n<!-- \/ Yoast SEO plugin. -->","yoast_head_json":{"title":"Jaka Lakovic 2 temporadas m\u00e1s con el Dreamland Gran Canaria - gijonbasket","robots":{"index":"index","follow":"follow","max-snippet":"max-snippet:-1","max-image-preview":"max-image-preview:large","max-video-preview":"max-video-preview:-1"},"canonical":"https:\/\/gijonbasket.com\/en\/2025\/05\/06\/jaka-lakovic-2-temporadas-mas-con-el-dreamland-gran-canaria\/","og_locale":"en_US","og_type":"article","og_title":"Jaka Lakovic 2 temporadas m\u00e1s con el Dreamland Gran Canaria - gijonbasket","og_description":"El Dreamland Gran Canaria anunci\u00f3 la renovaci\u00f3n de contrato a su t\u00e9cnico Jaka Lakovic para las pr\u00f3ximas 2 temporadas. El t\u00e9cnico esloveno de 46 a\u00f1os, cumple su tercera temporada dirigiendo al Dreamland Gran Canaria. Jaka Lakovic debut\u00f3 como t\u00e9cnico en la temporada 2017\/2018, cuando tom\u00f3 el relevo en el banquillo del RETAbet Bilbao Basket tras&hellip;&nbsp;Read More &raquo;Jaka Lakovic 2 temporadas m\u00e1s con el Dreamland Gran Canaria","og_url":"https:\/\/gijonbasket.com\/en\/2025\/05\/06\/jaka-lakovic-2-temporadas-mas-con-el-dreamland-gran-canaria\/","og_site_name":"gijonbasket","article_published_time":"2025-05-06T09:33:32+00:00","article_modified_time":"2025-05-06T09:33:34+00:00","author":"Cesar Morales","twitter_card":"summary_large_image","twitter_misc":{"Written by":"Cesar Morales","Est. reading time":"1 minute"},"schema":{"@context":"https:\/\/schema.org","@graph":[{"@type":"Article","@id":"https:\/\/gijonbasket.com\/2025\/05\/06\/jaka-lakovic-2-temporadas-mas-con-el-dreamland-gran-canaria\/#article","isPartOf":{"@id":"https:\/\/gijonbasket.com\/2025\/05\/06\/jaka-lakovic-2-temporadas-mas-con-el-dreamland-gran-canaria\/"},"author":{"name":"Cesar Morales","@id":"https:\/\/gijonbasket.com\/#\/schema\/person\/91af9ff03e8eab582ccc344b715907c0"},"headline":"Jaka Lakovic 2 temporadas m\u00e1s con el Dreamland Gran Canaria","datePublished":"2025-05-06T09:33:32+00:00","dateModified":"2025-05-06T09:33:34+00:00","mainEntityOfPage":{"@id":"https:\/\/gijonbasket.com\/2025\/05\/06\/jaka-lakovic-2-temporadas-mas-con-el-dreamland-gran-canaria\/"},"wordCount":169,"commentCount":0,"publisher":{"@id":"https:\/\/gijonbasket.com\/#organization"},"articleSection":["noticias"],"inLanguage":"en-US","potentialAction":[{"@type":"CommentAction","name":"Comment","target":["https:\/\/gijonbasket.com\/2025\/05\/06\/jaka-lakovic-2-temporadas-mas-con-el-dreamland-gran-canaria\/#respond"]}]},{"@type":"WebPage","@id":"https:\/\/gijonbasket.com\/2025\/05\/06\/jaka-lakovic-2-temporadas-mas-con-el-dreamland-gran-canaria\/","url":"https:\/\/gijonbasket.com\/2025\/05\/06\/jaka-lakovic-2-temporadas-mas-con-el-dreamland-gran-canaria\/","name":"Jaka Lakovic 2 temporadas m\u00e1s con el Dreamland Gran Canaria - gijonbasket","isPartOf":{"@id":"https:\/\/gijonbasket.com\/#website"},"datePublished":"2025-05-06T09:33:32+00:00","dateModified":"2025-05-06T09:33:34+00:00","breadcrumb":{"@id":"https:\/\/gijonbasket.com\/2025\/05\/06\/jaka-lakovic-2-temporadas-mas-con-el-dreamland-gran-canaria\/#breadcrumb"},"inLanguage":"en-US","potentialAction":[{"@type":"ReadAction","target":["https:\/\/gijonbasket.com\/2025\/05\/06\/jaka-lakovic-2-temporadas-mas-con-el-dreamland-gran-canaria\/"]}]},{"@type":"BreadcrumbList","@id":"https:\/\/gijonbasket.com\/2025\/05\/06\/jaka-lakovic-2-temporadas-mas-con-el-dreamland-gran-canaria\/#breadcrumb","itemListElement":[{"@type":"ListItem","position":1,"name":"Portada","item":"https:\/\/gijonbasket.com\/"},{"@type":"ListItem","position":2,"name":"Jaka Lakovic 2 temporadas m\u00e1s con el Dreamland Gran Canaria"}]},{"@type":"WebSite","@id":"https:\/\/gijonbasket.com\/#website","url":"https:\/\/gijonbasket.com\/","name":"gijonbasket","description":"","publisher":{"@id":"https:\/\/gijonbasket.com\/#organization"},"potentialAction":[{"@type":"SearchAction","target":{"@type":"EntryPoint","urlTemplate":"https:\/\/gijonbasket.com\/?s={search_term_string}"},"query-input":{"@type":"PropertyValueSpecification","valueRequired":true,"valueName":"search_term_string"}}],"inLanguage":"en-US"},{"@type":"Organization","@id":"https:\/\/gijonbasket.com\/#organization","name":"gijonbasket","url":"https:\/\/gijonbasket.com\/","logo":{"@type":"ImageObject","inLanguage":"en-US","@id":"https:\/\/gijonbasket.com\/#\/schema\/logo\/image\/","url":"https:\/\/gijonbasket.com\/wp-content\/uploads\/2023\/03\/LogoGijonBasket2.jpg","contentUrl":"https:\/\/gijonbasket.com\/wp-content\/uploads\/2023\/03\/LogoGijonBasket2.jpg","width":2000,"height":550,"caption":"gijonbasket"},"image":{"@id":"https:\/\/gijonbasket.com\/#\/schema\/logo\/image\/"}},{"@type":"Person","@id":"https:\/\/gijonbasket.com\/#\/schema\/person\/91af9ff03e8eab582ccc344b715907c0","name":"Cesar Morales","image":{"@type":"ImageObject","inLanguage":"en-US","@id":"https:\/\/gijonbasket.com\/#\/schema\/person\/image\/","url":"https:\/\/secure.gravatar.com\/avatar\/ab9ddf1e87f7580cae3deefb05a58c5cf4f0c7f96f033fd7dacc23f0e8d149ca?s=96&d=mm&r=g","contentUrl":"https:\/\/secure.gravatar.com\/avatar\/ab9ddf1e87f7580cae3deefb05a58c5cf4f0c7f96f033fd7dacc23f0e8d149ca?s=96&d=mm&r=g","caption":"Cesar Morales"},"url":"https:\/\/gijonbasket.com\/en\/author\/cesar\/"}]}},"_links":{"self":[{"href":"https:\/\/gijonbasket.com\/en\/wp-json\/wp\/v2\/posts\/6902","targetHints":{"allow":["GET"]}}],"collection":[{"href":"https:\/\/gijonbasket.com\/en\/wp-json\/wp\/v2\/posts"}],"about":[{"href":"https:\/\/gijonbasket.com\/en\/wp-json\/wp\/v2\/types\/post"}],"author":[{"embeddable":true,"href":"https:\/\/gijonbasket.com\/en\/wp-json\/wp\/v2\/users\/2"}],"replies":[{"embeddable":true,"href":"https:\/\/gijonbasket.com\/en\/wp-json\/wp\/v2\/comments?post=6902"}],"version-history":[{"count":1,"href":"https:\/\/gijonbasket.com\/en\/wp-json\/wp\/v2\/posts\/6902\/revisions"}],"predecessor-version":[{"id":6903,"href":"https:\/\/gijonbasket.com\/en\/wp-json\/wp\/v2\/posts\/6902\/revisions\/6903"}],"wp:attachment":[{"href":"https:\/\/gijonbasket.com\/en\/wp-json\/wp\/v2\/media?parent=6902"}],"wp:term":[{"taxonomy":"category","embeddable":true,"href":"https:\/\/gijonbasket.com\/en\/wp-json\/wp\/v2\/categories?post=6902"},{"taxonomy":"post_tag","embeddable":true,"href":"https:\/\/gijonbasket.com\/en\/wp-json\/wp\/v2\/tags?post=6902"}],"curies":[{"name":"wp","href":"https:\/\/api.w.org\/{rel}","templated":true}]}}