{"id":7002,"date":"2025-05-23T06:50:06","date_gmt":"2025-05-23T04:50:06","guid":{"rendered":"https:\/\/gijonbasket.com\/?p=7002"},"modified":"2025-05-23T06:51:05","modified_gmt":"2025-05-23T04:51:05","slug":"eurobasket-2029-en-espana","status":"publish","type":"post","link":"https:\/\/gijonbasket.com\/en\/2025\/05\/23\/eurobasket-2029-en-espana\/","title":{"rendered":"EuroBasket 2029 en Espa\u00f1a"},"content":{"rendered":"<p>Hito hist\u00f3rico con la designaci\u00f3n en el d\u00eda de ayer por parte de FIBA Europa a Espa\u00f1a como organizador del EuroBasket 2029 imponi\u00e9ndose a Grecia.<\/p>\n\n\n\n<p>Espa\u00f1a organizar\u00e1 el EuroBasket 2029 en formato multisede con Primera Fase (grupo de Espa\u00f1a) y Fase Final. Falta conocer que otros pa\u00edses completar\u00e1n la organizaci\u00f3n de la Primera Fase.<\/p>\n\n\n\n<p>Espa\u00f1a volver\u00e1 a ser sede del EuroBasket tras los disputados en 1973, 1997 y 2007 m\u00e1s la Copa del Mundo de 1986 y 2014.<\/p>\n\n\n\n<p>En categor\u00eda femenina, Espa\u00f1a fue organizador de la Copa del Mundo 2018 y el EuroBasket 2021.<\/p>\n\n\n\n<p>Los dos escenarios del EuroBasket 2029 tendr\u00e1n como protagonistas el Movistar Arena y el Estadio Santiago Bernab\u00e9u.<\/p>","protected":false},"excerpt":{"rendered":"<p>Hito hist\u00f3rico con la designaci\u00f3n en el d\u00eda de ayer por parte de FIBA Europa a Espa\u00f1a como organizador del EuroBasket 2029 imponi\u00e9ndose a Grecia. Espa\u00f1a organizar\u00e1 el EuroBasket 2029 en formato multisede con Primera Fase (grupo de Espa\u00f1a) y Fase Final. Falta conocer que otros pa\u00edses completar\u00e1n la organizaci\u00f3n de la Primera Fase. Espa\u00f1a&hellip;&nbsp;<a href=\"https:\/\/gijonbasket.com\/en\/2025\/05\/23\/eurobasket-2029-en-espana\/\" class=\"\" rel=\"bookmark\">Read More &raquo;<span class=\"screen-reader-text\">EuroBasket 2029 en Espa\u00f1a<\/span><\/a><\/p>","protected":false},"author":2,"featured_media":0,"comment_status":"open","ping_status":"open","sticky":false,"template":"","format":"standard","meta":{"neve_meta_sidebar":"","neve_meta_container":"","neve_meta_enable_content_width":"","neve_meta_content_width":0,"neve_meta_title_alignment":"","neve_meta_author_avatar":"","neve_post_elements_order":"","neve_meta_disable_header":"","neve_meta_disable_footer":"","neve_meta_disable_title":"","footnotes":""},"categories":[4],"tags":[],"class_list":["post-7002","post","type-post","status-publish","format-standard","hentry","category-noticias"],"yoast_head":"<!-- This site is optimized with the Yoast SEO plugin v23.4 - https:\/\/yoast.com\/wordpress\/plugins\/seo\/ -->\n<title>EuroBasket 2029 en Espa\u00f1a - gijonbasket<\/title>\n<meta name=\"robots\" content=\"index, follow, max-snippet:-1, max-image-preview:large, max-video-preview:-1\" \/>\n<link rel=\"canonical\" href=\"https:\/\/gijonbasket.com\/en\/2025\/05\/23\/eurobasket-2029-en-espana\/\" \/>\n<meta property=\"og:locale\" content=\"en_US\" \/>\n<meta property=\"og:type\" content=\"article\" \/>\n<meta property=\"og:title\" content=\"EuroBasket 2029 en Espa\u00f1a - gijonbasket\" \/>\n<meta property=\"og:description\" content=\"Hito hist\u00f3rico con la designaci\u00f3n en el d\u00eda de ayer por parte de FIBA Europa a Espa\u00f1a como organizador del EuroBasket 2029 imponi\u00e9ndose a Grecia. Espa\u00f1a organizar\u00e1 el EuroBasket 2029 en formato multisede con Primera Fase (grupo de Espa\u00f1a) y Fase Final. Falta conocer que otros pa\u00edses completar\u00e1n la organizaci\u00f3n de la Primera Fase. Espa\u00f1a&hellip;&nbsp;Read More &raquo;EuroBasket 2029 en Espa\u00f1a\" \/>\n<meta property=\"og:url\" content=\"https:\/\/gijonbasket.com\/en\/2025\/05\/23\/eurobasket-2029-en-espana\/\" \/>\n<meta property=\"og:site_name\" content=\"gijonbasket\" \/>\n<meta property=\"article:published_time\" content=\"2025-05-23T04:50:06+00:00\" \/>\n<meta property=\"article:modified_time\" content=\"2025-05-23T04:51:05+00:00\" \/>\n<meta name=\"author\" content=\"Cesar Morales\" \/>\n<meta name=\"twitter:card\" content=\"summary_large_image\" \/>\n<meta name=\"twitter:label1\" content=\"Written by\" \/>\n\t<meta name=\"twitter:data1\" content=\"Cesar Morales\" \/>\n\t<meta name=\"twitter:label2\" content=\"Est. reading time\" \/>\n\t<meta name=\"twitter:data2\" content=\"1 minute\" \/>\n<script type=\"application\/ld+json\" class=\"yoast-schema-graph\">{\"@context\":\"https:\/\/schema.org\",\"@graph\":[{\"@type\":\"Article\",\"@id\":\"https:\/\/gijonbasket.com\/2025\/05\/23\/eurobasket-2029-en-espana\/#article\",\"isPartOf\":{\"@id\":\"https:\/\/gijonbasket.com\/2025\/05\/23\/eurobasket-2029-en-espana\/\"},\"author\":{\"name\":\"Cesar Morales\",\"@id\":\"https:\/\/gijonbasket.com\/#\/schema\/person\/91af9ff03e8eab582ccc344b715907c0\"},\"headline\":\"EuroBasket 2029 en Espa\u00f1a\",\"datePublished\":\"2025-05-23T04:50:06+00:00\",\"dateModified\":\"2025-05-23T04:51:05+00:00\",\"mainEntityOfPage\":{\"@id\":\"https:\/\/gijonbasket.com\/2025\/05\/23\/eurobasket-2029-en-espana\/\"},\"wordCount\":121,\"commentCount\":0,\"publisher\":{\"@id\":\"https:\/\/gijonbasket.com\/#organization\"},\"articleSection\":[\"noticias\"],\"inLanguage\":\"en-US\",\"potentialAction\":[{\"@type\":\"CommentAction\",\"name\":\"Comment\",\"target\":[\"https:\/\/gijonbasket.com\/2025\/05\/23\/eurobasket-2029-en-espana\/#respond\"]}]},{\"@type\":\"WebPage\",\"@id\":\"https:\/\/gijonbasket.com\/2025\/05\/23\/eurobasket-2029-en-espana\/\",\"url\":\"https:\/\/gijonbasket.com\/2025\/05\/23\/eurobasket-2029-en-espana\/\",\"name\":\"EuroBasket 2029 en Espa\u00f1a - gijonbasket\",\"isPartOf\":{\"@id\":\"https:\/\/gijonbasket.com\/#website\"},\"datePublished\":\"2025-05-23T04:50:06+00:00\",\"dateModified\":\"2025-05-23T04:51:05+00:00\",\"breadcrumb\":{\"@id\":\"https:\/\/gijonbasket.com\/2025\/05\/23\/eurobasket-2029-en-espana\/#breadcrumb\"},\"inLanguage\":\"en-US\",\"potentialAction\":[{\"@type\":\"ReadAction\",\"target\":[\"https:\/\/gijonbasket.com\/2025\/05\/23\/eurobasket-2029-en-espana\/\"]}]},{\"@type\":\"BreadcrumbList\",\"@id\":\"https:\/\/gijonbasket.com\/2025\/05\/23\/eurobasket-2029-en-espana\/#breadcrumb\",\"itemListElement\":[{\"@type\":\"ListItem\",\"position\":1,\"name\":\"Portada\",\"item\":\"https:\/\/gijonbasket.com\/\"},{\"@type\":\"ListItem\",\"position\":2,\"name\":\"EuroBasket 2029 en Espa\u00f1a\"}]},{\"@type\":\"WebSite\",\"@id\":\"https:\/\/gijonbasket.com\/#website\",\"url\":\"https:\/\/gijonbasket.com\/\",\"name\":\"gijonbasket\",\"description\":\"\",\"publisher\":{\"@id\":\"https:\/\/gijonbasket.com\/#organization\"},\"potentialAction\":[{\"@type\":\"SearchAction\",\"target\":{\"@type\":\"EntryPoint\",\"urlTemplate\":\"https:\/\/gijonbasket.com\/?s={search_term_string}\"},\"query-input\":{\"@type\":\"PropertyValueSpecification\",\"valueRequired\":true,\"valueName\":\"search_term_string\"}}],\"inLanguage\":\"en-US\"},{\"@type\":\"Organization\",\"@id\":\"https:\/\/gijonbasket.com\/#organization\",\"name\":\"gijonbasket\",\"url\":\"https:\/\/gijonbasket.com\/\",\"logo\":{\"@type\":\"ImageObject\",\"inLanguage\":\"en-US\",\"@id\":\"https:\/\/gijonbasket.com\/#\/schema\/logo\/image\/\",\"url\":\"https:\/\/gijonbasket.com\/wp-content\/uploads\/2023\/03\/LogoGijonBasket2.jpg\",\"contentUrl\":\"https:\/\/gijonbasket.com\/wp-content\/uploads\/2023\/03\/LogoGijonBasket2.jpg\",\"width\":2000,\"height\":550,\"caption\":\"gijonbasket\"},\"image\":{\"@id\":\"https:\/\/gijonbasket.com\/#\/schema\/logo\/image\/\"}},{\"@type\":\"Person\",\"@id\":\"https:\/\/gijonbasket.com\/#\/schema\/person\/91af9ff03e8eab582ccc344b715907c0\",\"name\":\"Cesar Morales\",\"image\":{\"@type\":\"ImageObject\",\"inLanguage\":\"en-US\",\"@id\":\"https:\/\/gijonbasket.com\/#\/schema\/person\/image\/\",\"url\":\"https:\/\/secure.gravatar.com\/avatar\/ab9ddf1e87f7580cae3deefb05a58c5cf4f0c7f96f033fd7dacc23f0e8d149ca?s=96&d=mm&r=g\",\"contentUrl\":\"https:\/\/secure.gravatar.com\/avatar\/ab9ddf1e87f7580cae3deefb05a58c5cf4f0c7f96f033fd7dacc23f0e8d149ca?s=96&d=mm&r=g\",\"caption\":\"Cesar Morales\"},\"url\":\"https:\/\/gijonbasket.com\/en\/author\/cesar\/\"}]}<\/script>\n<!-- \/ Yoast SEO plugin. -->","yoast_head_json":{"title":"EuroBasket 2029 en Espa\u00f1a - gijonbasket","robots":{"index":"index","follow":"follow","max-snippet":"max-snippet:-1","max-image-preview":"max-image-preview:large","max-video-preview":"max-video-preview:-1"},"canonical":"https:\/\/gijonbasket.com\/en\/2025\/05\/23\/eurobasket-2029-en-espana\/","og_locale":"en_US","og_type":"article","og_title":"EuroBasket 2029 en Espa\u00f1a - gijonbasket","og_description":"Hito hist\u00f3rico con la designaci\u00f3n en el d\u00eda de ayer por parte de FIBA Europa a Espa\u00f1a como organizador del EuroBasket 2029 imponi\u00e9ndose a Grecia. Espa\u00f1a organizar\u00e1 el EuroBasket 2029 en formato multisede con Primera Fase (grupo de Espa\u00f1a) y Fase Final. Falta conocer que otros pa\u00edses completar\u00e1n la organizaci\u00f3n de la Primera Fase. Espa\u00f1a&hellip;&nbsp;Read More &raquo;EuroBasket 2029 en Espa\u00f1a","og_url":"https:\/\/gijonbasket.com\/en\/2025\/05\/23\/eurobasket-2029-en-espana\/","og_site_name":"gijonbasket","article_published_time":"2025-05-23T04:50:06+00:00","article_modified_time":"2025-05-23T04:51:05+00:00","author":"Cesar Morales","twitter_card":"summary_large_image","twitter_misc":{"Written by":"Cesar Morales","Est. reading time":"1 minute"},"schema":{"@context":"https:\/\/schema.org","@graph":[{"@type":"Article","@id":"https:\/\/gijonbasket.com\/2025\/05\/23\/eurobasket-2029-en-espana\/#article","isPartOf":{"@id":"https:\/\/gijonbasket.com\/2025\/05\/23\/eurobasket-2029-en-espana\/"},"author":{"name":"Cesar Morales","@id":"https:\/\/gijonbasket.com\/#\/schema\/person\/91af9ff03e8eab582ccc344b715907c0"},"headline":"EuroBasket 2029 en Espa\u00f1a","datePublished":"2025-05-23T04:50:06+00:00","dateModified":"2025-05-23T04:51:05+00:00","mainEntityOfPage":{"@id":"https:\/\/gijonbasket.com\/2025\/05\/23\/eurobasket-2029-en-espana\/"},"wordCount":121,"commentCount":0,"publisher":{"@id":"https:\/\/gijonbasket.com\/#organization"},"articleSection":["noticias"],"inLanguage":"en-US","potentialAction":[{"@type":"CommentAction","name":"Comment","target":["https:\/\/gijonbasket.com\/2025\/05\/23\/eurobasket-2029-en-espana\/#respond"]}]},{"@type":"WebPage","@id":"https:\/\/gijonbasket.com\/2025\/05\/23\/eurobasket-2029-en-espana\/","url":"https:\/\/gijonbasket.com\/2025\/05\/23\/eurobasket-2029-en-espana\/","name":"EuroBasket 2029 en Espa\u00f1a - gijonbasket","isPartOf":{"@id":"https:\/\/gijonbasket.com\/#website"},"datePublished":"2025-05-23T04:50:06+00:00","dateModified":"2025-05-23T04:51:05+00:00","breadcrumb":{"@id":"https:\/\/gijonbasket.com\/2025\/05\/23\/eurobasket-2029-en-espana\/#breadcrumb"},"inLanguage":"en-US","potentialAction":[{"@type":"ReadAction","target":["https:\/\/gijonbasket.com\/2025\/05\/23\/eurobasket-2029-en-espana\/"]}]},{"@type":"BreadcrumbList","@id":"https:\/\/gijonbasket.com\/2025\/05\/23\/eurobasket-2029-en-espana\/#breadcrumb","itemListElement":[{"@type":"ListItem","position":1,"name":"Portada","item":"https:\/\/gijonbasket.com\/"},{"@type":"ListItem","position":2,"name":"EuroBasket 2029 en Espa\u00f1a"}]},{"@type":"WebSite","@id":"https:\/\/gijonbasket.com\/#website","url":"https:\/\/gijonbasket.com\/","name":"gijonbasket","description":"","publisher":{"@id":"https:\/\/gijonbasket.com\/#organization"},"potentialAction":[{"@type":"SearchAction","target":{"@type":"EntryPoint","urlTemplate":"https:\/\/gijonbasket.com\/?s={search_term_string}"},"query-input":{"@type":"PropertyValueSpecification","valueRequired":true,"valueName":"search_term_string"}}],"inLanguage":"en-US"},{"@type":"Organization","@id":"https:\/\/gijonbasket.com\/#organization","name":"gijonbasket","url":"https:\/\/gijonbasket.com\/","logo":{"@type":"ImageObject","inLanguage":"en-US","@id":"https:\/\/gijonbasket.com\/#\/schema\/logo\/image\/","url":"https:\/\/gijonbasket.com\/wp-content\/uploads\/2023\/03\/LogoGijonBasket2.jpg","contentUrl":"https:\/\/gijonbasket.com\/wp-content\/uploads\/2023\/03\/LogoGijonBasket2.jpg","width":2000,"height":550,"caption":"gijonbasket"},"image":{"@id":"https:\/\/gijonbasket.com\/#\/schema\/logo\/image\/"}},{"@type":"Person","@id":"https:\/\/gijonbasket.com\/#\/schema\/person\/91af9ff03e8eab582ccc344b715907c0","name":"Cesar Morales","image":{"@type":"ImageObject","inLanguage":"en-US","@id":"https:\/\/gijonbasket.com\/#\/schema\/person\/image\/","url":"https:\/\/secure.gravatar.com\/avatar\/ab9ddf1e87f7580cae3deefb05a58c5cf4f0c7f96f033fd7dacc23f0e8d149ca?s=96&d=mm&r=g","contentUrl":"https:\/\/secure.gravatar.com\/avatar\/ab9ddf1e87f7580cae3deefb05a58c5cf4f0c7f96f033fd7dacc23f0e8d149ca?s=96&d=mm&r=g","caption":"Cesar Morales"},"url":"https:\/\/gijonbasket.com\/en\/author\/cesar\/"}]}},"_links":{"self":[{"href":"https:\/\/gijonbasket.com\/en\/wp-json\/wp\/v2\/posts\/7002","targetHints":{"allow":["GET"]}}],"collection":[{"href":"https:\/\/gijonbasket.com\/en\/wp-json\/wp\/v2\/posts"}],"about":[{"href":"https:\/\/gijonbasket.com\/en\/wp-json\/wp\/v2\/types\/post"}],"author":[{"embeddable":true,"href":"https:\/\/gijonbasket.com\/en\/wp-json\/wp\/v2\/users\/2"}],"replies":[{"embeddable":true,"href":"https:\/\/gijonbasket.com\/en\/wp-json\/wp\/v2\/comments?post=7002"}],"version-history":[{"count":2,"href":"https:\/\/gijonbasket.com\/en\/wp-json\/wp\/v2\/posts\/7002\/revisions"}],"predecessor-version":[{"id":7004,"href":"https:\/\/gijonbasket.com\/en\/wp-json\/wp\/v2\/posts\/7002\/revisions\/7004"}],"wp:attachment":[{"href":"https:\/\/gijonbasket.com\/en\/wp-json\/wp\/v2\/media?parent=7002"}],"wp:term":[{"taxonomy":"category","embeddable":true,"href":"https:\/\/gijonbasket.com\/en\/wp-json\/wp\/v2\/categories?post=7002"},{"taxonomy":"post_tag","embeddable":true,"href":"https:\/\/gijonbasket.com\/en\/wp-json\/wp\/v2\/tags?post=7002"}],"curies":[{"name":"wp","href":"https:\/\/api.w.org\/{rel}","templated":true}]}}