{"id":7180,"date":"2025-06-12T17:25:09","date_gmt":"2025-06-12T15:25:09","guid":{"rendered":"https:\/\/gijonbasket.com\/?p=7180"},"modified":"2025-06-12T17:25:10","modified_gmt":"2025-06-12T15:25:10","slug":"jordi-juste-nuevo-tecnico-del-grupo-ureta-tizona-burgos","status":"publish","type":"post","link":"https:\/\/gijonbasket.com\/en\/2025\/06\/12\/jordi-juste-nuevo-tecnico-del-grupo-ureta-tizona-burgos\/","title":{"rendered":"Jordi Juste nuevo t\u00e9cnico del Grupo Ureta Tizona Burgos"},"content":{"rendered":"<p>El Grupo Ureta Tizona Burgos anunci\u00f3 la contrataci\u00f3n de Jordi Juste (Odilo FC Cartagena CB) en sustituci\u00f3n de Salva Camps.<\/p>\n\n\n\n<p>El conjunto burgal\u00e9s se hace con los servicios del entrenador revelaci\u00f3n de Primera FEB,  la pasada temporada, como es Jordi Juste.<\/p>\n\n\n\n<p>Jordi Juste dirigi\u00f3 las dos \u00faltimas temporadas al Odilo FC Cartagena CB. En su primera temporada conquist\u00f3 el t\u00edtulo de Campe\u00f3n LEB Plata con el ascenso de categor\u00eda a LEB Oro. La temporada reci\u00e9n concluida dirigi\u00f3 al conjunto cartagenero para convertirlo en el equipo revelaci\u00f3n de Primera FEB. 7\u00ba clasificado de la temporada regular con un  balance de 16 victorias &#8211; 18 derrotas y alcanzar  los Cuartos de Final de los Play-Offs de Ascenso a Liga Endesa y caer ante el Real Betis Baloncesto en el quinto partido de la eliminatoria.<\/p>\n\n\n\n<p>Jordi Juste tambi\u00e9n estuvo en la \u00f3rbita del Monbus Obradoiro para finalmente cerrar la contrataci\u00f3n de Diego Epifanio.<\/p>\n\n\n\n<p><\/p>\n\n\n\n<p><\/p>","protected":false},"excerpt":{"rendered":"<p>El Grupo Ureta Tizona Burgos anunci\u00f3 la contrataci\u00f3n de Jordi Juste (Odilo FC Cartagena CB) en sustituci\u00f3n de Salva Camps. El conjunto burgal\u00e9s se hace con los servicios del entrenador revelaci\u00f3n de Primera FEB, la pasada temporada, como es Jordi Juste. Jordi Juste dirigi\u00f3 las dos \u00faltimas temporadas al Odilo FC Cartagena CB. En su&hellip;&nbsp;<a href=\"https:\/\/gijonbasket.com\/en\/2025\/06\/12\/jordi-juste-nuevo-tecnico-del-grupo-ureta-tizona-burgos\/\" class=\"\" rel=\"bookmark\">Read More &raquo;<span class=\"screen-reader-text\">Jordi Juste nuevo t\u00e9cnico del Grupo Ureta Tizona Burgos<\/span><\/a><\/p>","protected":false},"author":2,"featured_media":0,"comment_status":"open","ping_status":"open","sticky":false,"template":"","format":"standard","meta":{"neve_meta_sidebar":"","neve_meta_container":"","neve_meta_enable_content_width":"","neve_meta_content_width":0,"neve_meta_title_alignment":"","neve_meta_author_avatar":"","neve_post_elements_order":"","neve_meta_disable_header":"","neve_meta_disable_footer":"","neve_meta_disable_title":"","footnotes":""},"categories":[4],"tags":[],"class_list":["post-7180","post","type-post","status-publish","format-standard","hentry","category-noticias"],"yoast_head":"<!-- This site is optimized with the Yoast SEO plugin v23.4 - https:\/\/yoast.com\/wordpress\/plugins\/seo\/ -->\n<title>Jordi Juste nuevo t\u00e9cnico del Grupo Ureta Tizona Burgos - gijonbasket<\/title>\n<meta name=\"robots\" content=\"index, follow, max-snippet:-1, max-image-preview:large, max-video-preview:-1\" \/>\n<link rel=\"canonical\" href=\"https:\/\/gijonbasket.com\/en\/2025\/06\/12\/jordi-juste-nuevo-tecnico-del-grupo-ureta-tizona-burgos\/\" \/>\n<meta property=\"og:locale\" content=\"en_US\" \/>\n<meta property=\"og:type\" content=\"article\" \/>\n<meta property=\"og:title\" content=\"Jordi Juste nuevo t\u00e9cnico del Grupo Ureta Tizona Burgos - gijonbasket\" \/>\n<meta property=\"og:description\" content=\"El Grupo Ureta Tizona Burgos anunci\u00f3 la contrataci\u00f3n de Jordi Juste (Odilo FC Cartagena CB) en sustituci\u00f3n de Salva Camps. El conjunto burgal\u00e9s se hace con los servicios del entrenador revelaci\u00f3n de Primera FEB, la pasada temporada, como es Jordi Juste. Jordi Juste dirigi\u00f3 las dos \u00faltimas temporadas al Odilo FC Cartagena CB. En su&hellip;&nbsp;Read More &raquo;Jordi Juste nuevo t\u00e9cnico del Grupo Ureta Tizona Burgos\" \/>\n<meta property=\"og:url\" content=\"https:\/\/gijonbasket.com\/en\/2025\/06\/12\/jordi-juste-nuevo-tecnico-del-grupo-ureta-tizona-burgos\/\" \/>\n<meta property=\"og:site_name\" content=\"gijonbasket\" \/>\n<meta property=\"article:published_time\" content=\"2025-06-12T15:25:09+00:00\" \/>\n<meta property=\"article:modified_time\" content=\"2025-06-12T15:25:10+00:00\" \/>\n<meta name=\"author\" content=\"Cesar Morales\" \/>\n<meta name=\"twitter:card\" content=\"summary_large_image\" \/>\n<meta name=\"twitter:label1\" content=\"Written by\" \/>\n\t<meta name=\"twitter:data1\" content=\"Cesar Morales\" \/>\n\t<meta name=\"twitter:label2\" content=\"Est. reading time\" \/>\n\t<meta name=\"twitter:data2\" content=\"1 minute\" \/>\n<script type=\"application\/ld+json\" class=\"yoast-schema-graph\">{\"@context\":\"https:\/\/schema.org\",\"@graph\":[{\"@type\":\"Article\",\"@id\":\"https:\/\/gijonbasket.com\/2025\/06\/12\/jordi-juste-nuevo-tecnico-del-grupo-ureta-tizona-burgos\/#article\",\"isPartOf\":{\"@id\":\"https:\/\/gijonbasket.com\/2025\/06\/12\/jordi-juste-nuevo-tecnico-del-grupo-ureta-tizona-burgos\/\"},\"author\":{\"name\":\"Cesar Morales\",\"@id\":\"https:\/\/gijonbasket.com\/#\/schema\/person\/91af9ff03e8eab582ccc344b715907c0\"},\"headline\":\"Jordi Juste nuevo t\u00e9cnico del Grupo Ureta Tizona Burgos\",\"datePublished\":\"2025-06-12T15:25:09+00:00\",\"dateModified\":\"2025-06-12T15:25:10+00:00\",\"mainEntityOfPage\":{\"@id\":\"https:\/\/gijonbasket.com\/2025\/06\/12\/jordi-juste-nuevo-tecnico-del-grupo-ureta-tizona-burgos\/\"},\"wordCount\":168,\"commentCount\":0,\"publisher\":{\"@id\":\"https:\/\/gijonbasket.com\/#organization\"},\"articleSection\":[\"noticias\"],\"inLanguage\":\"en-US\",\"potentialAction\":[{\"@type\":\"CommentAction\",\"name\":\"Comment\",\"target\":[\"https:\/\/gijonbasket.com\/2025\/06\/12\/jordi-juste-nuevo-tecnico-del-grupo-ureta-tizona-burgos\/#respond\"]}]},{\"@type\":\"WebPage\",\"@id\":\"https:\/\/gijonbasket.com\/2025\/06\/12\/jordi-juste-nuevo-tecnico-del-grupo-ureta-tizona-burgos\/\",\"url\":\"https:\/\/gijonbasket.com\/2025\/06\/12\/jordi-juste-nuevo-tecnico-del-grupo-ureta-tizona-burgos\/\",\"name\":\"Jordi Juste nuevo t\u00e9cnico del Grupo Ureta Tizona Burgos - gijonbasket\",\"isPartOf\":{\"@id\":\"https:\/\/gijonbasket.com\/#website\"},\"datePublished\":\"2025-06-12T15:25:09+00:00\",\"dateModified\":\"2025-06-12T15:25:10+00:00\",\"breadcrumb\":{\"@id\":\"https:\/\/gijonbasket.com\/2025\/06\/12\/jordi-juste-nuevo-tecnico-del-grupo-ureta-tizona-burgos\/#breadcrumb\"},\"inLanguage\":\"en-US\",\"potentialAction\":[{\"@type\":\"ReadAction\",\"target\":[\"https:\/\/gijonbasket.com\/2025\/06\/12\/jordi-juste-nuevo-tecnico-del-grupo-ureta-tizona-burgos\/\"]}]},{\"@type\":\"BreadcrumbList\",\"@id\":\"https:\/\/gijonbasket.com\/2025\/06\/12\/jordi-juste-nuevo-tecnico-del-grupo-ureta-tizona-burgos\/#breadcrumb\",\"itemListElement\":[{\"@type\":\"ListItem\",\"position\":1,\"name\":\"Portada\",\"item\":\"https:\/\/gijonbasket.com\/\"},{\"@type\":\"ListItem\",\"position\":2,\"name\":\"Jordi Juste nuevo t\u00e9cnico del Grupo Ureta Tizona Burgos\"}]},{\"@type\":\"WebSite\",\"@id\":\"https:\/\/gijonbasket.com\/#website\",\"url\":\"https:\/\/gijonbasket.com\/\",\"name\":\"gijonbasket\",\"description\":\"\",\"publisher\":{\"@id\":\"https:\/\/gijonbasket.com\/#organization\"},\"potentialAction\":[{\"@type\":\"SearchAction\",\"target\":{\"@type\":\"EntryPoint\",\"urlTemplate\":\"https:\/\/gijonbasket.com\/?s={search_term_string}\"},\"query-input\":{\"@type\":\"PropertyValueSpecification\",\"valueRequired\":true,\"valueName\":\"search_term_string\"}}],\"inLanguage\":\"en-US\"},{\"@type\":\"Organization\",\"@id\":\"https:\/\/gijonbasket.com\/#organization\",\"name\":\"gijonbasket\",\"url\":\"https:\/\/gijonbasket.com\/\",\"logo\":{\"@type\":\"ImageObject\",\"inLanguage\":\"en-US\",\"@id\":\"https:\/\/gijonbasket.com\/#\/schema\/logo\/image\/\",\"url\":\"https:\/\/gijonbasket.com\/wp-content\/uploads\/2023\/03\/LogoGijonBasket2.jpg\",\"contentUrl\":\"https:\/\/gijonbasket.com\/wp-content\/uploads\/2023\/03\/LogoGijonBasket2.jpg\",\"width\":2000,\"height\":550,\"caption\":\"gijonbasket\"},\"image\":{\"@id\":\"https:\/\/gijonbasket.com\/#\/schema\/logo\/image\/\"}},{\"@type\":\"Person\",\"@id\":\"https:\/\/gijonbasket.com\/#\/schema\/person\/91af9ff03e8eab582ccc344b715907c0\",\"name\":\"Cesar Morales\",\"image\":{\"@type\":\"ImageObject\",\"inLanguage\":\"en-US\",\"@id\":\"https:\/\/gijonbasket.com\/#\/schema\/person\/image\/\",\"url\":\"https:\/\/secure.gravatar.com\/avatar\/ab9ddf1e87f7580cae3deefb05a58c5cf4f0c7f96f033fd7dacc23f0e8d149ca?s=96&d=mm&r=g\",\"contentUrl\":\"https:\/\/secure.gravatar.com\/avatar\/ab9ddf1e87f7580cae3deefb05a58c5cf4f0c7f96f033fd7dacc23f0e8d149ca?s=96&d=mm&r=g\",\"caption\":\"Cesar Morales\"},\"url\":\"https:\/\/gijonbasket.com\/en\/author\/cesar\/\"}]}<\/script>\n<!-- \/ Yoast SEO plugin. -->","yoast_head_json":{"title":"Jordi Juste nuevo t\u00e9cnico del Grupo Ureta Tizona Burgos - gijonbasket","robots":{"index":"index","follow":"follow","max-snippet":"max-snippet:-1","max-image-preview":"max-image-preview:large","max-video-preview":"max-video-preview:-1"},"canonical":"https:\/\/gijonbasket.com\/en\/2025\/06\/12\/jordi-juste-nuevo-tecnico-del-grupo-ureta-tizona-burgos\/","og_locale":"en_US","og_type":"article","og_title":"Jordi Juste nuevo t\u00e9cnico del Grupo Ureta Tizona Burgos - gijonbasket","og_description":"El Grupo Ureta Tizona Burgos anunci\u00f3 la contrataci\u00f3n de Jordi Juste (Odilo FC Cartagena CB) en sustituci\u00f3n de Salva Camps. El conjunto burgal\u00e9s se hace con los servicios del entrenador revelaci\u00f3n de Primera FEB, la pasada temporada, como es Jordi Juste. Jordi Juste dirigi\u00f3 las dos \u00faltimas temporadas al Odilo FC Cartagena CB. En su&hellip;&nbsp;Read More &raquo;Jordi Juste nuevo t\u00e9cnico del Grupo Ureta Tizona Burgos","og_url":"https:\/\/gijonbasket.com\/en\/2025\/06\/12\/jordi-juste-nuevo-tecnico-del-grupo-ureta-tizona-burgos\/","og_site_name":"gijonbasket","article_published_time":"2025-06-12T15:25:09+00:00","article_modified_time":"2025-06-12T15:25:10+00:00","author":"Cesar Morales","twitter_card":"summary_large_image","twitter_misc":{"Written by":"Cesar Morales","Est. reading time":"1 minute"},"schema":{"@context":"https:\/\/schema.org","@graph":[{"@type":"Article","@id":"https:\/\/gijonbasket.com\/2025\/06\/12\/jordi-juste-nuevo-tecnico-del-grupo-ureta-tizona-burgos\/#article","isPartOf":{"@id":"https:\/\/gijonbasket.com\/2025\/06\/12\/jordi-juste-nuevo-tecnico-del-grupo-ureta-tizona-burgos\/"},"author":{"name":"Cesar Morales","@id":"https:\/\/gijonbasket.com\/#\/schema\/person\/91af9ff03e8eab582ccc344b715907c0"},"headline":"Jordi Juste nuevo t\u00e9cnico del Grupo Ureta Tizona Burgos","datePublished":"2025-06-12T15:25:09+00:00","dateModified":"2025-06-12T15:25:10+00:00","mainEntityOfPage":{"@id":"https:\/\/gijonbasket.com\/2025\/06\/12\/jordi-juste-nuevo-tecnico-del-grupo-ureta-tizona-burgos\/"},"wordCount":168,"commentCount":0,"publisher":{"@id":"https:\/\/gijonbasket.com\/#organization"},"articleSection":["noticias"],"inLanguage":"en-US","potentialAction":[{"@type":"CommentAction","name":"Comment","target":["https:\/\/gijonbasket.com\/2025\/06\/12\/jordi-juste-nuevo-tecnico-del-grupo-ureta-tizona-burgos\/#respond"]}]},{"@type":"WebPage","@id":"https:\/\/gijonbasket.com\/2025\/06\/12\/jordi-juste-nuevo-tecnico-del-grupo-ureta-tizona-burgos\/","url":"https:\/\/gijonbasket.com\/2025\/06\/12\/jordi-juste-nuevo-tecnico-del-grupo-ureta-tizona-burgos\/","name":"Jordi Juste nuevo t\u00e9cnico del Grupo Ureta Tizona Burgos - gijonbasket","isPartOf":{"@id":"https:\/\/gijonbasket.com\/#website"},"datePublished":"2025-06-12T15:25:09+00:00","dateModified":"2025-06-12T15:25:10+00:00","breadcrumb":{"@id":"https:\/\/gijonbasket.com\/2025\/06\/12\/jordi-juste-nuevo-tecnico-del-grupo-ureta-tizona-burgos\/#breadcrumb"},"inLanguage":"en-US","potentialAction":[{"@type":"ReadAction","target":["https:\/\/gijonbasket.com\/2025\/06\/12\/jordi-juste-nuevo-tecnico-del-grupo-ureta-tizona-burgos\/"]}]},{"@type":"BreadcrumbList","@id":"https:\/\/gijonbasket.com\/2025\/06\/12\/jordi-juste-nuevo-tecnico-del-grupo-ureta-tizona-burgos\/#breadcrumb","itemListElement":[{"@type":"ListItem","position":1,"name":"Portada","item":"https:\/\/gijonbasket.com\/"},{"@type":"ListItem","position":2,"name":"Jordi Juste nuevo t\u00e9cnico del Grupo Ureta Tizona Burgos"}]},{"@type":"WebSite","@id":"https:\/\/gijonbasket.com\/#website","url":"https:\/\/gijonbasket.com\/","name":"gijonbasket","description":"","publisher":{"@id":"https:\/\/gijonbasket.com\/#organization"},"potentialAction":[{"@type":"SearchAction","target":{"@type":"EntryPoint","urlTemplate":"https:\/\/gijonbasket.com\/?s={search_term_string}"},"query-input":{"@type":"PropertyValueSpecification","valueRequired":true,"valueName":"search_term_string"}}],"inLanguage":"en-US"},{"@type":"Organization","@id":"https:\/\/gijonbasket.com\/#organization","name":"gijonbasket","url":"https:\/\/gijonbasket.com\/","logo":{"@type":"ImageObject","inLanguage":"en-US","@id":"https:\/\/gijonbasket.com\/#\/schema\/logo\/image\/","url":"https:\/\/gijonbasket.com\/wp-content\/uploads\/2023\/03\/LogoGijonBasket2.jpg","contentUrl":"https:\/\/gijonbasket.com\/wp-content\/uploads\/2023\/03\/LogoGijonBasket2.jpg","width":2000,"height":550,"caption":"gijonbasket"},"image":{"@id":"https:\/\/gijonbasket.com\/#\/schema\/logo\/image\/"}},{"@type":"Person","@id":"https:\/\/gijonbasket.com\/#\/schema\/person\/91af9ff03e8eab582ccc344b715907c0","name":"Cesar Morales","image":{"@type":"ImageObject","inLanguage":"en-US","@id":"https:\/\/gijonbasket.com\/#\/schema\/person\/image\/","url":"https:\/\/secure.gravatar.com\/avatar\/ab9ddf1e87f7580cae3deefb05a58c5cf4f0c7f96f033fd7dacc23f0e8d149ca?s=96&d=mm&r=g","contentUrl":"https:\/\/secure.gravatar.com\/avatar\/ab9ddf1e87f7580cae3deefb05a58c5cf4f0c7f96f033fd7dacc23f0e8d149ca?s=96&d=mm&r=g","caption":"Cesar Morales"},"url":"https:\/\/gijonbasket.com\/en\/author\/cesar\/"}]}},"_links":{"self":[{"href":"https:\/\/gijonbasket.com\/en\/wp-json\/wp\/v2\/posts\/7180","targetHints":{"allow":["GET"]}}],"collection":[{"href":"https:\/\/gijonbasket.com\/en\/wp-json\/wp\/v2\/posts"}],"about":[{"href":"https:\/\/gijonbasket.com\/en\/wp-json\/wp\/v2\/types\/post"}],"author":[{"embeddable":true,"href":"https:\/\/gijonbasket.com\/en\/wp-json\/wp\/v2\/users\/2"}],"replies":[{"embeddable":true,"href":"https:\/\/gijonbasket.com\/en\/wp-json\/wp\/v2\/comments?post=7180"}],"version-history":[{"count":1,"href":"https:\/\/gijonbasket.com\/en\/wp-json\/wp\/v2\/posts\/7180\/revisions"}],"predecessor-version":[{"id":7181,"href":"https:\/\/gijonbasket.com\/en\/wp-json\/wp\/v2\/posts\/7180\/revisions\/7181"}],"wp:attachment":[{"href":"https:\/\/gijonbasket.com\/en\/wp-json\/wp\/v2\/media?parent=7180"}],"wp:term":[{"taxonomy":"category","embeddable":true,"href":"https:\/\/gijonbasket.com\/en\/wp-json\/wp\/v2\/categories?post=7180"},{"taxonomy":"post_tag","embeddable":true,"href":"https:\/\/gijonbasket.com\/en\/wp-json\/wp\/v2\/tags?post=7180"}],"curies":[{"name":"wp","href":"https:\/\/api.w.org\/{rel}","templated":true}]}}