{"id":7184,"date":"2025-06-13T18:15:52","date_gmt":"2025-06-13T16:15:52","guid":{"rendered":"https:\/\/gijonbasket.com\/?p=7184"},"modified":"2025-06-13T18:15:53","modified_gmt":"2025-06-13T16:15:53","slug":"frederic-castello-nuevo-tecnico-del-c-b-naturavia-moron","status":"publish","type":"post","link":"https:\/\/gijonbasket.com\/en\/2025\/06\/13\/frederic-castello-nuevo-tecnico-del-c-b-naturavia-moron\/","title":{"rendered":"Frederic Castell\u00f3 nuevo t\u00e9cnico del C.B. Naturavia Mor\u00f3n"},"content":{"rendered":"<p>El C.B. Naturavia Mor\u00f3n anunci\u00f3 la contrataci\u00f3n de Frederic Castell\u00f3 como nuevo t\u00e9cnico del conjunto moronense para la pr\u00f3xima temporada.<\/p>\n\n\n\n<p>El C.B. Naturavia Mor\u00f3n militar\u00e1 en Segunda FEB en la temporada 2025\/2026, tras debutar en Primera FEB y no poder evitar la p\u00e9rdida de categor\u00eda siendo colista con un balance de 4 victorias &#8211; 30 derrotas.<\/p>\n\n\n\n<p>Frederic Castell\u00f3 dirigi\u00f3 la pasada temporada al Amics Castell\u00f3, que finaliz\u00f3 la temporada regular de Primera FEB como 17\u00ba clasificado con un balance de 10 victorias \u2013 24 derrotas, no pudiendo evitar la p\u00e9rdida de categor\u00eda a Segunda FEB.<\/p>\n\n\n\n<p>16 temporadas en el Amics Castell\u00f3 como jugador, entrenador de cantera, entrenador ayudante y esta \u00faltima campa\u00f1a como primer entrenador.<\/p>","protected":false},"excerpt":{"rendered":"<p>El C.B. Naturavia Mor\u00f3n anunci\u00f3 la contrataci\u00f3n de Frederic Castell\u00f3 como nuevo t\u00e9cnico del conjunto moronense para la pr\u00f3xima temporada. El C.B. Naturavia Mor\u00f3n militar\u00e1 en Segunda FEB en la temporada 2025\/2026, tras debutar en Primera FEB y no poder evitar la p\u00e9rdida de categor\u00eda siendo colista con un balance de 4 victorias &#8211; 30&hellip;&nbsp;<a href=\"https:\/\/gijonbasket.com\/en\/2025\/06\/13\/frederic-castello-nuevo-tecnico-del-c-b-naturavia-moron\/\" class=\"\" rel=\"bookmark\">Read More &raquo;<span class=\"screen-reader-text\">Frederic Castell\u00f3 nuevo t\u00e9cnico del C.B. Naturavia Mor\u00f3n<\/span><\/a><\/p>","protected":false},"author":2,"featured_media":0,"comment_status":"open","ping_status":"open","sticky":false,"template":"","format":"standard","meta":{"neve_meta_sidebar":"","neve_meta_container":"","neve_meta_enable_content_width":"","neve_meta_content_width":0,"neve_meta_title_alignment":"","neve_meta_author_avatar":"","neve_post_elements_order":"","neve_meta_disable_header":"","neve_meta_disable_footer":"","neve_meta_disable_title":"","footnotes":""},"categories":[4],"tags":[],"class_list":["post-7184","post","type-post","status-publish","format-standard","hentry","category-noticias"],"yoast_head":"<!-- This site is optimized with the Yoast SEO plugin v23.4 - https:\/\/yoast.com\/wordpress\/plugins\/seo\/ -->\n<title>Frederic Castell\u00f3 nuevo t\u00e9cnico del C.B. Naturavia Mor\u00f3n - gijonbasket<\/title>\n<meta name=\"robots\" content=\"index, follow, max-snippet:-1, max-image-preview:large, max-video-preview:-1\" \/>\n<link rel=\"canonical\" href=\"https:\/\/gijonbasket.com\/en\/2025\/06\/13\/frederic-castello-nuevo-tecnico-del-c-b-naturavia-moron\/\" \/>\n<meta property=\"og:locale\" content=\"en_US\" \/>\n<meta property=\"og:type\" content=\"article\" \/>\n<meta property=\"og:title\" content=\"Frederic Castell\u00f3 nuevo t\u00e9cnico del C.B. Naturavia Mor\u00f3n - gijonbasket\" \/>\n<meta property=\"og:description\" content=\"El C.B. Naturavia Mor\u00f3n anunci\u00f3 la contrataci\u00f3n de Frederic Castell\u00f3 como nuevo t\u00e9cnico del conjunto moronense para la pr\u00f3xima temporada. El C.B. Naturavia Mor\u00f3n militar\u00e1 en Segunda FEB en la temporada 2025\/2026, tras debutar en Primera FEB y no poder evitar la p\u00e9rdida de categor\u00eda siendo colista con un balance de 4 victorias &#8211; 30&hellip;&nbsp;Read More &raquo;Frederic Castell\u00f3 nuevo t\u00e9cnico del C.B. Naturavia Mor\u00f3n\" \/>\n<meta property=\"og:url\" content=\"https:\/\/gijonbasket.com\/en\/2025\/06\/13\/frederic-castello-nuevo-tecnico-del-c-b-naturavia-moron\/\" \/>\n<meta property=\"og:site_name\" content=\"gijonbasket\" \/>\n<meta property=\"article:published_time\" content=\"2025-06-13T16:15:52+00:00\" \/>\n<meta property=\"article:modified_time\" content=\"2025-06-13T16:15:53+00:00\" \/>\n<meta name=\"author\" content=\"Cesar Morales\" \/>\n<meta name=\"twitter:card\" content=\"summary_large_image\" \/>\n<meta name=\"twitter:label1\" content=\"Written by\" \/>\n\t<meta name=\"twitter:data1\" content=\"Cesar Morales\" \/>\n\t<meta name=\"twitter:label2\" content=\"Est. reading time\" \/>\n\t<meta name=\"twitter:data2\" content=\"1 minute\" \/>\n<script type=\"application\/ld+json\" class=\"yoast-schema-graph\">{\"@context\":\"https:\/\/schema.org\",\"@graph\":[{\"@type\":\"Article\",\"@id\":\"https:\/\/gijonbasket.com\/2025\/06\/13\/frederic-castello-nuevo-tecnico-del-c-b-naturavia-moron\/#article\",\"isPartOf\":{\"@id\":\"https:\/\/gijonbasket.com\/2025\/06\/13\/frederic-castello-nuevo-tecnico-del-c-b-naturavia-moron\/\"},\"author\":{\"name\":\"Cesar Morales\",\"@id\":\"https:\/\/gijonbasket.com\/#\/schema\/person\/91af9ff03e8eab582ccc344b715907c0\"},\"headline\":\"Frederic Castell\u00f3 nuevo t\u00e9cnico del C.B. Naturavia Mor\u00f3n\",\"datePublished\":\"2025-06-13T16:15:52+00:00\",\"dateModified\":\"2025-06-13T16:15:53+00:00\",\"mainEntityOfPage\":{\"@id\":\"https:\/\/gijonbasket.com\/2025\/06\/13\/frederic-castello-nuevo-tecnico-del-c-b-naturavia-moron\/\"},\"wordCount\":130,\"commentCount\":0,\"publisher\":{\"@id\":\"https:\/\/gijonbasket.com\/#organization\"},\"articleSection\":[\"noticias\"],\"inLanguage\":\"en-US\",\"potentialAction\":[{\"@type\":\"CommentAction\",\"name\":\"Comment\",\"target\":[\"https:\/\/gijonbasket.com\/2025\/06\/13\/frederic-castello-nuevo-tecnico-del-c-b-naturavia-moron\/#respond\"]}]},{\"@type\":\"WebPage\",\"@id\":\"https:\/\/gijonbasket.com\/2025\/06\/13\/frederic-castello-nuevo-tecnico-del-c-b-naturavia-moron\/\",\"url\":\"https:\/\/gijonbasket.com\/2025\/06\/13\/frederic-castello-nuevo-tecnico-del-c-b-naturavia-moron\/\",\"name\":\"Frederic Castell\u00f3 nuevo t\u00e9cnico del C.B. Naturavia Mor\u00f3n - gijonbasket\",\"isPartOf\":{\"@id\":\"https:\/\/gijonbasket.com\/#website\"},\"datePublished\":\"2025-06-13T16:15:52+00:00\",\"dateModified\":\"2025-06-13T16:15:53+00:00\",\"breadcrumb\":{\"@id\":\"https:\/\/gijonbasket.com\/2025\/06\/13\/frederic-castello-nuevo-tecnico-del-c-b-naturavia-moron\/#breadcrumb\"},\"inLanguage\":\"en-US\",\"potentialAction\":[{\"@type\":\"ReadAction\",\"target\":[\"https:\/\/gijonbasket.com\/2025\/06\/13\/frederic-castello-nuevo-tecnico-del-c-b-naturavia-moron\/\"]}]},{\"@type\":\"BreadcrumbList\",\"@id\":\"https:\/\/gijonbasket.com\/2025\/06\/13\/frederic-castello-nuevo-tecnico-del-c-b-naturavia-moron\/#breadcrumb\",\"itemListElement\":[{\"@type\":\"ListItem\",\"position\":1,\"name\":\"Portada\",\"item\":\"https:\/\/gijonbasket.com\/\"},{\"@type\":\"ListItem\",\"position\":2,\"name\":\"Frederic Castell\u00f3 nuevo t\u00e9cnico del C.B. Naturavia Mor\u00f3n\"}]},{\"@type\":\"WebSite\",\"@id\":\"https:\/\/gijonbasket.com\/#website\",\"url\":\"https:\/\/gijonbasket.com\/\",\"name\":\"gijonbasket\",\"description\":\"\",\"publisher\":{\"@id\":\"https:\/\/gijonbasket.com\/#organization\"},\"potentialAction\":[{\"@type\":\"SearchAction\",\"target\":{\"@type\":\"EntryPoint\",\"urlTemplate\":\"https:\/\/gijonbasket.com\/?s={search_term_string}\"},\"query-input\":{\"@type\":\"PropertyValueSpecification\",\"valueRequired\":true,\"valueName\":\"search_term_string\"}}],\"inLanguage\":\"en-US\"},{\"@type\":\"Organization\",\"@id\":\"https:\/\/gijonbasket.com\/#organization\",\"name\":\"gijonbasket\",\"url\":\"https:\/\/gijonbasket.com\/\",\"logo\":{\"@type\":\"ImageObject\",\"inLanguage\":\"en-US\",\"@id\":\"https:\/\/gijonbasket.com\/#\/schema\/logo\/image\/\",\"url\":\"https:\/\/gijonbasket.com\/wp-content\/uploads\/2023\/03\/LogoGijonBasket2.jpg\",\"contentUrl\":\"https:\/\/gijonbasket.com\/wp-content\/uploads\/2023\/03\/LogoGijonBasket2.jpg\",\"width\":2000,\"height\":550,\"caption\":\"gijonbasket\"},\"image\":{\"@id\":\"https:\/\/gijonbasket.com\/#\/schema\/logo\/image\/\"}},{\"@type\":\"Person\",\"@id\":\"https:\/\/gijonbasket.com\/#\/schema\/person\/91af9ff03e8eab582ccc344b715907c0\",\"name\":\"Cesar Morales\",\"image\":{\"@type\":\"ImageObject\",\"inLanguage\":\"en-US\",\"@id\":\"https:\/\/gijonbasket.com\/#\/schema\/person\/image\/\",\"url\":\"https:\/\/secure.gravatar.com\/avatar\/ab9ddf1e87f7580cae3deefb05a58c5cf4f0c7f96f033fd7dacc23f0e8d149ca?s=96&d=mm&r=g\",\"contentUrl\":\"https:\/\/secure.gravatar.com\/avatar\/ab9ddf1e87f7580cae3deefb05a58c5cf4f0c7f96f033fd7dacc23f0e8d149ca?s=96&d=mm&r=g\",\"caption\":\"Cesar Morales\"},\"url\":\"https:\/\/gijonbasket.com\/en\/author\/cesar\/\"}]}<\/script>\n<!-- \/ Yoast SEO plugin. -->","yoast_head_json":{"title":"Frederic Castell\u00f3 nuevo t\u00e9cnico del C.B. Naturavia Mor\u00f3n - gijonbasket","robots":{"index":"index","follow":"follow","max-snippet":"max-snippet:-1","max-image-preview":"max-image-preview:large","max-video-preview":"max-video-preview:-1"},"canonical":"https:\/\/gijonbasket.com\/en\/2025\/06\/13\/frederic-castello-nuevo-tecnico-del-c-b-naturavia-moron\/","og_locale":"en_US","og_type":"article","og_title":"Frederic Castell\u00f3 nuevo t\u00e9cnico del C.B. Naturavia Mor\u00f3n - gijonbasket","og_description":"El C.B. Naturavia Mor\u00f3n anunci\u00f3 la contrataci\u00f3n de Frederic Castell\u00f3 como nuevo t\u00e9cnico del conjunto moronense para la pr\u00f3xima temporada. El C.B. Naturavia Mor\u00f3n militar\u00e1 en Segunda FEB en la temporada 2025\/2026, tras debutar en Primera FEB y no poder evitar la p\u00e9rdida de categor\u00eda siendo colista con un balance de 4 victorias &#8211; 30&hellip;&nbsp;Read More &raquo;Frederic Castell\u00f3 nuevo t\u00e9cnico del C.B. Naturavia Mor\u00f3n","og_url":"https:\/\/gijonbasket.com\/en\/2025\/06\/13\/frederic-castello-nuevo-tecnico-del-c-b-naturavia-moron\/","og_site_name":"gijonbasket","article_published_time":"2025-06-13T16:15:52+00:00","article_modified_time":"2025-06-13T16:15:53+00:00","author":"Cesar Morales","twitter_card":"summary_large_image","twitter_misc":{"Written by":"Cesar Morales","Est. reading time":"1 minute"},"schema":{"@context":"https:\/\/schema.org","@graph":[{"@type":"Article","@id":"https:\/\/gijonbasket.com\/2025\/06\/13\/frederic-castello-nuevo-tecnico-del-c-b-naturavia-moron\/#article","isPartOf":{"@id":"https:\/\/gijonbasket.com\/2025\/06\/13\/frederic-castello-nuevo-tecnico-del-c-b-naturavia-moron\/"},"author":{"name":"Cesar Morales","@id":"https:\/\/gijonbasket.com\/#\/schema\/person\/91af9ff03e8eab582ccc344b715907c0"},"headline":"Frederic Castell\u00f3 nuevo t\u00e9cnico del C.B. Naturavia Mor\u00f3n","datePublished":"2025-06-13T16:15:52+00:00","dateModified":"2025-06-13T16:15:53+00:00","mainEntityOfPage":{"@id":"https:\/\/gijonbasket.com\/2025\/06\/13\/frederic-castello-nuevo-tecnico-del-c-b-naturavia-moron\/"},"wordCount":130,"commentCount":0,"publisher":{"@id":"https:\/\/gijonbasket.com\/#organization"},"articleSection":["noticias"],"inLanguage":"en-US","potentialAction":[{"@type":"CommentAction","name":"Comment","target":["https:\/\/gijonbasket.com\/2025\/06\/13\/frederic-castello-nuevo-tecnico-del-c-b-naturavia-moron\/#respond"]}]},{"@type":"WebPage","@id":"https:\/\/gijonbasket.com\/2025\/06\/13\/frederic-castello-nuevo-tecnico-del-c-b-naturavia-moron\/","url":"https:\/\/gijonbasket.com\/2025\/06\/13\/frederic-castello-nuevo-tecnico-del-c-b-naturavia-moron\/","name":"Frederic Castell\u00f3 nuevo t\u00e9cnico del C.B. Naturavia Mor\u00f3n - gijonbasket","isPartOf":{"@id":"https:\/\/gijonbasket.com\/#website"},"datePublished":"2025-06-13T16:15:52+00:00","dateModified":"2025-06-13T16:15:53+00:00","breadcrumb":{"@id":"https:\/\/gijonbasket.com\/2025\/06\/13\/frederic-castello-nuevo-tecnico-del-c-b-naturavia-moron\/#breadcrumb"},"inLanguage":"en-US","potentialAction":[{"@type":"ReadAction","target":["https:\/\/gijonbasket.com\/2025\/06\/13\/frederic-castello-nuevo-tecnico-del-c-b-naturavia-moron\/"]}]},{"@type":"BreadcrumbList","@id":"https:\/\/gijonbasket.com\/2025\/06\/13\/frederic-castello-nuevo-tecnico-del-c-b-naturavia-moron\/#breadcrumb","itemListElement":[{"@type":"ListItem","position":1,"name":"Portada","item":"https:\/\/gijonbasket.com\/"},{"@type":"ListItem","position":2,"name":"Frederic Castell\u00f3 nuevo t\u00e9cnico del C.B. Naturavia Mor\u00f3n"}]},{"@type":"WebSite","@id":"https:\/\/gijonbasket.com\/#website","url":"https:\/\/gijonbasket.com\/","name":"gijonbasket","description":"","publisher":{"@id":"https:\/\/gijonbasket.com\/#organization"},"potentialAction":[{"@type":"SearchAction","target":{"@type":"EntryPoint","urlTemplate":"https:\/\/gijonbasket.com\/?s={search_term_string}"},"query-input":{"@type":"PropertyValueSpecification","valueRequired":true,"valueName":"search_term_string"}}],"inLanguage":"en-US"},{"@type":"Organization","@id":"https:\/\/gijonbasket.com\/#organization","name":"gijonbasket","url":"https:\/\/gijonbasket.com\/","logo":{"@type":"ImageObject","inLanguage":"en-US","@id":"https:\/\/gijonbasket.com\/#\/schema\/logo\/image\/","url":"https:\/\/gijonbasket.com\/wp-content\/uploads\/2023\/03\/LogoGijonBasket2.jpg","contentUrl":"https:\/\/gijonbasket.com\/wp-content\/uploads\/2023\/03\/LogoGijonBasket2.jpg","width":2000,"height":550,"caption":"gijonbasket"},"image":{"@id":"https:\/\/gijonbasket.com\/#\/schema\/logo\/image\/"}},{"@type":"Person","@id":"https:\/\/gijonbasket.com\/#\/schema\/person\/91af9ff03e8eab582ccc344b715907c0","name":"Cesar Morales","image":{"@type":"ImageObject","inLanguage":"en-US","@id":"https:\/\/gijonbasket.com\/#\/schema\/person\/image\/","url":"https:\/\/secure.gravatar.com\/avatar\/ab9ddf1e87f7580cae3deefb05a58c5cf4f0c7f96f033fd7dacc23f0e8d149ca?s=96&d=mm&r=g","contentUrl":"https:\/\/secure.gravatar.com\/avatar\/ab9ddf1e87f7580cae3deefb05a58c5cf4f0c7f96f033fd7dacc23f0e8d149ca?s=96&d=mm&r=g","caption":"Cesar Morales"},"url":"https:\/\/gijonbasket.com\/en\/author\/cesar\/"}]}},"_links":{"self":[{"href":"https:\/\/gijonbasket.com\/en\/wp-json\/wp\/v2\/posts\/7184","targetHints":{"allow":["GET"]}}],"collection":[{"href":"https:\/\/gijonbasket.com\/en\/wp-json\/wp\/v2\/posts"}],"about":[{"href":"https:\/\/gijonbasket.com\/en\/wp-json\/wp\/v2\/types\/post"}],"author":[{"embeddable":true,"href":"https:\/\/gijonbasket.com\/en\/wp-json\/wp\/v2\/users\/2"}],"replies":[{"embeddable":true,"href":"https:\/\/gijonbasket.com\/en\/wp-json\/wp\/v2\/comments?post=7184"}],"version-history":[{"count":4,"href":"https:\/\/gijonbasket.com\/en\/wp-json\/wp\/v2\/posts\/7184\/revisions"}],"predecessor-version":[{"id":7188,"href":"https:\/\/gijonbasket.com\/en\/wp-json\/wp\/v2\/posts\/7184\/revisions\/7188"}],"wp:attachment":[{"href":"https:\/\/gijonbasket.com\/en\/wp-json\/wp\/v2\/media?parent=7184"}],"wp:term":[{"taxonomy":"category","embeddable":true,"href":"https:\/\/gijonbasket.com\/en\/wp-json\/wp\/v2\/categories?post=7184"},{"taxonomy":"post_tag","embeddable":true,"href":"https:\/\/gijonbasket.com\/en\/wp-json\/wp\/v2\/tags?post=7184"}],"curies":[{"name":"wp","href":"https:\/\/api.w.org\/{rel}","templated":true}]}}