{"id":7209,"date":"2025-06-16T08:25:22","date_gmt":"2025-06-16T06:25:22","guid":{"rendered":"https:\/\/gijonbasket.com\/?p=7209"},"modified":"2025-06-16T08:25:23","modified_gmt":"2025-06-16T06:25:23","slug":"igor-kokoskov-nuevo-tecnico-del-anadolu-efes","status":"publish","type":"post","link":"https:\/\/gijonbasket.com\/en\/2025\/06\/16\/igor-kokoskov-nuevo-tecnico-del-anadolu-efes\/","title":{"rendered":"Igor Kokoskov nuevo t\u00e9cnico del Anadolu Efes"},"content":{"rendered":"<p>El Anadolu Efes anunci\u00f3 la contrataci\u00f3n de Igor Kokoskov (Atlanta Hawks) como nuevo t\u00e9cnico en sustituci\u00f3n de Luca Banchi.<\/p>\n\n\n\n<p>Igor Kokoskov, t\u00e9cnico serbio con nacionalidad estadounidense de 53 a\u00f1os, ejerci\u00f3 las dos \u00faltimas temporadas de t\u00e9cnico asistente de Quin Snyder en los Atlanta Hawks.<\/p>\n\n\n\n<p>Primer entrenador principal europeo en la historia de la NBA dirigiendo a los Phoenix Suns en la temporada 2018\/2019.<\/p>\n\n\n\n<p>En la temporada 2020\/2021 dirigi\u00f3 al Fenerbahce Beko para regresar a la siguiente campa\u00f1a a la NBA recalando en los Dallas Mavericks.<\/p>\n\n\n\n<p>Amplia carrera NBA como t\u00e9cnico asistente en Los \u00c1ngeles Clippers, Detroit Pistons, Phoenix Suns, Cleveland Cavaliers, Utah Jazz, Sacramento Kings, Dallas Mavericks, Brooklyn Nets y Atlanta Hawks.<\/p>\n\n\n\n<p>Seleccionador nacional de Georgia, Serbia y Eslovenia.<\/p>\n\n\n\n<p>Campe\u00f3n del EuroBasket 2017 dirigiendo a Eslovenia.<\/p>","protected":false},"excerpt":{"rendered":"<p>El Anadolu Efes anunci\u00f3 la contrataci\u00f3n de Igor Kokoskov (Atlanta Hawks) como nuevo t\u00e9cnico en sustituci\u00f3n de Luca Banchi. Igor Kokoskov, t\u00e9cnico serbio con nacionalidad estadounidense de 53 a\u00f1os, ejerci\u00f3 las dos \u00faltimas temporadas de t\u00e9cnico asistente de Quin Snyder en los Atlanta Hawks. Primer entrenador principal europeo en la historia de la NBA dirigiendo&hellip;&nbsp;<a href=\"https:\/\/gijonbasket.com\/en\/2025\/06\/16\/igor-kokoskov-nuevo-tecnico-del-anadolu-efes\/\" class=\"\" rel=\"bookmark\">Read More &raquo;<span class=\"screen-reader-text\">Igor Kokoskov nuevo t\u00e9cnico del Anadolu Efes<\/span><\/a><\/p>","protected":false},"author":2,"featured_media":0,"comment_status":"open","ping_status":"open","sticky":false,"template":"","format":"standard","meta":{"neve_meta_sidebar":"","neve_meta_container":"","neve_meta_enable_content_width":"","neve_meta_content_width":0,"neve_meta_title_alignment":"","neve_meta_author_avatar":"","neve_post_elements_order":"","neve_meta_disable_header":"","neve_meta_disable_footer":"","neve_meta_disable_title":"","footnotes":""},"categories":[4],"tags":[],"class_list":["post-7209","post","type-post","status-publish","format-standard","hentry","category-noticias"],"yoast_head":"<!-- This site is optimized with the Yoast SEO plugin v23.4 - https:\/\/yoast.com\/wordpress\/plugins\/seo\/ -->\n<title>Igor Kokoskov nuevo t\u00e9cnico del Anadolu Efes - gijonbasket<\/title>\n<meta name=\"robots\" content=\"index, follow, max-snippet:-1, max-image-preview:large, max-video-preview:-1\" \/>\n<link rel=\"canonical\" href=\"https:\/\/gijonbasket.com\/en\/2025\/06\/16\/igor-kokoskov-nuevo-tecnico-del-anadolu-efes\/\" \/>\n<meta property=\"og:locale\" content=\"en_US\" \/>\n<meta property=\"og:type\" content=\"article\" \/>\n<meta property=\"og:title\" content=\"Igor Kokoskov nuevo t\u00e9cnico del Anadolu Efes - gijonbasket\" \/>\n<meta property=\"og:description\" content=\"El Anadolu Efes anunci\u00f3 la contrataci\u00f3n de Igor Kokoskov (Atlanta Hawks) como nuevo t\u00e9cnico en sustituci\u00f3n de Luca Banchi. Igor Kokoskov, t\u00e9cnico serbio con nacionalidad estadounidense de 53 a\u00f1os, ejerci\u00f3 las dos \u00faltimas temporadas de t\u00e9cnico asistente de Quin Snyder en los Atlanta Hawks. Primer entrenador principal europeo en la historia de la NBA dirigiendo&hellip;&nbsp;Read More &raquo;Igor Kokoskov nuevo t\u00e9cnico del Anadolu Efes\" \/>\n<meta property=\"og:url\" content=\"https:\/\/gijonbasket.com\/en\/2025\/06\/16\/igor-kokoskov-nuevo-tecnico-del-anadolu-efes\/\" \/>\n<meta property=\"og:site_name\" content=\"gijonbasket\" \/>\n<meta property=\"article:published_time\" content=\"2025-06-16T06:25:22+00:00\" \/>\n<meta property=\"article:modified_time\" content=\"2025-06-16T06:25:23+00:00\" \/>\n<meta name=\"author\" content=\"Cesar Morales\" \/>\n<meta name=\"twitter:card\" content=\"summary_large_image\" \/>\n<meta name=\"twitter:label1\" content=\"Written by\" \/>\n\t<meta name=\"twitter:data1\" content=\"Cesar Morales\" \/>\n\t<meta name=\"twitter:label2\" content=\"Est. reading time\" \/>\n\t<meta name=\"twitter:data2\" content=\"1 minute\" \/>\n<script type=\"application\/ld+json\" class=\"yoast-schema-graph\">{\"@context\":\"https:\/\/schema.org\",\"@graph\":[{\"@type\":\"Article\",\"@id\":\"https:\/\/gijonbasket.com\/2025\/06\/16\/igor-kokoskov-nuevo-tecnico-del-anadolu-efes\/#article\",\"isPartOf\":{\"@id\":\"https:\/\/gijonbasket.com\/2025\/06\/16\/igor-kokoskov-nuevo-tecnico-del-anadolu-efes\/\"},\"author\":{\"name\":\"Cesar Morales\",\"@id\":\"https:\/\/gijonbasket.com\/#\/schema\/person\/91af9ff03e8eab582ccc344b715907c0\"},\"headline\":\"Igor Kokoskov nuevo t\u00e9cnico del Anadolu Efes\",\"datePublished\":\"2025-06-16T06:25:22+00:00\",\"dateModified\":\"2025-06-16T06:25:23+00:00\",\"mainEntityOfPage\":{\"@id\":\"https:\/\/gijonbasket.com\/2025\/06\/16\/igor-kokoskov-nuevo-tecnico-del-anadolu-efes\/\"},\"wordCount\":139,\"commentCount\":0,\"publisher\":{\"@id\":\"https:\/\/gijonbasket.com\/#organization\"},\"articleSection\":[\"noticias\"],\"inLanguage\":\"en-US\",\"potentialAction\":[{\"@type\":\"CommentAction\",\"name\":\"Comment\",\"target\":[\"https:\/\/gijonbasket.com\/2025\/06\/16\/igor-kokoskov-nuevo-tecnico-del-anadolu-efes\/#respond\"]}]},{\"@type\":\"WebPage\",\"@id\":\"https:\/\/gijonbasket.com\/2025\/06\/16\/igor-kokoskov-nuevo-tecnico-del-anadolu-efes\/\",\"url\":\"https:\/\/gijonbasket.com\/2025\/06\/16\/igor-kokoskov-nuevo-tecnico-del-anadolu-efes\/\",\"name\":\"Igor Kokoskov nuevo t\u00e9cnico del Anadolu Efes - gijonbasket\",\"isPartOf\":{\"@id\":\"https:\/\/gijonbasket.com\/#website\"},\"datePublished\":\"2025-06-16T06:25:22+00:00\",\"dateModified\":\"2025-06-16T06:25:23+00:00\",\"breadcrumb\":{\"@id\":\"https:\/\/gijonbasket.com\/2025\/06\/16\/igor-kokoskov-nuevo-tecnico-del-anadolu-efes\/#breadcrumb\"},\"inLanguage\":\"en-US\",\"potentialAction\":[{\"@type\":\"ReadAction\",\"target\":[\"https:\/\/gijonbasket.com\/2025\/06\/16\/igor-kokoskov-nuevo-tecnico-del-anadolu-efes\/\"]}]},{\"@type\":\"BreadcrumbList\",\"@id\":\"https:\/\/gijonbasket.com\/2025\/06\/16\/igor-kokoskov-nuevo-tecnico-del-anadolu-efes\/#breadcrumb\",\"itemListElement\":[{\"@type\":\"ListItem\",\"position\":1,\"name\":\"Portada\",\"item\":\"https:\/\/gijonbasket.com\/\"},{\"@type\":\"ListItem\",\"position\":2,\"name\":\"Igor Kokoskov nuevo t\u00e9cnico del Anadolu Efes\"}]},{\"@type\":\"WebSite\",\"@id\":\"https:\/\/gijonbasket.com\/#website\",\"url\":\"https:\/\/gijonbasket.com\/\",\"name\":\"gijonbasket\",\"description\":\"\",\"publisher\":{\"@id\":\"https:\/\/gijonbasket.com\/#organization\"},\"potentialAction\":[{\"@type\":\"SearchAction\",\"target\":{\"@type\":\"EntryPoint\",\"urlTemplate\":\"https:\/\/gijonbasket.com\/?s={search_term_string}\"},\"query-input\":{\"@type\":\"PropertyValueSpecification\",\"valueRequired\":true,\"valueName\":\"search_term_string\"}}],\"inLanguage\":\"en-US\"},{\"@type\":\"Organization\",\"@id\":\"https:\/\/gijonbasket.com\/#organization\",\"name\":\"gijonbasket\",\"url\":\"https:\/\/gijonbasket.com\/\",\"logo\":{\"@type\":\"ImageObject\",\"inLanguage\":\"en-US\",\"@id\":\"https:\/\/gijonbasket.com\/#\/schema\/logo\/image\/\",\"url\":\"https:\/\/gijonbasket.com\/wp-content\/uploads\/2023\/03\/LogoGijonBasket2.jpg\",\"contentUrl\":\"https:\/\/gijonbasket.com\/wp-content\/uploads\/2023\/03\/LogoGijonBasket2.jpg\",\"width\":2000,\"height\":550,\"caption\":\"gijonbasket\"},\"image\":{\"@id\":\"https:\/\/gijonbasket.com\/#\/schema\/logo\/image\/\"}},{\"@type\":\"Person\",\"@id\":\"https:\/\/gijonbasket.com\/#\/schema\/person\/91af9ff03e8eab582ccc344b715907c0\",\"name\":\"Cesar Morales\",\"image\":{\"@type\":\"ImageObject\",\"inLanguage\":\"en-US\",\"@id\":\"https:\/\/gijonbasket.com\/#\/schema\/person\/image\/\",\"url\":\"https:\/\/secure.gravatar.com\/avatar\/ab9ddf1e87f7580cae3deefb05a58c5cf4f0c7f96f033fd7dacc23f0e8d149ca?s=96&d=mm&r=g\",\"contentUrl\":\"https:\/\/secure.gravatar.com\/avatar\/ab9ddf1e87f7580cae3deefb05a58c5cf4f0c7f96f033fd7dacc23f0e8d149ca?s=96&d=mm&r=g\",\"caption\":\"Cesar Morales\"},\"url\":\"https:\/\/gijonbasket.com\/en\/author\/cesar\/\"}]}<\/script>\n<!-- \/ Yoast SEO plugin. -->","yoast_head_json":{"title":"Igor Kokoskov nuevo t\u00e9cnico del Anadolu Efes - gijonbasket","robots":{"index":"index","follow":"follow","max-snippet":"max-snippet:-1","max-image-preview":"max-image-preview:large","max-video-preview":"max-video-preview:-1"},"canonical":"https:\/\/gijonbasket.com\/en\/2025\/06\/16\/igor-kokoskov-nuevo-tecnico-del-anadolu-efes\/","og_locale":"en_US","og_type":"article","og_title":"Igor Kokoskov nuevo t\u00e9cnico del Anadolu Efes - gijonbasket","og_description":"El Anadolu Efes anunci\u00f3 la contrataci\u00f3n de Igor Kokoskov (Atlanta Hawks) como nuevo t\u00e9cnico en sustituci\u00f3n de Luca Banchi. Igor Kokoskov, t\u00e9cnico serbio con nacionalidad estadounidense de 53 a\u00f1os, ejerci\u00f3 las dos \u00faltimas temporadas de t\u00e9cnico asistente de Quin Snyder en los Atlanta Hawks. Primer entrenador principal europeo en la historia de la NBA dirigiendo&hellip;&nbsp;Read More &raquo;Igor Kokoskov nuevo t\u00e9cnico del Anadolu Efes","og_url":"https:\/\/gijonbasket.com\/en\/2025\/06\/16\/igor-kokoskov-nuevo-tecnico-del-anadolu-efes\/","og_site_name":"gijonbasket","article_published_time":"2025-06-16T06:25:22+00:00","article_modified_time":"2025-06-16T06:25:23+00:00","author":"Cesar Morales","twitter_card":"summary_large_image","twitter_misc":{"Written by":"Cesar Morales","Est. reading time":"1 minute"},"schema":{"@context":"https:\/\/schema.org","@graph":[{"@type":"Article","@id":"https:\/\/gijonbasket.com\/2025\/06\/16\/igor-kokoskov-nuevo-tecnico-del-anadolu-efes\/#article","isPartOf":{"@id":"https:\/\/gijonbasket.com\/2025\/06\/16\/igor-kokoskov-nuevo-tecnico-del-anadolu-efes\/"},"author":{"name":"Cesar Morales","@id":"https:\/\/gijonbasket.com\/#\/schema\/person\/91af9ff03e8eab582ccc344b715907c0"},"headline":"Igor Kokoskov nuevo t\u00e9cnico del Anadolu Efes","datePublished":"2025-06-16T06:25:22+00:00","dateModified":"2025-06-16T06:25:23+00:00","mainEntityOfPage":{"@id":"https:\/\/gijonbasket.com\/2025\/06\/16\/igor-kokoskov-nuevo-tecnico-del-anadolu-efes\/"},"wordCount":139,"commentCount":0,"publisher":{"@id":"https:\/\/gijonbasket.com\/#organization"},"articleSection":["noticias"],"inLanguage":"en-US","potentialAction":[{"@type":"CommentAction","name":"Comment","target":["https:\/\/gijonbasket.com\/2025\/06\/16\/igor-kokoskov-nuevo-tecnico-del-anadolu-efes\/#respond"]}]},{"@type":"WebPage","@id":"https:\/\/gijonbasket.com\/2025\/06\/16\/igor-kokoskov-nuevo-tecnico-del-anadolu-efes\/","url":"https:\/\/gijonbasket.com\/2025\/06\/16\/igor-kokoskov-nuevo-tecnico-del-anadolu-efes\/","name":"Igor Kokoskov nuevo t\u00e9cnico del Anadolu Efes - gijonbasket","isPartOf":{"@id":"https:\/\/gijonbasket.com\/#website"},"datePublished":"2025-06-16T06:25:22+00:00","dateModified":"2025-06-16T06:25:23+00:00","breadcrumb":{"@id":"https:\/\/gijonbasket.com\/2025\/06\/16\/igor-kokoskov-nuevo-tecnico-del-anadolu-efes\/#breadcrumb"},"inLanguage":"en-US","potentialAction":[{"@type":"ReadAction","target":["https:\/\/gijonbasket.com\/2025\/06\/16\/igor-kokoskov-nuevo-tecnico-del-anadolu-efes\/"]}]},{"@type":"BreadcrumbList","@id":"https:\/\/gijonbasket.com\/2025\/06\/16\/igor-kokoskov-nuevo-tecnico-del-anadolu-efes\/#breadcrumb","itemListElement":[{"@type":"ListItem","position":1,"name":"Portada","item":"https:\/\/gijonbasket.com\/"},{"@type":"ListItem","position":2,"name":"Igor Kokoskov nuevo t\u00e9cnico del Anadolu Efes"}]},{"@type":"WebSite","@id":"https:\/\/gijonbasket.com\/#website","url":"https:\/\/gijonbasket.com\/","name":"gijonbasket","description":"","publisher":{"@id":"https:\/\/gijonbasket.com\/#organization"},"potentialAction":[{"@type":"SearchAction","target":{"@type":"EntryPoint","urlTemplate":"https:\/\/gijonbasket.com\/?s={search_term_string}"},"query-input":{"@type":"PropertyValueSpecification","valueRequired":true,"valueName":"search_term_string"}}],"inLanguage":"en-US"},{"@type":"Organization","@id":"https:\/\/gijonbasket.com\/#organization","name":"gijonbasket","url":"https:\/\/gijonbasket.com\/","logo":{"@type":"ImageObject","inLanguage":"en-US","@id":"https:\/\/gijonbasket.com\/#\/schema\/logo\/image\/","url":"https:\/\/gijonbasket.com\/wp-content\/uploads\/2023\/03\/LogoGijonBasket2.jpg","contentUrl":"https:\/\/gijonbasket.com\/wp-content\/uploads\/2023\/03\/LogoGijonBasket2.jpg","width":2000,"height":550,"caption":"gijonbasket"},"image":{"@id":"https:\/\/gijonbasket.com\/#\/schema\/logo\/image\/"}},{"@type":"Person","@id":"https:\/\/gijonbasket.com\/#\/schema\/person\/91af9ff03e8eab582ccc344b715907c0","name":"Cesar Morales","image":{"@type":"ImageObject","inLanguage":"en-US","@id":"https:\/\/gijonbasket.com\/#\/schema\/person\/image\/","url":"https:\/\/secure.gravatar.com\/avatar\/ab9ddf1e87f7580cae3deefb05a58c5cf4f0c7f96f033fd7dacc23f0e8d149ca?s=96&d=mm&r=g","contentUrl":"https:\/\/secure.gravatar.com\/avatar\/ab9ddf1e87f7580cae3deefb05a58c5cf4f0c7f96f033fd7dacc23f0e8d149ca?s=96&d=mm&r=g","caption":"Cesar Morales"},"url":"https:\/\/gijonbasket.com\/en\/author\/cesar\/"}]}},"_links":{"self":[{"href":"https:\/\/gijonbasket.com\/en\/wp-json\/wp\/v2\/posts\/7209","targetHints":{"allow":["GET"]}}],"collection":[{"href":"https:\/\/gijonbasket.com\/en\/wp-json\/wp\/v2\/posts"}],"about":[{"href":"https:\/\/gijonbasket.com\/en\/wp-json\/wp\/v2\/types\/post"}],"author":[{"embeddable":true,"href":"https:\/\/gijonbasket.com\/en\/wp-json\/wp\/v2\/users\/2"}],"replies":[{"embeddable":true,"href":"https:\/\/gijonbasket.com\/en\/wp-json\/wp\/v2\/comments?post=7209"}],"version-history":[{"count":1,"href":"https:\/\/gijonbasket.com\/en\/wp-json\/wp\/v2\/posts\/7209\/revisions"}],"predecessor-version":[{"id":7210,"href":"https:\/\/gijonbasket.com\/en\/wp-json\/wp\/v2\/posts\/7209\/revisions\/7210"}],"wp:attachment":[{"href":"https:\/\/gijonbasket.com\/en\/wp-json\/wp\/v2\/media?parent=7209"}],"wp:term":[{"taxonomy":"category","embeddable":true,"href":"https:\/\/gijonbasket.com\/en\/wp-json\/wp\/v2\/categories?post=7209"},{"taxonomy":"post_tag","embeddable":true,"href":"https:\/\/gijonbasket.com\/en\/wp-json\/wp\/v2\/tags?post=7209"}],"curies":[{"name":"wp","href":"https:\/\/api.w.org\/{rel}","templated":true}]}}