{"id":7217,"date":"2025-06-17T11:23:57","date_gmt":"2025-06-17T09:23:57","guid":{"rendered":"https:\/\/gijonbasket.com\/?p=7217"},"modified":"2025-06-17T11:23:58","modified_gmt":"2025-06-17T09:23:58","slug":"gabriel-gil-nuevo-fichaje-del-grupo-ureta-tizona-burgos","status":"publish","type":"post","link":"https:\/\/gijonbasket.com\/en\/2025\/06\/17\/gabriel-gil-nuevo-fichaje-del-grupo-ureta-tizona-burgos\/","title":{"rendered":"Gabriel Gil nuevo fichaje del Grupo Ureta Tizona Burgos"},"content":{"rendered":"<p>El Grupo Ureta Tizona Burgos cerr\u00f3 el fichaje de Gabriel Gil (Odilo FC Cartagena CB) para la pr\u00f3xima temporada.<\/p>\n\n\n\n<p>Ala-p\u00edvot de 23 a\u00f1os y 2.00 m.<\/p>\n\n\n\n<p>Gabriel Gil debut\u00f3 esta pasada temporada, al igual que su equipo el Odilo FC Cartagena CB, en Primera FEB para ser el equipo revbelaci\u00f3n alcanzando los Cuartos de Final por el Ascenso a Liga Endesa y llevar al Real Betis Baloncesto a un quinto partido que finalmente se lo llev\u00f3 el conjunto verdiblanco y que le abri\u00f3 la puerta a lo que fue su Ascenso a Liga Endesa.<\/p>\n\n\n\n<p>Esta pasada temporada Gabriel Gil promedi\u00f3 6.4 ppp; 3.4 rpp (Primera FEB), 5.6 ppp; 2.8 rpp (Play-Offs Ascenso) y 7.8 ppp; 4.3 rpp (Copa Espa\u00f1a).<\/p>\n\n\n\n<p>Con experiencia tras 1 temporada en Primera FEB, 4 temporadas en LEB Plata y 3 temporadas en Liga EBA.<\/p>","protected":false},"excerpt":{"rendered":"<p>El Grupo Ureta Tizona Burgos cerr\u00f3 el fichaje de Gabriel Gil (Odilo FC Cartagena CB) para la pr\u00f3xima temporada. Ala-p\u00edvot de 23 a\u00f1os y 2.00 m. Gabriel Gil debut\u00f3 esta pasada temporada, al igual que su equipo el Odilo FC Cartagena CB, en Primera FEB para ser el equipo revbelaci\u00f3n alcanzando los Cuartos de Final&hellip;&nbsp;<a href=\"https:\/\/gijonbasket.com\/en\/2025\/06\/17\/gabriel-gil-nuevo-fichaje-del-grupo-ureta-tizona-burgos\/\" class=\"\" rel=\"bookmark\">Read More &raquo;<span class=\"screen-reader-text\">Gabriel Gil nuevo fichaje del Grupo Ureta Tizona Burgos<\/span><\/a><\/p>","protected":false},"author":2,"featured_media":0,"comment_status":"open","ping_status":"open","sticky":false,"template":"","format":"standard","meta":{"neve_meta_sidebar":"","neve_meta_container":"","neve_meta_enable_content_width":"","neve_meta_content_width":0,"neve_meta_title_alignment":"","neve_meta_author_avatar":"","neve_post_elements_order":"","neve_meta_disable_header":"","neve_meta_disable_footer":"","neve_meta_disable_title":"","footnotes":""},"categories":[4],"tags":[],"class_list":["post-7217","post","type-post","status-publish","format-standard","hentry","category-noticias"],"yoast_head":"<!-- This site is optimized with the Yoast SEO plugin v23.4 - https:\/\/yoast.com\/wordpress\/plugins\/seo\/ -->\n<title>Gabriel Gil nuevo fichaje del Grupo Ureta Tizona Burgos - gijonbasket<\/title>\n<meta name=\"robots\" content=\"index, follow, max-snippet:-1, max-image-preview:large, max-video-preview:-1\" \/>\n<link rel=\"canonical\" href=\"https:\/\/gijonbasket.com\/en\/2025\/06\/17\/gabriel-gil-nuevo-fichaje-del-grupo-ureta-tizona-burgos\/\" \/>\n<meta property=\"og:locale\" content=\"en_US\" \/>\n<meta property=\"og:type\" content=\"article\" \/>\n<meta property=\"og:title\" content=\"Gabriel Gil nuevo fichaje del Grupo Ureta Tizona Burgos - gijonbasket\" \/>\n<meta property=\"og:description\" content=\"El Grupo Ureta Tizona Burgos cerr\u00f3 el fichaje de Gabriel Gil (Odilo FC Cartagena CB) para la pr\u00f3xima temporada. Ala-p\u00edvot de 23 a\u00f1os y 2.00 m. Gabriel Gil debut\u00f3 esta pasada temporada, al igual que su equipo el Odilo FC Cartagena CB, en Primera FEB para ser el equipo revbelaci\u00f3n alcanzando los Cuartos de Final&hellip;&nbsp;Read More &raquo;Gabriel Gil nuevo fichaje del Grupo Ureta Tizona Burgos\" \/>\n<meta property=\"og:url\" content=\"https:\/\/gijonbasket.com\/en\/2025\/06\/17\/gabriel-gil-nuevo-fichaje-del-grupo-ureta-tizona-burgos\/\" \/>\n<meta property=\"og:site_name\" content=\"gijonbasket\" \/>\n<meta property=\"article:published_time\" content=\"2025-06-17T09:23:57+00:00\" \/>\n<meta property=\"article:modified_time\" content=\"2025-06-17T09:23:58+00:00\" \/>\n<meta name=\"author\" content=\"Cesar Morales\" \/>\n<meta name=\"twitter:card\" content=\"summary_large_image\" \/>\n<meta name=\"twitter:label1\" content=\"Written by\" \/>\n\t<meta name=\"twitter:data1\" content=\"Cesar Morales\" \/>\n\t<meta name=\"twitter:label2\" content=\"Est. reading time\" \/>\n\t<meta name=\"twitter:data2\" content=\"1 minute\" \/>\n<script type=\"application\/ld+json\" class=\"yoast-schema-graph\">{\"@context\":\"https:\/\/schema.org\",\"@graph\":[{\"@type\":\"Article\",\"@id\":\"https:\/\/gijonbasket.com\/2025\/06\/17\/gabriel-gil-nuevo-fichaje-del-grupo-ureta-tizona-burgos\/#article\",\"isPartOf\":{\"@id\":\"https:\/\/gijonbasket.com\/2025\/06\/17\/gabriel-gil-nuevo-fichaje-del-grupo-ureta-tizona-burgos\/\"},\"author\":{\"name\":\"Cesar Morales\",\"@id\":\"https:\/\/gijonbasket.com\/#\/schema\/person\/91af9ff03e8eab582ccc344b715907c0\"},\"headline\":\"Gabriel Gil nuevo fichaje del Grupo Ureta Tizona Burgos\",\"datePublished\":\"2025-06-17T09:23:57+00:00\",\"dateModified\":\"2025-06-17T09:23:58+00:00\",\"mainEntityOfPage\":{\"@id\":\"https:\/\/gijonbasket.com\/2025\/06\/17\/gabriel-gil-nuevo-fichaje-del-grupo-ureta-tizona-burgos\/\"},\"wordCount\":141,\"commentCount\":0,\"publisher\":{\"@id\":\"https:\/\/gijonbasket.com\/#organization\"},\"articleSection\":[\"noticias\"],\"inLanguage\":\"en-US\",\"potentialAction\":[{\"@type\":\"CommentAction\",\"name\":\"Comment\",\"target\":[\"https:\/\/gijonbasket.com\/2025\/06\/17\/gabriel-gil-nuevo-fichaje-del-grupo-ureta-tizona-burgos\/#respond\"]}]},{\"@type\":\"WebPage\",\"@id\":\"https:\/\/gijonbasket.com\/2025\/06\/17\/gabriel-gil-nuevo-fichaje-del-grupo-ureta-tizona-burgos\/\",\"url\":\"https:\/\/gijonbasket.com\/2025\/06\/17\/gabriel-gil-nuevo-fichaje-del-grupo-ureta-tizona-burgos\/\",\"name\":\"Gabriel Gil nuevo fichaje del Grupo Ureta Tizona Burgos - gijonbasket\",\"isPartOf\":{\"@id\":\"https:\/\/gijonbasket.com\/#website\"},\"datePublished\":\"2025-06-17T09:23:57+00:00\",\"dateModified\":\"2025-06-17T09:23:58+00:00\",\"breadcrumb\":{\"@id\":\"https:\/\/gijonbasket.com\/2025\/06\/17\/gabriel-gil-nuevo-fichaje-del-grupo-ureta-tizona-burgos\/#breadcrumb\"},\"inLanguage\":\"en-US\",\"potentialAction\":[{\"@type\":\"ReadAction\",\"target\":[\"https:\/\/gijonbasket.com\/2025\/06\/17\/gabriel-gil-nuevo-fichaje-del-grupo-ureta-tizona-burgos\/\"]}]},{\"@type\":\"BreadcrumbList\",\"@id\":\"https:\/\/gijonbasket.com\/2025\/06\/17\/gabriel-gil-nuevo-fichaje-del-grupo-ureta-tizona-burgos\/#breadcrumb\",\"itemListElement\":[{\"@type\":\"ListItem\",\"position\":1,\"name\":\"Portada\",\"item\":\"https:\/\/gijonbasket.com\/\"},{\"@type\":\"ListItem\",\"position\":2,\"name\":\"Gabriel Gil nuevo fichaje del Grupo Ureta Tizona Burgos\"}]},{\"@type\":\"WebSite\",\"@id\":\"https:\/\/gijonbasket.com\/#website\",\"url\":\"https:\/\/gijonbasket.com\/\",\"name\":\"gijonbasket\",\"description\":\"\",\"publisher\":{\"@id\":\"https:\/\/gijonbasket.com\/#organization\"},\"potentialAction\":[{\"@type\":\"SearchAction\",\"target\":{\"@type\":\"EntryPoint\",\"urlTemplate\":\"https:\/\/gijonbasket.com\/?s={search_term_string}\"},\"query-input\":{\"@type\":\"PropertyValueSpecification\",\"valueRequired\":true,\"valueName\":\"search_term_string\"}}],\"inLanguage\":\"en-US\"},{\"@type\":\"Organization\",\"@id\":\"https:\/\/gijonbasket.com\/#organization\",\"name\":\"gijonbasket\",\"url\":\"https:\/\/gijonbasket.com\/\",\"logo\":{\"@type\":\"ImageObject\",\"inLanguage\":\"en-US\",\"@id\":\"https:\/\/gijonbasket.com\/#\/schema\/logo\/image\/\",\"url\":\"https:\/\/gijonbasket.com\/wp-content\/uploads\/2023\/03\/LogoGijonBasket2.jpg\",\"contentUrl\":\"https:\/\/gijonbasket.com\/wp-content\/uploads\/2023\/03\/LogoGijonBasket2.jpg\",\"width\":2000,\"height\":550,\"caption\":\"gijonbasket\"},\"image\":{\"@id\":\"https:\/\/gijonbasket.com\/#\/schema\/logo\/image\/\"}},{\"@type\":\"Person\",\"@id\":\"https:\/\/gijonbasket.com\/#\/schema\/person\/91af9ff03e8eab582ccc344b715907c0\",\"name\":\"Cesar Morales\",\"image\":{\"@type\":\"ImageObject\",\"inLanguage\":\"en-US\",\"@id\":\"https:\/\/gijonbasket.com\/#\/schema\/person\/image\/\",\"url\":\"https:\/\/secure.gravatar.com\/avatar\/ab9ddf1e87f7580cae3deefb05a58c5cf4f0c7f96f033fd7dacc23f0e8d149ca?s=96&d=mm&r=g\",\"contentUrl\":\"https:\/\/secure.gravatar.com\/avatar\/ab9ddf1e87f7580cae3deefb05a58c5cf4f0c7f96f033fd7dacc23f0e8d149ca?s=96&d=mm&r=g\",\"caption\":\"Cesar Morales\"},\"url\":\"https:\/\/gijonbasket.com\/en\/author\/cesar\/\"}]}<\/script>\n<!-- \/ Yoast SEO plugin. -->","yoast_head_json":{"title":"Gabriel Gil nuevo fichaje del Grupo Ureta Tizona Burgos - gijonbasket","robots":{"index":"index","follow":"follow","max-snippet":"max-snippet:-1","max-image-preview":"max-image-preview:large","max-video-preview":"max-video-preview:-1"},"canonical":"https:\/\/gijonbasket.com\/en\/2025\/06\/17\/gabriel-gil-nuevo-fichaje-del-grupo-ureta-tizona-burgos\/","og_locale":"en_US","og_type":"article","og_title":"Gabriel Gil nuevo fichaje del Grupo Ureta Tizona Burgos - gijonbasket","og_description":"El Grupo Ureta Tizona Burgos cerr\u00f3 el fichaje de Gabriel Gil (Odilo FC Cartagena CB) para la pr\u00f3xima temporada. Ala-p\u00edvot de 23 a\u00f1os y 2.00 m. Gabriel Gil debut\u00f3 esta pasada temporada, al igual que su equipo el Odilo FC Cartagena CB, en Primera FEB para ser el equipo revbelaci\u00f3n alcanzando los Cuartos de Final&hellip;&nbsp;Read More &raquo;Gabriel Gil nuevo fichaje del Grupo Ureta Tizona Burgos","og_url":"https:\/\/gijonbasket.com\/en\/2025\/06\/17\/gabriel-gil-nuevo-fichaje-del-grupo-ureta-tizona-burgos\/","og_site_name":"gijonbasket","article_published_time":"2025-06-17T09:23:57+00:00","article_modified_time":"2025-06-17T09:23:58+00:00","author":"Cesar Morales","twitter_card":"summary_large_image","twitter_misc":{"Written by":"Cesar Morales","Est. reading time":"1 minute"},"schema":{"@context":"https:\/\/schema.org","@graph":[{"@type":"Article","@id":"https:\/\/gijonbasket.com\/2025\/06\/17\/gabriel-gil-nuevo-fichaje-del-grupo-ureta-tizona-burgos\/#article","isPartOf":{"@id":"https:\/\/gijonbasket.com\/2025\/06\/17\/gabriel-gil-nuevo-fichaje-del-grupo-ureta-tizona-burgos\/"},"author":{"name":"Cesar Morales","@id":"https:\/\/gijonbasket.com\/#\/schema\/person\/91af9ff03e8eab582ccc344b715907c0"},"headline":"Gabriel Gil nuevo fichaje del Grupo Ureta Tizona Burgos","datePublished":"2025-06-17T09:23:57+00:00","dateModified":"2025-06-17T09:23:58+00:00","mainEntityOfPage":{"@id":"https:\/\/gijonbasket.com\/2025\/06\/17\/gabriel-gil-nuevo-fichaje-del-grupo-ureta-tizona-burgos\/"},"wordCount":141,"commentCount":0,"publisher":{"@id":"https:\/\/gijonbasket.com\/#organization"},"articleSection":["noticias"],"inLanguage":"en-US","potentialAction":[{"@type":"CommentAction","name":"Comment","target":["https:\/\/gijonbasket.com\/2025\/06\/17\/gabriel-gil-nuevo-fichaje-del-grupo-ureta-tizona-burgos\/#respond"]}]},{"@type":"WebPage","@id":"https:\/\/gijonbasket.com\/2025\/06\/17\/gabriel-gil-nuevo-fichaje-del-grupo-ureta-tizona-burgos\/","url":"https:\/\/gijonbasket.com\/2025\/06\/17\/gabriel-gil-nuevo-fichaje-del-grupo-ureta-tizona-burgos\/","name":"Gabriel Gil nuevo fichaje del Grupo Ureta Tizona Burgos - gijonbasket","isPartOf":{"@id":"https:\/\/gijonbasket.com\/#website"},"datePublished":"2025-06-17T09:23:57+00:00","dateModified":"2025-06-17T09:23:58+00:00","breadcrumb":{"@id":"https:\/\/gijonbasket.com\/2025\/06\/17\/gabriel-gil-nuevo-fichaje-del-grupo-ureta-tizona-burgos\/#breadcrumb"},"inLanguage":"en-US","potentialAction":[{"@type":"ReadAction","target":["https:\/\/gijonbasket.com\/2025\/06\/17\/gabriel-gil-nuevo-fichaje-del-grupo-ureta-tizona-burgos\/"]}]},{"@type":"BreadcrumbList","@id":"https:\/\/gijonbasket.com\/2025\/06\/17\/gabriel-gil-nuevo-fichaje-del-grupo-ureta-tizona-burgos\/#breadcrumb","itemListElement":[{"@type":"ListItem","position":1,"name":"Portada","item":"https:\/\/gijonbasket.com\/"},{"@type":"ListItem","position":2,"name":"Gabriel Gil nuevo fichaje del Grupo Ureta Tizona Burgos"}]},{"@type":"WebSite","@id":"https:\/\/gijonbasket.com\/#website","url":"https:\/\/gijonbasket.com\/","name":"gijonbasket","description":"","publisher":{"@id":"https:\/\/gijonbasket.com\/#organization"},"potentialAction":[{"@type":"SearchAction","target":{"@type":"EntryPoint","urlTemplate":"https:\/\/gijonbasket.com\/?s={search_term_string}"},"query-input":{"@type":"PropertyValueSpecification","valueRequired":true,"valueName":"search_term_string"}}],"inLanguage":"en-US"},{"@type":"Organization","@id":"https:\/\/gijonbasket.com\/#organization","name":"gijonbasket","url":"https:\/\/gijonbasket.com\/","logo":{"@type":"ImageObject","inLanguage":"en-US","@id":"https:\/\/gijonbasket.com\/#\/schema\/logo\/image\/","url":"https:\/\/gijonbasket.com\/wp-content\/uploads\/2023\/03\/LogoGijonBasket2.jpg","contentUrl":"https:\/\/gijonbasket.com\/wp-content\/uploads\/2023\/03\/LogoGijonBasket2.jpg","width":2000,"height":550,"caption":"gijonbasket"},"image":{"@id":"https:\/\/gijonbasket.com\/#\/schema\/logo\/image\/"}},{"@type":"Person","@id":"https:\/\/gijonbasket.com\/#\/schema\/person\/91af9ff03e8eab582ccc344b715907c0","name":"Cesar Morales","image":{"@type":"ImageObject","inLanguage":"en-US","@id":"https:\/\/gijonbasket.com\/#\/schema\/person\/image\/","url":"https:\/\/secure.gravatar.com\/avatar\/ab9ddf1e87f7580cae3deefb05a58c5cf4f0c7f96f033fd7dacc23f0e8d149ca?s=96&d=mm&r=g","contentUrl":"https:\/\/secure.gravatar.com\/avatar\/ab9ddf1e87f7580cae3deefb05a58c5cf4f0c7f96f033fd7dacc23f0e8d149ca?s=96&d=mm&r=g","caption":"Cesar Morales"},"url":"https:\/\/gijonbasket.com\/en\/author\/cesar\/"}]}},"_links":{"self":[{"href":"https:\/\/gijonbasket.com\/en\/wp-json\/wp\/v2\/posts\/7217","targetHints":{"allow":["GET"]}}],"collection":[{"href":"https:\/\/gijonbasket.com\/en\/wp-json\/wp\/v2\/posts"}],"about":[{"href":"https:\/\/gijonbasket.com\/en\/wp-json\/wp\/v2\/types\/post"}],"author":[{"embeddable":true,"href":"https:\/\/gijonbasket.com\/en\/wp-json\/wp\/v2\/users\/2"}],"replies":[{"embeddable":true,"href":"https:\/\/gijonbasket.com\/en\/wp-json\/wp\/v2\/comments?post=7217"}],"version-history":[{"count":1,"href":"https:\/\/gijonbasket.com\/en\/wp-json\/wp\/v2\/posts\/7217\/revisions"}],"predecessor-version":[{"id":7218,"href":"https:\/\/gijonbasket.com\/en\/wp-json\/wp\/v2\/posts\/7217\/revisions\/7218"}],"wp:attachment":[{"href":"https:\/\/gijonbasket.com\/en\/wp-json\/wp\/v2\/media?parent=7217"}],"wp:term":[{"taxonomy":"category","embeddable":true,"href":"https:\/\/gijonbasket.com\/en\/wp-json\/wp\/v2\/categories?post=7217"},{"taxonomy":"post_tag","embeddable":true,"href":"https:\/\/gijonbasket.com\/en\/wp-json\/wp\/v2\/tags?post=7217"}],"curies":[{"name":"wp","href":"https:\/\/api.w.org\/{rel}","templated":true}]}}