{"id":7227,"date":"2025-06-18T23:38:07","date_gmt":"2025-06-18T21:38:07","guid":{"rendered":"https:\/\/gijonbasket.com\/?p=7227"},"modified":"2025-06-18T23:38:08","modified_gmt":"2025-06-18T21:38:08","slug":"david-barrio-nuevo-tecnico-del-uemc-cbc-valladolid","status":"publish","type":"post","link":"https:\/\/gijonbasket.com\/en\/2025\/06\/18\/david-barrio-nuevo-tecnico-del-uemc-cbc-valladolid\/","title":{"rendered":"David Barrio nuevo t\u00e9cnico del UEMC CBC Valladolid"},"content":{"rendered":"<p>El UEMC CBC Valladolid anunci\u00f3 la contrataci\u00f3n de David Barrio, como nuevo t\u00e9cnico del conjunto pucelano, para la pr\u00f3xima temporada donde el equipo militar\u00e1 en Segunda FEB tras el descenso sufrido la pasada campa\u00f1a.<\/p>\n\n\n\n<p>David Barrio dirigi\u00f3 las dos \u00faltimas temporadas al Class B\u00e1squet Sant Antoni, al que llev\u00f3 hasta las Semifinales por el Ascenso a Primera FEB, tanto en su primera como segunda temporada. El C.B. Starlabs Mor\u00f3n y el Melilla Ciudad del Deporte cortaron las opciones de ascenso del conjunto balear.<\/p>\n\n\n\n<p>David Barrio regresa a Valladolid donde tuvo una destacada trayectoria en sus inicios como t\u00e9cnico con el Ponce Valladolid Femenino.<\/p>\n\n\n\n<p>En su trayectoria destacar las cuatro temporadas dirigiendo al Cl\u00ednica Ponferrada CDP (2019\/2020; 2020\/2021; 2021\/2022; 2022\/2023) en LEB Plata.<\/p>\n\n\n\n<p><\/p>","protected":false},"excerpt":{"rendered":"<p>El UEMC CBC Valladolid anunci\u00f3 la contrataci\u00f3n de David Barrio, como nuevo t\u00e9cnico del conjunto pucelano, para la pr\u00f3xima temporada donde el equipo militar\u00e1 en Segunda FEB tras el descenso sufrido la pasada campa\u00f1a. David Barrio dirigi\u00f3 las dos \u00faltimas temporadas al Class B\u00e1squet Sant Antoni, al que llev\u00f3 hasta las Semifinales por el Ascenso&hellip;&nbsp;<a href=\"https:\/\/gijonbasket.com\/en\/2025\/06\/18\/david-barrio-nuevo-tecnico-del-uemc-cbc-valladolid\/\" class=\"\" rel=\"bookmark\">Read More &raquo;<span class=\"screen-reader-text\">David Barrio nuevo t\u00e9cnico del UEMC CBC Valladolid<\/span><\/a><\/p>","protected":false},"author":2,"featured_media":0,"comment_status":"open","ping_status":"open","sticky":false,"template":"","format":"standard","meta":{"neve_meta_sidebar":"","neve_meta_container":"","neve_meta_enable_content_width":"","neve_meta_content_width":0,"neve_meta_title_alignment":"","neve_meta_author_avatar":"","neve_post_elements_order":"","neve_meta_disable_header":"","neve_meta_disable_footer":"","neve_meta_disable_title":"","footnotes":""},"categories":[4],"tags":[],"class_list":["post-7227","post","type-post","status-publish","format-standard","hentry","category-noticias"],"yoast_head":"<!-- This site is optimized with the Yoast SEO plugin v23.4 - https:\/\/yoast.com\/wordpress\/plugins\/seo\/ -->\n<title>David Barrio nuevo t\u00e9cnico del UEMC CBC Valladolid - gijonbasket<\/title>\n<meta name=\"robots\" content=\"index, follow, max-snippet:-1, max-image-preview:large, max-video-preview:-1\" \/>\n<link rel=\"canonical\" href=\"https:\/\/gijonbasket.com\/en\/2025\/06\/18\/david-barrio-nuevo-tecnico-del-uemc-cbc-valladolid\/\" \/>\n<meta property=\"og:locale\" content=\"en_US\" \/>\n<meta property=\"og:type\" content=\"article\" \/>\n<meta property=\"og:title\" content=\"David Barrio nuevo t\u00e9cnico del UEMC CBC Valladolid - gijonbasket\" \/>\n<meta property=\"og:description\" content=\"El UEMC CBC Valladolid anunci\u00f3 la contrataci\u00f3n de David Barrio, como nuevo t\u00e9cnico del conjunto pucelano, para la pr\u00f3xima temporada donde el equipo militar\u00e1 en Segunda FEB tras el descenso sufrido la pasada campa\u00f1a. David Barrio dirigi\u00f3 las dos \u00faltimas temporadas al Class B\u00e1squet Sant Antoni, al que llev\u00f3 hasta las Semifinales por el Ascenso&hellip;&nbsp;Read More &raquo;David Barrio nuevo t\u00e9cnico del UEMC CBC Valladolid\" \/>\n<meta property=\"og:url\" content=\"https:\/\/gijonbasket.com\/en\/2025\/06\/18\/david-barrio-nuevo-tecnico-del-uemc-cbc-valladolid\/\" \/>\n<meta property=\"og:site_name\" content=\"gijonbasket\" \/>\n<meta property=\"article:published_time\" content=\"2025-06-18T21:38:07+00:00\" \/>\n<meta property=\"article:modified_time\" content=\"2025-06-18T21:38:08+00:00\" \/>\n<meta name=\"author\" content=\"Cesar Morales\" \/>\n<meta name=\"twitter:card\" content=\"summary_large_image\" \/>\n<meta name=\"twitter:label1\" content=\"Written by\" \/>\n\t<meta name=\"twitter:data1\" content=\"Cesar Morales\" \/>\n\t<meta name=\"twitter:label2\" content=\"Est. reading time\" \/>\n\t<meta name=\"twitter:data2\" content=\"1 minute\" \/>\n<script type=\"application\/ld+json\" class=\"yoast-schema-graph\">{\"@context\":\"https:\/\/schema.org\",\"@graph\":[{\"@type\":\"Article\",\"@id\":\"https:\/\/gijonbasket.com\/2025\/06\/18\/david-barrio-nuevo-tecnico-del-uemc-cbc-valladolid\/#article\",\"isPartOf\":{\"@id\":\"https:\/\/gijonbasket.com\/2025\/06\/18\/david-barrio-nuevo-tecnico-del-uemc-cbc-valladolid\/\"},\"author\":{\"name\":\"Cesar Morales\",\"@id\":\"https:\/\/gijonbasket.com\/#\/schema\/person\/91af9ff03e8eab582ccc344b715907c0\"},\"headline\":\"David Barrio nuevo t\u00e9cnico del UEMC CBC Valladolid\",\"datePublished\":\"2025-06-18T21:38:07+00:00\",\"dateModified\":\"2025-06-18T21:38:08+00:00\",\"mainEntityOfPage\":{\"@id\":\"https:\/\/gijonbasket.com\/2025\/06\/18\/david-barrio-nuevo-tecnico-del-uemc-cbc-valladolid\/\"},\"wordCount\":136,\"commentCount\":0,\"publisher\":{\"@id\":\"https:\/\/gijonbasket.com\/#organization\"},\"articleSection\":[\"noticias\"],\"inLanguage\":\"en-US\",\"potentialAction\":[{\"@type\":\"CommentAction\",\"name\":\"Comment\",\"target\":[\"https:\/\/gijonbasket.com\/2025\/06\/18\/david-barrio-nuevo-tecnico-del-uemc-cbc-valladolid\/#respond\"]}]},{\"@type\":\"WebPage\",\"@id\":\"https:\/\/gijonbasket.com\/2025\/06\/18\/david-barrio-nuevo-tecnico-del-uemc-cbc-valladolid\/\",\"url\":\"https:\/\/gijonbasket.com\/2025\/06\/18\/david-barrio-nuevo-tecnico-del-uemc-cbc-valladolid\/\",\"name\":\"David Barrio nuevo t\u00e9cnico del UEMC CBC Valladolid - gijonbasket\",\"isPartOf\":{\"@id\":\"https:\/\/gijonbasket.com\/#website\"},\"datePublished\":\"2025-06-18T21:38:07+00:00\",\"dateModified\":\"2025-06-18T21:38:08+00:00\",\"breadcrumb\":{\"@id\":\"https:\/\/gijonbasket.com\/2025\/06\/18\/david-barrio-nuevo-tecnico-del-uemc-cbc-valladolid\/#breadcrumb\"},\"inLanguage\":\"en-US\",\"potentialAction\":[{\"@type\":\"ReadAction\",\"target\":[\"https:\/\/gijonbasket.com\/2025\/06\/18\/david-barrio-nuevo-tecnico-del-uemc-cbc-valladolid\/\"]}]},{\"@type\":\"BreadcrumbList\",\"@id\":\"https:\/\/gijonbasket.com\/2025\/06\/18\/david-barrio-nuevo-tecnico-del-uemc-cbc-valladolid\/#breadcrumb\",\"itemListElement\":[{\"@type\":\"ListItem\",\"position\":1,\"name\":\"Portada\",\"item\":\"https:\/\/gijonbasket.com\/\"},{\"@type\":\"ListItem\",\"position\":2,\"name\":\"David Barrio nuevo t\u00e9cnico del UEMC CBC Valladolid\"}]},{\"@type\":\"WebSite\",\"@id\":\"https:\/\/gijonbasket.com\/#website\",\"url\":\"https:\/\/gijonbasket.com\/\",\"name\":\"gijonbasket\",\"description\":\"\",\"publisher\":{\"@id\":\"https:\/\/gijonbasket.com\/#organization\"},\"potentialAction\":[{\"@type\":\"SearchAction\",\"target\":{\"@type\":\"EntryPoint\",\"urlTemplate\":\"https:\/\/gijonbasket.com\/?s={search_term_string}\"},\"query-input\":{\"@type\":\"PropertyValueSpecification\",\"valueRequired\":true,\"valueName\":\"search_term_string\"}}],\"inLanguage\":\"en-US\"},{\"@type\":\"Organization\",\"@id\":\"https:\/\/gijonbasket.com\/#organization\",\"name\":\"gijonbasket\",\"url\":\"https:\/\/gijonbasket.com\/\",\"logo\":{\"@type\":\"ImageObject\",\"inLanguage\":\"en-US\",\"@id\":\"https:\/\/gijonbasket.com\/#\/schema\/logo\/image\/\",\"url\":\"https:\/\/gijonbasket.com\/wp-content\/uploads\/2023\/03\/LogoGijonBasket2.jpg\",\"contentUrl\":\"https:\/\/gijonbasket.com\/wp-content\/uploads\/2023\/03\/LogoGijonBasket2.jpg\",\"width\":2000,\"height\":550,\"caption\":\"gijonbasket\"},\"image\":{\"@id\":\"https:\/\/gijonbasket.com\/#\/schema\/logo\/image\/\"}},{\"@type\":\"Person\",\"@id\":\"https:\/\/gijonbasket.com\/#\/schema\/person\/91af9ff03e8eab582ccc344b715907c0\",\"name\":\"Cesar Morales\",\"image\":{\"@type\":\"ImageObject\",\"inLanguage\":\"en-US\",\"@id\":\"https:\/\/gijonbasket.com\/#\/schema\/person\/image\/\",\"url\":\"https:\/\/secure.gravatar.com\/avatar\/ab9ddf1e87f7580cae3deefb05a58c5cf4f0c7f96f033fd7dacc23f0e8d149ca?s=96&d=mm&r=g\",\"contentUrl\":\"https:\/\/secure.gravatar.com\/avatar\/ab9ddf1e87f7580cae3deefb05a58c5cf4f0c7f96f033fd7dacc23f0e8d149ca?s=96&d=mm&r=g\",\"caption\":\"Cesar Morales\"},\"url\":\"https:\/\/gijonbasket.com\/en\/author\/cesar\/\"}]}<\/script>\n<!-- \/ Yoast SEO plugin. -->","yoast_head_json":{"title":"David Barrio nuevo t\u00e9cnico del UEMC CBC Valladolid - gijonbasket","robots":{"index":"index","follow":"follow","max-snippet":"max-snippet:-1","max-image-preview":"max-image-preview:large","max-video-preview":"max-video-preview:-1"},"canonical":"https:\/\/gijonbasket.com\/en\/2025\/06\/18\/david-barrio-nuevo-tecnico-del-uemc-cbc-valladolid\/","og_locale":"en_US","og_type":"article","og_title":"David Barrio nuevo t\u00e9cnico del UEMC CBC Valladolid - gijonbasket","og_description":"El UEMC CBC Valladolid anunci\u00f3 la contrataci\u00f3n de David Barrio, como nuevo t\u00e9cnico del conjunto pucelano, para la pr\u00f3xima temporada donde el equipo militar\u00e1 en Segunda FEB tras el descenso sufrido la pasada campa\u00f1a. David Barrio dirigi\u00f3 las dos \u00faltimas temporadas al Class B\u00e1squet Sant Antoni, al que llev\u00f3 hasta las Semifinales por el Ascenso&hellip;&nbsp;Read More &raquo;David Barrio nuevo t\u00e9cnico del UEMC CBC Valladolid","og_url":"https:\/\/gijonbasket.com\/en\/2025\/06\/18\/david-barrio-nuevo-tecnico-del-uemc-cbc-valladolid\/","og_site_name":"gijonbasket","article_published_time":"2025-06-18T21:38:07+00:00","article_modified_time":"2025-06-18T21:38:08+00:00","author":"Cesar Morales","twitter_card":"summary_large_image","twitter_misc":{"Written by":"Cesar Morales","Est. reading time":"1 minute"},"schema":{"@context":"https:\/\/schema.org","@graph":[{"@type":"Article","@id":"https:\/\/gijonbasket.com\/2025\/06\/18\/david-barrio-nuevo-tecnico-del-uemc-cbc-valladolid\/#article","isPartOf":{"@id":"https:\/\/gijonbasket.com\/2025\/06\/18\/david-barrio-nuevo-tecnico-del-uemc-cbc-valladolid\/"},"author":{"name":"Cesar Morales","@id":"https:\/\/gijonbasket.com\/#\/schema\/person\/91af9ff03e8eab582ccc344b715907c0"},"headline":"David Barrio nuevo t\u00e9cnico del UEMC CBC Valladolid","datePublished":"2025-06-18T21:38:07+00:00","dateModified":"2025-06-18T21:38:08+00:00","mainEntityOfPage":{"@id":"https:\/\/gijonbasket.com\/2025\/06\/18\/david-barrio-nuevo-tecnico-del-uemc-cbc-valladolid\/"},"wordCount":136,"commentCount":0,"publisher":{"@id":"https:\/\/gijonbasket.com\/#organization"},"articleSection":["noticias"],"inLanguage":"en-US","potentialAction":[{"@type":"CommentAction","name":"Comment","target":["https:\/\/gijonbasket.com\/2025\/06\/18\/david-barrio-nuevo-tecnico-del-uemc-cbc-valladolid\/#respond"]}]},{"@type":"WebPage","@id":"https:\/\/gijonbasket.com\/2025\/06\/18\/david-barrio-nuevo-tecnico-del-uemc-cbc-valladolid\/","url":"https:\/\/gijonbasket.com\/2025\/06\/18\/david-barrio-nuevo-tecnico-del-uemc-cbc-valladolid\/","name":"David Barrio nuevo t\u00e9cnico del UEMC CBC Valladolid - gijonbasket","isPartOf":{"@id":"https:\/\/gijonbasket.com\/#website"},"datePublished":"2025-06-18T21:38:07+00:00","dateModified":"2025-06-18T21:38:08+00:00","breadcrumb":{"@id":"https:\/\/gijonbasket.com\/2025\/06\/18\/david-barrio-nuevo-tecnico-del-uemc-cbc-valladolid\/#breadcrumb"},"inLanguage":"en-US","potentialAction":[{"@type":"ReadAction","target":["https:\/\/gijonbasket.com\/2025\/06\/18\/david-barrio-nuevo-tecnico-del-uemc-cbc-valladolid\/"]}]},{"@type":"BreadcrumbList","@id":"https:\/\/gijonbasket.com\/2025\/06\/18\/david-barrio-nuevo-tecnico-del-uemc-cbc-valladolid\/#breadcrumb","itemListElement":[{"@type":"ListItem","position":1,"name":"Portada","item":"https:\/\/gijonbasket.com\/"},{"@type":"ListItem","position":2,"name":"David Barrio nuevo t\u00e9cnico del UEMC CBC Valladolid"}]},{"@type":"WebSite","@id":"https:\/\/gijonbasket.com\/#website","url":"https:\/\/gijonbasket.com\/","name":"gijonbasket","description":"","publisher":{"@id":"https:\/\/gijonbasket.com\/#organization"},"potentialAction":[{"@type":"SearchAction","target":{"@type":"EntryPoint","urlTemplate":"https:\/\/gijonbasket.com\/?s={search_term_string}"},"query-input":{"@type":"PropertyValueSpecification","valueRequired":true,"valueName":"search_term_string"}}],"inLanguage":"en-US"},{"@type":"Organization","@id":"https:\/\/gijonbasket.com\/#organization","name":"gijonbasket","url":"https:\/\/gijonbasket.com\/","logo":{"@type":"ImageObject","inLanguage":"en-US","@id":"https:\/\/gijonbasket.com\/#\/schema\/logo\/image\/","url":"https:\/\/gijonbasket.com\/wp-content\/uploads\/2023\/03\/LogoGijonBasket2.jpg","contentUrl":"https:\/\/gijonbasket.com\/wp-content\/uploads\/2023\/03\/LogoGijonBasket2.jpg","width":2000,"height":550,"caption":"gijonbasket"},"image":{"@id":"https:\/\/gijonbasket.com\/#\/schema\/logo\/image\/"}},{"@type":"Person","@id":"https:\/\/gijonbasket.com\/#\/schema\/person\/91af9ff03e8eab582ccc344b715907c0","name":"Cesar Morales","image":{"@type":"ImageObject","inLanguage":"en-US","@id":"https:\/\/gijonbasket.com\/#\/schema\/person\/image\/","url":"https:\/\/secure.gravatar.com\/avatar\/ab9ddf1e87f7580cae3deefb05a58c5cf4f0c7f96f033fd7dacc23f0e8d149ca?s=96&d=mm&r=g","contentUrl":"https:\/\/secure.gravatar.com\/avatar\/ab9ddf1e87f7580cae3deefb05a58c5cf4f0c7f96f033fd7dacc23f0e8d149ca?s=96&d=mm&r=g","caption":"Cesar Morales"},"url":"https:\/\/gijonbasket.com\/en\/author\/cesar\/"}]}},"_links":{"self":[{"href":"https:\/\/gijonbasket.com\/en\/wp-json\/wp\/v2\/posts\/7227","targetHints":{"allow":["GET"]}}],"collection":[{"href":"https:\/\/gijonbasket.com\/en\/wp-json\/wp\/v2\/posts"}],"about":[{"href":"https:\/\/gijonbasket.com\/en\/wp-json\/wp\/v2\/types\/post"}],"author":[{"embeddable":true,"href":"https:\/\/gijonbasket.com\/en\/wp-json\/wp\/v2\/users\/2"}],"replies":[{"embeddable":true,"href":"https:\/\/gijonbasket.com\/en\/wp-json\/wp\/v2\/comments?post=7227"}],"version-history":[{"count":1,"href":"https:\/\/gijonbasket.com\/en\/wp-json\/wp\/v2\/posts\/7227\/revisions"}],"predecessor-version":[{"id":7228,"href":"https:\/\/gijonbasket.com\/en\/wp-json\/wp\/v2\/posts\/7227\/revisions\/7228"}],"wp:attachment":[{"href":"https:\/\/gijonbasket.com\/en\/wp-json\/wp\/v2\/media?parent=7227"}],"wp:term":[{"taxonomy":"category","embeddable":true,"href":"https:\/\/gijonbasket.com\/en\/wp-json\/wp\/v2\/categories?post=7227"},{"taxonomy":"post_tag","embeddable":true,"href":"https:\/\/gijonbasket.com\/en\/wp-json\/wp\/v2\/tags?post=7227"}],"curies":[{"name":"wp","href":"https:\/\/api.w.org\/{rel}","templated":true}]}}