{"id":7502,"date":"2025-07-09T18:45:02","date_gmt":"2025-07-09T16:45:02","guid":{"rendered":"https:\/\/gijonbasket.com\/?p=7502"},"modified":"2025-07-09T18:45:05","modified_gmt":"2025-07-09T16:45:05","slug":"diogo-brito-del-aircargobooking-ourense-al-monbus-obradoiro","status":"publish","type":"post","link":"https:\/\/gijonbasket.com\/en\/2025\/07\/09\/diogo-brito-del-aircargobooking-ourense-al-monbus-obradoiro\/","title":{"rendered":"Diogo Brito del Aircargobooking Ourense al Monbus Obradoiro"},"content":{"rendered":"<p>El Monbus Obradoiro anunci\u00f3 el fichaje de Diogo Brito para la pr\u00f3xima temporada.<\/p>\n\n\n\n<p>Alero portugu\u00e9s de 28 a\u00f1os y 1.98 m. que la pasada temporada milit\u00f3 en el Aircargobooking Ourense en su segunda etapa en el conjunto orensano.<\/p>\n\n\n\n<p>Diogo Brito se estren\u00f3 en Espa\u00f1a con el Ibere\u00f3lica Renovables Ourense en la temporada 2020\/2021.<\/p>\n\n\n\n<p>El C.B. Mor\u00f3n en LEB Plata fue su equipo en la temporada 2021\/2022.<\/p>\n\n\n\n<p>2 temporadas en el ICG For\u00e7a Lleida (2022\/2023; 2023\/2024), logrando en su \u00faltima campa\u00f1a el hist\u00f3rico ascenso del conjunto ilerdense a Liga Endesa.<\/p>\n\n\n\n<p>La pasada temporada con el Aircargobooking Ourense, Diogo Brito firm\u00f3 unas estad\u00edsticas de 11.8 ppp; 5.3 rpp (Temporada Regular) y 9.8 ppp; 4 rpp (Copa Espa\u00f1a).<\/p>","protected":false},"excerpt":{"rendered":"<p>El Monbus Obradoiro anunci\u00f3 el fichaje de Diogo Brito para la pr\u00f3xima temporada. Alero portugu\u00e9s de 28 a\u00f1os y 1.98 m. que la pasada temporada milit\u00f3 en el Aircargobooking Ourense en su segunda etapa en el conjunto orensano. Diogo Brito se estren\u00f3 en Espa\u00f1a con el Ibere\u00f3lica Renovables Ourense en la temporada 2020\/2021. El C.B.&hellip;&nbsp;<a href=\"https:\/\/gijonbasket.com\/en\/2025\/07\/09\/diogo-brito-del-aircargobooking-ourense-al-monbus-obradoiro\/\" class=\"\" rel=\"bookmark\">Read More &raquo;<span class=\"screen-reader-text\">Diogo Brito del Aircargobooking Ourense al Monbus Obradoiro<\/span><\/a><\/p>","protected":false},"author":2,"featured_media":0,"comment_status":"open","ping_status":"open","sticky":false,"template":"","format":"standard","meta":{"neve_meta_sidebar":"","neve_meta_container":"","neve_meta_enable_content_width":"","neve_meta_content_width":0,"neve_meta_title_alignment":"","neve_meta_author_avatar":"","neve_post_elements_order":"","neve_meta_disable_header":"","neve_meta_disable_footer":"","neve_meta_disable_title":"","footnotes":""},"categories":[4],"tags":[],"class_list":["post-7502","post","type-post","status-publish","format-standard","hentry","category-noticias"],"yoast_head":"<!-- This site is optimized with the Yoast SEO plugin v23.4 - https:\/\/yoast.com\/wordpress\/plugins\/seo\/ -->\n<title>Diogo Brito del Aircargobooking Ourense al Monbus Obradoiro - gijonbasket<\/title>\n<meta name=\"robots\" content=\"index, follow, max-snippet:-1, max-image-preview:large, max-video-preview:-1\" \/>\n<link rel=\"canonical\" href=\"https:\/\/gijonbasket.com\/en\/2025\/07\/09\/diogo-brito-del-aircargobooking-ourense-al-monbus-obradoiro\/\" \/>\n<meta property=\"og:locale\" content=\"en_US\" \/>\n<meta property=\"og:type\" content=\"article\" \/>\n<meta property=\"og:title\" content=\"Diogo Brito del Aircargobooking Ourense al Monbus Obradoiro - gijonbasket\" \/>\n<meta property=\"og:description\" content=\"El Monbus Obradoiro anunci\u00f3 el fichaje de Diogo Brito para la pr\u00f3xima temporada. Alero portugu\u00e9s de 28 a\u00f1os y 1.98 m. que la pasada temporada milit\u00f3 en el Aircargobooking Ourense en su segunda etapa en el conjunto orensano. Diogo Brito se estren\u00f3 en Espa\u00f1a con el Ibere\u00f3lica Renovables Ourense en la temporada 2020\/2021. El C.B.&hellip;&nbsp;Read More &raquo;Diogo Brito del Aircargobooking Ourense al Monbus Obradoiro\" \/>\n<meta property=\"og:url\" content=\"https:\/\/gijonbasket.com\/en\/2025\/07\/09\/diogo-brito-del-aircargobooking-ourense-al-monbus-obradoiro\/\" \/>\n<meta property=\"og:site_name\" content=\"gijonbasket\" \/>\n<meta property=\"article:published_time\" content=\"2025-07-09T16:45:02+00:00\" \/>\n<meta property=\"article:modified_time\" content=\"2025-07-09T16:45:05+00:00\" \/>\n<meta name=\"author\" content=\"Cesar Morales\" \/>\n<meta name=\"twitter:card\" content=\"summary_large_image\" \/>\n<meta name=\"twitter:label1\" content=\"Written by\" \/>\n\t<meta name=\"twitter:data1\" content=\"Cesar Morales\" \/>\n\t<meta name=\"twitter:label2\" content=\"Est. reading time\" \/>\n\t<meta name=\"twitter:data2\" content=\"1 minute\" \/>\n<script type=\"application\/ld+json\" class=\"yoast-schema-graph\">{\"@context\":\"https:\/\/schema.org\",\"@graph\":[{\"@type\":\"Article\",\"@id\":\"https:\/\/gijonbasket.com\/2025\/07\/09\/diogo-brito-del-aircargobooking-ourense-al-monbus-obradoiro\/#article\",\"isPartOf\":{\"@id\":\"https:\/\/gijonbasket.com\/2025\/07\/09\/diogo-brito-del-aircargobooking-ourense-al-monbus-obradoiro\/\"},\"author\":{\"name\":\"Cesar Morales\",\"@id\":\"https:\/\/gijonbasket.com\/#\/schema\/person\/91af9ff03e8eab582ccc344b715907c0\"},\"headline\":\"Diogo Brito del Aircargobooking Ourense al Monbus Obradoiro\",\"datePublished\":\"2025-07-09T16:45:02+00:00\",\"dateModified\":\"2025-07-09T16:45:05+00:00\",\"mainEntityOfPage\":{\"@id\":\"https:\/\/gijonbasket.com\/2025\/07\/09\/diogo-brito-del-aircargobooking-ourense-al-monbus-obradoiro\/\"},\"wordCount\":124,\"commentCount\":0,\"publisher\":{\"@id\":\"https:\/\/gijonbasket.com\/#organization\"},\"articleSection\":[\"noticias\"],\"inLanguage\":\"en-US\",\"potentialAction\":[{\"@type\":\"CommentAction\",\"name\":\"Comment\",\"target\":[\"https:\/\/gijonbasket.com\/2025\/07\/09\/diogo-brito-del-aircargobooking-ourense-al-monbus-obradoiro\/#respond\"]}]},{\"@type\":\"WebPage\",\"@id\":\"https:\/\/gijonbasket.com\/2025\/07\/09\/diogo-brito-del-aircargobooking-ourense-al-monbus-obradoiro\/\",\"url\":\"https:\/\/gijonbasket.com\/2025\/07\/09\/diogo-brito-del-aircargobooking-ourense-al-monbus-obradoiro\/\",\"name\":\"Diogo Brito del Aircargobooking Ourense al Monbus Obradoiro - gijonbasket\",\"isPartOf\":{\"@id\":\"https:\/\/gijonbasket.com\/#website\"},\"datePublished\":\"2025-07-09T16:45:02+00:00\",\"dateModified\":\"2025-07-09T16:45:05+00:00\",\"breadcrumb\":{\"@id\":\"https:\/\/gijonbasket.com\/2025\/07\/09\/diogo-brito-del-aircargobooking-ourense-al-monbus-obradoiro\/#breadcrumb\"},\"inLanguage\":\"en-US\",\"potentialAction\":[{\"@type\":\"ReadAction\",\"target\":[\"https:\/\/gijonbasket.com\/2025\/07\/09\/diogo-brito-del-aircargobooking-ourense-al-monbus-obradoiro\/\"]}]},{\"@type\":\"BreadcrumbList\",\"@id\":\"https:\/\/gijonbasket.com\/2025\/07\/09\/diogo-brito-del-aircargobooking-ourense-al-monbus-obradoiro\/#breadcrumb\",\"itemListElement\":[{\"@type\":\"ListItem\",\"position\":1,\"name\":\"Portada\",\"item\":\"https:\/\/gijonbasket.com\/\"},{\"@type\":\"ListItem\",\"position\":2,\"name\":\"Diogo Brito del Aircargobooking Ourense al Monbus Obradoiro\"}]},{\"@type\":\"WebSite\",\"@id\":\"https:\/\/gijonbasket.com\/#website\",\"url\":\"https:\/\/gijonbasket.com\/\",\"name\":\"gijonbasket\",\"description\":\"\",\"publisher\":{\"@id\":\"https:\/\/gijonbasket.com\/#organization\"},\"potentialAction\":[{\"@type\":\"SearchAction\",\"target\":{\"@type\":\"EntryPoint\",\"urlTemplate\":\"https:\/\/gijonbasket.com\/?s={search_term_string}\"},\"query-input\":{\"@type\":\"PropertyValueSpecification\",\"valueRequired\":true,\"valueName\":\"search_term_string\"}}],\"inLanguage\":\"en-US\"},{\"@type\":\"Organization\",\"@id\":\"https:\/\/gijonbasket.com\/#organization\",\"name\":\"gijonbasket\",\"url\":\"https:\/\/gijonbasket.com\/\",\"logo\":{\"@type\":\"ImageObject\",\"inLanguage\":\"en-US\",\"@id\":\"https:\/\/gijonbasket.com\/#\/schema\/logo\/image\/\",\"url\":\"https:\/\/gijonbasket.com\/wp-content\/uploads\/2023\/03\/LogoGijonBasket2.jpg\",\"contentUrl\":\"https:\/\/gijonbasket.com\/wp-content\/uploads\/2023\/03\/LogoGijonBasket2.jpg\",\"width\":2000,\"height\":550,\"caption\":\"gijonbasket\"},\"image\":{\"@id\":\"https:\/\/gijonbasket.com\/#\/schema\/logo\/image\/\"}},{\"@type\":\"Person\",\"@id\":\"https:\/\/gijonbasket.com\/#\/schema\/person\/91af9ff03e8eab582ccc344b715907c0\",\"name\":\"Cesar Morales\",\"image\":{\"@type\":\"ImageObject\",\"inLanguage\":\"en-US\",\"@id\":\"https:\/\/gijonbasket.com\/#\/schema\/person\/image\/\",\"url\":\"https:\/\/secure.gravatar.com\/avatar\/ab9ddf1e87f7580cae3deefb05a58c5cf4f0c7f96f033fd7dacc23f0e8d149ca?s=96&d=mm&r=g\",\"contentUrl\":\"https:\/\/secure.gravatar.com\/avatar\/ab9ddf1e87f7580cae3deefb05a58c5cf4f0c7f96f033fd7dacc23f0e8d149ca?s=96&d=mm&r=g\",\"caption\":\"Cesar Morales\"},\"url\":\"https:\/\/gijonbasket.com\/en\/author\/cesar\/\"}]}<\/script>\n<!-- \/ Yoast SEO plugin. -->","yoast_head_json":{"title":"Diogo Brito del Aircargobooking Ourense al Monbus Obradoiro - gijonbasket","robots":{"index":"index","follow":"follow","max-snippet":"max-snippet:-1","max-image-preview":"max-image-preview:large","max-video-preview":"max-video-preview:-1"},"canonical":"https:\/\/gijonbasket.com\/en\/2025\/07\/09\/diogo-brito-del-aircargobooking-ourense-al-monbus-obradoiro\/","og_locale":"en_US","og_type":"article","og_title":"Diogo Brito del Aircargobooking Ourense al Monbus Obradoiro - gijonbasket","og_description":"El Monbus Obradoiro anunci\u00f3 el fichaje de Diogo Brito para la pr\u00f3xima temporada. Alero portugu\u00e9s de 28 a\u00f1os y 1.98 m. que la pasada temporada milit\u00f3 en el Aircargobooking Ourense en su segunda etapa en el conjunto orensano. Diogo Brito se estren\u00f3 en Espa\u00f1a con el Ibere\u00f3lica Renovables Ourense en la temporada 2020\/2021. El C.B.&hellip;&nbsp;Read More &raquo;Diogo Brito del Aircargobooking Ourense al Monbus Obradoiro","og_url":"https:\/\/gijonbasket.com\/en\/2025\/07\/09\/diogo-brito-del-aircargobooking-ourense-al-monbus-obradoiro\/","og_site_name":"gijonbasket","article_published_time":"2025-07-09T16:45:02+00:00","article_modified_time":"2025-07-09T16:45:05+00:00","author":"Cesar Morales","twitter_card":"summary_large_image","twitter_misc":{"Written by":"Cesar Morales","Est. reading time":"1 minute"},"schema":{"@context":"https:\/\/schema.org","@graph":[{"@type":"Article","@id":"https:\/\/gijonbasket.com\/2025\/07\/09\/diogo-brito-del-aircargobooking-ourense-al-monbus-obradoiro\/#article","isPartOf":{"@id":"https:\/\/gijonbasket.com\/2025\/07\/09\/diogo-brito-del-aircargobooking-ourense-al-monbus-obradoiro\/"},"author":{"name":"Cesar Morales","@id":"https:\/\/gijonbasket.com\/#\/schema\/person\/91af9ff03e8eab582ccc344b715907c0"},"headline":"Diogo Brito del Aircargobooking Ourense al Monbus Obradoiro","datePublished":"2025-07-09T16:45:02+00:00","dateModified":"2025-07-09T16:45:05+00:00","mainEntityOfPage":{"@id":"https:\/\/gijonbasket.com\/2025\/07\/09\/diogo-brito-del-aircargobooking-ourense-al-monbus-obradoiro\/"},"wordCount":124,"commentCount":0,"publisher":{"@id":"https:\/\/gijonbasket.com\/#organization"},"articleSection":["noticias"],"inLanguage":"en-US","potentialAction":[{"@type":"CommentAction","name":"Comment","target":["https:\/\/gijonbasket.com\/2025\/07\/09\/diogo-brito-del-aircargobooking-ourense-al-monbus-obradoiro\/#respond"]}]},{"@type":"WebPage","@id":"https:\/\/gijonbasket.com\/2025\/07\/09\/diogo-brito-del-aircargobooking-ourense-al-monbus-obradoiro\/","url":"https:\/\/gijonbasket.com\/2025\/07\/09\/diogo-brito-del-aircargobooking-ourense-al-monbus-obradoiro\/","name":"Diogo Brito del Aircargobooking Ourense al Monbus Obradoiro - gijonbasket","isPartOf":{"@id":"https:\/\/gijonbasket.com\/#website"},"datePublished":"2025-07-09T16:45:02+00:00","dateModified":"2025-07-09T16:45:05+00:00","breadcrumb":{"@id":"https:\/\/gijonbasket.com\/2025\/07\/09\/diogo-brito-del-aircargobooking-ourense-al-monbus-obradoiro\/#breadcrumb"},"inLanguage":"en-US","potentialAction":[{"@type":"ReadAction","target":["https:\/\/gijonbasket.com\/2025\/07\/09\/diogo-brito-del-aircargobooking-ourense-al-monbus-obradoiro\/"]}]},{"@type":"BreadcrumbList","@id":"https:\/\/gijonbasket.com\/2025\/07\/09\/diogo-brito-del-aircargobooking-ourense-al-monbus-obradoiro\/#breadcrumb","itemListElement":[{"@type":"ListItem","position":1,"name":"Portada","item":"https:\/\/gijonbasket.com\/"},{"@type":"ListItem","position":2,"name":"Diogo Brito del Aircargobooking Ourense al Monbus Obradoiro"}]},{"@type":"WebSite","@id":"https:\/\/gijonbasket.com\/#website","url":"https:\/\/gijonbasket.com\/","name":"gijonbasket","description":"","publisher":{"@id":"https:\/\/gijonbasket.com\/#organization"},"potentialAction":[{"@type":"SearchAction","target":{"@type":"EntryPoint","urlTemplate":"https:\/\/gijonbasket.com\/?s={search_term_string}"},"query-input":{"@type":"PropertyValueSpecification","valueRequired":true,"valueName":"search_term_string"}}],"inLanguage":"en-US"},{"@type":"Organization","@id":"https:\/\/gijonbasket.com\/#organization","name":"gijonbasket","url":"https:\/\/gijonbasket.com\/","logo":{"@type":"ImageObject","inLanguage":"en-US","@id":"https:\/\/gijonbasket.com\/#\/schema\/logo\/image\/","url":"https:\/\/gijonbasket.com\/wp-content\/uploads\/2023\/03\/LogoGijonBasket2.jpg","contentUrl":"https:\/\/gijonbasket.com\/wp-content\/uploads\/2023\/03\/LogoGijonBasket2.jpg","width":2000,"height":550,"caption":"gijonbasket"},"image":{"@id":"https:\/\/gijonbasket.com\/#\/schema\/logo\/image\/"}},{"@type":"Person","@id":"https:\/\/gijonbasket.com\/#\/schema\/person\/91af9ff03e8eab582ccc344b715907c0","name":"Cesar Morales","image":{"@type":"ImageObject","inLanguage":"en-US","@id":"https:\/\/gijonbasket.com\/#\/schema\/person\/image\/","url":"https:\/\/secure.gravatar.com\/avatar\/ab9ddf1e87f7580cae3deefb05a58c5cf4f0c7f96f033fd7dacc23f0e8d149ca?s=96&d=mm&r=g","contentUrl":"https:\/\/secure.gravatar.com\/avatar\/ab9ddf1e87f7580cae3deefb05a58c5cf4f0c7f96f033fd7dacc23f0e8d149ca?s=96&d=mm&r=g","caption":"Cesar Morales"},"url":"https:\/\/gijonbasket.com\/en\/author\/cesar\/"}]}},"_links":{"self":[{"href":"https:\/\/gijonbasket.com\/en\/wp-json\/wp\/v2\/posts\/7502","targetHints":{"allow":["GET"]}}],"collection":[{"href":"https:\/\/gijonbasket.com\/en\/wp-json\/wp\/v2\/posts"}],"about":[{"href":"https:\/\/gijonbasket.com\/en\/wp-json\/wp\/v2\/types\/post"}],"author":[{"embeddable":true,"href":"https:\/\/gijonbasket.com\/en\/wp-json\/wp\/v2\/users\/2"}],"replies":[{"embeddable":true,"href":"https:\/\/gijonbasket.com\/en\/wp-json\/wp\/v2\/comments?post=7502"}],"version-history":[{"count":1,"href":"https:\/\/gijonbasket.com\/en\/wp-json\/wp\/v2\/posts\/7502\/revisions"}],"predecessor-version":[{"id":7503,"href":"https:\/\/gijonbasket.com\/en\/wp-json\/wp\/v2\/posts\/7502\/revisions\/7503"}],"wp:attachment":[{"href":"https:\/\/gijonbasket.com\/en\/wp-json\/wp\/v2\/media?parent=7502"}],"wp:term":[{"taxonomy":"category","embeddable":true,"href":"https:\/\/gijonbasket.com\/en\/wp-json\/wp\/v2\/categories?post=7502"},{"taxonomy":"post_tag","embeddable":true,"href":"https:\/\/gijonbasket.com\/en\/wp-json\/wp\/v2\/tags?post=7502"}],"curies":[{"name":"wp","href":"https:\/\/api.w.org\/{rel}","templated":true}]}}