{"id":7545,"date":"2025-07-13T10:00:13","date_gmt":"2025-07-13T08:00:13","guid":{"rendered":"https:\/\/gijonbasket.com\/?p=7545"},"modified":"2025-07-13T10:00:14","modified_gmt":"2025-07-13T08:00:14","slug":"unicaja-renovacion-de-tyson-perez","status":"publish","type":"post","link":"https:\/\/gijonbasket.com\/en\/2025\/07\/13\/unicaja-renovacion-de-tyson-perez\/","title":{"rendered":"Unicaja renovaci\u00f3n de Tyson P\u00e9rez"},"content":{"rendered":"<p>El Unicaja anunci\u00f3 la renovaci\u00f3n de contrato a Tyson P\u00e9rez para las pr\u00f3ximas cuatro temporadas.<\/p>\n\n\n\n<p>Ala-p\u00edvot dominicano con nacionalidad espa\u00f1ola de 29 a\u00f1os y 2.02 m. que la pasada temporada se estren\u00f3 con Unicaja.<\/p>\n\n\n\n<p>Tyson P\u00e9rez lleg\u00f3 a Espa\u00f1a en la temporada 2015\/2016 para recalar en el Santo Domingo Betanzos (Liga EBA).<\/p>\n\n\n\n<p>2 temporadas en Liga EBA con el Santo Domingo Betanzos (2015\/2016) y el Eurocolegio Casvi (2016\/2017). Con su rendimiento en Liga EBA le sirvi\u00f3 de trampol\u00edn para subir de categoria a LEB Plata con el Real Canoe N.C. (2017\/2018) y esa misma campa\u00f1a lograr el ascenso a LEB Oro donde se estren\u00f3 en la temporada 2018\/2019.<\/p>\n\n\n\n<p>Su enorme proyecci\u00f3n supuso su fichaje por el MoraBanc Andorra, para la temporada 20192020, en lo que fue el debut de Tyson P\u00e9rez en Liga Endesa. 2 temporadas con el MoraBanc Andorra (2019\/2020; 2020\/2021) hasta que la rotura del ligamento cruzado anterior de su rodilla izquierda (16 mayo 2021) cort\u00f3 su progresi\u00f3n. Temporada 2021\/2022 en blanco.<\/p>\n\n\n\n<p>Una vez recuperado de su lesi\u00f3n, Tyson P\u00e9rez volvi\u00f3 a la competici\u00f3n en Liga Endesa de la mano del BAXI Manresa en calidad de cedido por el MoraBanc Andorra. La temporada 2022\/2023 Tyson P\u00e9rez termin\u00f3 jugando tambi\u00e9n en calidad de cedido en las filas del Real Betis Baloncesto.<\/p>\n\n\n\n<p>De vuelta al MoraBanc Andorra en la temporada 2023\/2024 previo a su fichaje por el Unicaja la pasada campa\u00f1a.<\/p>\n\n\n\n<p>5 temporadas en Liga Endesa militando en MoraBanc Andorra, BAXI Mnaresa, Real Betis Baloncesto y Unicaja.<\/p>\n\n\n\n<p>Hist\u00f3rica primera temporada de Tyson P\u00e9rez en Unicaja con la conquista de cuatro t\u00edtulos: FIBA Copa Intercontinental, SuperCopa Endesa, Copa del Rey y Basketball Champions League.<\/p>\n\n\n\n<p>Esta pasada temporada Tyson P\u00e9rez con Unicaja promedi\u00f3 en Liga Endesa con Unicaja 7.4 ppp; 4.9 rpp.<\/p>\n\n\n\n<p><\/p>","protected":false},"excerpt":{"rendered":"<p>El Unicaja anunci\u00f3 la renovaci\u00f3n de contrato a Tyson P\u00e9rez para las pr\u00f3ximas cuatro temporadas. Ala-p\u00edvot dominicano con nacionalidad espa\u00f1ola de 29 a\u00f1os y 2.02 m. que la pasada temporada se estren\u00f3 con Unicaja. Tyson P\u00e9rez lleg\u00f3 a Espa\u00f1a en la temporada 2015\/2016 para recalar en el Santo Domingo Betanzos (Liga EBA). 2 temporadas en&hellip;&nbsp;<a href=\"https:\/\/gijonbasket.com\/en\/2025\/07\/13\/unicaja-renovacion-de-tyson-perez\/\" class=\"\" rel=\"bookmark\">Read More &raquo;<span class=\"screen-reader-text\">Unicaja renovaci\u00f3n de Tyson P\u00e9rez<\/span><\/a><\/p>","protected":false},"author":2,"featured_media":0,"comment_status":"open","ping_status":"open","sticky":false,"template":"","format":"standard","meta":{"neve_meta_sidebar":"","neve_meta_container":"","neve_meta_enable_content_width":"","neve_meta_content_width":0,"neve_meta_title_alignment":"","neve_meta_author_avatar":"","neve_post_elements_order":"","neve_meta_disable_header":"","neve_meta_disable_footer":"","neve_meta_disable_title":"","footnotes":""},"categories":[4],"tags":[],"class_list":["post-7545","post","type-post","status-publish","format-standard","hentry","category-noticias"],"yoast_head":"<!-- This site is optimized with the Yoast SEO plugin v23.4 - https:\/\/yoast.com\/wordpress\/plugins\/seo\/ -->\n<title>Unicaja renovaci\u00f3n de Tyson P\u00e9rez - gijonbasket<\/title>\n<meta name=\"robots\" content=\"index, follow, max-snippet:-1, max-image-preview:large, max-video-preview:-1\" \/>\n<link rel=\"canonical\" href=\"https:\/\/gijonbasket.com\/en\/2025\/07\/13\/unicaja-renovacion-de-tyson-perez\/\" \/>\n<meta property=\"og:locale\" content=\"en_US\" \/>\n<meta property=\"og:type\" content=\"article\" \/>\n<meta property=\"og:title\" content=\"Unicaja renovaci\u00f3n de Tyson P\u00e9rez - gijonbasket\" \/>\n<meta property=\"og:description\" content=\"El Unicaja anunci\u00f3 la renovaci\u00f3n de contrato a Tyson P\u00e9rez para las pr\u00f3ximas cuatro temporadas. Ala-p\u00edvot dominicano con nacionalidad espa\u00f1ola de 29 a\u00f1os y 2.02 m. que la pasada temporada se estren\u00f3 con Unicaja. Tyson P\u00e9rez lleg\u00f3 a Espa\u00f1a en la temporada 2015\/2016 para recalar en el Santo Domingo Betanzos (Liga EBA). 2 temporadas en&hellip;&nbsp;Read More &raquo;Unicaja renovaci\u00f3n de Tyson P\u00e9rez\" \/>\n<meta property=\"og:url\" content=\"https:\/\/gijonbasket.com\/en\/2025\/07\/13\/unicaja-renovacion-de-tyson-perez\/\" \/>\n<meta property=\"og:site_name\" content=\"gijonbasket\" \/>\n<meta property=\"article:published_time\" content=\"2025-07-13T08:00:13+00:00\" \/>\n<meta property=\"article:modified_time\" content=\"2025-07-13T08:00:14+00:00\" \/>\n<meta name=\"author\" content=\"Cesar Morales\" \/>\n<meta name=\"twitter:card\" content=\"summary_large_image\" \/>\n<meta name=\"twitter:label1\" content=\"Written by\" \/>\n\t<meta name=\"twitter:data1\" content=\"Cesar Morales\" \/>\n\t<meta name=\"twitter:label2\" content=\"Est. reading time\" \/>\n\t<meta name=\"twitter:data2\" content=\"2 minutes\" \/>\n<script type=\"application\/ld+json\" class=\"yoast-schema-graph\">{\"@context\":\"https:\/\/schema.org\",\"@graph\":[{\"@type\":\"Article\",\"@id\":\"https:\/\/gijonbasket.com\/2025\/07\/13\/unicaja-renovacion-de-tyson-perez\/#article\",\"isPartOf\":{\"@id\":\"https:\/\/gijonbasket.com\/2025\/07\/13\/unicaja-renovacion-de-tyson-perez\/\"},\"author\":{\"name\":\"Cesar Morales\",\"@id\":\"https:\/\/gijonbasket.com\/#\/schema\/person\/91af9ff03e8eab582ccc344b715907c0\"},\"headline\":\"Unicaja renovaci\u00f3n de Tyson P\u00e9rez\",\"datePublished\":\"2025-07-13T08:00:13+00:00\",\"dateModified\":\"2025-07-13T08:00:14+00:00\",\"mainEntityOfPage\":{\"@id\":\"https:\/\/gijonbasket.com\/2025\/07\/13\/unicaja-renovacion-de-tyson-perez\/\"},\"wordCount\":301,\"commentCount\":0,\"publisher\":{\"@id\":\"https:\/\/gijonbasket.com\/#organization\"},\"articleSection\":[\"noticias\"],\"inLanguage\":\"en-US\",\"potentialAction\":[{\"@type\":\"CommentAction\",\"name\":\"Comment\",\"target\":[\"https:\/\/gijonbasket.com\/2025\/07\/13\/unicaja-renovacion-de-tyson-perez\/#respond\"]}]},{\"@type\":\"WebPage\",\"@id\":\"https:\/\/gijonbasket.com\/2025\/07\/13\/unicaja-renovacion-de-tyson-perez\/\",\"url\":\"https:\/\/gijonbasket.com\/2025\/07\/13\/unicaja-renovacion-de-tyson-perez\/\",\"name\":\"Unicaja renovaci\u00f3n de Tyson P\u00e9rez - gijonbasket\",\"isPartOf\":{\"@id\":\"https:\/\/gijonbasket.com\/#website\"},\"datePublished\":\"2025-07-13T08:00:13+00:00\",\"dateModified\":\"2025-07-13T08:00:14+00:00\",\"breadcrumb\":{\"@id\":\"https:\/\/gijonbasket.com\/2025\/07\/13\/unicaja-renovacion-de-tyson-perez\/#breadcrumb\"},\"inLanguage\":\"en-US\",\"potentialAction\":[{\"@type\":\"ReadAction\",\"target\":[\"https:\/\/gijonbasket.com\/2025\/07\/13\/unicaja-renovacion-de-tyson-perez\/\"]}]},{\"@type\":\"BreadcrumbList\",\"@id\":\"https:\/\/gijonbasket.com\/2025\/07\/13\/unicaja-renovacion-de-tyson-perez\/#breadcrumb\",\"itemListElement\":[{\"@type\":\"ListItem\",\"position\":1,\"name\":\"Portada\",\"item\":\"https:\/\/gijonbasket.com\/\"},{\"@type\":\"ListItem\",\"position\":2,\"name\":\"Unicaja renovaci\u00f3n de Tyson P\u00e9rez\"}]},{\"@type\":\"WebSite\",\"@id\":\"https:\/\/gijonbasket.com\/#website\",\"url\":\"https:\/\/gijonbasket.com\/\",\"name\":\"gijonbasket\",\"description\":\"\",\"publisher\":{\"@id\":\"https:\/\/gijonbasket.com\/#organization\"},\"potentialAction\":[{\"@type\":\"SearchAction\",\"target\":{\"@type\":\"EntryPoint\",\"urlTemplate\":\"https:\/\/gijonbasket.com\/?s={search_term_string}\"},\"query-input\":{\"@type\":\"PropertyValueSpecification\",\"valueRequired\":true,\"valueName\":\"search_term_string\"}}],\"inLanguage\":\"en-US\"},{\"@type\":\"Organization\",\"@id\":\"https:\/\/gijonbasket.com\/#organization\",\"name\":\"gijonbasket\",\"url\":\"https:\/\/gijonbasket.com\/\",\"logo\":{\"@type\":\"ImageObject\",\"inLanguage\":\"en-US\",\"@id\":\"https:\/\/gijonbasket.com\/#\/schema\/logo\/image\/\",\"url\":\"https:\/\/gijonbasket.com\/wp-content\/uploads\/2023\/03\/LogoGijonBasket2.jpg\",\"contentUrl\":\"https:\/\/gijonbasket.com\/wp-content\/uploads\/2023\/03\/LogoGijonBasket2.jpg\",\"width\":2000,\"height\":550,\"caption\":\"gijonbasket\"},\"image\":{\"@id\":\"https:\/\/gijonbasket.com\/#\/schema\/logo\/image\/\"}},{\"@type\":\"Person\",\"@id\":\"https:\/\/gijonbasket.com\/#\/schema\/person\/91af9ff03e8eab582ccc344b715907c0\",\"name\":\"Cesar Morales\",\"image\":{\"@type\":\"ImageObject\",\"inLanguage\":\"en-US\",\"@id\":\"https:\/\/gijonbasket.com\/#\/schema\/person\/image\/\",\"url\":\"https:\/\/secure.gravatar.com\/avatar\/ab9ddf1e87f7580cae3deefb05a58c5cf4f0c7f96f033fd7dacc23f0e8d149ca?s=96&d=mm&r=g\",\"contentUrl\":\"https:\/\/secure.gravatar.com\/avatar\/ab9ddf1e87f7580cae3deefb05a58c5cf4f0c7f96f033fd7dacc23f0e8d149ca?s=96&d=mm&r=g\",\"caption\":\"Cesar Morales\"},\"url\":\"https:\/\/gijonbasket.com\/en\/author\/cesar\/\"}]}<\/script>\n<!-- \/ Yoast SEO plugin. -->","yoast_head_json":{"title":"Unicaja renovaci\u00f3n de Tyson P\u00e9rez - gijonbasket","robots":{"index":"index","follow":"follow","max-snippet":"max-snippet:-1","max-image-preview":"max-image-preview:large","max-video-preview":"max-video-preview:-1"},"canonical":"https:\/\/gijonbasket.com\/en\/2025\/07\/13\/unicaja-renovacion-de-tyson-perez\/","og_locale":"en_US","og_type":"article","og_title":"Unicaja renovaci\u00f3n de Tyson P\u00e9rez - gijonbasket","og_description":"El Unicaja anunci\u00f3 la renovaci\u00f3n de contrato a Tyson P\u00e9rez para las pr\u00f3ximas cuatro temporadas. Ala-p\u00edvot dominicano con nacionalidad espa\u00f1ola de 29 a\u00f1os y 2.02 m. que la pasada temporada se estren\u00f3 con Unicaja. Tyson P\u00e9rez lleg\u00f3 a Espa\u00f1a en la temporada 2015\/2016 para recalar en el Santo Domingo Betanzos (Liga EBA). 2 temporadas en&hellip;&nbsp;Read More &raquo;Unicaja renovaci\u00f3n de Tyson P\u00e9rez","og_url":"https:\/\/gijonbasket.com\/en\/2025\/07\/13\/unicaja-renovacion-de-tyson-perez\/","og_site_name":"gijonbasket","article_published_time":"2025-07-13T08:00:13+00:00","article_modified_time":"2025-07-13T08:00:14+00:00","author":"Cesar Morales","twitter_card":"summary_large_image","twitter_misc":{"Written by":"Cesar Morales","Est. reading time":"2 minutes"},"schema":{"@context":"https:\/\/schema.org","@graph":[{"@type":"Article","@id":"https:\/\/gijonbasket.com\/2025\/07\/13\/unicaja-renovacion-de-tyson-perez\/#article","isPartOf":{"@id":"https:\/\/gijonbasket.com\/2025\/07\/13\/unicaja-renovacion-de-tyson-perez\/"},"author":{"name":"Cesar Morales","@id":"https:\/\/gijonbasket.com\/#\/schema\/person\/91af9ff03e8eab582ccc344b715907c0"},"headline":"Unicaja renovaci\u00f3n de Tyson P\u00e9rez","datePublished":"2025-07-13T08:00:13+00:00","dateModified":"2025-07-13T08:00:14+00:00","mainEntityOfPage":{"@id":"https:\/\/gijonbasket.com\/2025\/07\/13\/unicaja-renovacion-de-tyson-perez\/"},"wordCount":301,"commentCount":0,"publisher":{"@id":"https:\/\/gijonbasket.com\/#organization"},"articleSection":["noticias"],"inLanguage":"en-US","potentialAction":[{"@type":"CommentAction","name":"Comment","target":["https:\/\/gijonbasket.com\/2025\/07\/13\/unicaja-renovacion-de-tyson-perez\/#respond"]}]},{"@type":"WebPage","@id":"https:\/\/gijonbasket.com\/2025\/07\/13\/unicaja-renovacion-de-tyson-perez\/","url":"https:\/\/gijonbasket.com\/2025\/07\/13\/unicaja-renovacion-de-tyson-perez\/","name":"Unicaja renovaci\u00f3n de Tyson P\u00e9rez - gijonbasket","isPartOf":{"@id":"https:\/\/gijonbasket.com\/#website"},"datePublished":"2025-07-13T08:00:13+00:00","dateModified":"2025-07-13T08:00:14+00:00","breadcrumb":{"@id":"https:\/\/gijonbasket.com\/2025\/07\/13\/unicaja-renovacion-de-tyson-perez\/#breadcrumb"},"inLanguage":"en-US","potentialAction":[{"@type":"ReadAction","target":["https:\/\/gijonbasket.com\/2025\/07\/13\/unicaja-renovacion-de-tyson-perez\/"]}]},{"@type":"BreadcrumbList","@id":"https:\/\/gijonbasket.com\/2025\/07\/13\/unicaja-renovacion-de-tyson-perez\/#breadcrumb","itemListElement":[{"@type":"ListItem","position":1,"name":"Portada","item":"https:\/\/gijonbasket.com\/"},{"@type":"ListItem","position":2,"name":"Unicaja renovaci\u00f3n de Tyson P\u00e9rez"}]},{"@type":"WebSite","@id":"https:\/\/gijonbasket.com\/#website","url":"https:\/\/gijonbasket.com\/","name":"gijonbasket","description":"","publisher":{"@id":"https:\/\/gijonbasket.com\/#organization"},"potentialAction":[{"@type":"SearchAction","target":{"@type":"EntryPoint","urlTemplate":"https:\/\/gijonbasket.com\/?s={search_term_string}"},"query-input":{"@type":"PropertyValueSpecification","valueRequired":true,"valueName":"search_term_string"}}],"inLanguage":"en-US"},{"@type":"Organization","@id":"https:\/\/gijonbasket.com\/#organization","name":"gijonbasket","url":"https:\/\/gijonbasket.com\/","logo":{"@type":"ImageObject","inLanguage":"en-US","@id":"https:\/\/gijonbasket.com\/#\/schema\/logo\/image\/","url":"https:\/\/gijonbasket.com\/wp-content\/uploads\/2023\/03\/LogoGijonBasket2.jpg","contentUrl":"https:\/\/gijonbasket.com\/wp-content\/uploads\/2023\/03\/LogoGijonBasket2.jpg","width":2000,"height":550,"caption":"gijonbasket"},"image":{"@id":"https:\/\/gijonbasket.com\/#\/schema\/logo\/image\/"}},{"@type":"Person","@id":"https:\/\/gijonbasket.com\/#\/schema\/person\/91af9ff03e8eab582ccc344b715907c0","name":"Cesar Morales","image":{"@type":"ImageObject","inLanguage":"en-US","@id":"https:\/\/gijonbasket.com\/#\/schema\/person\/image\/","url":"https:\/\/secure.gravatar.com\/avatar\/ab9ddf1e87f7580cae3deefb05a58c5cf4f0c7f96f033fd7dacc23f0e8d149ca?s=96&d=mm&r=g","contentUrl":"https:\/\/secure.gravatar.com\/avatar\/ab9ddf1e87f7580cae3deefb05a58c5cf4f0c7f96f033fd7dacc23f0e8d149ca?s=96&d=mm&r=g","caption":"Cesar Morales"},"url":"https:\/\/gijonbasket.com\/en\/author\/cesar\/"}]}},"_links":{"self":[{"href":"https:\/\/gijonbasket.com\/en\/wp-json\/wp\/v2\/posts\/7545","targetHints":{"allow":["GET"]}}],"collection":[{"href":"https:\/\/gijonbasket.com\/en\/wp-json\/wp\/v2\/posts"}],"about":[{"href":"https:\/\/gijonbasket.com\/en\/wp-json\/wp\/v2\/types\/post"}],"author":[{"embeddable":true,"href":"https:\/\/gijonbasket.com\/en\/wp-json\/wp\/v2\/users\/2"}],"replies":[{"embeddable":true,"href":"https:\/\/gijonbasket.com\/en\/wp-json\/wp\/v2\/comments?post=7545"}],"version-history":[{"count":1,"href":"https:\/\/gijonbasket.com\/en\/wp-json\/wp\/v2\/posts\/7545\/revisions"}],"predecessor-version":[{"id":7546,"href":"https:\/\/gijonbasket.com\/en\/wp-json\/wp\/v2\/posts\/7545\/revisions\/7546"}],"wp:attachment":[{"href":"https:\/\/gijonbasket.com\/en\/wp-json\/wp\/v2\/media?parent=7545"}],"wp:term":[{"taxonomy":"category","embeddable":true,"href":"https:\/\/gijonbasket.com\/en\/wp-json\/wp\/v2\/categories?post=7545"},{"taxonomy":"post_tag","embeddable":true,"href":"https:\/\/gijonbasket.com\/en\/wp-json\/wp\/v2\/tags?post=7545"}],"curies":[{"name":"wp","href":"https:\/\/api.w.org\/{rel}","templated":true}]}}