{"id":7602,"date":"2025-07-17T03:16:38","date_gmt":"2025-07-17T01:16:38","guid":{"rendered":"https:\/\/gijonbasket.com\/?p=7602"},"modified":"2025-07-17T03:16:39","modified_gmt":"2025-07-17T01:16:39","slug":"georgios-papagiannis-del-as-monaco-al-anadolu-efes","status":"publish","type":"post","link":"https:\/\/gijonbasket.com\/en\/2025\/07\/17\/georgios-papagiannis-del-as-monaco-al-anadolu-efes\/","title":{"rendered":"Georgios Papagiannis del AS M\u00f3naco al Anadolu Efes"},"content":{"rendered":"<p>El Anadolu Efes anunci\u00f3 el fichaje de Georgios Papagiannis para las pr\u00f3ximas dos temporadas m\u00e1s una tercera opcional.<\/p>\n\n\n\n<p>P\u00edvot griego de 28 a\u00f1os y 2.20 m. procedente del AS M\u00f3naco.<\/p>\n\n\n\n<p>Seleccionado en NBA Draft 2016 por los Phoenix Suns con n\u00ba 13 para posteriormente ser traspasado a los Sacramento Kings.<\/p>\n\n\n\n<p>2 temporadas NBA militando en los Sacramento Kings (2016\/2017; 2017\/2018) y Portland Trail Blazers (2017\/2018).<\/p>\n\n\n\n<p>Formado en el Peristeri con el que lleg\u00f3 a debutar a la edad de 14 a\u00f1os.<\/p>\n\n\n\n<p>2 etapas en el Panathinaikos (2014\/2015; 2015\/2016 &#8211; 2018\/2019; 2019\/2020; 2020\/2021; 2021\/2022; 2022\/2023).<\/p>\n\n\n\n<p>Finalizada su segunda etapa con el Panathinaikos, Georgios Papagiannis recal\u00f3 en el Fenerbahce Beko (2023\/2024), como paso previo a su \u00faltimo equipo como fue el AS M\u00f3naco la pasada temporada (2024\/2025).<\/p>\n\n\n\n<p>Internacional por Grecia.<\/p>","protected":false},"excerpt":{"rendered":"<p>El Anadolu Efes anunci\u00f3 el fichaje de Georgios Papagiannis para las pr\u00f3ximas dos temporadas m\u00e1s una tercera opcional. P\u00edvot griego de 28 a\u00f1os y 2.20 m. procedente del AS M\u00f3naco. Seleccionado en NBA Draft 2016 por los Phoenix Suns con n\u00ba 13 para posteriormente ser traspasado a los Sacramento Kings. 2 temporadas NBA militando en&hellip;&nbsp;<a href=\"https:\/\/gijonbasket.com\/en\/2025\/07\/17\/georgios-papagiannis-del-as-monaco-al-anadolu-efes\/\" class=\"\" rel=\"bookmark\">Read More &raquo;<span class=\"screen-reader-text\">Georgios Papagiannis del AS M\u00f3naco al Anadolu Efes<\/span><\/a><\/p>","protected":false},"author":2,"featured_media":0,"comment_status":"open","ping_status":"open","sticky":false,"template":"","format":"standard","meta":{"neve_meta_sidebar":"","neve_meta_container":"","neve_meta_enable_content_width":"","neve_meta_content_width":0,"neve_meta_title_alignment":"","neve_meta_author_avatar":"","neve_post_elements_order":"","neve_meta_disable_header":"","neve_meta_disable_footer":"","neve_meta_disable_title":"","footnotes":""},"categories":[4],"tags":[],"class_list":["post-7602","post","type-post","status-publish","format-standard","hentry","category-noticias"],"yoast_head":"<!-- This site is optimized with the Yoast SEO plugin v23.4 - https:\/\/yoast.com\/wordpress\/plugins\/seo\/ -->\n<title>Georgios Papagiannis del AS M\u00f3naco al Anadolu Efes - gijonbasket<\/title>\n<meta name=\"robots\" content=\"index, follow, max-snippet:-1, max-image-preview:large, max-video-preview:-1\" \/>\n<link rel=\"canonical\" href=\"https:\/\/gijonbasket.com\/en\/2025\/07\/17\/georgios-papagiannis-del-as-monaco-al-anadolu-efes\/\" \/>\n<meta property=\"og:locale\" content=\"en_US\" \/>\n<meta property=\"og:type\" content=\"article\" \/>\n<meta property=\"og:title\" content=\"Georgios Papagiannis del AS M\u00f3naco al Anadolu Efes - gijonbasket\" \/>\n<meta property=\"og:description\" content=\"El Anadolu Efes anunci\u00f3 el fichaje de Georgios Papagiannis para las pr\u00f3ximas dos temporadas m\u00e1s una tercera opcional. P\u00edvot griego de 28 a\u00f1os y 2.20 m. procedente del AS M\u00f3naco. Seleccionado en NBA Draft 2016 por los Phoenix Suns con n\u00ba 13 para posteriormente ser traspasado a los Sacramento Kings. 2 temporadas NBA militando en&hellip;&nbsp;Read More &raquo;Georgios Papagiannis del AS M\u00f3naco al Anadolu Efes\" \/>\n<meta property=\"og:url\" content=\"https:\/\/gijonbasket.com\/en\/2025\/07\/17\/georgios-papagiannis-del-as-monaco-al-anadolu-efes\/\" \/>\n<meta property=\"og:site_name\" content=\"gijonbasket\" \/>\n<meta property=\"article:published_time\" content=\"2025-07-17T01:16:38+00:00\" \/>\n<meta property=\"article:modified_time\" content=\"2025-07-17T01:16:39+00:00\" \/>\n<meta name=\"author\" content=\"Cesar Morales\" \/>\n<meta name=\"twitter:card\" content=\"summary_large_image\" \/>\n<meta name=\"twitter:label1\" content=\"Written by\" \/>\n\t<meta name=\"twitter:data1\" content=\"Cesar Morales\" \/>\n\t<meta name=\"twitter:label2\" content=\"Est. reading time\" \/>\n\t<meta name=\"twitter:data2\" content=\"1 minute\" \/>\n<script type=\"application\/ld+json\" class=\"yoast-schema-graph\">{\"@context\":\"https:\/\/schema.org\",\"@graph\":[{\"@type\":\"Article\",\"@id\":\"https:\/\/gijonbasket.com\/2025\/07\/17\/georgios-papagiannis-del-as-monaco-al-anadolu-efes\/#article\",\"isPartOf\":{\"@id\":\"https:\/\/gijonbasket.com\/2025\/07\/17\/georgios-papagiannis-del-as-monaco-al-anadolu-efes\/\"},\"author\":{\"name\":\"Cesar Morales\",\"@id\":\"https:\/\/gijonbasket.com\/#\/schema\/person\/91af9ff03e8eab582ccc344b715907c0\"},\"headline\":\"Georgios Papagiannis del AS M\u00f3naco al Anadolu Efes\",\"datePublished\":\"2025-07-17T01:16:38+00:00\",\"dateModified\":\"2025-07-17T01:16:39+00:00\",\"mainEntityOfPage\":{\"@id\":\"https:\/\/gijonbasket.com\/2025\/07\/17\/georgios-papagiannis-del-as-monaco-al-anadolu-efes\/\"},\"wordCount\":125,\"commentCount\":0,\"publisher\":{\"@id\":\"https:\/\/gijonbasket.com\/#organization\"},\"articleSection\":[\"noticias\"],\"inLanguage\":\"en-US\",\"potentialAction\":[{\"@type\":\"CommentAction\",\"name\":\"Comment\",\"target\":[\"https:\/\/gijonbasket.com\/2025\/07\/17\/georgios-papagiannis-del-as-monaco-al-anadolu-efes\/#respond\"]}]},{\"@type\":\"WebPage\",\"@id\":\"https:\/\/gijonbasket.com\/2025\/07\/17\/georgios-papagiannis-del-as-monaco-al-anadolu-efes\/\",\"url\":\"https:\/\/gijonbasket.com\/2025\/07\/17\/georgios-papagiannis-del-as-monaco-al-anadolu-efes\/\",\"name\":\"Georgios Papagiannis del AS M\u00f3naco al Anadolu Efes - gijonbasket\",\"isPartOf\":{\"@id\":\"https:\/\/gijonbasket.com\/#website\"},\"datePublished\":\"2025-07-17T01:16:38+00:00\",\"dateModified\":\"2025-07-17T01:16:39+00:00\",\"breadcrumb\":{\"@id\":\"https:\/\/gijonbasket.com\/2025\/07\/17\/georgios-papagiannis-del-as-monaco-al-anadolu-efes\/#breadcrumb\"},\"inLanguage\":\"en-US\",\"potentialAction\":[{\"@type\":\"ReadAction\",\"target\":[\"https:\/\/gijonbasket.com\/2025\/07\/17\/georgios-papagiannis-del-as-monaco-al-anadolu-efes\/\"]}]},{\"@type\":\"BreadcrumbList\",\"@id\":\"https:\/\/gijonbasket.com\/2025\/07\/17\/georgios-papagiannis-del-as-monaco-al-anadolu-efes\/#breadcrumb\",\"itemListElement\":[{\"@type\":\"ListItem\",\"position\":1,\"name\":\"Portada\",\"item\":\"https:\/\/gijonbasket.com\/\"},{\"@type\":\"ListItem\",\"position\":2,\"name\":\"Georgios Papagiannis del AS M\u00f3naco al Anadolu Efes\"}]},{\"@type\":\"WebSite\",\"@id\":\"https:\/\/gijonbasket.com\/#website\",\"url\":\"https:\/\/gijonbasket.com\/\",\"name\":\"gijonbasket\",\"description\":\"\",\"publisher\":{\"@id\":\"https:\/\/gijonbasket.com\/#organization\"},\"potentialAction\":[{\"@type\":\"SearchAction\",\"target\":{\"@type\":\"EntryPoint\",\"urlTemplate\":\"https:\/\/gijonbasket.com\/?s={search_term_string}\"},\"query-input\":{\"@type\":\"PropertyValueSpecification\",\"valueRequired\":true,\"valueName\":\"search_term_string\"}}],\"inLanguage\":\"en-US\"},{\"@type\":\"Organization\",\"@id\":\"https:\/\/gijonbasket.com\/#organization\",\"name\":\"gijonbasket\",\"url\":\"https:\/\/gijonbasket.com\/\",\"logo\":{\"@type\":\"ImageObject\",\"inLanguage\":\"en-US\",\"@id\":\"https:\/\/gijonbasket.com\/#\/schema\/logo\/image\/\",\"url\":\"https:\/\/gijonbasket.com\/wp-content\/uploads\/2023\/03\/LogoGijonBasket2.jpg\",\"contentUrl\":\"https:\/\/gijonbasket.com\/wp-content\/uploads\/2023\/03\/LogoGijonBasket2.jpg\",\"width\":2000,\"height\":550,\"caption\":\"gijonbasket\"},\"image\":{\"@id\":\"https:\/\/gijonbasket.com\/#\/schema\/logo\/image\/\"}},{\"@type\":\"Person\",\"@id\":\"https:\/\/gijonbasket.com\/#\/schema\/person\/91af9ff03e8eab582ccc344b715907c0\",\"name\":\"Cesar Morales\",\"image\":{\"@type\":\"ImageObject\",\"inLanguage\":\"en-US\",\"@id\":\"https:\/\/gijonbasket.com\/#\/schema\/person\/image\/\",\"url\":\"https:\/\/secure.gravatar.com\/avatar\/ab9ddf1e87f7580cae3deefb05a58c5cf4f0c7f96f033fd7dacc23f0e8d149ca?s=96&d=mm&r=g\",\"contentUrl\":\"https:\/\/secure.gravatar.com\/avatar\/ab9ddf1e87f7580cae3deefb05a58c5cf4f0c7f96f033fd7dacc23f0e8d149ca?s=96&d=mm&r=g\",\"caption\":\"Cesar Morales\"},\"url\":\"https:\/\/gijonbasket.com\/en\/author\/cesar\/\"}]}<\/script>\n<!-- \/ Yoast SEO plugin. -->","yoast_head_json":{"title":"Georgios Papagiannis del AS M\u00f3naco al Anadolu Efes - gijonbasket","robots":{"index":"index","follow":"follow","max-snippet":"max-snippet:-1","max-image-preview":"max-image-preview:large","max-video-preview":"max-video-preview:-1"},"canonical":"https:\/\/gijonbasket.com\/en\/2025\/07\/17\/georgios-papagiannis-del-as-monaco-al-anadolu-efes\/","og_locale":"en_US","og_type":"article","og_title":"Georgios Papagiannis del AS M\u00f3naco al Anadolu Efes - gijonbasket","og_description":"El Anadolu Efes anunci\u00f3 el fichaje de Georgios Papagiannis para las pr\u00f3ximas dos temporadas m\u00e1s una tercera opcional. P\u00edvot griego de 28 a\u00f1os y 2.20 m. procedente del AS M\u00f3naco. Seleccionado en NBA Draft 2016 por los Phoenix Suns con n\u00ba 13 para posteriormente ser traspasado a los Sacramento Kings. 2 temporadas NBA militando en&hellip;&nbsp;Read More &raquo;Georgios Papagiannis del AS M\u00f3naco al Anadolu Efes","og_url":"https:\/\/gijonbasket.com\/en\/2025\/07\/17\/georgios-papagiannis-del-as-monaco-al-anadolu-efes\/","og_site_name":"gijonbasket","article_published_time":"2025-07-17T01:16:38+00:00","article_modified_time":"2025-07-17T01:16:39+00:00","author":"Cesar Morales","twitter_card":"summary_large_image","twitter_misc":{"Written by":"Cesar Morales","Est. reading time":"1 minute"},"schema":{"@context":"https:\/\/schema.org","@graph":[{"@type":"Article","@id":"https:\/\/gijonbasket.com\/2025\/07\/17\/georgios-papagiannis-del-as-monaco-al-anadolu-efes\/#article","isPartOf":{"@id":"https:\/\/gijonbasket.com\/2025\/07\/17\/georgios-papagiannis-del-as-monaco-al-anadolu-efes\/"},"author":{"name":"Cesar Morales","@id":"https:\/\/gijonbasket.com\/#\/schema\/person\/91af9ff03e8eab582ccc344b715907c0"},"headline":"Georgios Papagiannis del AS M\u00f3naco al Anadolu Efes","datePublished":"2025-07-17T01:16:38+00:00","dateModified":"2025-07-17T01:16:39+00:00","mainEntityOfPage":{"@id":"https:\/\/gijonbasket.com\/2025\/07\/17\/georgios-papagiannis-del-as-monaco-al-anadolu-efes\/"},"wordCount":125,"commentCount":0,"publisher":{"@id":"https:\/\/gijonbasket.com\/#organization"},"articleSection":["noticias"],"inLanguage":"en-US","potentialAction":[{"@type":"CommentAction","name":"Comment","target":["https:\/\/gijonbasket.com\/2025\/07\/17\/georgios-papagiannis-del-as-monaco-al-anadolu-efes\/#respond"]}]},{"@type":"WebPage","@id":"https:\/\/gijonbasket.com\/2025\/07\/17\/georgios-papagiannis-del-as-monaco-al-anadolu-efes\/","url":"https:\/\/gijonbasket.com\/2025\/07\/17\/georgios-papagiannis-del-as-monaco-al-anadolu-efes\/","name":"Georgios Papagiannis del AS M\u00f3naco al Anadolu Efes - gijonbasket","isPartOf":{"@id":"https:\/\/gijonbasket.com\/#website"},"datePublished":"2025-07-17T01:16:38+00:00","dateModified":"2025-07-17T01:16:39+00:00","breadcrumb":{"@id":"https:\/\/gijonbasket.com\/2025\/07\/17\/georgios-papagiannis-del-as-monaco-al-anadolu-efes\/#breadcrumb"},"inLanguage":"en-US","potentialAction":[{"@type":"ReadAction","target":["https:\/\/gijonbasket.com\/2025\/07\/17\/georgios-papagiannis-del-as-monaco-al-anadolu-efes\/"]}]},{"@type":"BreadcrumbList","@id":"https:\/\/gijonbasket.com\/2025\/07\/17\/georgios-papagiannis-del-as-monaco-al-anadolu-efes\/#breadcrumb","itemListElement":[{"@type":"ListItem","position":1,"name":"Portada","item":"https:\/\/gijonbasket.com\/"},{"@type":"ListItem","position":2,"name":"Georgios Papagiannis del AS M\u00f3naco al Anadolu Efes"}]},{"@type":"WebSite","@id":"https:\/\/gijonbasket.com\/#website","url":"https:\/\/gijonbasket.com\/","name":"gijonbasket","description":"","publisher":{"@id":"https:\/\/gijonbasket.com\/#organization"},"potentialAction":[{"@type":"SearchAction","target":{"@type":"EntryPoint","urlTemplate":"https:\/\/gijonbasket.com\/?s={search_term_string}"},"query-input":{"@type":"PropertyValueSpecification","valueRequired":true,"valueName":"search_term_string"}}],"inLanguage":"en-US"},{"@type":"Organization","@id":"https:\/\/gijonbasket.com\/#organization","name":"gijonbasket","url":"https:\/\/gijonbasket.com\/","logo":{"@type":"ImageObject","inLanguage":"en-US","@id":"https:\/\/gijonbasket.com\/#\/schema\/logo\/image\/","url":"https:\/\/gijonbasket.com\/wp-content\/uploads\/2023\/03\/LogoGijonBasket2.jpg","contentUrl":"https:\/\/gijonbasket.com\/wp-content\/uploads\/2023\/03\/LogoGijonBasket2.jpg","width":2000,"height":550,"caption":"gijonbasket"},"image":{"@id":"https:\/\/gijonbasket.com\/#\/schema\/logo\/image\/"}},{"@type":"Person","@id":"https:\/\/gijonbasket.com\/#\/schema\/person\/91af9ff03e8eab582ccc344b715907c0","name":"Cesar Morales","image":{"@type":"ImageObject","inLanguage":"en-US","@id":"https:\/\/gijonbasket.com\/#\/schema\/person\/image\/","url":"https:\/\/secure.gravatar.com\/avatar\/ab9ddf1e87f7580cae3deefb05a58c5cf4f0c7f96f033fd7dacc23f0e8d149ca?s=96&d=mm&r=g","contentUrl":"https:\/\/secure.gravatar.com\/avatar\/ab9ddf1e87f7580cae3deefb05a58c5cf4f0c7f96f033fd7dacc23f0e8d149ca?s=96&d=mm&r=g","caption":"Cesar Morales"},"url":"https:\/\/gijonbasket.com\/en\/author\/cesar\/"}]}},"_links":{"self":[{"href":"https:\/\/gijonbasket.com\/en\/wp-json\/wp\/v2\/posts\/7602","targetHints":{"allow":["GET"]}}],"collection":[{"href":"https:\/\/gijonbasket.com\/en\/wp-json\/wp\/v2\/posts"}],"about":[{"href":"https:\/\/gijonbasket.com\/en\/wp-json\/wp\/v2\/types\/post"}],"author":[{"embeddable":true,"href":"https:\/\/gijonbasket.com\/en\/wp-json\/wp\/v2\/users\/2"}],"replies":[{"embeddable":true,"href":"https:\/\/gijonbasket.com\/en\/wp-json\/wp\/v2\/comments?post=7602"}],"version-history":[{"count":1,"href":"https:\/\/gijonbasket.com\/en\/wp-json\/wp\/v2\/posts\/7602\/revisions"}],"predecessor-version":[{"id":7603,"href":"https:\/\/gijonbasket.com\/en\/wp-json\/wp\/v2\/posts\/7602\/revisions\/7603"}],"wp:attachment":[{"href":"https:\/\/gijonbasket.com\/en\/wp-json\/wp\/v2\/media?parent=7602"}],"wp:term":[{"taxonomy":"category","embeddable":true,"href":"https:\/\/gijonbasket.com\/en\/wp-json\/wp\/v2\/categories?post=7602"},{"taxonomy":"post_tag","embeddable":true,"href":"https:\/\/gijonbasket.com\/en\/wp-json\/wp\/v2\/tags?post=7602"}],"curies":[{"name":"wp","href":"https:\/\/api.w.org\/{rel}","templated":true}]}}