{"id":7626,"date":"2025-07-18T23:30:28","date_gmt":"2025-07-18T21:30:28","guid":{"rendered":"https:\/\/gijonbasket.com\/?p=7626"},"modified":"2025-07-18T23:30:29","modified_gmt":"2025-07-18T21:30:29","slug":"donta-hall-del-baskonia-al-olympiacos","status":"publish","type":"post","link":"https:\/\/gijonbasket.com\/en\/2025\/07\/18\/donta-hall-del-baskonia-al-olympiacos\/","title":{"rendered":"Donta Hall del Baskonia al Olympiacos"},"content":{"rendered":"<p>El Olympiacos anunci\u00f3 el fichaje de Donta Hall para las pr\u00f3ximas tres temporadas.<\/p>\n\n\n\n<p>Pivot estadounidense con nacionalidad azerbayana de 27 a\u00f1os y 2.06 m. que milit\u00f3 esta pasada temporada en el Baskonia.<\/p>\n\n\n\n<p>Formado en Alabama University (2015\/2016; 2016\/2017; 2017\/2018; 2018\/2019).<\/p>\n\n\n\n<p>Donta Hall tuvo un fugaz paso NBA militando en la temporada 2019\/2020 en Detroit Pistons (4 partidos) y Brooklyn Nets (5 partidos) m\u00e1s la temporada siguiente 2020\/2021 con los Orlando Magic (13 partidos).<\/p>\n\n\n\n<p>Salto a Europa en la temporada 2021\/2022 para militar durante tres temporadas en las filas del AS M\u00f3naco.<\/p>\n\n\n\n<p>La pasada temporada con el Baskonia, Donta Hall promedi\u00f3 7.3 ppp; 5.3 rpp (Liga Endesa) y 8.7 ppp; 5.3 rpp (Euroliga).<\/p>","protected":false},"excerpt":{"rendered":"<p>El Olympiacos anunci\u00f3 el fichaje de Donta Hall para las pr\u00f3ximas tres temporadas. Pivot estadounidense con nacionalidad azerbayana de 27 a\u00f1os y 2.06 m. que milit\u00f3 esta pasada temporada en el Baskonia. Formado en Alabama University (2015\/2016; 2016\/2017; 2017\/2018; 2018\/2019). Donta Hall tuvo un fugaz paso NBA militando en la temporada 2019\/2020 en Detroit Pistons&hellip;&nbsp;<a href=\"https:\/\/gijonbasket.com\/en\/2025\/07\/18\/donta-hall-del-baskonia-al-olympiacos\/\" class=\"\" rel=\"bookmark\">Read More &raquo;<span class=\"screen-reader-text\">Donta Hall del Baskonia al Olympiacos<\/span><\/a><\/p>","protected":false},"author":2,"featured_media":0,"comment_status":"open","ping_status":"open","sticky":false,"template":"","format":"standard","meta":{"neve_meta_sidebar":"","neve_meta_container":"","neve_meta_enable_content_width":"","neve_meta_content_width":0,"neve_meta_title_alignment":"","neve_meta_author_avatar":"","neve_post_elements_order":"","neve_meta_disable_header":"","neve_meta_disable_footer":"","neve_meta_disable_title":"","footnotes":""},"categories":[4],"tags":[],"class_list":["post-7626","post","type-post","status-publish","format-standard","hentry","category-noticias"],"yoast_head":"<!-- This site is optimized with the Yoast SEO plugin v23.4 - https:\/\/yoast.com\/wordpress\/plugins\/seo\/ -->\n<title>Donta Hall del Baskonia al Olympiacos - gijonbasket<\/title>\n<meta name=\"robots\" content=\"index, follow, max-snippet:-1, max-image-preview:large, max-video-preview:-1\" \/>\n<link rel=\"canonical\" href=\"https:\/\/gijonbasket.com\/en\/2025\/07\/18\/donta-hall-del-baskonia-al-olympiacos\/\" \/>\n<meta property=\"og:locale\" content=\"en_US\" \/>\n<meta property=\"og:type\" content=\"article\" \/>\n<meta property=\"og:title\" content=\"Donta Hall del Baskonia al Olympiacos - gijonbasket\" \/>\n<meta property=\"og:description\" content=\"El Olympiacos anunci\u00f3 el fichaje de Donta Hall para las pr\u00f3ximas tres temporadas. Pivot estadounidense con nacionalidad azerbayana de 27 a\u00f1os y 2.06 m. que milit\u00f3 esta pasada temporada en el Baskonia. Formado en Alabama University (2015\/2016; 2016\/2017; 2017\/2018; 2018\/2019). Donta Hall tuvo un fugaz paso NBA militando en la temporada 2019\/2020 en Detroit Pistons&hellip;&nbsp;Read More &raquo;Donta Hall del Baskonia al Olympiacos\" \/>\n<meta property=\"og:url\" content=\"https:\/\/gijonbasket.com\/en\/2025\/07\/18\/donta-hall-del-baskonia-al-olympiacos\/\" \/>\n<meta property=\"og:site_name\" content=\"gijonbasket\" \/>\n<meta property=\"article:published_time\" content=\"2025-07-18T21:30:28+00:00\" \/>\n<meta property=\"article:modified_time\" content=\"2025-07-18T21:30:29+00:00\" \/>\n<meta name=\"author\" content=\"Cesar Morales\" \/>\n<meta name=\"twitter:card\" content=\"summary_large_image\" \/>\n<meta name=\"twitter:label1\" content=\"Written by\" \/>\n\t<meta name=\"twitter:data1\" content=\"Cesar Morales\" \/>\n\t<meta name=\"twitter:label2\" content=\"Est. reading time\" \/>\n\t<meta name=\"twitter:data2\" content=\"1 minute\" \/>\n<script type=\"application\/ld+json\" class=\"yoast-schema-graph\">{\"@context\":\"https:\/\/schema.org\",\"@graph\":[{\"@type\":\"Article\",\"@id\":\"https:\/\/gijonbasket.com\/2025\/07\/18\/donta-hall-del-baskonia-al-olympiacos\/#article\",\"isPartOf\":{\"@id\":\"https:\/\/gijonbasket.com\/2025\/07\/18\/donta-hall-del-baskonia-al-olympiacos\/\"},\"author\":{\"name\":\"Cesar Morales\",\"@id\":\"https:\/\/gijonbasket.com\/#\/schema\/person\/91af9ff03e8eab582ccc344b715907c0\"},\"headline\":\"Donta Hall del Baskonia al Olympiacos\",\"datePublished\":\"2025-07-18T21:30:28+00:00\",\"dateModified\":\"2025-07-18T21:30:29+00:00\",\"mainEntityOfPage\":{\"@id\":\"https:\/\/gijonbasket.com\/2025\/07\/18\/donta-hall-del-baskonia-al-olympiacos\/\"},\"wordCount\":106,\"commentCount\":0,\"publisher\":{\"@id\":\"https:\/\/gijonbasket.com\/#organization\"},\"articleSection\":[\"noticias\"],\"inLanguage\":\"en-US\",\"potentialAction\":[{\"@type\":\"CommentAction\",\"name\":\"Comment\",\"target\":[\"https:\/\/gijonbasket.com\/2025\/07\/18\/donta-hall-del-baskonia-al-olympiacos\/#respond\"]}]},{\"@type\":\"WebPage\",\"@id\":\"https:\/\/gijonbasket.com\/2025\/07\/18\/donta-hall-del-baskonia-al-olympiacos\/\",\"url\":\"https:\/\/gijonbasket.com\/2025\/07\/18\/donta-hall-del-baskonia-al-olympiacos\/\",\"name\":\"Donta Hall del Baskonia al Olympiacos - gijonbasket\",\"isPartOf\":{\"@id\":\"https:\/\/gijonbasket.com\/#website\"},\"datePublished\":\"2025-07-18T21:30:28+00:00\",\"dateModified\":\"2025-07-18T21:30:29+00:00\",\"breadcrumb\":{\"@id\":\"https:\/\/gijonbasket.com\/2025\/07\/18\/donta-hall-del-baskonia-al-olympiacos\/#breadcrumb\"},\"inLanguage\":\"en-US\",\"potentialAction\":[{\"@type\":\"ReadAction\",\"target\":[\"https:\/\/gijonbasket.com\/2025\/07\/18\/donta-hall-del-baskonia-al-olympiacos\/\"]}]},{\"@type\":\"BreadcrumbList\",\"@id\":\"https:\/\/gijonbasket.com\/2025\/07\/18\/donta-hall-del-baskonia-al-olympiacos\/#breadcrumb\",\"itemListElement\":[{\"@type\":\"ListItem\",\"position\":1,\"name\":\"Portada\",\"item\":\"https:\/\/gijonbasket.com\/\"},{\"@type\":\"ListItem\",\"position\":2,\"name\":\"Donta Hall del Baskonia al Olympiacos\"}]},{\"@type\":\"WebSite\",\"@id\":\"https:\/\/gijonbasket.com\/#website\",\"url\":\"https:\/\/gijonbasket.com\/\",\"name\":\"gijonbasket\",\"description\":\"\",\"publisher\":{\"@id\":\"https:\/\/gijonbasket.com\/#organization\"},\"potentialAction\":[{\"@type\":\"SearchAction\",\"target\":{\"@type\":\"EntryPoint\",\"urlTemplate\":\"https:\/\/gijonbasket.com\/?s={search_term_string}\"},\"query-input\":{\"@type\":\"PropertyValueSpecification\",\"valueRequired\":true,\"valueName\":\"search_term_string\"}}],\"inLanguage\":\"en-US\"},{\"@type\":\"Organization\",\"@id\":\"https:\/\/gijonbasket.com\/#organization\",\"name\":\"gijonbasket\",\"url\":\"https:\/\/gijonbasket.com\/\",\"logo\":{\"@type\":\"ImageObject\",\"inLanguage\":\"en-US\",\"@id\":\"https:\/\/gijonbasket.com\/#\/schema\/logo\/image\/\",\"url\":\"https:\/\/gijonbasket.com\/wp-content\/uploads\/2023\/03\/LogoGijonBasket2.jpg\",\"contentUrl\":\"https:\/\/gijonbasket.com\/wp-content\/uploads\/2023\/03\/LogoGijonBasket2.jpg\",\"width\":2000,\"height\":550,\"caption\":\"gijonbasket\"},\"image\":{\"@id\":\"https:\/\/gijonbasket.com\/#\/schema\/logo\/image\/\"}},{\"@type\":\"Person\",\"@id\":\"https:\/\/gijonbasket.com\/#\/schema\/person\/91af9ff03e8eab582ccc344b715907c0\",\"name\":\"Cesar Morales\",\"image\":{\"@type\":\"ImageObject\",\"inLanguage\":\"en-US\",\"@id\":\"https:\/\/gijonbasket.com\/#\/schema\/person\/image\/\",\"url\":\"https:\/\/secure.gravatar.com\/avatar\/ab9ddf1e87f7580cae3deefb05a58c5cf4f0c7f96f033fd7dacc23f0e8d149ca?s=96&d=mm&r=g\",\"contentUrl\":\"https:\/\/secure.gravatar.com\/avatar\/ab9ddf1e87f7580cae3deefb05a58c5cf4f0c7f96f033fd7dacc23f0e8d149ca?s=96&d=mm&r=g\",\"caption\":\"Cesar Morales\"},\"url\":\"https:\/\/gijonbasket.com\/en\/author\/cesar\/\"}]}<\/script>\n<!-- \/ Yoast SEO plugin. -->","yoast_head_json":{"title":"Donta Hall del Baskonia al Olympiacos - gijonbasket","robots":{"index":"index","follow":"follow","max-snippet":"max-snippet:-1","max-image-preview":"max-image-preview:large","max-video-preview":"max-video-preview:-1"},"canonical":"https:\/\/gijonbasket.com\/en\/2025\/07\/18\/donta-hall-del-baskonia-al-olympiacos\/","og_locale":"en_US","og_type":"article","og_title":"Donta Hall del Baskonia al Olympiacos - gijonbasket","og_description":"El Olympiacos anunci\u00f3 el fichaje de Donta Hall para las pr\u00f3ximas tres temporadas. Pivot estadounidense con nacionalidad azerbayana de 27 a\u00f1os y 2.06 m. que milit\u00f3 esta pasada temporada en el Baskonia. Formado en Alabama University (2015\/2016; 2016\/2017; 2017\/2018; 2018\/2019). Donta Hall tuvo un fugaz paso NBA militando en la temporada 2019\/2020 en Detroit Pistons&hellip;&nbsp;Read More &raquo;Donta Hall del Baskonia al Olympiacos","og_url":"https:\/\/gijonbasket.com\/en\/2025\/07\/18\/donta-hall-del-baskonia-al-olympiacos\/","og_site_name":"gijonbasket","article_published_time":"2025-07-18T21:30:28+00:00","article_modified_time":"2025-07-18T21:30:29+00:00","author":"Cesar Morales","twitter_card":"summary_large_image","twitter_misc":{"Written by":"Cesar Morales","Est. reading time":"1 minute"},"schema":{"@context":"https:\/\/schema.org","@graph":[{"@type":"Article","@id":"https:\/\/gijonbasket.com\/2025\/07\/18\/donta-hall-del-baskonia-al-olympiacos\/#article","isPartOf":{"@id":"https:\/\/gijonbasket.com\/2025\/07\/18\/donta-hall-del-baskonia-al-olympiacos\/"},"author":{"name":"Cesar Morales","@id":"https:\/\/gijonbasket.com\/#\/schema\/person\/91af9ff03e8eab582ccc344b715907c0"},"headline":"Donta Hall del Baskonia al Olympiacos","datePublished":"2025-07-18T21:30:28+00:00","dateModified":"2025-07-18T21:30:29+00:00","mainEntityOfPage":{"@id":"https:\/\/gijonbasket.com\/2025\/07\/18\/donta-hall-del-baskonia-al-olympiacos\/"},"wordCount":106,"commentCount":0,"publisher":{"@id":"https:\/\/gijonbasket.com\/#organization"},"articleSection":["noticias"],"inLanguage":"en-US","potentialAction":[{"@type":"CommentAction","name":"Comment","target":["https:\/\/gijonbasket.com\/2025\/07\/18\/donta-hall-del-baskonia-al-olympiacos\/#respond"]}]},{"@type":"WebPage","@id":"https:\/\/gijonbasket.com\/2025\/07\/18\/donta-hall-del-baskonia-al-olympiacos\/","url":"https:\/\/gijonbasket.com\/2025\/07\/18\/donta-hall-del-baskonia-al-olympiacos\/","name":"Donta Hall del Baskonia al Olympiacos - gijonbasket","isPartOf":{"@id":"https:\/\/gijonbasket.com\/#website"},"datePublished":"2025-07-18T21:30:28+00:00","dateModified":"2025-07-18T21:30:29+00:00","breadcrumb":{"@id":"https:\/\/gijonbasket.com\/2025\/07\/18\/donta-hall-del-baskonia-al-olympiacos\/#breadcrumb"},"inLanguage":"en-US","potentialAction":[{"@type":"ReadAction","target":["https:\/\/gijonbasket.com\/2025\/07\/18\/donta-hall-del-baskonia-al-olympiacos\/"]}]},{"@type":"BreadcrumbList","@id":"https:\/\/gijonbasket.com\/2025\/07\/18\/donta-hall-del-baskonia-al-olympiacos\/#breadcrumb","itemListElement":[{"@type":"ListItem","position":1,"name":"Portada","item":"https:\/\/gijonbasket.com\/"},{"@type":"ListItem","position":2,"name":"Donta Hall del Baskonia al Olympiacos"}]},{"@type":"WebSite","@id":"https:\/\/gijonbasket.com\/#website","url":"https:\/\/gijonbasket.com\/","name":"gijonbasket","description":"","publisher":{"@id":"https:\/\/gijonbasket.com\/#organization"},"potentialAction":[{"@type":"SearchAction","target":{"@type":"EntryPoint","urlTemplate":"https:\/\/gijonbasket.com\/?s={search_term_string}"},"query-input":{"@type":"PropertyValueSpecification","valueRequired":true,"valueName":"search_term_string"}}],"inLanguage":"en-US"},{"@type":"Organization","@id":"https:\/\/gijonbasket.com\/#organization","name":"gijonbasket","url":"https:\/\/gijonbasket.com\/","logo":{"@type":"ImageObject","inLanguage":"en-US","@id":"https:\/\/gijonbasket.com\/#\/schema\/logo\/image\/","url":"https:\/\/gijonbasket.com\/wp-content\/uploads\/2023\/03\/LogoGijonBasket2.jpg","contentUrl":"https:\/\/gijonbasket.com\/wp-content\/uploads\/2023\/03\/LogoGijonBasket2.jpg","width":2000,"height":550,"caption":"gijonbasket"},"image":{"@id":"https:\/\/gijonbasket.com\/#\/schema\/logo\/image\/"}},{"@type":"Person","@id":"https:\/\/gijonbasket.com\/#\/schema\/person\/91af9ff03e8eab582ccc344b715907c0","name":"Cesar Morales","image":{"@type":"ImageObject","inLanguage":"en-US","@id":"https:\/\/gijonbasket.com\/#\/schema\/person\/image\/","url":"https:\/\/secure.gravatar.com\/avatar\/ab9ddf1e87f7580cae3deefb05a58c5cf4f0c7f96f033fd7dacc23f0e8d149ca?s=96&d=mm&r=g","contentUrl":"https:\/\/secure.gravatar.com\/avatar\/ab9ddf1e87f7580cae3deefb05a58c5cf4f0c7f96f033fd7dacc23f0e8d149ca?s=96&d=mm&r=g","caption":"Cesar Morales"},"url":"https:\/\/gijonbasket.com\/en\/author\/cesar\/"}]}},"_links":{"self":[{"href":"https:\/\/gijonbasket.com\/en\/wp-json\/wp\/v2\/posts\/7626","targetHints":{"allow":["GET"]}}],"collection":[{"href":"https:\/\/gijonbasket.com\/en\/wp-json\/wp\/v2\/posts"}],"about":[{"href":"https:\/\/gijonbasket.com\/en\/wp-json\/wp\/v2\/types\/post"}],"author":[{"embeddable":true,"href":"https:\/\/gijonbasket.com\/en\/wp-json\/wp\/v2\/users\/2"}],"replies":[{"embeddable":true,"href":"https:\/\/gijonbasket.com\/en\/wp-json\/wp\/v2\/comments?post=7626"}],"version-history":[{"count":1,"href":"https:\/\/gijonbasket.com\/en\/wp-json\/wp\/v2\/posts\/7626\/revisions"}],"predecessor-version":[{"id":7627,"href":"https:\/\/gijonbasket.com\/en\/wp-json\/wp\/v2\/posts\/7626\/revisions\/7627"}],"wp:attachment":[{"href":"https:\/\/gijonbasket.com\/en\/wp-json\/wp\/v2\/media?parent=7626"}],"wp:term":[{"taxonomy":"category","embeddable":true,"href":"https:\/\/gijonbasket.com\/en\/wp-json\/wp\/v2\/categories?post=7626"},{"taxonomy":"post_tag","embeddable":true,"href":"https:\/\/gijonbasket.com\/en\/wp-json\/wp\/v2\/tags?post=7626"}],"curies":[{"name":"wp","href":"https:\/\/api.w.org\/{rel}","templated":true}]}}