{"id":7670,"date":"2025-07-22T18:19:02","date_gmt":"2025-07-22T16:19:02","guid":{"rendered":"https:\/\/gijonbasket.com\/?p=7670"},"modified":"2025-07-22T18:19:21","modified_gmt":"2025-07-22T16:19:21","slug":"alex-abrines-se-retira-a-los-31-anos","status":"publish","type":"post","link":"https:\/\/gijonbasket.com\/en\/2025\/07\/22\/alex-abrines-se-retira-a-los-31-anos\/","title":{"rendered":"\u00c1lex Abrines se retira a los 31 a\u00f1os"},"content":{"rendered":"<p>\u00c1lex Abrines anunci\u00f3 su retirada del baloncesto profesional a los 31 a\u00f1os y tras 14 temporadas en activo.<\/p>\n\n\n\n<p>Escolta mallorqu\u00edn de 31 a\u00f1os y 1.98 m. que milit\u00f3 las seis \u00faltimas temporadas en el F.C. Barcelona.<\/p>\n\n\n\n<p>\u00c1lex Abrines se inici\u00f3 en el mundo del baloncesto en el Colegio La Salle previo a ingresar en la cantera de Unicaja en 2010.<\/p>\n\n\n\n<p>Debut en Liga Endesa con el Unicaja en la temporada 2011\/2012.<\/p>\n\n\n\n<p>\u00c1lex Abrines recal\u00f3 en el F.C.Barcelona en la temporada 2012\/2013 permaneciendo hasta 2015\/2016.<\/p>\n\n\n\n<p>Seleccionado en NBA Draft 2013 por los Oklahoma City Thunder con n\u00ba 32.<\/p>\n\n\n\n<p>3 temporadas NBA defendiendo los colores de los Oklahoma City Thunder (2016\/2017; 2017\/2018; 2018\/2019).<\/p>\n\n\n\n<p>Finalizada su etapa NBA, \u00c1lex Abrines regreso al F.C. Barcelona en la temporada 2019\/2020 para permanecer en el conjunto blaugrana hasta la pasada campa\u00f1a (2024\/2025).<\/p>\n\n\n\n<p>10 temporadas en el F.C. Barcelona en dos etapas diferentes, la primera de cuatro y la segunda de seis temporadas.<\/p>\n\n\n\n<p>\u00c1lex Abrines con el F.C. Barcelona conquist\u00f3 3 Liga Endesa (2013\/2014; 2020\/2021; 2022\/2023); 3 Copa del Rey (2012\/2013; 2020\/2021; 2021\/2022) y 1 SuperCopa Endesa (2015).<\/p>\n\n\n\n<p>Internacional por Espa\u00f1a.<\/p>\n\n\n\n<p>Medalla de Bronce en los Juegos Ol\u00edmpicos de R\u00edo de Janeiro 2016. Medalla de Bronce en el EuroBasket 2017.<\/p>\n\n\n\n<p>El baloncesto para \u00c1lex Abrines le vino en los genes, por la trayectoria profesional de su padre Gabriel Abrines, que milit\u00f3 en equipos como fueron el Gij\u00f3n Baloncesto, Huesca La Magia, C\u00e1ceres C.B. y C.B. Gran Canaria entre otros.<\/p>\n\n\n\n<p><\/p>","protected":false},"excerpt":{"rendered":"<p>\u00c1lex Abrines anunci\u00f3 su retirada del baloncesto profesional a los 31 a\u00f1os y tras 14 temporadas en activo. Escolta mallorqu\u00edn de 31 a\u00f1os y 1.98 m. que milit\u00f3 las seis \u00faltimas temporadas en el F.C. Barcelona. \u00c1lex Abrines se inici\u00f3 en el mundo del baloncesto en el Colegio La Salle previo a ingresar en la&hellip;&nbsp;<a href=\"https:\/\/gijonbasket.com\/en\/2025\/07\/22\/alex-abrines-se-retira-a-los-31-anos\/\" class=\"\" rel=\"bookmark\">Read More &raquo;<span class=\"screen-reader-text\">\u00c1lex Abrines se retira a los 31 a\u00f1os<\/span><\/a><\/p>","protected":false},"author":2,"featured_media":0,"comment_status":"open","ping_status":"open","sticky":false,"template":"","format":"standard","meta":{"neve_meta_sidebar":"","neve_meta_container":"","neve_meta_enable_content_width":"","neve_meta_content_width":0,"neve_meta_title_alignment":"","neve_meta_author_avatar":"","neve_post_elements_order":"","neve_meta_disable_header":"","neve_meta_disable_footer":"","neve_meta_disable_title":"","footnotes":""},"categories":[4],"tags":[],"class_list":["post-7670","post","type-post","status-publish","format-standard","hentry","category-noticias"],"yoast_head":"<!-- This site is optimized with the Yoast SEO plugin v23.4 - https:\/\/yoast.com\/wordpress\/plugins\/seo\/ -->\n<title>\u00c1lex Abrines se retira a los 31 a\u00f1os - gijonbasket<\/title>\n<meta name=\"robots\" content=\"index, follow, max-snippet:-1, max-image-preview:large, max-video-preview:-1\" \/>\n<link rel=\"canonical\" href=\"https:\/\/gijonbasket.com\/en\/2025\/07\/22\/alex-abrines-se-retira-a-los-31-anos\/\" \/>\n<meta property=\"og:locale\" content=\"en_US\" \/>\n<meta property=\"og:type\" content=\"article\" \/>\n<meta property=\"og:title\" content=\"\u00c1lex Abrines se retira a los 31 a\u00f1os - gijonbasket\" \/>\n<meta property=\"og:description\" content=\"\u00c1lex Abrines anunci\u00f3 su retirada del baloncesto profesional a los 31 a\u00f1os y tras 14 temporadas en activo. Escolta mallorqu\u00edn de 31 a\u00f1os y 1.98 m. que milit\u00f3 las seis \u00faltimas temporadas en el F.C. Barcelona. \u00c1lex Abrines se inici\u00f3 en el mundo del baloncesto en el Colegio La Salle previo a ingresar en la&hellip;&nbsp;Read More &raquo;\u00c1lex Abrines se retira a los 31 a\u00f1os\" \/>\n<meta property=\"og:url\" content=\"https:\/\/gijonbasket.com\/en\/2025\/07\/22\/alex-abrines-se-retira-a-los-31-anos\/\" \/>\n<meta property=\"og:site_name\" content=\"gijonbasket\" \/>\n<meta property=\"article:published_time\" content=\"2025-07-22T16:19:02+00:00\" \/>\n<meta property=\"article:modified_time\" content=\"2025-07-22T16:19:21+00:00\" \/>\n<meta name=\"author\" content=\"Cesar Morales\" \/>\n<meta name=\"twitter:card\" content=\"summary_large_image\" \/>\n<meta name=\"twitter:label1\" content=\"Written by\" \/>\n\t<meta name=\"twitter:data1\" content=\"Cesar Morales\" \/>\n\t<meta name=\"twitter:label2\" content=\"Est. reading time\" \/>\n\t<meta name=\"twitter:data2\" content=\"2 minutes\" \/>\n<script type=\"application\/ld+json\" class=\"yoast-schema-graph\">{\"@context\":\"https:\/\/schema.org\",\"@graph\":[{\"@type\":\"Article\",\"@id\":\"https:\/\/gijonbasket.com\/2025\/07\/22\/alex-abrines-se-retira-a-los-31-anos\/#article\",\"isPartOf\":{\"@id\":\"https:\/\/gijonbasket.com\/2025\/07\/22\/alex-abrines-se-retira-a-los-31-anos\/\"},\"author\":{\"name\":\"Cesar Morales\",\"@id\":\"https:\/\/gijonbasket.com\/#\/schema\/person\/91af9ff03e8eab582ccc344b715907c0\"},\"headline\":\"\u00c1lex Abrines se retira a los 31 a\u00f1os\",\"datePublished\":\"2025-07-22T16:19:02+00:00\",\"dateModified\":\"2025-07-22T16:19:21+00:00\",\"mainEntityOfPage\":{\"@id\":\"https:\/\/gijonbasket.com\/2025\/07\/22\/alex-abrines-se-retira-a-los-31-anos\/\"},\"wordCount\":238,\"commentCount\":0,\"publisher\":{\"@id\":\"https:\/\/gijonbasket.com\/#organization\"},\"articleSection\":[\"noticias\"],\"inLanguage\":\"en-US\",\"potentialAction\":[{\"@type\":\"CommentAction\",\"name\":\"Comment\",\"target\":[\"https:\/\/gijonbasket.com\/2025\/07\/22\/alex-abrines-se-retira-a-los-31-anos\/#respond\"]}]},{\"@type\":\"WebPage\",\"@id\":\"https:\/\/gijonbasket.com\/2025\/07\/22\/alex-abrines-se-retira-a-los-31-anos\/\",\"url\":\"https:\/\/gijonbasket.com\/2025\/07\/22\/alex-abrines-se-retira-a-los-31-anos\/\",\"name\":\"\u00c1lex Abrines se retira a los 31 a\u00f1os - gijonbasket\",\"isPartOf\":{\"@id\":\"https:\/\/gijonbasket.com\/#website\"},\"datePublished\":\"2025-07-22T16:19:02+00:00\",\"dateModified\":\"2025-07-22T16:19:21+00:00\",\"breadcrumb\":{\"@id\":\"https:\/\/gijonbasket.com\/2025\/07\/22\/alex-abrines-se-retira-a-los-31-anos\/#breadcrumb\"},\"inLanguage\":\"en-US\",\"potentialAction\":[{\"@type\":\"ReadAction\",\"target\":[\"https:\/\/gijonbasket.com\/2025\/07\/22\/alex-abrines-se-retira-a-los-31-anos\/\"]}]},{\"@type\":\"BreadcrumbList\",\"@id\":\"https:\/\/gijonbasket.com\/2025\/07\/22\/alex-abrines-se-retira-a-los-31-anos\/#breadcrumb\",\"itemListElement\":[{\"@type\":\"ListItem\",\"position\":1,\"name\":\"Portada\",\"item\":\"https:\/\/gijonbasket.com\/\"},{\"@type\":\"ListItem\",\"position\":2,\"name\":\"\u00c1lex Abrines se retira a los 31 a\u00f1os\"}]},{\"@type\":\"WebSite\",\"@id\":\"https:\/\/gijonbasket.com\/#website\",\"url\":\"https:\/\/gijonbasket.com\/\",\"name\":\"gijonbasket\",\"description\":\"\",\"publisher\":{\"@id\":\"https:\/\/gijonbasket.com\/#organization\"},\"potentialAction\":[{\"@type\":\"SearchAction\",\"target\":{\"@type\":\"EntryPoint\",\"urlTemplate\":\"https:\/\/gijonbasket.com\/?s={search_term_string}\"},\"query-input\":{\"@type\":\"PropertyValueSpecification\",\"valueRequired\":true,\"valueName\":\"search_term_string\"}}],\"inLanguage\":\"en-US\"},{\"@type\":\"Organization\",\"@id\":\"https:\/\/gijonbasket.com\/#organization\",\"name\":\"gijonbasket\",\"url\":\"https:\/\/gijonbasket.com\/\",\"logo\":{\"@type\":\"ImageObject\",\"inLanguage\":\"en-US\",\"@id\":\"https:\/\/gijonbasket.com\/#\/schema\/logo\/image\/\",\"url\":\"https:\/\/gijonbasket.com\/wp-content\/uploads\/2023\/03\/LogoGijonBasket2.jpg\",\"contentUrl\":\"https:\/\/gijonbasket.com\/wp-content\/uploads\/2023\/03\/LogoGijonBasket2.jpg\",\"width\":2000,\"height\":550,\"caption\":\"gijonbasket\"},\"image\":{\"@id\":\"https:\/\/gijonbasket.com\/#\/schema\/logo\/image\/\"}},{\"@type\":\"Person\",\"@id\":\"https:\/\/gijonbasket.com\/#\/schema\/person\/91af9ff03e8eab582ccc344b715907c0\",\"name\":\"Cesar Morales\",\"image\":{\"@type\":\"ImageObject\",\"inLanguage\":\"en-US\",\"@id\":\"https:\/\/gijonbasket.com\/#\/schema\/person\/image\/\",\"url\":\"https:\/\/secure.gravatar.com\/avatar\/ab9ddf1e87f7580cae3deefb05a58c5cf4f0c7f96f033fd7dacc23f0e8d149ca?s=96&d=mm&r=g\",\"contentUrl\":\"https:\/\/secure.gravatar.com\/avatar\/ab9ddf1e87f7580cae3deefb05a58c5cf4f0c7f96f033fd7dacc23f0e8d149ca?s=96&d=mm&r=g\",\"caption\":\"Cesar Morales\"},\"url\":\"https:\/\/gijonbasket.com\/en\/author\/cesar\/\"}]}<\/script>\n<!-- \/ Yoast SEO plugin. -->","yoast_head_json":{"title":"\u00c1lex Abrines se retira a los 31 a\u00f1os - gijonbasket","robots":{"index":"index","follow":"follow","max-snippet":"max-snippet:-1","max-image-preview":"max-image-preview:large","max-video-preview":"max-video-preview:-1"},"canonical":"https:\/\/gijonbasket.com\/en\/2025\/07\/22\/alex-abrines-se-retira-a-los-31-anos\/","og_locale":"en_US","og_type":"article","og_title":"\u00c1lex Abrines se retira a los 31 a\u00f1os - gijonbasket","og_description":"\u00c1lex Abrines anunci\u00f3 su retirada del baloncesto profesional a los 31 a\u00f1os y tras 14 temporadas en activo. Escolta mallorqu\u00edn de 31 a\u00f1os y 1.98 m. que milit\u00f3 las seis \u00faltimas temporadas en el F.C. Barcelona. \u00c1lex Abrines se inici\u00f3 en el mundo del baloncesto en el Colegio La Salle previo a ingresar en la&hellip;&nbsp;Read More &raquo;\u00c1lex Abrines se retira a los 31 a\u00f1os","og_url":"https:\/\/gijonbasket.com\/en\/2025\/07\/22\/alex-abrines-se-retira-a-los-31-anos\/","og_site_name":"gijonbasket","article_published_time":"2025-07-22T16:19:02+00:00","article_modified_time":"2025-07-22T16:19:21+00:00","author":"Cesar Morales","twitter_card":"summary_large_image","twitter_misc":{"Written by":"Cesar Morales","Est. reading time":"2 minutes"},"schema":{"@context":"https:\/\/schema.org","@graph":[{"@type":"Article","@id":"https:\/\/gijonbasket.com\/2025\/07\/22\/alex-abrines-se-retira-a-los-31-anos\/#article","isPartOf":{"@id":"https:\/\/gijonbasket.com\/2025\/07\/22\/alex-abrines-se-retira-a-los-31-anos\/"},"author":{"name":"Cesar Morales","@id":"https:\/\/gijonbasket.com\/#\/schema\/person\/91af9ff03e8eab582ccc344b715907c0"},"headline":"\u00c1lex Abrines se retira a los 31 a\u00f1os","datePublished":"2025-07-22T16:19:02+00:00","dateModified":"2025-07-22T16:19:21+00:00","mainEntityOfPage":{"@id":"https:\/\/gijonbasket.com\/2025\/07\/22\/alex-abrines-se-retira-a-los-31-anos\/"},"wordCount":238,"commentCount":0,"publisher":{"@id":"https:\/\/gijonbasket.com\/#organization"},"articleSection":["noticias"],"inLanguage":"en-US","potentialAction":[{"@type":"CommentAction","name":"Comment","target":["https:\/\/gijonbasket.com\/2025\/07\/22\/alex-abrines-se-retira-a-los-31-anos\/#respond"]}]},{"@type":"WebPage","@id":"https:\/\/gijonbasket.com\/2025\/07\/22\/alex-abrines-se-retira-a-los-31-anos\/","url":"https:\/\/gijonbasket.com\/2025\/07\/22\/alex-abrines-se-retira-a-los-31-anos\/","name":"\u00c1lex Abrines se retira a los 31 a\u00f1os - gijonbasket","isPartOf":{"@id":"https:\/\/gijonbasket.com\/#website"},"datePublished":"2025-07-22T16:19:02+00:00","dateModified":"2025-07-22T16:19:21+00:00","breadcrumb":{"@id":"https:\/\/gijonbasket.com\/2025\/07\/22\/alex-abrines-se-retira-a-los-31-anos\/#breadcrumb"},"inLanguage":"en-US","potentialAction":[{"@type":"ReadAction","target":["https:\/\/gijonbasket.com\/2025\/07\/22\/alex-abrines-se-retira-a-los-31-anos\/"]}]},{"@type":"BreadcrumbList","@id":"https:\/\/gijonbasket.com\/2025\/07\/22\/alex-abrines-se-retira-a-los-31-anos\/#breadcrumb","itemListElement":[{"@type":"ListItem","position":1,"name":"Portada","item":"https:\/\/gijonbasket.com\/"},{"@type":"ListItem","position":2,"name":"\u00c1lex Abrines se retira a los 31 a\u00f1os"}]},{"@type":"WebSite","@id":"https:\/\/gijonbasket.com\/#website","url":"https:\/\/gijonbasket.com\/","name":"gijonbasket","description":"","publisher":{"@id":"https:\/\/gijonbasket.com\/#organization"},"potentialAction":[{"@type":"SearchAction","target":{"@type":"EntryPoint","urlTemplate":"https:\/\/gijonbasket.com\/?s={search_term_string}"},"query-input":{"@type":"PropertyValueSpecification","valueRequired":true,"valueName":"search_term_string"}}],"inLanguage":"en-US"},{"@type":"Organization","@id":"https:\/\/gijonbasket.com\/#organization","name":"gijonbasket","url":"https:\/\/gijonbasket.com\/","logo":{"@type":"ImageObject","inLanguage":"en-US","@id":"https:\/\/gijonbasket.com\/#\/schema\/logo\/image\/","url":"https:\/\/gijonbasket.com\/wp-content\/uploads\/2023\/03\/LogoGijonBasket2.jpg","contentUrl":"https:\/\/gijonbasket.com\/wp-content\/uploads\/2023\/03\/LogoGijonBasket2.jpg","width":2000,"height":550,"caption":"gijonbasket"},"image":{"@id":"https:\/\/gijonbasket.com\/#\/schema\/logo\/image\/"}},{"@type":"Person","@id":"https:\/\/gijonbasket.com\/#\/schema\/person\/91af9ff03e8eab582ccc344b715907c0","name":"Cesar Morales","image":{"@type":"ImageObject","inLanguage":"en-US","@id":"https:\/\/gijonbasket.com\/#\/schema\/person\/image\/","url":"https:\/\/secure.gravatar.com\/avatar\/ab9ddf1e87f7580cae3deefb05a58c5cf4f0c7f96f033fd7dacc23f0e8d149ca?s=96&d=mm&r=g","contentUrl":"https:\/\/secure.gravatar.com\/avatar\/ab9ddf1e87f7580cae3deefb05a58c5cf4f0c7f96f033fd7dacc23f0e8d149ca?s=96&d=mm&r=g","caption":"Cesar Morales"},"url":"https:\/\/gijonbasket.com\/en\/author\/cesar\/"}]}},"_links":{"self":[{"href":"https:\/\/gijonbasket.com\/en\/wp-json\/wp\/v2\/posts\/7670","targetHints":{"allow":["GET"]}}],"collection":[{"href":"https:\/\/gijonbasket.com\/en\/wp-json\/wp\/v2\/posts"}],"about":[{"href":"https:\/\/gijonbasket.com\/en\/wp-json\/wp\/v2\/types\/post"}],"author":[{"embeddable":true,"href":"https:\/\/gijonbasket.com\/en\/wp-json\/wp\/v2\/users\/2"}],"replies":[{"embeddable":true,"href":"https:\/\/gijonbasket.com\/en\/wp-json\/wp\/v2\/comments?post=7670"}],"version-history":[{"count":2,"href":"https:\/\/gijonbasket.com\/en\/wp-json\/wp\/v2\/posts\/7670\/revisions"}],"predecessor-version":[{"id":7672,"href":"https:\/\/gijonbasket.com\/en\/wp-json\/wp\/v2\/posts\/7670\/revisions\/7672"}],"wp:attachment":[{"href":"https:\/\/gijonbasket.com\/en\/wp-json\/wp\/v2\/media?parent=7670"}],"wp:term":[{"taxonomy":"category","embeddable":true,"href":"https:\/\/gijonbasket.com\/en\/wp-json\/wp\/v2\/categories?post=7670"},{"taxonomy":"post_tag","embeddable":true,"href":"https:\/\/gijonbasket.com\/en\/wp-json\/wp\/v2\/tags?post=7670"}],"curies":[{"name":"wp","href":"https:\/\/api.w.org\/{rel}","templated":true}]}}