{"id":7677,"date":"2025-07-23T10:40:08","date_gmt":"2025-07-23T08:40:08","guid":{"rendered":"https:\/\/gijonbasket.com\/?p=7677"},"modified":"2025-07-23T10:40:10","modified_gmt":"2025-07-23T08:40:10","slug":"yunio-barrueta-del-leyma-coruna-al-monbus-obradoiro","status":"publish","type":"post","link":"https:\/\/gijonbasket.com\/en\/2025\/07\/23\/yunio-barrueta-del-leyma-coruna-al-monbus-obradoiro\/","title":{"rendered":"Yunio Barrueta del Leyma Coru\u00f1a al Monbus Obradoiro"},"content":{"rendered":"<p>El Monbus Obradoiro cerr\u00f3 el fichaje de Yunio Barrueta (Leyma Coru\u00f1a) para la pr\u00f3xima temporada m\u00e1s una segunda opcional.<\/p>\n\n\n\n<p>Cuarto componente del Leyma Coru\u00f1a que recala en el Monbus Obradoiro tras Diego Epifanio (entrenador), Olle Lundqvist y Goran Huskic.<\/p>\n\n\n\n<p>Alero cubano con nacionalidad estadounidense de 32 a\u00f1os y 1.96 m. que milit\u00f3 las tres \u00faltimas temporadas en el Leyma Coru\u00f1a.<\/p>\n\n\n\n<p>Yunio Barrueta form\u00f3 parte en la temporada 2023\/2024, de la hist\u00f3rica plantilla del Leyma Coru\u00f1a, que se proclam\u00f3 Campe\u00f3n LEB Oro para lograr el ascenso a Liga Endesa.<\/p>\n\n\n\n<p>La pasada temporada debut en Liga Endesa del Leyma Coru\u00f1a. Yunio Barrueta fue protagonista de la primera victoria del Leyma Coru\u00f1a en Liga Endesa, con la hist\u00f3rica victoria en la primera jornada ante el Real Madrid, anotandomente el Leyma Coru\u00f1a  el tiro ganador del partido.<\/p>\n\n\n\n<p>Finalmente el Leyma Coru\u00f1a no pudo evitar el descenso de categor\u00eda cerrando la temporada regular con un balance de 7 victorias &#8211; 27 derrotas.<\/p>\n\n\n\n<p>La pasada temporada Yunio Barrueta promedi\u00f3 11.3 ppp; 3.2 rpp en Liga Endesa.<\/p>\n\n\n\n<p>Con experiencia en U.S.A., B\u00e9lgica, Francia, Israel y Espa\u00f1a.<\/p>","protected":false},"excerpt":{"rendered":"<p>El Monbus Obradoiro cerr\u00f3 el fichaje de Yunio Barrueta (Leyma Coru\u00f1a) para la pr\u00f3xima temporada m\u00e1s una segunda opcional. Cuarto componente del Leyma Coru\u00f1a que recala en el Monbus Obradoiro tras Diego Epifanio (entrenador), Olle Lundqvist y Goran Huskic. Alero cubano con nacionalidad estadounidense de 32 a\u00f1os y 1.96 m. que milit\u00f3 las tres \u00faltimas&hellip;&nbsp;<a href=\"https:\/\/gijonbasket.com\/en\/2025\/07\/23\/yunio-barrueta-del-leyma-coruna-al-monbus-obradoiro\/\" class=\"\" rel=\"bookmark\">Read More &raquo;<span class=\"screen-reader-text\">Yunio Barrueta del Leyma Coru\u00f1a al Monbus Obradoiro<\/span><\/a><\/p>","protected":false},"author":2,"featured_media":0,"comment_status":"open","ping_status":"open","sticky":false,"template":"","format":"standard","meta":{"neve_meta_sidebar":"","neve_meta_container":"","neve_meta_enable_content_width":"","neve_meta_content_width":0,"neve_meta_title_alignment":"","neve_meta_author_avatar":"","neve_post_elements_order":"","neve_meta_disable_header":"","neve_meta_disable_footer":"","neve_meta_disable_title":"","footnotes":""},"categories":[4],"tags":[],"class_list":["post-7677","post","type-post","status-publish","format-standard","hentry","category-noticias"],"yoast_head":"<!-- This site is optimized with the Yoast SEO plugin v23.4 - https:\/\/yoast.com\/wordpress\/plugins\/seo\/ -->\n<title>Yunio Barrueta del Leyma Coru\u00f1a al Monbus Obradoiro - gijonbasket<\/title>\n<meta name=\"robots\" content=\"index, follow, max-snippet:-1, max-image-preview:large, max-video-preview:-1\" \/>\n<link rel=\"canonical\" href=\"https:\/\/gijonbasket.com\/en\/2025\/07\/23\/yunio-barrueta-del-leyma-coruna-al-monbus-obradoiro\/\" \/>\n<meta property=\"og:locale\" content=\"en_US\" \/>\n<meta property=\"og:type\" content=\"article\" \/>\n<meta property=\"og:title\" content=\"Yunio Barrueta del Leyma Coru\u00f1a al Monbus Obradoiro - gijonbasket\" \/>\n<meta property=\"og:description\" content=\"El Monbus Obradoiro cerr\u00f3 el fichaje de Yunio Barrueta (Leyma Coru\u00f1a) para la pr\u00f3xima temporada m\u00e1s una segunda opcional. Cuarto componente del Leyma Coru\u00f1a que recala en el Monbus Obradoiro tras Diego Epifanio (entrenador), Olle Lundqvist y Goran Huskic. Alero cubano con nacionalidad estadounidense de 32 a\u00f1os y 1.96 m. que milit\u00f3 las tres \u00faltimas&hellip;&nbsp;Read More &raquo;Yunio Barrueta del Leyma Coru\u00f1a al Monbus Obradoiro\" \/>\n<meta property=\"og:url\" content=\"https:\/\/gijonbasket.com\/en\/2025\/07\/23\/yunio-barrueta-del-leyma-coruna-al-monbus-obradoiro\/\" \/>\n<meta property=\"og:site_name\" content=\"gijonbasket\" \/>\n<meta property=\"article:published_time\" content=\"2025-07-23T08:40:08+00:00\" \/>\n<meta property=\"article:modified_time\" content=\"2025-07-23T08:40:10+00:00\" \/>\n<meta name=\"author\" content=\"Cesar Morales\" \/>\n<meta name=\"twitter:card\" content=\"summary_large_image\" \/>\n<meta name=\"twitter:label1\" content=\"Written by\" \/>\n\t<meta name=\"twitter:data1\" content=\"Cesar Morales\" \/>\n\t<meta name=\"twitter:label2\" content=\"Est. reading time\" \/>\n\t<meta name=\"twitter:data2\" content=\"1 minute\" \/>\n<script type=\"application\/ld+json\" class=\"yoast-schema-graph\">{\"@context\":\"https:\/\/schema.org\",\"@graph\":[{\"@type\":\"Article\",\"@id\":\"https:\/\/gijonbasket.com\/2025\/07\/23\/yunio-barrueta-del-leyma-coruna-al-monbus-obradoiro\/#article\",\"isPartOf\":{\"@id\":\"https:\/\/gijonbasket.com\/2025\/07\/23\/yunio-barrueta-del-leyma-coruna-al-monbus-obradoiro\/\"},\"author\":{\"name\":\"Cesar Morales\",\"@id\":\"https:\/\/gijonbasket.com\/#\/schema\/person\/91af9ff03e8eab582ccc344b715907c0\"},\"headline\":\"Yunio Barrueta del Leyma Coru\u00f1a al Monbus Obradoiro\",\"datePublished\":\"2025-07-23T08:40:08+00:00\",\"dateModified\":\"2025-07-23T08:40:10+00:00\",\"mainEntityOfPage\":{\"@id\":\"https:\/\/gijonbasket.com\/2025\/07\/23\/yunio-barrueta-del-leyma-coruna-al-monbus-obradoiro\/\"},\"wordCount\":200,\"commentCount\":0,\"publisher\":{\"@id\":\"https:\/\/gijonbasket.com\/#organization\"},\"articleSection\":[\"noticias\"],\"inLanguage\":\"en-US\",\"potentialAction\":[{\"@type\":\"CommentAction\",\"name\":\"Comment\",\"target\":[\"https:\/\/gijonbasket.com\/2025\/07\/23\/yunio-barrueta-del-leyma-coruna-al-monbus-obradoiro\/#respond\"]}]},{\"@type\":\"WebPage\",\"@id\":\"https:\/\/gijonbasket.com\/2025\/07\/23\/yunio-barrueta-del-leyma-coruna-al-monbus-obradoiro\/\",\"url\":\"https:\/\/gijonbasket.com\/2025\/07\/23\/yunio-barrueta-del-leyma-coruna-al-monbus-obradoiro\/\",\"name\":\"Yunio Barrueta del Leyma Coru\u00f1a al Monbus Obradoiro - gijonbasket\",\"isPartOf\":{\"@id\":\"https:\/\/gijonbasket.com\/#website\"},\"datePublished\":\"2025-07-23T08:40:08+00:00\",\"dateModified\":\"2025-07-23T08:40:10+00:00\",\"breadcrumb\":{\"@id\":\"https:\/\/gijonbasket.com\/2025\/07\/23\/yunio-barrueta-del-leyma-coruna-al-monbus-obradoiro\/#breadcrumb\"},\"inLanguage\":\"en-US\",\"potentialAction\":[{\"@type\":\"ReadAction\",\"target\":[\"https:\/\/gijonbasket.com\/2025\/07\/23\/yunio-barrueta-del-leyma-coruna-al-monbus-obradoiro\/\"]}]},{\"@type\":\"BreadcrumbList\",\"@id\":\"https:\/\/gijonbasket.com\/2025\/07\/23\/yunio-barrueta-del-leyma-coruna-al-monbus-obradoiro\/#breadcrumb\",\"itemListElement\":[{\"@type\":\"ListItem\",\"position\":1,\"name\":\"Portada\",\"item\":\"https:\/\/gijonbasket.com\/\"},{\"@type\":\"ListItem\",\"position\":2,\"name\":\"Yunio Barrueta del Leyma Coru\u00f1a al Monbus Obradoiro\"}]},{\"@type\":\"WebSite\",\"@id\":\"https:\/\/gijonbasket.com\/#website\",\"url\":\"https:\/\/gijonbasket.com\/\",\"name\":\"gijonbasket\",\"description\":\"\",\"publisher\":{\"@id\":\"https:\/\/gijonbasket.com\/#organization\"},\"potentialAction\":[{\"@type\":\"SearchAction\",\"target\":{\"@type\":\"EntryPoint\",\"urlTemplate\":\"https:\/\/gijonbasket.com\/?s={search_term_string}\"},\"query-input\":{\"@type\":\"PropertyValueSpecification\",\"valueRequired\":true,\"valueName\":\"search_term_string\"}}],\"inLanguage\":\"en-US\"},{\"@type\":\"Organization\",\"@id\":\"https:\/\/gijonbasket.com\/#organization\",\"name\":\"gijonbasket\",\"url\":\"https:\/\/gijonbasket.com\/\",\"logo\":{\"@type\":\"ImageObject\",\"inLanguage\":\"en-US\",\"@id\":\"https:\/\/gijonbasket.com\/#\/schema\/logo\/image\/\",\"url\":\"https:\/\/gijonbasket.com\/wp-content\/uploads\/2023\/03\/LogoGijonBasket2.jpg\",\"contentUrl\":\"https:\/\/gijonbasket.com\/wp-content\/uploads\/2023\/03\/LogoGijonBasket2.jpg\",\"width\":2000,\"height\":550,\"caption\":\"gijonbasket\"},\"image\":{\"@id\":\"https:\/\/gijonbasket.com\/#\/schema\/logo\/image\/\"}},{\"@type\":\"Person\",\"@id\":\"https:\/\/gijonbasket.com\/#\/schema\/person\/91af9ff03e8eab582ccc344b715907c0\",\"name\":\"Cesar Morales\",\"image\":{\"@type\":\"ImageObject\",\"inLanguage\":\"en-US\",\"@id\":\"https:\/\/gijonbasket.com\/#\/schema\/person\/image\/\",\"url\":\"https:\/\/secure.gravatar.com\/avatar\/ab9ddf1e87f7580cae3deefb05a58c5cf4f0c7f96f033fd7dacc23f0e8d149ca?s=96&d=mm&r=g\",\"contentUrl\":\"https:\/\/secure.gravatar.com\/avatar\/ab9ddf1e87f7580cae3deefb05a58c5cf4f0c7f96f033fd7dacc23f0e8d149ca?s=96&d=mm&r=g\",\"caption\":\"Cesar Morales\"},\"url\":\"https:\/\/gijonbasket.com\/en\/author\/cesar\/\"}]}<\/script>\n<!-- \/ Yoast SEO plugin. -->","yoast_head_json":{"title":"Yunio Barrueta del Leyma Coru\u00f1a al Monbus Obradoiro - gijonbasket","robots":{"index":"index","follow":"follow","max-snippet":"max-snippet:-1","max-image-preview":"max-image-preview:large","max-video-preview":"max-video-preview:-1"},"canonical":"https:\/\/gijonbasket.com\/en\/2025\/07\/23\/yunio-barrueta-del-leyma-coruna-al-monbus-obradoiro\/","og_locale":"en_US","og_type":"article","og_title":"Yunio Barrueta del Leyma Coru\u00f1a al Monbus Obradoiro - gijonbasket","og_description":"El Monbus Obradoiro cerr\u00f3 el fichaje de Yunio Barrueta (Leyma Coru\u00f1a) para la pr\u00f3xima temporada m\u00e1s una segunda opcional. Cuarto componente del Leyma Coru\u00f1a que recala en el Monbus Obradoiro tras Diego Epifanio (entrenador), Olle Lundqvist y Goran Huskic. Alero cubano con nacionalidad estadounidense de 32 a\u00f1os y 1.96 m. que milit\u00f3 las tres \u00faltimas&hellip;&nbsp;Read More &raquo;Yunio Barrueta del Leyma Coru\u00f1a al Monbus Obradoiro","og_url":"https:\/\/gijonbasket.com\/en\/2025\/07\/23\/yunio-barrueta-del-leyma-coruna-al-monbus-obradoiro\/","og_site_name":"gijonbasket","article_published_time":"2025-07-23T08:40:08+00:00","article_modified_time":"2025-07-23T08:40:10+00:00","author":"Cesar Morales","twitter_card":"summary_large_image","twitter_misc":{"Written by":"Cesar Morales","Est. reading time":"1 minute"},"schema":{"@context":"https:\/\/schema.org","@graph":[{"@type":"Article","@id":"https:\/\/gijonbasket.com\/2025\/07\/23\/yunio-barrueta-del-leyma-coruna-al-monbus-obradoiro\/#article","isPartOf":{"@id":"https:\/\/gijonbasket.com\/2025\/07\/23\/yunio-barrueta-del-leyma-coruna-al-monbus-obradoiro\/"},"author":{"name":"Cesar Morales","@id":"https:\/\/gijonbasket.com\/#\/schema\/person\/91af9ff03e8eab582ccc344b715907c0"},"headline":"Yunio Barrueta del Leyma Coru\u00f1a al Monbus Obradoiro","datePublished":"2025-07-23T08:40:08+00:00","dateModified":"2025-07-23T08:40:10+00:00","mainEntityOfPage":{"@id":"https:\/\/gijonbasket.com\/2025\/07\/23\/yunio-barrueta-del-leyma-coruna-al-monbus-obradoiro\/"},"wordCount":200,"commentCount":0,"publisher":{"@id":"https:\/\/gijonbasket.com\/#organization"},"articleSection":["noticias"],"inLanguage":"en-US","potentialAction":[{"@type":"CommentAction","name":"Comment","target":["https:\/\/gijonbasket.com\/2025\/07\/23\/yunio-barrueta-del-leyma-coruna-al-monbus-obradoiro\/#respond"]}]},{"@type":"WebPage","@id":"https:\/\/gijonbasket.com\/2025\/07\/23\/yunio-barrueta-del-leyma-coruna-al-monbus-obradoiro\/","url":"https:\/\/gijonbasket.com\/2025\/07\/23\/yunio-barrueta-del-leyma-coruna-al-monbus-obradoiro\/","name":"Yunio Barrueta del Leyma Coru\u00f1a al Monbus Obradoiro - gijonbasket","isPartOf":{"@id":"https:\/\/gijonbasket.com\/#website"},"datePublished":"2025-07-23T08:40:08+00:00","dateModified":"2025-07-23T08:40:10+00:00","breadcrumb":{"@id":"https:\/\/gijonbasket.com\/2025\/07\/23\/yunio-barrueta-del-leyma-coruna-al-monbus-obradoiro\/#breadcrumb"},"inLanguage":"en-US","potentialAction":[{"@type":"ReadAction","target":["https:\/\/gijonbasket.com\/2025\/07\/23\/yunio-barrueta-del-leyma-coruna-al-monbus-obradoiro\/"]}]},{"@type":"BreadcrumbList","@id":"https:\/\/gijonbasket.com\/2025\/07\/23\/yunio-barrueta-del-leyma-coruna-al-monbus-obradoiro\/#breadcrumb","itemListElement":[{"@type":"ListItem","position":1,"name":"Portada","item":"https:\/\/gijonbasket.com\/"},{"@type":"ListItem","position":2,"name":"Yunio Barrueta del Leyma Coru\u00f1a al Monbus Obradoiro"}]},{"@type":"WebSite","@id":"https:\/\/gijonbasket.com\/#website","url":"https:\/\/gijonbasket.com\/","name":"gijonbasket","description":"","publisher":{"@id":"https:\/\/gijonbasket.com\/#organization"},"potentialAction":[{"@type":"SearchAction","target":{"@type":"EntryPoint","urlTemplate":"https:\/\/gijonbasket.com\/?s={search_term_string}"},"query-input":{"@type":"PropertyValueSpecification","valueRequired":true,"valueName":"search_term_string"}}],"inLanguage":"en-US"},{"@type":"Organization","@id":"https:\/\/gijonbasket.com\/#organization","name":"gijonbasket","url":"https:\/\/gijonbasket.com\/","logo":{"@type":"ImageObject","inLanguage":"en-US","@id":"https:\/\/gijonbasket.com\/#\/schema\/logo\/image\/","url":"https:\/\/gijonbasket.com\/wp-content\/uploads\/2023\/03\/LogoGijonBasket2.jpg","contentUrl":"https:\/\/gijonbasket.com\/wp-content\/uploads\/2023\/03\/LogoGijonBasket2.jpg","width":2000,"height":550,"caption":"gijonbasket"},"image":{"@id":"https:\/\/gijonbasket.com\/#\/schema\/logo\/image\/"}},{"@type":"Person","@id":"https:\/\/gijonbasket.com\/#\/schema\/person\/91af9ff03e8eab582ccc344b715907c0","name":"Cesar Morales","image":{"@type":"ImageObject","inLanguage":"en-US","@id":"https:\/\/gijonbasket.com\/#\/schema\/person\/image\/","url":"https:\/\/secure.gravatar.com\/avatar\/ab9ddf1e87f7580cae3deefb05a58c5cf4f0c7f96f033fd7dacc23f0e8d149ca?s=96&d=mm&r=g","contentUrl":"https:\/\/secure.gravatar.com\/avatar\/ab9ddf1e87f7580cae3deefb05a58c5cf4f0c7f96f033fd7dacc23f0e8d149ca?s=96&d=mm&r=g","caption":"Cesar Morales"},"url":"https:\/\/gijonbasket.com\/en\/author\/cesar\/"}]}},"_links":{"self":[{"href":"https:\/\/gijonbasket.com\/en\/wp-json\/wp\/v2\/posts\/7677","targetHints":{"allow":["GET"]}}],"collection":[{"href":"https:\/\/gijonbasket.com\/en\/wp-json\/wp\/v2\/posts"}],"about":[{"href":"https:\/\/gijonbasket.com\/en\/wp-json\/wp\/v2\/types\/post"}],"author":[{"embeddable":true,"href":"https:\/\/gijonbasket.com\/en\/wp-json\/wp\/v2\/users\/2"}],"replies":[{"embeddable":true,"href":"https:\/\/gijonbasket.com\/en\/wp-json\/wp\/v2\/comments?post=7677"}],"version-history":[{"count":1,"href":"https:\/\/gijonbasket.com\/en\/wp-json\/wp\/v2\/posts\/7677\/revisions"}],"predecessor-version":[{"id":7678,"href":"https:\/\/gijonbasket.com\/en\/wp-json\/wp\/v2\/posts\/7677\/revisions\/7678"}],"wp:attachment":[{"href":"https:\/\/gijonbasket.com\/en\/wp-json\/wp\/v2\/media?parent=7677"}],"wp:term":[{"taxonomy":"category","embeddable":true,"href":"https:\/\/gijonbasket.com\/en\/wp-json\/wp\/v2\/categories?post=7677"},{"taxonomy":"post_tag","embeddable":true,"href":"https:\/\/gijonbasket.com\/en\/wp-json\/wp\/v2\/tags?post=7677"}],"curies":[{"name":"wp","href":"https:\/\/api.w.org\/{rel}","templated":true}]}}