{"id":7729,"date":"2025-07-27T10:00:10","date_gmt":"2025-07-27T08:00:10","guid":{"rendered":"https:\/\/gijonbasket.com\/?p=7729"},"modified":"2025-07-27T10:00:10","modified_gmt":"2025-07-27T08:00:10","slug":"evan-fournier-tres-temporadas-mas-con-olympiacos","status":"publish","type":"post","link":"https:\/\/gijonbasket.com\/en\/2025\/07\/27\/evan-fournier-tres-temporadas-mas-con-olympiacos\/","title":{"rendered":"Evan Fournier tres temporadas m\u00e1s con Olympiacos"},"content":{"rendered":"<p>El Olympiacos anunci\u00f3 la renovaci\u00f3n de contrato a Evan Fournier para las pr\u00f3ximas tres temporadas.<\/p>\n\n\n\n<p>Escolta franc\u00e9s de 31 a\u00f1os y 1.98 m., que la pasada temporada cumpli\u00f3 su primera temporada en las filas del conjunto de El Pireo.<\/p>\n\n\n\n<p>Evan Founier es una de las estrellas de Olympiaco. <\/p>\n\n\n\n<p>La pasada temporada firm\u00f3 unas estad\u00edsticas de 7.7 ppp; 1.6 rpp (GBL) y 16.1 ppp; 2.2 rpp (Euroliga).<\/p>\n\n\n\n<p>Seleccionado en NBA Draft 2012 por Denver Nuggets con n\u00ba 20.<\/p>\n\n\n\n<p>12 temporadas NBA militando en Denver Nuggets, Orlando Magic, Boston Celtics, New York Knicks y Detroit Pistons.<\/p>\n\n\n\n<p>En Francia, previo a su salto NBA, milit\u00f3 en Nanterre 92 (2009\/2010) y Union Poitiers Basket 86 (2010\/2011; 2011\/2012).<\/p>\n\n\n\n<p>Internacional por Francia.<\/p>\n\n\n\n<p>Medalla de Plata en los Juegos Ol\u00edmpicos Tokio 2020 y Par\u00eds 2024. Medalla de Bronce en la Copa del Mundo 2014 y 2019. Subcampe\u00f3n Eurobasket 2022 y Medalla de Bronce EuroBasket 2015.<\/p>","protected":false},"excerpt":{"rendered":"<p>El Olympiacos anunci\u00f3 la renovaci\u00f3n de contrato a Evan Fournier para las pr\u00f3ximas tres temporadas. Escolta franc\u00e9s de 31 a\u00f1os y 1.98 m., que la pasada temporada cumpli\u00f3 su primera temporada en las filas del conjunto de El Pireo. Evan Founier es una de las estrellas de Olympiaco. La pasada temporada firm\u00f3 unas estad\u00edsticas de&hellip;&nbsp;<a href=\"https:\/\/gijonbasket.com\/en\/2025\/07\/27\/evan-fournier-tres-temporadas-mas-con-olympiacos\/\" class=\"\" rel=\"bookmark\">Read More &raquo;<span class=\"screen-reader-text\">Evan Fournier tres temporadas m\u00e1s con Olympiacos<\/span><\/a><\/p>","protected":false},"author":2,"featured_media":0,"comment_status":"open","ping_status":"open","sticky":false,"template":"","format":"standard","meta":{"neve_meta_sidebar":"","neve_meta_container":"","neve_meta_enable_content_width":"","neve_meta_content_width":0,"neve_meta_title_alignment":"","neve_meta_author_avatar":"","neve_post_elements_order":"","neve_meta_disable_header":"","neve_meta_disable_footer":"","neve_meta_disable_title":"","footnotes":""},"categories":[4],"tags":[],"class_list":["post-7729","post","type-post","status-publish","format-standard","hentry","category-noticias"],"yoast_head":"<!-- This site is optimized with the Yoast SEO plugin v23.4 - https:\/\/yoast.com\/wordpress\/plugins\/seo\/ -->\n<title>Evan Fournier tres temporadas m\u00e1s con Olympiacos - gijonbasket<\/title>\n<meta name=\"robots\" content=\"index, follow, max-snippet:-1, max-image-preview:large, max-video-preview:-1\" \/>\n<link rel=\"canonical\" href=\"https:\/\/gijonbasket.com\/en\/2025\/07\/27\/evan-fournier-tres-temporadas-mas-con-olympiacos\/\" \/>\n<meta property=\"og:locale\" content=\"en_US\" \/>\n<meta property=\"og:type\" content=\"article\" \/>\n<meta property=\"og:title\" content=\"Evan Fournier tres temporadas m\u00e1s con Olympiacos - gijonbasket\" \/>\n<meta property=\"og:description\" content=\"El Olympiacos anunci\u00f3 la renovaci\u00f3n de contrato a Evan Fournier para las pr\u00f3ximas tres temporadas. Escolta franc\u00e9s de 31 a\u00f1os y 1.98 m., que la pasada temporada cumpli\u00f3 su primera temporada en las filas del conjunto de El Pireo. Evan Founier es una de las estrellas de Olympiaco. La pasada temporada firm\u00f3 unas estad\u00edsticas de&hellip;&nbsp;Read More &raquo;Evan Fournier tres temporadas m\u00e1s con Olympiacos\" \/>\n<meta property=\"og:url\" content=\"https:\/\/gijonbasket.com\/en\/2025\/07\/27\/evan-fournier-tres-temporadas-mas-con-olympiacos\/\" \/>\n<meta property=\"og:site_name\" content=\"gijonbasket\" \/>\n<meta property=\"article:published_time\" content=\"2025-07-27T08:00:10+00:00\" \/>\n<meta name=\"author\" content=\"Cesar Morales\" \/>\n<meta name=\"twitter:card\" content=\"summary_large_image\" \/>\n<meta name=\"twitter:label1\" content=\"Written by\" \/>\n\t<meta name=\"twitter:data1\" content=\"Cesar Morales\" \/>\n\t<meta name=\"twitter:label2\" content=\"Est. reading time\" \/>\n\t<meta name=\"twitter:data2\" content=\"1 minute\" \/>\n<script type=\"application\/ld+json\" class=\"yoast-schema-graph\">{\"@context\":\"https:\/\/schema.org\",\"@graph\":[{\"@type\":\"Article\",\"@id\":\"https:\/\/gijonbasket.com\/2025\/07\/27\/evan-fournier-tres-temporadas-mas-con-olympiacos\/#article\",\"isPartOf\":{\"@id\":\"https:\/\/gijonbasket.com\/2025\/07\/27\/evan-fournier-tres-temporadas-mas-con-olympiacos\/\"},\"author\":{\"name\":\"Cesar Morales\",\"@id\":\"https:\/\/gijonbasket.com\/#\/schema\/person\/91af9ff03e8eab582ccc344b715907c0\"},\"headline\":\"Evan Fournier tres temporadas m\u00e1s con Olympiacos\",\"datePublished\":\"2025-07-27T08:00:10+00:00\",\"dateModified\":\"2025-07-27T08:00:10+00:00\",\"mainEntityOfPage\":{\"@id\":\"https:\/\/gijonbasket.com\/2025\/07\/27\/evan-fournier-tres-temporadas-mas-con-olympiacos\/\"},\"wordCount\":144,\"commentCount\":0,\"publisher\":{\"@id\":\"https:\/\/gijonbasket.com\/#organization\"},\"articleSection\":[\"noticias\"],\"inLanguage\":\"en-US\",\"potentialAction\":[{\"@type\":\"CommentAction\",\"name\":\"Comment\",\"target\":[\"https:\/\/gijonbasket.com\/2025\/07\/27\/evan-fournier-tres-temporadas-mas-con-olympiacos\/#respond\"]}]},{\"@type\":\"WebPage\",\"@id\":\"https:\/\/gijonbasket.com\/2025\/07\/27\/evan-fournier-tres-temporadas-mas-con-olympiacos\/\",\"url\":\"https:\/\/gijonbasket.com\/2025\/07\/27\/evan-fournier-tres-temporadas-mas-con-olympiacos\/\",\"name\":\"Evan Fournier tres temporadas m\u00e1s con Olympiacos - gijonbasket\",\"isPartOf\":{\"@id\":\"https:\/\/gijonbasket.com\/#website\"},\"datePublished\":\"2025-07-27T08:00:10+00:00\",\"dateModified\":\"2025-07-27T08:00:10+00:00\",\"breadcrumb\":{\"@id\":\"https:\/\/gijonbasket.com\/2025\/07\/27\/evan-fournier-tres-temporadas-mas-con-olympiacos\/#breadcrumb\"},\"inLanguage\":\"en-US\",\"potentialAction\":[{\"@type\":\"ReadAction\",\"target\":[\"https:\/\/gijonbasket.com\/2025\/07\/27\/evan-fournier-tres-temporadas-mas-con-olympiacos\/\"]}]},{\"@type\":\"BreadcrumbList\",\"@id\":\"https:\/\/gijonbasket.com\/2025\/07\/27\/evan-fournier-tres-temporadas-mas-con-olympiacos\/#breadcrumb\",\"itemListElement\":[{\"@type\":\"ListItem\",\"position\":1,\"name\":\"Portada\",\"item\":\"https:\/\/gijonbasket.com\/\"},{\"@type\":\"ListItem\",\"position\":2,\"name\":\"Evan Fournier tres temporadas m\u00e1s con Olympiacos\"}]},{\"@type\":\"WebSite\",\"@id\":\"https:\/\/gijonbasket.com\/#website\",\"url\":\"https:\/\/gijonbasket.com\/\",\"name\":\"gijonbasket\",\"description\":\"\",\"publisher\":{\"@id\":\"https:\/\/gijonbasket.com\/#organization\"},\"potentialAction\":[{\"@type\":\"SearchAction\",\"target\":{\"@type\":\"EntryPoint\",\"urlTemplate\":\"https:\/\/gijonbasket.com\/?s={search_term_string}\"},\"query-input\":{\"@type\":\"PropertyValueSpecification\",\"valueRequired\":true,\"valueName\":\"search_term_string\"}}],\"inLanguage\":\"en-US\"},{\"@type\":\"Organization\",\"@id\":\"https:\/\/gijonbasket.com\/#organization\",\"name\":\"gijonbasket\",\"url\":\"https:\/\/gijonbasket.com\/\",\"logo\":{\"@type\":\"ImageObject\",\"inLanguage\":\"en-US\",\"@id\":\"https:\/\/gijonbasket.com\/#\/schema\/logo\/image\/\",\"url\":\"https:\/\/gijonbasket.com\/wp-content\/uploads\/2023\/03\/LogoGijonBasket2.jpg\",\"contentUrl\":\"https:\/\/gijonbasket.com\/wp-content\/uploads\/2023\/03\/LogoGijonBasket2.jpg\",\"width\":2000,\"height\":550,\"caption\":\"gijonbasket\"},\"image\":{\"@id\":\"https:\/\/gijonbasket.com\/#\/schema\/logo\/image\/\"}},{\"@type\":\"Person\",\"@id\":\"https:\/\/gijonbasket.com\/#\/schema\/person\/91af9ff03e8eab582ccc344b715907c0\",\"name\":\"Cesar Morales\",\"image\":{\"@type\":\"ImageObject\",\"inLanguage\":\"en-US\",\"@id\":\"https:\/\/gijonbasket.com\/#\/schema\/person\/image\/\",\"url\":\"https:\/\/secure.gravatar.com\/avatar\/ab9ddf1e87f7580cae3deefb05a58c5cf4f0c7f96f033fd7dacc23f0e8d149ca?s=96&d=mm&r=g\",\"contentUrl\":\"https:\/\/secure.gravatar.com\/avatar\/ab9ddf1e87f7580cae3deefb05a58c5cf4f0c7f96f033fd7dacc23f0e8d149ca?s=96&d=mm&r=g\",\"caption\":\"Cesar Morales\"},\"url\":\"https:\/\/gijonbasket.com\/en\/author\/cesar\/\"}]}<\/script>\n<!-- \/ Yoast SEO plugin. -->","yoast_head_json":{"title":"Evan Fournier tres temporadas m\u00e1s con Olympiacos - gijonbasket","robots":{"index":"index","follow":"follow","max-snippet":"max-snippet:-1","max-image-preview":"max-image-preview:large","max-video-preview":"max-video-preview:-1"},"canonical":"https:\/\/gijonbasket.com\/en\/2025\/07\/27\/evan-fournier-tres-temporadas-mas-con-olympiacos\/","og_locale":"en_US","og_type":"article","og_title":"Evan Fournier tres temporadas m\u00e1s con Olympiacos - gijonbasket","og_description":"El Olympiacos anunci\u00f3 la renovaci\u00f3n de contrato a Evan Fournier para las pr\u00f3ximas tres temporadas. Escolta franc\u00e9s de 31 a\u00f1os y 1.98 m., que la pasada temporada cumpli\u00f3 su primera temporada en las filas del conjunto de El Pireo. Evan Founier es una de las estrellas de Olympiaco. La pasada temporada firm\u00f3 unas estad\u00edsticas de&hellip;&nbsp;Read More &raquo;Evan Fournier tres temporadas m\u00e1s con Olympiacos","og_url":"https:\/\/gijonbasket.com\/en\/2025\/07\/27\/evan-fournier-tres-temporadas-mas-con-olympiacos\/","og_site_name":"gijonbasket","article_published_time":"2025-07-27T08:00:10+00:00","author":"Cesar Morales","twitter_card":"summary_large_image","twitter_misc":{"Written by":"Cesar Morales","Est. reading time":"1 minute"},"schema":{"@context":"https:\/\/schema.org","@graph":[{"@type":"Article","@id":"https:\/\/gijonbasket.com\/2025\/07\/27\/evan-fournier-tres-temporadas-mas-con-olympiacos\/#article","isPartOf":{"@id":"https:\/\/gijonbasket.com\/2025\/07\/27\/evan-fournier-tres-temporadas-mas-con-olympiacos\/"},"author":{"name":"Cesar Morales","@id":"https:\/\/gijonbasket.com\/#\/schema\/person\/91af9ff03e8eab582ccc344b715907c0"},"headline":"Evan Fournier tres temporadas m\u00e1s con Olympiacos","datePublished":"2025-07-27T08:00:10+00:00","dateModified":"2025-07-27T08:00:10+00:00","mainEntityOfPage":{"@id":"https:\/\/gijonbasket.com\/2025\/07\/27\/evan-fournier-tres-temporadas-mas-con-olympiacos\/"},"wordCount":144,"commentCount":0,"publisher":{"@id":"https:\/\/gijonbasket.com\/#organization"},"articleSection":["noticias"],"inLanguage":"en-US","potentialAction":[{"@type":"CommentAction","name":"Comment","target":["https:\/\/gijonbasket.com\/2025\/07\/27\/evan-fournier-tres-temporadas-mas-con-olympiacos\/#respond"]}]},{"@type":"WebPage","@id":"https:\/\/gijonbasket.com\/2025\/07\/27\/evan-fournier-tres-temporadas-mas-con-olympiacos\/","url":"https:\/\/gijonbasket.com\/2025\/07\/27\/evan-fournier-tres-temporadas-mas-con-olympiacos\/","name":"Evan Fournier tres temporadas m\u00e1s con Olympiacos - gijonbasket","isPartOf":{"@id":"https:\/\/gijonbasket.com\/#website"},"datePublished":"2025-07-27T08:00:10+00:00","dateModified":"2025-07-27T08:00:10+00:00","breadcrumb":{"@id":"https:\/\/gijonbasket.com\/2025\/07\/27\/evan-fournier-tres-temporadas-mas-con-olympiacos\/#breadcrumb"},"inLanguage":"en-US","potentialAction":[{"@type":"ReadAction","target":["https:\/\/gijonbasket.com\/2025\/07\/27\/evan-fournier-tres-temporadas-mas-con-olympiacos\/"]}]},{"@type":"BreadcrumbList","@id":"https:\/\/gijonbasket.com\/2025\/07\/27\/evan-fournier-tres-temporadas-mas-con-olympiacos\/#breadcrumb","itemListElement":[{"@type":"ListItem","position":1,"name":"Portada","item":"https:\/\/gijonbasket.com\/"},{"@type":"ListItem","position":2,"name":"Evan Fournier tres temporadas m\u00e1s con Olympiacos"}]},{"@type":"WebSite","@id":"https:\/\/gijonbasket.com\/#website","url":"https:\/\/gijonbasket.com\/","name":"gijonbasket","description":"","publisher":{"@id":"https:\/\/gijonbasket.com\/#organization"},"potentialAction":[{"@type":"SearchAction","target":{"@type":"EntryPoint","urlTemplate":"https:\/\/gijonbasket.com\/?s={search_term_string}"},"query-input":{"@type":"PropertyValueSpecification","valueRequired":true,"valueName":"search_term_string"}}],"inLanguage":"en-US"},{"@type":"Organization","@id":"https:\/\/gijonbasket.com\/#organization","name":"gijonbasket","url":"https:\/\/gijonbasket.com\/","logo":{"@type":"ImageObject","inLanguage":"en-US","@id":"https:\/\/gijonbasket.com\/#\/schema\/logo\/image\/","url":"https:\/\/gijonbasket.com\/wp-content\/uploads\/2023\/03\/LogoGijonBasket2.jpg","contentUrl":"https:\/\/gijonbasket.com\/wp-content\/uploads\/2023\/03\/LogoGijonBasket2.jpg","width":2000,"height":550,"caption":"gijonbasket"},"image":{"@id":"https:\/\/gijonbasket.com\/#\/schema\/logo\/image\/"}},{"@type":"Person","@id":"https:\/\/gijonbasket.com\/#\/schema\/person\/91af9ff03e8eab582ccc344b715907c0","name":"Cesar Morales","image":{"@type":"ImageObject","inLanguage":"en-US","@id":"https:\/\/gijonbasket.com\/#\/schema\/person\/image\/","url":"https:\/\/secure.gravatar.com\/avatar\/ab9ddf1e87f7580cae3deefb05a58c5cf4f0c7f96f033fd7dacc23f0e8d149ca?s=96&d=mm&r=g","contentUrl":"https:\/\/secure.gravatar.com\/avatar\/ab9ddf1e87f7580cae3deefb05a58c5cf4f0c7f96f033fd7dacc23f0e8d149ca?s=96&d=mm&r=g","caption":"Cesar Morales"},"url":"https:\/\/gijonbasket.com\/en\/author\/cesar\/"}]}},"_links":{"self":[{"href":"https:\/\/gijonbasket.com\/en\/wp-json\/wp\/v2\/posts\/7729","targetHints":{"allow":["GET"]}}],"collection":[{"href":"https:\/\/gijonbasket.com\/en\/wp-json\/wp\/v2\/posts"}],"about":[{"href":"https:\/\/gijonbasket.com\/en\/wp-json\/wp\/v2\/types\/post"}],"author":[{"embeddable":true,"href":"https:\/\/gijonbasket.com\/en\/wp-json\/wp\/v2\/users\/2"}],"replies":[{"embeddable":true,"href":"https:\/\/gijonbasket.com\/en\/wp-json\/wp\/v2\/comments?post=7729"}],"version-history":[{"count":1,"href":"https:\/\/gijonbasket.com\/en\/wp-json\/wp\/v2\/posts\/7729\/revisions"}],"predecessor-version":[{"id":7730,"href":"https:\/\/gijonbasket.com\/en\/wp-json\/wp\/v2\/posts\/7729\/revisions\/7730"}],"wp:attachment":[{"href":"https:\/\/gijonbasket.com\/en\/wp-json\/wp\/v2\/media?parent=7729"}],"wp:term":[{"taxonomy":"category","embeddable":true,"href":"https:\/\/gijonbasket.com\/en\/wp-json\/wp\/v2\/categories?post=7729"},{"taxonomy":"post_tag","embeddable":true,"href":"https:\/\/gijonbasket.com\/en\/wp-json\/wp\/v2\/tags?post=7729"}],"curies":[{"name":"wp","href":"https:\/\/api.w.org\/{rel}","templated":true}]}}