{"id":7733,"date":"2025-07-27T10:20:09","date_gmt":"2025-07-27T08:20:09","guid":{"rendered":"https:\/\/gijonbasket.com\/?p=7733"},"modified":"2025-07-27T10:20:58","modified_gmt":"2025-07-27T08:20:58","slug":"john-shurna-del-dreamland-gran-canaria-al-hiopos-lleida","status":"publish","type":"post","link":"https:\/\/gijonbasket.com\/en\/2025\/07\/27\/john-shurna-del-dreamland-gran-canaria-al-hiopos-lleida\/","title":{"rendered":"John Shurna del Dreamland Gran Canaria al Hiopos Lleida"},"content":{"rendered":"<p>El Hiopos Lleida cerr\u00f3 la incorporaci\u00f3n de John Shurna para las pr\u00f3ximas dos temporadas.<\/p>\n\n\n\n<p>Ala-p\u00edvot estadounidense con nacionalidad lituana de 35 a\u00f1os y 2.04 m. que milit\u00f3 las seis \u00faltimas temporadas en las filas del Dreamland Gran Canaria.<\/p>\n\n\n\n<p>10 temporadas en Liga Endesa habiendo militado en FIATC Joventut  (2013\/2014), Valencia Basket (2015\/2016), MoraBanc Andorra (2017\/2018; 2018\/2019) y Dreamland Gran Canaria (2019\/2020; 2020\/2021; 2021\/2022; 2022\/2023; 2023\/2024; 2024\/2025).<\/p>\n\n\n\n<p>Formado en Northwestern University (2008\/2009; 2009\/2010; 2010\/2011; 2011\/2012) donde cumpli\u00f3 su ciclo universitario.<\/p>\n\n\n\n<p>Su primera experiencia profesional fue en Francia con SIG Strasbourg (2012\/2013).<\/p>\n\n\n\n<p>John Shurna aterriz\u00f3 por primera vez en Espa\u00f1a en la temporada 2013\/2014 para reclar en el FIATC Joventut. Tras su paso por la Penya recal\u00f3 en el Darussafaka Dogus (2014\/20215).<\/p>\n\n\n\n<p>Tras su paso por Turqu\u00eda con el Darussafaka Dogus, vuelta a Espa\u00f1a para recalar en el Valencia Basket (2015\/2016).<\/p>\n\n\n\n<p>Nuevo par\u00e9ntesis en su etapa en Espa\u00f1a para militar en el KK Cedevita (2016\/2017).<\/p>\n\n\n\n<p>Desde la temporada 2017\/2018, con su llegada al MoraBanc Andorra, hasta la pasada campa\u00f1a con el Dreamland Gran Canaria, John Surna suma 8 temporadas consecutivas en Espa\u00f1a.<\/p>\n\n\n\n<p>El Hiopos Lleida ser\u00e1 el quinto equipo en Espa\u00f1a en la trayectoria profesional de John Shurna.<\/p>","protected":false},"excerpt":{"rendered":"<p>El Hiopos Lleida cerr\u00f3 la incorporaci\u00f3n de John Shurna para las pr\u00f3ximas dos temporadas. Ala-p\u00edvot estadounidense con nacionalidad lituana de 35 a\u00f1os y 2.04 m. que milit\u00f3 las seis \u00faltimas temporadas en las filas del Dreamland Gran Canaria. 10 temporadas en Liga Endesa habiendo militado en FIATC Joventut (2013\/2014), Valencia Basket (2015\/2016), MoraBanc Andorra (2017\/2018;&hellip;&nbsp;<a href=\"https:\/\/gijonbasket.com\/en\/2025\/07\/27\/john-shurna-del-dreamland-gran-canaria-al-hiopos-lleida\/\" class=\"\" rel=\"bookmark\">Read More &raquo;<span class=\"screen-reader-text\">John Shurna del Dreamland Gran Canaria al Hiopos Lleida<\/span><\/a><\/p>","protected":false},"author":2,"featured_media":0,"comment_status":"open","ping_status":"open","sticky":false,"template":"","format":"standard","meta":{"neve_meta_sidebar":"","neve_meta_container":"","neve_meta_enable_content_width":"","neve_meta_content_width":0,"neve_meta_title_alignment":"","neve_meta_author_avatar":"","neve_post_elements_order":"","neve_meta_disable_header":"","neve_meta_disable_footer":"","neve_meta_disable_title":"","footnotes":""},"categories":[4],"tags":[],"class_list":["post-7733","post","type-post","status-publish","format-standard","hentry","category-noticias"],"yoast_head":"<!-- This site is optimized with the Yoast SEO plugin v23.4 - https:\/\/yoast.com\/wordpress\/plugins\/seo\/ -->\n<title>John Shurna del Dreamland Gran Canaria al Hiopos Lleida - gijonbasket<\/title>\n<meta name=\"robots\" content=\"index, follow, max-snippet:-1, max-image-preview:large, max-video-preview:-1\" \/>\n<link rel=\"canonical\" href=\"https:\/\/gijonbasket.com\/en\/2025\/07\/27\/john-shurna-del-dreamland-gran-canaria-al-hiopos-lleida\/\" \/>\n<meta property=\"og:locale\" content=\"en_US\" \/>\n<meta property=\"og:type\" content=\"article\" \/>\n<meta property=\"og:title\" content=\"John Shurna del Dreamland Gran Canaria al Hiopos Lleida - gijonbasket\" \/>\n<meta property=\"og:description\" content=\"El Hiopos Lleida cerr\u00f3 la incorporaci\u00f3n de John Shurna para las pr\u00f3ximas dos temporadas. Ala-p\u00edvot estadounidense con nacionalidad lituana de 35 a\u00f1os y 2.04 m. que milit\u00f3 las seis \u00faltimas temporadas en las filas del Dreamland Gran Canaria. 10 temporadas en Liga Endesa habiendo militado en FIATC Joventut (2013\/2014), Valencia Basket (2015\/2016), MoraBanc Andorra (2017\/2018;&hellip;&nbsp;Read More &raquo;John Shurna del Dreamland Gran Canaria al Hiopos Lleida\" \/>\n<meta property=\"og:url\" content=\"https:\/\/gijonbasket.com\/en\/2025\/07\/27\/john-shurna-del-dreamland-gran-canaria-al-hiopos-lleida\/\" \/>\n<meta property=\"og:site_name\" content=\"gijonbasket\" \/>\n<meta property=\"article:published_time\" content=\"2025-07-27T08:20:09+00:00\" \/>\n<meta property=\"article:modified_time\" content=\"2025-07-27T08:20:58+00:00\" \/>\n<meta name=\"author\" content=\"Cesar Morales\" \/>\n<meta name=\"twitter:card\" content=\"summary_large_image\" \/>\n<meta name=\"twitter:label1\" content=\"Written by\" \/>\n\t<meta name=\"twitter:data1\" content=\"Cesar Morales\" \/>\n\t<meta name=\"twitter:label2\" content=\"Est. reading time\" \/>\n\t<meta name=\"twitter:data2\" content=\"1 minute\" \/>\n<script type=\"application\/ld+json\" class=\"yoast-schema-graph\">{\"@context\":\"https:\/\/schema.org\",\"@graph\":[{\"@type\":\"Article\",\"@id\":\"https:\/\/gijonbasket.com\/2025\/07\/27\/john-shurna-del-dreamland-gran-canaria-al-hiopos-lleida\/#article\",\"isPartOf\":{\"@id\":\"https:\/\/gijonbasket.com\/2025\/07\/27\/john-shurna-del-dreamland-gran-canaria-al-hiopos-lleida\/\"},\"author\":{\"name\":\"Cesar Morales\",\"@id\":\"https:\/\/gijonbasket.com\/#\/schema\/person\/91af9ff03e8eab582ccc344b715907c0\"},\"headline\":\"John Shurna del Dreamland Gran Canaria al Hiopos Lleida\",\"datePublished\":\"2025-07-27T08:20:09+00:00\",\"dateModified\":\"2025-07-27T08:20:58+00:00\",\"mainEntityOfPage\":{\"@id\":\"https:\/\/gijonbasket.com\/2025\/07\/27\/john-shurna-del-dreamland-gran-canaria-al-hiopos-lleida\/\"},\"wordCount\":193,\"commentCount\":0,\"publisher\":{\"@id\":\"https:\/\/gijonbasket.com\/#organization\"},\"articleSection\":[\"noticias\"],\"inLanguage\":\"en-US\",\"potentialAction\":[{\"@type\":\"CommentAction\",\"name\":\"Comment\",\"target\":[\"https:\/\/gijonbasket.com\/2025\/07\/27\/john-shurna-del-dreamland-gran-canaria-al-hiopos-lleida\/#respond\"]}]},{\"@type\":\"WebPage\",\"@id\":\"https:\/\/gijonbasket.com\/2025\/07\/27\/john-shurna-del-dreamland-gran-canaria-al-hiopos-lleida\/\",\"url\":\"https:\/\/gijonbasket.com\/2025\/07\/27\/john-shurna-del-dreamland-gran-canaria-al-hiopos-lleida\/\",\"name\":\"John Shurna del Dreamland Gran Canaria al Hiopos Lleida - gijonbasket\",\"isPartOf\":{\"@id\":\"https:\/\/gijonbasket.com\/#website\"},\"datePublished\":\"2025-07-27T08:20:09+00:00\",\"dateModified\":\"2025-07-27T08:20:58+00:00\",\"breadcrumb\":{\"@id\":\"https:\/\/gijonbasket.com\/2025\/07\/27\/john-shurna-del-dreamland-gran-canaria-al-hiopos-lleida\/#breadcrumb\"},\"inLanguage\":\"en-US\",\"potentialAction\":[{\"@type\":\"ReadAction\",\"target\":[\"https:\/\/gijonbasket.com\/2025\/07\/27\/john-shurna-del-dreamland-gran-canaria-al-hiopos-lleida\/\"]}]},{\"@type\":\"BreadcrumbList\",\"@id\":\"https:\/\/gijonbasket.com\/2025\/07\/27\/john-shurna-del-dreamland-gran-canaria-al-hiopos-lleida\/#breadcrumb\",\"itemListElement\":[{\"@type\":\"ListItem\",\"position\":1,\"name\":\"Portada\",\"item\":\"https:\/\/gijonbasket.com\/\"},{\"@type\":\"ListItem\",\"position\":2,\"name\":\"John Shurna del Dreamland Gran Canaria al Hiopos Lleida\"}]},{\"@type\":\"WebSite\",\"@id\":\"https:\/\/gijonbasket.com\/#website\",\"url\":\"https:\/\/gijonbasket.com\/\",\"name\":\"gijonbasket\",\"description\":\"\",\"publisher\":{\"@id\":\"https:\/\/gijonbasket.com\/#organization\"},\"potentialAction\":[{\"@type\":\"SearchAction\",\"target\":{\"@type\":\"EntryPoint\",\"urlTemplate\":\"https:\/\/gijonbasket.com\/?s={search_term_string}\"},\"query-input\":{\"@type\":\"PropertyValueSpecification\",\"valueRequired\":true,\"valueName\":\"search_term_string\"}}],\"inLanguage\":\"en-US\"},{\"@type\":\"Organization\",\"@id\":\"https:\/\/gijonbasket.com\/#organization\",\"name\":\"gijonbasket\",\"url\":\"https:\/\/gijonbasket.com\/\",\"logo\":{\"@type\":\"ImageObject\",\"inLanguage\":\"en-US\",\"@id\":\"https:\/\/gijonbasket.com\/#\/schema\/logo\/image\/\",\"url\":\"https:\/\/gijonbasket.com\/wp-content\/uploads\/2023\/03\/LogoGijonBasket2.jpg\",\"contentUrl\":\"https:\/\/gijonbasket.com\/wp-content\/uploads\/2023\/03\/LogoGijonBasket2.jpg\",\"width\":2000,\"height\":550,\"caption\":\"gijonbasket\"},\"image\":{\"@id\":\"https:\/\/gijonbasket.com\/#\/schema\/logo\/image\/\"}},{\"@type\":\"Person\",\"@id\":\"https:\/\/gijonbasket.com\/#\/schema\/person\/91af9ff03e8eab582ccc344b715907c0\",\"name\":\"Cesar Morales\",\"image\":{\"@type\":\"ImageObject\",\"inLanguage\":\"en-US\",\"@id\":\"https:\/\/gijonbasket.com\/#\/schema\/person\/image\/\",\"url\":\"https:\/\/secure.gravatar.com\/avatar\/ab9ddf1e87f7580cae3deefb05a58c5cf4f0c7f96f033fd7dacc23f0e8d149ca?s=96&d=mm&r=g\",\"contentUrl\":\"https:\/\/secure.gravatar.com\/avatar\/ab9ddf1e87f7580cae3deefb05a58c5cf4f0c7f96f033fd7dacc23f0e8d149ca?s=96&d=mm&r=g\",\"caption\":\"Cesar Morales\"},\"url\":\"https:\/\/gijonbasket.com\/en\/author\/cesar\/\"}]}<\/script>\n<!-- \/ Yoast SEO plugin. -->","yoast_head_json":{"title":"John Shurna del Dreamland Gran Canaria al Hiopos Lleida - gijonbasket","robots":{"index":"index","follow":"follow","max-snippet":"max-snippet:-1","max-image-preview":"max-image-preview:large","max-video-preview":"max-video-preview:-1"},"canonical":"https:\/\/gijonbasket.com\/en\/2025\/07\/27\/john-shurna-del-dreamland-gran-canaria-al-hiopos-lleida\/","og_locale":"en_US","og_type":"article","og_title":"John Shurna del Dreamland Gran Canaria al Hiopos Lleida - gijonbasket","og_description":"El Hiopos Lleida cerr\u00f3 la incorporaci\u00f3n de John Shurna para las pr\u00f3ximas dos temporadas. Ala-p\u00edvot estadounidense con nacionalidad lituana de 35 a\u00f1os y 2.04 m. que milit\u00f3 las seis \u00faltimas temporadas en las filas del Dreamland Gran Canaria. 10 temporadas en Liga Endesa habiendo militado en FIATC Joventut (2013\/2014), Valencia Basket (2015\/2016), MoraBanc Andorra (2017\/2018;&hellip;&nbsp;Read More &raquo;John Shurna del Dreamland Gran Canaria al Hiopos Lleida","og_url":"https:\/\/gijonbasket.com\/en\/2025\/07\/27\/john-shurna-del-dreamland-gran-canaria-al-hiopos-lleida\/","og_site_name":"gijonbasket","article_published_time":"2025-07-27T08:20:09+00:00","article_modified_time":"2025-07-27T08:20:58+00:00","author":"Cesar Morales","twitter_card":"summary_large_image","twitter_misc":{"Written by":"Cesar Morales","Est. reading time":"1 minute"},"schema":{"@context":"https:\/\/schema.org","@graph":[{"@type":"Article","@id":"https:\/\/gijonbasket.com\/2025\/07\/27\/john-shurna-del-dreamland-gran-canaria-al-hiopos-lleida\/#article","isPartOf":{"@id":"https:\/\/gijonbasket.com\/2025\/07\/27\/john-shurna-del-dreamland-gran-canaria-al-hiopos-lleida\/"},"author":{"name":"Cesar Morales","@id":"https:\/\/gijonbasket.com\/#\/schema\/person\/91af9ff03e8eab582ccc344b715907c0"},"headline":"John Shurna del Dreamland Gran Canaria al Hiopos Lleida","datePublished":"2025-07-27T08:20:09+00:00","dateModified":"2025-07-27T08:20:58+00:00","mainEntityOfPage":{"@id":"https:\/\/gijonbasket.com\/2025\/07\/27\/john-shurna-del-dreamland-gran-canaria-al-hiopos-lleida\/"},"wordCount":193,"commentCount":0,"publisher":{"@id":"https:\/\/gijonbasket.com\/#organization"},"articleSection":["noticias"],"inLanguage":"en-US","potentialAction":[{"@type":"CommentAction","name":"Comment","target":["https:\/\/gijonbasket.com\/2025\/07\/27\/john-shurna-del-dreamland-gran-canaria-al-hiopos-lleida\/#respond"]}]},{"@type":"WebPage","@id":"https:\/\/gijonbasket.com\/2025\/07\/27\/john-shurna-del-dreamland-gran-canaria-al-hiopos-lleida\/","url":"https:\/\/gijonbasket.com\/2025\/07\/27\/john-shurna-del-dreamland-gran-canaria-al-hiopos-lleida\/","name":"John Shurna del Dreamland Gran Canaria al Hiopos Lleida - gijonbasket","isPartOf":{"@id":"https:\/\/gijonbasket.com\/#website"},"datePublished":"2025-07-27T08:20:09+00:00","dateModified":"2025-07-27T08:20:58+00:00","breadcrumb":{"@id":"https:\/\/gijonbasket.com\/2025\/07\/27\/john-shurna-del-dreamland-gran-canaria-al-hiopos-lleida\/#breadcrumb"},"inLanguage":"en-US","potentialAction":[{"@type":"ReadAction","target":["https:\/\/gijonbasket.com\/2025\/07\/27\/john-shurna-del-dreamland-gran-canaria-al-hiopos-lleida\/"]}]},{"@type":"BreadcrumbList","@id":"https:\/\/gijonbasket.com\/2025\/07\/27\/john-shurna-del-dreamland-gran-canaria-al-hiopos-lleida\/#breadcrumb","itemListElement":[{"@type":"ListItem","position":1,"name":"Portada","item":"https:\/\/gijonbasket.com\/"},{"@type":"ListItem","position":2,"name":"John Shurna del Dreamland Gran Canaria al Hiopos Lleida"}]},{"@type":"WebSite","@id":"https:\/\/gijonbasket.com\/#website","url":"https:\/\/gijonbasket.com\/","name":"gijonbasket","description":"","publisher":{"@id":"https:\/\/gijonbasket.com\/#organization"},"potentialAction":[{"@type":"SearchAction","target":{"@type":"EntryPoint","urlTemplate":"https:\/\/gijonbasket.com\/?s={search_term_string}"},"query-input":{"@type":"PropertyValueSpecification","valueRequired":true,"valueName":"search_term_string"}}],"inLanguage":"en-US"},{"@type":"Organization","@id":"https:\/\/gijonbasket.com\/#organization","name":"gijonbasket","url":"https:\/\/gijonbasket.com\/","logo":{"@type":"ImageObject","inLanguage":"en-US","@id":"https:\/\/gijonbasket.com\/#\/schema\/logo\/image\/","url":"https:\/\/gijonbasket.com\/wp-content\/uploads\/2023\/03\/LogoGijonBasket2.jpg","contentUrl":"https:\/\/gijonbasket.com\/wp-content\/uploads\/2023\/03\/LogoGijonBasket2.jpg","width":2000,"height":550,"caption":"gijonbasket"},"image":{"@id":"https:\/\/gijonbasket.com\/#\/schema\/logo\/image\/"}},{"@type":"Person","@id":"https:\/\/gijonbasket.com\/#\/schema\/person\/91af9ff03e8eab582ccc344b715907c0","name":"Cesar Morales","image":{"@type":"ImageObject","inLanguage":"en-US","@id":"https:\/\/gijonbasket.com\/#\/schema\/person\/image\/","url":"https:\/\/secure.gravatar.com\/avatar\/ab9ddf1e87f7580cae3deefb05a58c5cf4f0c7f96f033fd7dacc23f0e8d149ca?s=96&d=mm&r=g","contentUrl":"https:\/\/secure.gravatar.com\/avatar\/ab9ddf1e87f7580cae3deefb05a58c5cf4f0c7f96f033fd7dacc23f0e8d149ca?s=96&d=mm&r=g","caption":"Cesar Morales"},"url":"https:\/\/gijonbasket.com\/en\/author\/cesar\/"}]}},"_links":{"self":[{"href":"https:\/\/gijonbasket.com\/en\/wp-json\/wp\/v2\/posts\/7733","targetHints":{"allow":["GET"]}}],"collection":[{"href":"https:\/\/gijonbasket.com\/en\/wp-json\/wp\/v2\/posts"}],"about":[{"href":"https:\/\/gijonbasket.com\/en\/wp-json\/wp\/v2\/types\/post"}],"author":[{"embeddable":true,"href":"https:\/\/gijonbasket.com\/en\/wp-json\/wp\/v2\/users\/2"}],"replies":[{"embeddable":true,"href":"https:\/\/gijonbasket.com\/en\/wp-json\/wp\/v2\/comments?post=7733"}],"version-history":[{"count":2,"href":"https:\/\/gijonbasket.com\/en\/wp-json\/wp\/v2\/posts\/7733\/revisions"}],"predecessor-version":[{"id":7736,"href":"https:\/\/gijonbasket.com\/en\/wp-json\/wp\/v2\/posts\/7733\/revisions\/7736"}],"wp:attachment":[{"href":"https:\/\/gijonbasket.com\/en\/wp-json\/wp\/v2\/media?parent=7733"}],"wp:term":[{"taxonomy":"category","embeddable":true,"href":"https:\/\/gijonbasket.com\/en\/wp-json\/wp\/v2\/categories?post=7733"},{"taxonomy":"post_tag","embeddable":true,"href":"https:\/\/gijonbasket.com\/en\/wp-json\/wp\/v2\/tags?post=7733"}],"curies":[{"name":"wp","href":"https:\/\/api.w.org\/{rel}","templated":true}]}}