{"id":7784,"date":"2025-07-31T07:49:04","date_gmt":"2025-07-31T05:49:04","guid":{"rendered":"https:\/\/gijonbasket.com\/?p=7784"},"modified":"2025-07-31T08:07:29","modified_gmt":"2025-07-31T06:07:29","slug":"marc-marti-del-alimerka-oviedo-baloncesto-al-grupo-caesa-seguros-fc-cartagena-cb","status":"publish","type":"post","link":"https:\/\/gijonbasket.com\/en\/2025\/07\/31\/marc-marti-del-alimerka-oviedo-baloncesto-al-grupo-caesa-seguros-fc-cartagena-cb\/","title":{"rendered":"Marc Mart\u00ed del Alimerka Oviedo Baloncesto al Grupo Caesa Seguros FC Cartagena CB"},"content":{"rendered":"<p>El Grupo Caesa Seguros FC Cartagena CB anunci\u00f3 el fichaje de Marc Mart\u00ed para la temporada 2025\/2026.<\/p>\n\n\n\n<p>Ala-p\u00edvot ilerdense de 28 a\u00f1os y 2.03 m., que milit\u00f3 las cinco \u00faltimas temporadas en el Alimerka Oviedo Baloncesto desde su llegada en la temporada 2020\/2021.<\/p>\n\n\n\n<p>Capit\u00e1n del Alimerka Oviedo Baloncesto las dos \u00faltimas temporadas (2023\/2024; 2024\/2025) tomando el relevo de Oliver Arteaga.<\/p>\n\n\n\n<p>La trayectoria de Marc Mart\u00ed sufri\u00f3 el duro golpe de la rotura del ligamento cruzado anterior y el menisco interno de su rodilla derecha. El 17 de octubre de 2021 en la cancha del C.B. Prat, Marc Mart\u00ed sufri\u00f3 la lesi\u00f3n m\u00e1s grave de su trayectoria profesional, para perderse la temporada 2021\/2022 con tan s\u00f3lo tres partidos disputados.<\/p>\n\n\n\n<p>Marc Mart\u00ed se sobrepuso con paciencia y constancia para reintegrarse al equipo en la temporada 2022\/2023.<\/p>\n\n\n\n<p>10 temporadas en Competiciones FEB pasando por Primera FEB (1 temporada), LEB Oro (7 temporadas), LEB Plata (1 temporada) y Liga EBA (1 temporada).<\/p>\n\n\n\n<p>Marc Mart\u00ed debut\u00f3 en Liga Endesa con el CAI Zaragoza en la temporada 2014\/2015 disputando un partido, para regresar al conjunto ma\u00f1o en la temporada 2018\/2019 y disputar un total de 27 partidos.<\/p>\n\n\n\n<p>Esta pasada temporada Marc Mart\u00ed con el Alimerka Oviedo Baloncesto firm\u00f3 unas estad\u00edsticas de 5.9 ppp; 2.1 rpp (Temporada Regular) y 5.7 ppp; 2 rpp (Copa Espa\u00f1a).<\/p>\n\n\n<div class=\"wp-block-image\">\n<figure class=\"aligncenter size-large\"><img fetchpriority=\"high\" decoding=\"async\" width=\"819\" height=\"1024\" src=\"https:\/\/gijonbasket.com\/wp-content\/uploads\/2025\/07\/image-29-819x1024.png\" alt=\"\" class=\"wp-image-7789\" srcset=\"https:\/\/gijonbasket.com\/wp-content\/uploads\/2025\/07\/image-29-819x1024.png 819w, https:\/\/gijonbasket.com\/wp-content\/uploads\/2025\/07\/image-29-240x300.png 240w, https:\/\/gijonbasket.com\/wp-content\/uploads\/2025\/07\/image-29-768x960.png 768w, https:\/\/gijonbasket.com\/wp-content\/uploads\/2025\/07\/image-29-10x12.png 10w, https:\/\/gijonbasket.com\/wp-content\/uploads\/2025\/07\/image-29.png 1080w\" sizes=\"(max-width: 819px) 100vw, 819px\" \/><\/figure>\n<\/div>","protected":false},"excerpt":{"rendered":"<p>El Grupo Caesa Seguros FC Cartagena CB anunci\u00f3 el fichaje de Marc Mart\u00ed para la temporada 2025\/2026. Ala-p\u00edvot ilerdense de 28 a\u00f1os y 2.03 m., que milit\u00f3 las cinco \u00faltimas temporadas en el Alimerka Oviedo Baloncesto desde su llegada en la temporada 2020\/2021. Capit\u00e1n del Alimerka Oviedo Baloncesto las dos \u00faltimas temporadas (2023\/2024; 2024\/2025) tomando&hellip;&nbsp;<a href=\"https:\/\/gijonbasket.com\/en\/2025\/07\/31\/marc-marti-del-alimerka-oviedo-baloncesto-al-grupo-caesa-seguros-fc-cartagena-cb\/\" class=\"\" rel=\"bookmark\">Read More &raquo;<span class=\"screen-reader-text\">Marc Mart\u00ed del Alimerka Oviedo Baloncesto al Grupo Caesa Seguros FC Cartagena CB<\/span><\/a><\/p>","protected":false},"author":2,"featured_media":0,"comment_status":"open","ping_status":"open","sticky":false,"template":"","format":"standard","meta":{"neve_meta_sidebar":"","neve_meta_container":"","neve_meta_enable_content_width":"","neve_meta_content_width":0,"neve_meta_title_alignment":"","neve_meta_author_avatar":"","neve_post_elements_order":"","neve_meta_disable_header":"","neve_meta_disable_footer":"","neve_meta_disable_title":"","footnotes":""},"categories":[4],"tags":[],"class_list":["post-7784","post","type-post","status-publish","format-standard","hentry","category-noticias"],"yoast_head":"<!-- This site is optimized with the Yoast SEO plugin v23.4 - https:\/\/yoast.com\/wordpress\/plugins\/seo\/ -->\n<title>Marc Mart\u00ed del Alimerka Oviedo Baloncesto al Grupo Caesa Seguros FC Cartagena CB - gijonbasket<\/title>\n<meta name=\"robots\" content=\"index, follow, max-snippet:-1, max-image-preview:large, max-video-preview:-1\" \/>\n<link rel=\"canonical\" href=\"https:\/\/gijonbasket.com\/en\/2025\/07\/31\/marc-marti-del-alimerka-oviedo-baloncesto-al-grupo-caesa-seguros-fc-cartagena-cb\/\" \/>\n<meta property=\"og:locale\" content=\"en_US\" \/>\n<meta property=\"og:type\" content=\"article\" \/>\n<meta property=\"og:title\" content=\"Marc Mart\u00ed del Alimerka Oviedo Baloncesto al Grupo Caesa Seguros FC Cartagena CB - gijonbasket\" \/>\n<meta property=\"og:description\" content=\"El Grupo Caesa Seguros FC Cartagena CB anunci\u00f3 el fichaje de Marc Mart\u00ed para la temporada 2025\/2026. Ala-p\u00edvot ilerdense de 28 a\u00f1os y 2.03 m., que milit\u00f3 las cinco \u00faltimas temporadas en el Alimerka Oviedo Baloncesto desde su llegada en la temporada 2020\/2021. Capit\u00e1n del Alimerka Oviedo Baloncesto las dos \u00faltimas temporadas (2023\/2024; 2024\/2025) tomando&hellip;&nbsp;Read More &raquo;Marc Mart\u00ed del Alimerka Oviedo Baloncesto al Grupo Caesa Seguros FC Cartagena CB\" \/>\n<meta property=\"og:url\" content=\"https:\/\/gijonbasket.com\/en\/2025\/07\/31\/marc-marti-del-alimerka-oviedo-baloncesto-al-grupo-caesa-seguros-fc-cartagena-cb\/\" \/>\n<meta property=\"og:site_name\" content=\"gijonbasket\" \/>\n<meta property=\"article:published_time\" content=\"2025-07-31T05:49:04+00:00\" \/>\n<meta property=\"article:modified_time\" content=\"2025-07-31T06:07:29+00:00\" \/>\n<meta property=\"og:image\" content=\"https:\/\/gijonbasket.com\/wp-content\/uploads\/2025\/07\/image-29-819x1024.png\" \/>\n<meta name=\"author\" content=\"Cesar Morales\" \/>\n<meta name=\"twitter:card\" content=\"summary_large_image\" \/>\n<meta name=\"twitter:label1\" content=\"Written by\" \/>\n\t<meta name=\"twitter:data1\" content=\"Cesar Morales\" \/>\n\t<meta name=\"twitter:label2\" content=\"Est. reading time\" \/>\n\t<meta name=\"twitter:data2\" content=\"2 minutes\" \/>\n<script type=\"application\/ld+json\" class=\"yoast-schema-graph\">{\"@context\":\"https:\/\/schema.org\",\"@graph\":[{\"@type\":\"Article\",\"@id\":\"https:\/\/gijonbasket.com\/2025\/07\/31\/marc-marti-del-alimerka-oviedo-baloncesto-al-grupo-caesa-seguros-fc-cartagena-cb\/#article\",\"isPartOf\":{\"@id\":\"https:\/\/gijonbasket.com\/2025\/07\/31\/marc-marti-del-alimerka-oviedo-baloncesto-al-grupo-caesa-seguros-fc-cartagena-cb\/\"},\"author\":{\"name\":\"Cesar Morales\",\"@id\":\"https:\/\/gijonbasket.com\/#\/schema\/person\/91af9ff03e8eab582ccc344b715907c0\"},\"headline\":\"Marc Mart\u00ed del Alimerka Oviedo Baloncesto al Grupo Caesa Seguros FC Cartagena CB\",\"datePublished\":\"2025-07-31T05:49:04+00:00\",\"dateModified\":\"2025-07-31T06:07:29+00:00\",\"mainEntityOfPage\":{\"@id\":\"https:\/\/gijonbasket.com\/2025\/07\/31\/marc-marti-del-alimerka-oviedo-baloncesto-al-grupo-caesa-seguros-fc-cartagena-cb\/\"},\"wordCount\":219,\"commentCount\":0,\"publisher\":{\"@id\":\"https:\/\/gijonbasket.com\/#organization\"},\"image\":{\"@id\":\"https:\/\/gijonbasket.com\/2025\/07\/31\/marc-marti-del-alimerka-oviedo-baloncesto-al-grupo-caesa-seguros-fc-cartagena-cb\/#primaryimage\"},\"thumbnailUrl\":\"https:\/\/gijonbasket.com\/wp-content\/uploads\/2025\/07\/image-29-819x1024.png\",\"articleSection\":[\"noticias\"],\"inLanguage\":\"en-US\",\"potentialAction\":[{\"@type\":\"CommentAction\",\"name\":\"Comment\",\"target\":[\"https:\/\/gijonbasket.com\/2025\/07\/31\/marc-marti-del-alimerka-oviedo-baloncesto-al-grupo-caesa-seguros-fc-cartagena-cb\/#respond\"]}]},{\"@type\":\"WebPage\",\"@id\":\"https:\/\/gijonbasket.com\/2025\/07\/31\/marc-marti-del-alimerka-oviedo-baloncesto-al-grupo-caesa-seguros-fc-cartagena-cb\/\",\"url\":\"https:\/\/gijonbasket.com\/2025\/07\/31\/marc-marti-del-alimerka-oviedo-baloncesto-al-grupo-caesa-seguros-fc-cartagena-cb\/\",\"name\":\"Marc Mart\u00ed del Alimerka Oviedo Baloncesto al Grupo Caesa Seguros FC Cartagena CB - gijonbasket\",\"isPartOf\":{\"@id\":\"https:\/\/gijonbasket.com\/#website\"},\"primaryImageOfPage\":{\"@id\":\"https:\/\/gijonbasket.com\/2025\/07\/31\/marc-marti-del-alimerka-oviedo-baloncesto-al-grupo-caesa-seguros-fc-cartagena-cb\/#primaryimage\"},\"image\":{\"@id\":\"https:\/\/gijonbasket.com\/2025\/07\/31\/marc-marti-del-alimerka-oviedo-baloncesto-al-grupo-caesa-seguros-fc-cartagena-cb\/#primaryimage\"},\"thumbnailUrl\":\"https:\/\/gijonbasket.com\/wp-content\/uploads\/2025\/07\/image-29-819x1024.png\",\"datePublished\":\"2025-07-31T05:49:04+00:00\",\"dateModified\":\"2025-07-31T06:07:29+00:00\",\"breadcrumb\":{\"@id\":\"https:\/\/gijonbasket.com\/2025\/07\/31\/marc-marti-del-alimerka-oviedo-baloncesto-al-grupo-caesa-seguros-fc-cartagena-cb\/#breadcrumb\"},\"inLanguage\":\"en-US\",\"potentialAction\":[{\"@type\":\"ReadAction\",\"target\":[\"https:\/\/gijonbasket.com\/2025\/07\/31\/marc-marti-del-alimerka-oviedo-baloncesto-al-grupo-caesa-seguros-fc-cartagena-cb\/\"]}]},{\"@type\":\"ImageObject\",\"inLanguage\":\"en-US\",\"@id\":\"https:\/\/gijonbasket.com\/2025\/07\/31\/marc-marti-del-alimerka-oviedo-baloncesto-al-grupo-caesa-seguros-fc-cartagena-cb\/#primaryimage\",\"url\":\"https:\/\/gijonbasket.com\/wp-content\/uploads\/2025\/07\/image-29-819x1024.png\",\"contentUrl\":\"https:\/\/gijonbasket.com\/wp-content\/uploads\/2025\/07\/image-29-819x1024.png\"},{\"@type\":\"BreadcrumbList\",\"@id\":\"https:\/\/gijonbasket.com\/2025\/07\/31\/marc-marti-del-alimerka-oviedo-baloncesto-al-grupo-caesa-seguros-fc-cartagena-cb\/#breadcrumb\",\"itemListElement\":[{\"@type\":\"ListItem\",\"position\":1,\"name\":\"Portada\",\"item\":\"https:\/\/gijonbasket.com\/\"},{\"@type\":\"ListItem\",\"position\":2,\"name\":\"Marc Mart\u00ed del Alimerka Oviedo Baloncesto al Grupo Caesa Seguros FC Cartagena CB\"}]},{\"@type\":\"WebSite\",\"@id\":\"https:\/\/gijonbasket.com\/#website\",\"url\":\"https:\/\/gijonbasket.com\/\",\"name\":\"gijonbasket\",\"description\":\"\",\"publisher\":{\"@id\":\"https:\/\/gijonbasket.com\/#organization\"},\"potentialAction\":[{\"@type\":\"SearchAction\",\"target\":{\"@type\":\"EntryPoint\",\"urlTemplate\":\"https:\/\/gijonbasket.com\/?s={search_term_string}\"},\"query-input\":{\"@type\":\"PropertyValueSpecification\",\"valueRequired\":true,\"valueName\":\"search_term_string\"}}],\"inLanguage\":\"en-US\"},{\"@type\":\"Organization\",\"@id\":\"https:\/\/gijonbasket.com\/#organization\",\"name\":\"gijonbasket\",\"url\":\"https:\/\/gijonbasket.com\/\",\"logo\":{\"@type\":\"ImageObject\",\"inLanguage\":\"en-US\",\"@id\":\"https:\/\/gijonbasket.com\/#\/schema\/logo\/image\/\",\"url\":\"https:\/\/gijonbasket.com\/wp-content\/uploads\/2023\/03\/LogoGijonBasket2.jpg\",\"contentUrl\":\"https:\/\/gijonbasket.com\/wp-content\/uploads\/2023\/03\/LogoGijonBasket2.jpg\",\"width\":2000,\"height\":550,\"caption\":\"gijonbasket\"},\"image\":{\"@id\":\"https:\/\/gijonbasket.com\/#\/schema\/logo\/image\/\"}},{\"@type\":\"Person\",\"@id\":\"https:\/\/gijonbasket.com\/#\/schema\/person\/91af9ff03e8eab582ccc344b715907c0\",\"name\":\"Cesar Morales\",\"image\":{\"@type\":\"ImageObject\",\"inLanguage\":\"en-US\",\"@id\":\"https:\/\/gijonbasket.com\/#\/schema\/person\/image\/\",\"url\":\"https:\/\/secure.gravatar.com\/avatar\/ab9ddf1e87f7580cae3deefb05a58c5cf4f0c7f96f033fd7dacc23f0e8d149ca?s=96&d=mm&r=g\",\"contentUrl\":\"https:\/\/secure.gravatar.com\/avatar\/ab9ddf1e87f7580cae3deefb05a58c5cf4f0c7f96f033fd7dacc23f0e8d149ca?s=96&d=mm&r=g\",\"caption\":\"Cesar Morales\"},\"url\":\"https:\/\/gijonbasket.com\/en\/author\/cesar\/\"}]}<\/script>\n<!-- \/ Yoast SEO plugin. -->","yoast_head_json":{"title":"Marc Mart\u00ed del Alimerka Oviedo Baloncesto al Grupo Caesa Seguros FC Cartagena CB - gijonbasket","robots":{"index":"index","follow":"follow","max-snippet":"max-snippet:-1","max-image-preview":"max-image-preview:large","max-video-preview":"max-video-preview:-1"},"canonical":"https:\/\/gijonbasket.com\/en\/2025\/07\/31\/marc-marti-del-alimerka-oviedo-baloncesto-al-grupo-caesa-seguros-fc-cartagena-cb\/","og_locale":"en_US","og_type":"article","og_title":"Marc Mart\u00ed del Alimerka Oviedo Baloncesto al Grupo Caesa Seguros FC Cartagena CB - gijonbasket","og_description":"El Grupo Caesa Seguros FC Cartagena CB anunci\u00f3 el fichaje de Marc Mart\u00ed para la temporada 2025\/2026. Ala-p\u00edvot ilerdense de 28 a\u00f1os y 2.03 m., que milit\u00f3 las cinco \u00faltimas temporadas en el Alimerka Oviedo Baloncesto desde su llegada en la temporada 2020\/2021. Capit\u00e1n del Alimerka Oviedo Baloncesto las dos \u00faltimas temporadas (2023\/2024; 2024\/2025) tomando&hellip;&nbsp;Read More &raquo;Marc Mart\u00ed del Alimerka Oviedo Baloncesto al Grupo Caesa Seguros FC Cartagena CB","og_url":"https:\/\/gijonbasket.com\/en\/2025\/07\/31\/marc-marti-del-alimerka-oviedo-baloncesto-al-grupo-caesa-seguros-fc-cartagena-cb\/","og_site_name":"gijonbasket","article_published_time":"2025-07-31T05:49:04+00:00","article_modified_time":"2025-07-31T06:07:29+00:00","og_image":[{"url":"https:\/\/gijonbasket.com\/wp-content\/uploads\/2025\/07\/image-29-819x1024.png"}],"author":"Cesar Morales","twitter_card":"summary_large_image","twitter_misc":{"Written by":"Cesar Morales","Est. reading time":"2 minutes"},"schema":{"@context":"https:\/\/schema.org","@graph":[{"@type":"Article","@id":"https:\/\/gijonbasket.com\/2025\/07\/31\/marc-marti-del-alimerka-oviedo-baloncesto-al-grupo-caesa-seguros-fc-cartagena-cb\/#article","isPartOf":{"@id":"https:\/\/gijonbasket.com\/2025\/07\/31\/marc-marti-del-alimerka-oviedo-baloncesto-al-grupo-caesa-seguros-fc-cartagena-cb\/"},"author":{"name":"Cesar Morales","@id":"https:\/\/gijonbasket.com\/#\/schema\/person\/91af9ff03e8eab582ccc344b715907c0"},"headline":"Marc Mart\u00ed del Alimerka Oviedo Baloncesto al Grupo Caesa Seguros FC Cartagena CB","datePublished":"2025-07-31T05:49:04+00:00","dateModified":"2025-07-31T06:07:29+00:00","mainEntityOfPage":{"@id":"https:\/\/gijonbasket.com\/2025\/07\/31\/marc-marti-del-alimerka-oviedo-baloncesto-al-grupo-caesa-seguros-fc-cartagena-cb\/"},"wordCount":219,"commentCount":0,"publisher":{"@id":"https:\/\/gijonbasket.com\/#organization"},"image":{"@id":"https:\/\/gijonbasket.com\/2025\/07\/31\/marc-marti-del-alimerka-oviedo-baloncesto-al-grupo-caesa-seguros-fc-cartagena-cb\/#primaryimage"},"thumbnailUrl":"https:\/\/gijonbasket.com\/wp-content\/uploads\/2025\/07\/image-29-819x1024.png","articleSection":["noticias"],"inLanguage":"en-US","potentialAction":[{"@type":"CommentAction","name":"Comment","target":["https:\/\/gijonbasket.com\/2025\/07\/31\/marc-marti-del-alimerka-oviedo-baloncesto-al-grupo-caesa-seguros-fc-cartagena-cb\/#respond"]}]},{"@type":"WebPage","@id":"https:\/\/gijonbasket.com\/2025\/07\/31\/marc-marti-del-alimerka-oviedo-baloncesto-al-grupo-caesa-seguros-fc-cartagena-cb\/","url":"https:\/\/gijonbasket.com\/2025\/07\/31\/marc-marti-del-alimerka-oviedo-baloncesto-al-grupo-caesa-seguros-fc-cartagena-cb\/","name":"Marc Mart\u00ed del Alimerka Oviedo Baloncesto al Grupo Caesa Seguros FC Cartagena CB - gijonbasket","isPartOf":{"@id":"https:\/\/gijonbasket.com\/#website"},"primaryImageOfPage":{"@id":"https:\/\/gijonbasket.com\/2025\/07\/31\/marc-marti-del-alimerka-oviedo-baloncesto-al-grupo-caesa-seguros-fc-cartagena-cb\/#primaryimage"},"image":{"@id":"https:\/\/gijonbasket.com\/2025\/07\/31\/marc-marti-del-alimerka-oviedo-baloncesto-al-grupo-caesa-seguros-fc-cartagena-cb\/#primaryimage"},"thumbnailUrl":"https:\/\/gijonbasket.com\/wp-content\/uploads\/2025\/07\/image-29-819x1024.png","datePublished":"2025-07-31T05:49:04+00:00","dateModified":"2025-07-31T06:07:29+00:00","breadcrumb":{"@id":"https:\/\/gijonbasket.com\/2025\/07\/31\/marc-marti-del-alimerka-oviedo-baloncesto-al-grupo-caesa-seguros-fc-cartagena-cb\/#breadcrumb"},"inLanguage":"en-US","potentialAction":[{"@type":"ReadAction","target":["https:\/\/gijonbasket.com\/2025\/07\/31\/marc-marti-del-alimerka-oviedo-baloncesto-al-grupo-caesa-seguros-fc-cartagena-cb\/"]}]},{"@type":"ImageObject","inLanguage":"en-US","@id":"https:\/\/gijonbasket.com\/2025\/07\/31\/marc-marti-del-alimerka-oviedo-baloncesto-al-grupo-caesa-seguros-fc-cartagena-cb\/#primaryimage","url":"https:\/\/gijonbasket.com\/wp-content\/uploads\/2025\/07\/image-29-819x1024.png","contentUrl":"https:\/\/gijonbasket.com\/wp-content\/uploads\/2025\/07\/image-29-819x1024.png"},{"@type":"BreadcrumbList","@id":"https:\/\/gijonbasket.com\/2025\/07\/31\/marc-marti-del-alimerka-oviedo-baloncesto-al-grupo-caesa-seguros-fc-cartagena-cb\/#breadcrumb","itemListElement":[{"@type":"ListItem","position":1,"name":"Portada","item":"https:\/\/gijonbasket.com\/"},{"@type":"ListItem","position":2,"name":"Marc Mart\u00ed del Alimerka Oviedo Baloncesto al Grupo Caesa Seguros FC Cartagena CB"}]},{"@type":"WebSite","@id":"https:\/\/gijonbasket.com\/#website","url":"https:\/\/gijonbasket.com\/","name":"gijonbasket","description":"","publisher":{"@id":"https:\/\/gijonbasket.com\/#organization"},"potentialAction":[{"@type":"SearchAction","target":{"@type":"EntryPoint","urlTemplate":"https:\/\/gijonbasket.com\/?s={search_term_string}"},"query-input":{"@type":"PropertyValueSpecification","valueRequired":true,"valueName":"search_term_string"}}],"inLanguage":"en-US"},{"@type":"Organization","@id":"https:\/\/gijonbasket.com\/#organization","name":"gijonbasket","url":"https:\/\/gijonbasket.com\/","logo":{"@type":"ImageObject","inLanguage":"en-US","@id":"https:\/\/gijonbasket.com\/#\/schema\/logo\/image\/","url":"https:\/\/gijonbasket.com\/wp-content\/uploads\/2023\/03\/LogoGijonBasket2.jpg","contentUrl":"https:\/\/gijonbasket.com\/wp-content\/uploads\/2023\/03\/LogoGijonBasket2.jpg","width":2000,"height":550,"caption":"gijonbasket"},"image":{"@id":"https:\/\/gijonbasket.com\/#\/schema\/logo\/image\/"}},{"@type":"Person","@id":"https:\/\/gijonbasket.com\/#\/schema\/person\/91af9ff03e8eab582ccc344b715907c0","name":"Cesar Morales","image":{"@type":"ImageObject","inLanguage":"en-US","@id":"https:\/\/gijonbasket.com\/#\/schema\/person\/image\/","url":"https:\/\/secure.gravatar.com\/avatar\/ab9ddf1e87f7580cae3deefb05a58c5cf4f0c7f96f033fd7dacc23f0e8d149ca?s=96&d=mm&r=g","contentUrl":"https:\/\/secure.gravatar.com\/avatar\/ab9ddf1e87f7580cae3deefb05a58c5cf4f0c7f96f033fd7dacc23f0e8d149ca?s=96&d=mm&r=g","caption":"Cesar Morales"},"url":"https:\/\/gijonbasket.com\/en\/author\/cesar\/"}]}},"_links":{"self":[{"href":"https:\/\/gijonbasket.com\/en\/wp-json\/wp\/v2\/posts\/7784","targetHints":{"allow":["GET"]}}],"collection":[{"href":"https:\/\/gijonbasket.com\/en\/wp-json\/wp\/v2\/posts"}],"about":[{"href":"https:\/\/gijonbasket.com\/en\/wp-json\/wp\/v2\/types\/post"}],"author":[{"embeddable":true,"href":"https:\/\/gijonbasket.com\/en\/wp-json\/wp\/v2\/users\/2"}],"replies":[{"embeddable":true,"href":"https:\/\/gijonbasket.com\/en\/wp-json\/wp\/v2\/comments?post=7784"}],"version-history":[{"count":2,"href":"https:\/\/gijonbasket.com\/en\/wp-json\/wp\/v2\/posts\/7784\/revisions"}],"predecessor-version":[{"id":7790,"href":"https:\/\/gijonbasket.com\/en\/wp-json\/wp\/v2\/posts\/7784\/revisions\/7790"}],"wp:attachment":[{"href":"https:\/\/gijonbasket.com\/en\/wp-json\/wp\/v2\/media?parent=7784"}],"wp:term":[{"taxonomy":"category","embeddable":true,"href":"https:\/\/gijonbasket.com\/en\/wp-json\/wp\/v2\/categories?post=7784"},{"taxonomy":"post_tag","embeddable":true,"href":"https:\/\/gijonbasket.com\/en\/wp-json\/wp\/v2\/tags?post=7784"}],"curies":[{"name":"wp","href":"https:\/\/api.w.org\/{rel}","templated":true}]}}