{"id":7792,"date":"2025-07-31T21:21:23","date_gmt":"2025-07-31T19:21:23","guid":{"rendered":"https:\/\/gijonbasket.com\/?p=7792"},"modified":"2025-07-31T21:21:25","modified_gmt":"2025-07-31T19:21:25","slug":"guillem-arcos-segundo-fichaje-del-circulo-gijon-baloncesto","status":"publish","type":"post","link":"https:\/\/gijonbasket.com\/en\/2025\/07\/31\/guillem-arcos-segundo-fichaje-del-circulo-gijon-baloncesto\/","title":{"rendered":"Guillem Arcos segundo fichaje del C\u00edrculo Gij\u00f3n Baloncesto"},"content":{"rendered":"<p>El C\u00edrculo Gij\u00f3n Baloncesto anunci\u00f3 el fichaje de Guillem Arcos para la pr\u00f3xima temporada.<\/p>\n\n\n\n<p>Escolta alicantino de 24 a\u00f1os y 1.93 m. procedente del Amics Castell\u00f3.<\/p>\n\n\n\n<p>Guillem Arcos coincidir\u00e1 en el C\u00edrculo Gij\u00f3n Baloncesto con Javi Men\u00e9ndez, que compartieron equipo la pasada temporada con el Amics Castell\u00f3, aunque no pudieron evitar la p\u00e9rdida de categor\u00eda del conjunto castellonense.<\/p>\n\n\n\n<p>Guillem Arcos cuenta con 4 temporadas en LEB Oro militando en HLA Alicante (2019\/2020; 2021\/2022; 2022\/2023) y Melilla Ciudad del Deporte (2023\/2024); 1 temporada en Primera FEB con el Amics Castell\u00f3 (2024\/2025) y 1 temporada en Liga EBA defendiendo los colores de La Nucia UA Fundaci\u00f3n Lucentum (2020\/2021).<\/p>\n\n\n\n<p>La pasada temporada Guillem Arcos promedi\u00f3 con el Amics Castell\u00f3: 7 ppp; 1.5 rpp (Temporada Regular) y 7.4 ppp; 1.8 rpp (Copa Espa\u00f1a).<\/p>\n\n\n\n<p>El C\u00edrculo Gij\u00f3n Baloncesto cuenta con los fichajes de Javi Men\u00e9ndez y Guillem Arcos m\u00e1s las renovaciones de Samu Barros y Michael Okafor.<\/p>","protected":false},"excerpt":{"rendered":"<p>El C\u00edrculo Gij\u00f3n Baloncesto anunci\u00f3 el fichaje de Guillem Arcos para la pr\u00f3xima temporada. Escolta alicantino de 24 a\u00f1os y 1.93 m. procedente del Amics Castell\u00f3. Guillem Arcos coincidir\u00e1 en el C\u00edrculo Gij\u00f3n Baloncesto con Javi Men\u00e9ndez, que compartieron equipo la pasada temporada con el Amics Castell\u00f3, aunque no pudieron evitar la p\u00e9rdida de categor\u00eda&hellip;&nbsp;<a href=\"https:\/\/gijonbasket.com\/en\/2025\/07\/31\/guillem-arcos-segundo-fichaje-del-circulo-gijon-baloncesto\/\" class=\"\" rel=\"bookmark\">Read More &raquo;<span class=\"screen-reader-text\">Guillem Arcos segundo fichaje del C\u00edrculo Gij\u00f3n Baloncesto<\/span><\/a><\/p>","protected":false},"author":2,"featured_media":0,"comment_status":"open","ping_status":"open","sticky":false,"template":"","format":"standard","meta":{"neve_meta_sidebar":"","neve_meta_container":"","neve_meta_enable_content_width":"","neve_meta_content_width":0,"neve_meta_title_alignment":"","neve_meta_author_avatar":"","neve_post_elements_order":"","neve_meta_disable_header":"","neve_meta_disable_footer":"","neve_meta_disable_title":"","footnotes":""},"categories":[4],"tags":[],"class_list":["post-7792","post","type-post","status-publish","format-standard","hentry","category-noticias"],"yoast_head":"<!-- This site is optimized with the Yoast SEO plugin v23.4 - https:\/\/yoast.com\/wordpress\/plugins\/seo\/ -->\n<title>Guillem Arcos segundo fichaje del C\u00edrculo Gij\u00f3n Baloncesto - gijonbasket<\/title>\n<meta name=\"robots\" content=\"index, follow, max-snippet:-1, max-image-preview:large, max-video-preview:-1\" \/>\n<link rel=\"canonical\" href=\"https:\/\/gijonbasket.com\/en\/2025\/07\/31\/guillem-arcos-segundo-fichaje-del-circulo-gijon-baloncesto\/\" \/>\n<meta property=\"og:locale\" content=\"en_US\" \/>\n<meta property=\"og:type\" content=\"article\" \/>\n<meta property=\"og:title\" content=\"Guillem Arcos segundo fichaje del C\u00edrculo Gij\u00f3n Baloncesto - gijonbasket\" \/>\n<meta property=\"og:description\" content=\"El C\u00edrculo Gij\u00f3n Baloncesto anunci\u00f3 el fichaje de Guillem Arcos para la pr\u00f3xima temporada. Escolta alicantino de 24 a\u00f1os y 1.93 m. procedente del Amics Castell\u00f3. Guillem Arcos coincidir\u00e1 en el C\u00edrculo Gij\u00f3n Baloncesto con Javi Men\u00e9ndez, que compartieron equipo la pasada temporada con el Amics Castell\u00f3, aunque no pudieron evitar la p\u00e9rdida de categor\u00eda&hellip;&nbsp;Read More &raquo;Guillem Arcos segundo fichaje del C\u00edrculo Gij\u00f3n Baloncesto\" \/>\n<meta property=\"og:url\" content=\"https:\/\/gijonbasket.com\/en\/2025\/07\/31\/guillem-arcos-segundo-fichaje-del-circulo-gijon-baloncesto\/\" \/>\n<meta property=\"og:site_name\" content=\"gijonbasket\" \/>\n<meta property=\"article:published_time\" content=\"2025-07-31T19:21:23+00:00\" \/>\n<meta property=\"article:modified_time\" content=\"2025-07-31T19:21:25+00:00\" \/>\n<meta name=\"author\" content=\"Cesar Morales\" \/>\n<meta name=\"twitter:card\" content=\"summary_large_image\" \/>\n<meta name=\"twitter:label1\" content=\"Written by\" \/>\n\t<meta name=\"twitter:data1\" content=\"Cesar Morales\" \/>\n\t<meta name=\"twitter:label2\" content=\"Est. reading time\" \/>\n\t<meta name=\"twitter:data2\" content=\"1 minute\" \/>\n<script type=\"application\/ld+json\" class=\"yoast-schema-graph\">{\"@context\":\"https:\/\/schema.org\",\"@graph\":[{\"@type\":\"Article\",\"@id\":\"https:\/\/gijonbasket.com\/2025\/07\/31\/guillem-arcos-segundo-fichaje-del-circulo-gijon-baloncesto\/#article\",\"isPartOf\":{\"@id\":\"https:\/\/gijonbasket.com\/2025\/07\/31\/guillem-arcos-segundo-fichaje-del-circulo-gijon-baloncesto\/\"},\"author\":{\"name\":\"Cesar Morales\",\"@id\":\"https:\/\/gijonbasket.com\/#\/schema\/person\/91af9ff03e8eab582ccc344b715907c0\"},\"headline\":\"Guillem Arcos segundo fichaje del C\u00edrculo Gij\u00f3n Baloncesto\",\"datePublished\":\"2025-07-31T19:21:23+00:00\",\"dateModified\":\"2025-07-31T19:21:25+00:00\",\"mainEntityOfPage\":{\"@id\":\"https:\/\/gijonbasket.com\/2025\/07\/31\/guillem-arcos-segundo-fichaje-del-circulo-gijon-baloncesto\/\"},\"wordCount\":162,\"commentCount\":0,\"publisher\":{\"@id\":\"https:\/\/gijonbasket.com\/#organization\"},\"articleSection\":[\"noticias\"],\"inLanguage\":\"en-US\",\"potentialAction\":[{\"@type\":\"CommentAction\",\"name\":\"Comment\",\"target\":[\"https:\/\/gijonbasket.com\/2025\/07\/31\/guillem-arcos-segundo-fichaje-del-circulo-gijon-baloncesto\/#respond\"]}]},{\"@type\":\"WebPage\",\"@id\":\"https:\/\/gijonbasket.com\/2025\/07\/31\/guillem-arcos-segundo-fichaje-del-circulo-gijon-baloncesto\/\",\"url\":\"https:\/\/gijonbasket.com\/2025\/07\/31\/guillem-arcos-segundo-fichaje-del-circulo-gijon-baloncesto\/\",\"name\":\"Guillem Arcos segundo fichaje del C\u00edrculo Gij\u00f3n Baloncesto - gijonbasket\",\"isPartOf\":{\"@id\":\"https:\/\/gijonbasket.com\/#website\"},\"datePublished\":\"2025-07-31T19:21:23+00:00\",\"dateModified\":\"2025-07-31T19:21:25+00:00\",\"breadcrumb\":{\"@id\":\"https:\/\/gijonbasket.com\/2025\/07\/31\/guillem-arcos-segundo-fichaje-del-circulo-gijon-baloncesto\/#breadcrumb\"},\"inLanguage\":\"en-US\",\"potentialAction\":[{\"@type\":\"ReadAction\",\"target\":[\"https:\/\/gijonbasket.com\/2025\/07\/31\/guillem-arcos-segundo-fichaje-del-circulo-gijon-baloncesto\/\"]}]},{\"@type\":\"BreadcrumbList\",\"@id\":\"https:\/\/gijonbasket.com\/2025\/07\/31\/guillem-arcos-segundo-fichaje-del-circulo-gijon-baloncesto\/#breadcrumb\",\"itemListElement\":[{\"@type\":\"ListItem\",\"position\":1,\"name\":\"Portada\",\"item\":\"https:\/\/gijonbasket.com\/\"},{\"@type\":\"ListItem\",\"position\":2,\"name\":\"Guillem Arcos segundo fichaje del C\u00edrculo Gij\u00f3n Baloncesto\"}]},{\"@type\":\"WebSite\",\"@id\":\"https:\/\/gijonbasket.com\/#website\",\"url\":\"https:\/\/gijonbasket.com\/\",\"name\":\"gijonbasket\",\"description\":\"\",\"publisher\":{\"@id\":\"https:\/\/gijonbasket.com\/#organization\"},\"potentialAction\":[{\"@type\":\"SearchAction\",\"target\":{\"@type\":\"EntryPoint\",\"urlTemplate\":\"https:\/\/gijonbasket.com\/?s={search_term_string}\"},\"query-input\":{\"@type\":\"PropertyValueSpecification\",\"valueRequired\":true,\"valueName\":\"search_term_string\"}}],\"inLanguage\":\"en-US\"},{\"@type\":\"Organization\",\"@id\":\"https:\/\/gijonbasket.com\/#organization\",\"name\":\"gijonbasket\",\"url\":\"https:\/\/gijonbasket.com\/\",\"logo\":{\"@type\":\"ImageObject\",\"inLanguage\":\"en-US\",\"@id\":\"https:\/\/gijonbasket.com\/#\/schema\/logo\/image\/\",\"url\":\"https:\/\/gijonbasket.com\/wp-content\/uploads\/2023\/03\/LogoGijonBasket2.jpg\",\"contentUrl\":\"https:\/\/gijonbasket.com\/wp-content\/uploads\/2023\/03\/LogoGijonBasket2.jpg\",\"width\":2000,\"height\":550,\"caption\":\"gijonbasket\"},\"image\":{\"@id\":\"https:\/\/gijonbasket.com\/#\/schema\/logo\/image\/\"}},{\"@type\":\"Person\",\"@id\":\"https:\/\/gijonbasket.com\/#\/schema\/person\/91af9ff03e8eab582ccc344b715907c0\",\"name\":\"Cesar Morales\",\"image\":{\"@type\":\"ImageObject\",\"inLanguage\":\"en-US\",\"@id\":\"https:\/\/gijonbasket.com\/#\/schema\/person\/image\/\",\"url\":\"https:\/\/secure.gravatar.com\/avatar\/ab9ddf1e87f7580cae3deefb05a58c5cf4f0c7f96f033fd7dacc23f0e8d149ca?s=96&d=mm&r=g\",\"contentUrl\":\"https:\/\/secure.gravatar.com\/avatar\/ab9ddf1e87f7580cae3deefb05a58c5cf4f0c7f96f033fd7dacc23f0e8d149ca?s=96&d=mm&r=g\",\"caption\":\"Cesar Morales\"},\"url\":\"https:\/\/gijonbasket.com\/en\/author\/cesar\/\"}]}<\/script>\n<!-- \/ Yoast SEO plugin. -->","yoast_head_json":{"title":"Guillem Arcos segundo fichaje del C\u00edrculo Gij\u00f3n Baloncesto - gijonbasket","robots":{"index":"index","follow":"follow","max-snippet":"max-snippet:-1","max-image-preview":"max-image-preview:large","max-video-preview":"max-video-preview:-1"},"canonical":"https:\/\/gijonbasket.com\/en\/2025\/07\/31\/guillem-arcos-segundo-fichaje-del-circulo-gijon-baloncesto\/","og_locale":"en_US","og_type":"article","og_title":"Guillem Arcos segundo fichaje del C\u00edrculo Gij\u00f3n Baloncesto - gijonbasket","og_description":"El C\u00edrculo Gij\u00f3n Baloncesto anunci\u00f3 el fichaje de Guillem Arcos para la pr\u00f3xima temporada. Escolta alicantino de 24 a\u00f1os y 1.93 m. procedente del Amics Castell\u00f3. Guillem Arcos coincidir\u00e1 en el C\u00edrculo Gij\u00f3n Baloncesto con Javi Men\u00e9ndez, que compartieron equipo la pasada temporada con el Amics Castell\u00f3, aunque no pudieron evitar la p\u00e9rdida de categor\u00eda&hellip;&nbsp;Read More &raquo;Guillem Arcos segundo fichaje del C\u00edrculo Gij\u00f3n Baloncesto","og_url":"https:\/\/gijonbasket.com\/en\/2025\/07\/31\/guillem-arcos-segundo-fichaje-del-circulo-gijon-baloncesto\/","og_site_name":"gijonbasket","article_published_time":"2025-07-31T19:21:23+00:00","article_modified_time":"2025-07-31T19:21:25+00:00","author":"Cesar Morales","twitter_card":"summary_large_image","twitter_misc":{"Written by":"Cesar Morales","Est. reading time":"1 minute"},"schema":{"@context":"https:\/\/schema.org","@graph":[{"@type":"Article","@id":"https:\/\/gijonbasket.com\/2025\/07\/31\/guillem-arcos-segundo-fichaje-del-circulo-gijon-baloncesto\/#article","isPartOf":{"@id":"https:\/\/gijonbasket.com\/2025\/07\/31\/guillem-arcos-segundo-fichaje-del-circulo-gijon-baloncesto\/"},"author":{"name":"Cesar Morales","@id":"https:\/\/gijonbasket.com\/#\/schema\/person\/91af9ff03e8eab582ccc344b715907c0"},"headline":"Guillem Arcos segundo fichaje del C\u00edrculo Gij\u00f3n Baloncesto","datePublished":"2025-07-31T19:21:23+00:00","dateModified":"2025-07-31T19:21:25+00:00","mainEntityOfPage":{"@id":"https:\/\/gijonbasket.com\/2025\/07\/31\/guillem-arcos-segundo-fichaje-del-circulo-gijon-baloncesto\/"},"wordCount":162,"commentCount":0,"publisher":{"@id":"https:\/\/gijonbasket.com\/#organization"},"articleSection":["noticias"],"inLanguage":"en-US","potentialAction":[{"@type":"CommentAction","name":"Comment","target":["https:\/\/gijonbasket.com\/2025\/07\/31\/guillem-arcos-segundo-fichaje-del-circulo-gijon-baloncesto\/#respond"]}]},{"@type":"WebPage","@id":"https:\/\/gijonbasket.com\/2025\/07\/31\/guillem-arcos-segundo-fichaje-del-circulo-gijon-baloncesto\/","url":"https:\/\/gijonbasket.com\/2025\/07\/31\/guillem-arcos-segundo-fichaje-del-circulo-gijon-baloncesto\/","name":"Guillem Arcos segundo fichaje del C\u00edrculo Gij\u00f3n Baloncesto - gijonbasket","isPartOf":{"@id":"https:\/\/gijonbasket.com\/#website"},"datePublished":"2025-07-31T19:21:23+00:00","dateModified":"2025-07-31T19:21:25+00:00","breadcrumb":{"@id":"https:\/\/gijonbasket.com\/2025\/07\/31\/guillem-arcos-segundo-fichaje-del-circulo-gijon-baloncesto\/#breadcrumb"},"inLanguage":"en-US","potentialAction":[{"@type":"ReadAction","target":["https:\/\/gijonbasket.com\/2025\/07\/31\/guillem-arcos-segundo-fichaje-del-circulo-gijon-baloncesto\/"]}]},{"@type":"BreadcrumbList","@id":"https:\/\/gijonbasket.com\/2025\/07\/31\/guillem-arcos-segundo-fichaje-del-circulo-gijon-baloncesto\/#breadcrumb","itemListElement":[{"@type":"ListItem","position":1,"name":"Portada","item":"https:\/\/gijonbasket.com\/"},{"@type":"ListItem","position":2,"name":"Guillem Arcos segundo fichaje del C\u00edrculo Gij\u00f3n Baloncesto"}]},{"@type":"WebSite","@id":"https:\/\/gijonbasket.com\/#website","url":"https:\/\/gijonbasket.com\/","name":"gijonbasket","description":"","publisher":{"@id":"https:\/\/gijonbasket.com\/#organization"},"potentialAction":[{"@type":"SearchAction","target":{"@type":"EntryPoint","urlTemplate":"https:\/\/gijonbasket.com\/?s={search_term_string}"},"query-input":{"@type":"PropertyValueSpecification","valueRequired":true,"valueName":"search_term_string"}}],"inLanguage":"en-US"},{"@type":"Organization","@id":"https:\/\/gijonbasket.com\/#organization","name":"gijonbasket","url":"https:\/\/gijonbasket.com\/","logo":{"@type":"ImageObject","inLanguage":"en-US","@id":"https:\/\/gijonbasket.com\/#\/schema\/logo\/image\/","url":"https:\/\/gijonbasket.com\/wp-content\/uploads\/2023\/03\/LogoGijonBasket2.jpg","contentUrl":"https:\/\/gijonbasket.com\/wp-content\/uploads\/2023\/03\/LogoGijonBasket2.jpg","width":2000,"height":550,"caption":"gijonbasket"},"image":{"@id":"https:\/\/gijonbasket.com\/#\/schema\/logo\/image\/"}},{"@type":"Person","@id":"https:\/\/gijonbasket.com\/#\/schema\/person\/91af9ff03e8eab582ccc344b715907c0","name":"Cesar Morales","image":{"@type":"ImageObject","inLanguage":"en-US","@id":"https:\/\/gijonbasket.com\/#\/schema\/person\/image\/","url":"https:\/\/secure.gravatar.com\/avatar\/ab9ddf1e87f7580cae3deefb05a58c5cf4f0c7f96f033fd7dacc23f0e8d149ca?s=96&d=mm&r=g","contentUrl":"https:\/\/secure.gravatar.com\/avatar\/ab9ddf1e87f7580cae3deefb05a58c5cf4f0c7f96f033fd7dacc23f0e8d149ca?s=96&d=mm&r=g","caption":"Cesar Morales"},"url":"https:\/\/gijonbasket.com\/en\/author\/cesar\/"}]}},"_links":{"self":[{"href":"https:\/\/gijonbasket.com\/en\/wp-json\/wp\/v2\/posts\/7792","targetHints":{"allow":["GET"]}}],"collection":[{"href":"https:\/\/gijonbasket.com\/en\/wp-json\/wp\/v2\/posts"}],"about":[{"href":"https:\/\/gijonbasket.com\/en\/wp-json\/wp\/v2\/types\/post"}],"author":[{"embeddable":true,"href":"https:\/\/gijonbasket.com\/en\/wp-json\/wp\/v2\/users\/2"}],"replies":[{"embeddable":true,"href":"https:\/\/gijonbasket.com\/en\/wp-json\/wp\/v2\/comments?post=7792"}],"version-history":[{"count":1,"href":"https:\/\/gijonbasket.com\/en\/wp-json\/wp\/v2\/posts\/7792\/revisions"}],"predecessor-version":[{"id":7793,"href":"https:\/\/gijonbasket.com\/en\/wp-json\/wp\/v2\/posts\/7792\/revisions\/7793"}],"wp:attachment":[{"href":"https:\/\/gijonbasket.com\/en\/wp-json\/wp\/v2\/media?parent=7792"}],"wp:term":[{"taxonomy":"category","embeddable":true,"href":"https:\/\/gijonbasket.com\/en\/wp-json\/wp\/v2\/categories?post=7792"},{"taxonomy":"post_tag","embeddable":true,"href":"https:\/\/gijonbasket.com\/en\/wp-json\/wp\/v2\/tags?post=7792"}],"curies":[{"name":"wp","href":"https:\/\/api.w.org\/{rel}","templated":true}]}}