{"id":7800,"date":"2025-08-01T07:15:04","date_gmt":"2025-08-01T05:15:04","guid":{"rendered":"https:\/\/gijonbasket.com\/?p=7800"},"modified":"2025-08-01T07:15:05","modified_gmt":"2025-08-01T05:15:05","slug":"felipe-dos-anjos-del-morabanc-andorra-al-monbus-obradoiro","status":"publish","type":"post","link":"https:\/\/gijonbasket.com\/en\/2025\/08\/01\/felipe-dos-anjos-del-morabanc-andorra-al-monbus-obradoiro\/","title":{"rendered":"Felipe Dos Anjos del MoraBanc Andorra al Monbus Obradoiro"},"content":{"rendered":"<p>El Monbus Obradoiro anunci\u00f3 el fichaje de Felipe Dos Anjos para la pr\u00f3xima temporada, tal como publicamos el mi\u00e9rcoles en www.gijonbasket.com, donde vinculamos su futuro con el conjunto compostelano.<\/p>\n\n\n\n<p>P\u00edvot brasile\u00f1o con nacionalidad espa\u00f1ola de 27 a\u00f1os y 2.18 m. que milit\u00f3 las tres \u00faltimas temporadas en el MoraBanc Andorra.<\/p>\n\n\n\n<p>Felipe Dos Anjos aterriz\u00f3 en el MoraBanc Andorra en la temporada 2022\/2023 en LEB Oro para lograr el t\u00edtulo de la categor\u00eda y el correspondiente ascenso a Liga Endesa donde milit\u00f3 las dos \u00faltimas temporadas (2023\/2024; 2024\/2025).<\/p>\n\n\n\n<p>Su llegada a Espa\u00f1a se produjo en 2012 para ingresar en la cantera del Real Madrid procedente del Esporte Clube Pinheiros.<\/p>\n\n\n\n<p>Felipe Dos Anjos milit\u00f3 en el Uni\u00f3n Financiera Baloncesto Oviedo (2016\/2017) en la hist\u00f3rica temporada donde se conquist\u00f3 el t\u00edtulo de la Copa Princesa de Asturias.<\/p>\n\n\n\n<p>5 temporadas en LEB Oro militando en Uni\u00f3n Financiera Baloncesto Oviedo (2016\/2017), Melilla Baloncesto (2018\/2019), Chocolates Trapa Palencia (2019\/2020), Movistar Estudiantes (2021\/2022) y MoraBanc Andorra (2022\/2023).<\/p>\n\n\n\n<p>Felipe Dos Anjos cuenta con experiencia en Liga Endesa tras militar en San Pablo Burgos (2017\/2018), RETAbet Bilbao Basket (2020\/2021) y las dos \u00faltimas campa\u00f1as con el MoraBanc Andorra (2023\/2024; 2024\/2025).<\/p>\n\n\n\n<p>La pasada temporada Felipe Dos Anjos firm\u00f3 unas estad\u00edsticas con el MoraBanc Andorra de 4.7 ppp; 3 rpp.<\/p>\n\n\n\n<p>En el Monbus Obradoiro, Felipe Dos Anjos se reencuentra con H\u00e9ctor Gal\u00e1n (Director Deportivo) que coincidieron en el Uni\u00f3n Financiera Baloncesto Oviedo (2016\/2017).<\/p>","protected":false},"excerpt":{"rendered":"<p>El Monbus Obradoiro anunci\u00f3 el fichaje de Felipe Dos Anjos para la pr\u00f3xima temporada, tal como publicamos el mi\u00e9rcoles en www.gijonbasket.com, donde vinculamos su futuro con el conjunto compostelano. P\u00edvot brasile\u00f1o con nacionalidad espa\u00f1ola de 27 a\u00f1os y 2.18 m. que milit\u00f3 las tres \u00faltimas temporadas en el MoraBanc Andorra. Felipe Dos Anjos aterriz\u00f3 en&hellip;&nbsp;<a href=\"https:\/\/gijonbasket.com\/en\/2025\/08\/01\/felipe-dos-anjos-del-morabanc-andorra-al-monbus-obradoiro\/\" class=\"\" rel=\"bookmark\">Read More &raquo;<span class=\"screen-reader-text\">Felipe Dos Anjos del MoraBanc Andorra al Monbus Obradoiro<\/span><\/a><\/p>","protected":false},"author":2,"featured_media":0,"comment_status":"open","ping_status":"open","sticky":false,"template":"","format":"standard","meta":{"neve_meta_sidebar":"","neve_meta_container":"","neve_meta_enable_content_width":"","neve_meta_content_width":0,"neve_meta_title_alignment":"","neve_meta_author_avatar":"","neve_post_elements_order":"","neve_meta_disable_header":"","neve_meta_disable_footer":"","neve_meta_disable_title":"","footnotes":""},"categories":[4],"tags":[],"class_list":["post-7800","post","type-post","status-publish","format-standard","hentry","category-noticias"],"yoast_head":"<!-- This site is optimized with the Yoast SEO plugin v23.4 - https:\/\/yoast.com\/wordpress\/plugins\/seo\/ -->\n<title>Felipe Dos Anjos del MoraBanc Andorra al Monbus Obradoiro - gijonbasket<\/title>\n<meta name=\"robots\" content=\"index, follow, max-snippet:-1, max-image-preview:large, max-video-preview:-1\" \/>\n<link rel=\"canonical\" href=\"https:\/\/gijonbasket.com\/en\/2025\/08\/01\/felipe-dos-anjos-del-morabanc-andorra-al-monbus-obradoiro\/\" \/>\n<meta property=\"og:locale\" content=\"en_US\" \/>\n<meta property=\"og:type\" content=\"article\" \/>\n<meta property=\"og:title\" content=\"Felipe Dos Anjos del MoraBanc Andorra al Monbus Obradoiro - gijonbasket\" \/>\n<meta property=\"og:description\" content=\"El Monbus Obradoiro anunci\u00f3 el fichaje de Felipe Dos Anjos para la pr\u00f3xima temporada, tal como publicamos el mi\u00e9rcoles en www.gijonbasket.com, donde vinculamos su futuro con el conjunto compostelano. P\u00edvot brasile\u00f1o con nacionalidad espa\u00f1ola de 27 a\u00f1os y 2.18 m. que milit\u00f3 las tres \u00faltimas temporadas en el MoraBanc Andorra. Felipe Dos Anjos aterriz\u00f3 en&hellip;&nbsp;Read More &raquo;Felipe Dos Anjos del MoraBanc Andorra al Monbus Obradoiro\" \/>\n<meta property=\"og:url\" content=\"https:\/\/gijonbasket.com\/en\/2025\/08\/01\/felipe-dos-anjos-del-morabanc-andorra-al-monbus-obradoiro\/\" \/>\n<meta property=\"og:site_name\" content=\"gijonbasket\" \/>\n<meta property=\"article:published_time\" content=\"2025-08-01T05:15:04+00:00\" \/>\n<meta property=\"article:modified_time\" content=\"2025-08-01T05:15:05+00:00\" \/>\n<meta name=\"author\" content=\"Cesar Morales\" \/>\n<meta name=\"twitter:card\" content=\"summary_large_image\" \/>\n<meta name=\"twitter:label1\" content=\"Written by\" \/>\n\t<meta name=\"twitter:data1\" content=\"Cesar Morales\" \/>\n\t<meta name=\"twitter:label2\" content=\"Est. reading time\" \/>\n\t<meta name=\"twitter:data2\" content=\"2 minutes\" \/>\n<script type=\"application\/ld+json\" class=\"yoast-schema-graph\">{\"@context\":\"https:\/\/schema.org\",\"@graph\":[{\"@type\":\"Article\",\"@id\":\"https:\/\/gijonbasket.com\/2025\/08\/01\/felipe-dos-anjos-del-morabanc-andorra-al-monbus-obradoiro\/#article\",\"isPartOf\":{\"@id\":\"https:\/\/gijonbasket.com\/2025\/08\/01\/felipe-dos-anjos-del-morabanc-andorra-al-monbus-obradoiro\/\"},\"author\":{\"name\":\"Cesar Morales\",\"@id\":\"https:\/\/gijonbasket.com\/#\/schema\/person\/91af9ff03e8eab582ccc344b715907c0\"},\"headline\":\"Felipe Dos Anjos del MoraBanc Andorra al Monbus Obradoiro\",\"datePublished\":\"2025-08-01T05:15:04+00:00\",\"dateModified\":\"2025-08-01T05:15:05+00:00\",\"mainEntityOfPage\":{\"@id\":\"https:\/\/gijonbasket.com\/2025\/08\/01\/felipe-dos-anjos-del-morabanc-andorra-al-monbus-obradoiro\/\"},\"wordCount\":241,\"commentCount\":0,\"publisher\":{\"@id\":\"https:\/\/gijonbasket.com\/#organization\"},\"articleSection\":[\"noticias\"],\"inLanguage\":\"en-US\",\"potentialAction\":[{\"@type\":\"CommentAction\",\"name\":\"Comment\",\"target\":[\"https:\/\/gijonbasket.com\/2025\/08\/01\/felipe-dos-anjos-del-morabanc-andorra-al-monbus-obradoiro\/#respond\"]}]},{\"@type\":\"WebPage\",\"@id\":\"https:\/\/gijonbasket.com\/2025\/08\/01\/felipe-dos-anjos-del-morabanc-andorra-al-monbus-obradoiro\/\",\"url\":\"https:\/\/gijonbasket.com\/2025\/08\/01\/felipe-dos-anjos-del-morabanc-andorra-al-monbus-obradoiro\/\",\"name\":\"Felipe Dos Anjos del MoraBanc Andorra al Monbus Obradoiro - gijonbasket\",\"isPartOf\":{\"@id\":\"https:\/\/gijonbasket.com\/#website\"},\"datePublished\":\"2025-08-01T05:15:04+00:00\",\"dateModified\":\"2025-08-01T05:15:05+00:00\",\"breadcrumb\":{\"@id\":\"https:\/\/gijonbasket.com\/2025\/08\/01\/felipe-dos-anjos-del-morabanc-andorra-al-monbus-obradoiro\/#breadcrumb\"},\"inLanguage\":\"en-US\",\"potentialAction\":[{\"@type\":\"ReadAction\",\"target\":[\"https:\/\/gijonbasket.com\/2025\/08\/01\/felipe-dos-anjos-del-morabanc-andorra-al-monbus-obradoiro\/\"]}]},{\"@type\":\"BreadcrumbList\",\"@id\":\"https:\/\/gijonbasket.com\/2025\/08\/01\/felipe-dos-anjos-del-morabanc-andorra-al-monbus-obradoiro\/#breadcrumb\",\"itemListElement\":[{\"@type\":\"ListItem\",\"position\":1,\"name\":\"Portada\",\"item\":\"https:\/\/gijonbasket.com\/\"},{\"@type\":\"ListItem\",\"position\":2,\"name\":\"Felipe Dos Anjos del MoraBanc Andorra al Monbus Obradoiro\"}]},{\"@type\":\"WebSite\",\"@id\":\"https:\/\/gijonbasket.com\/#website\",\"url\":\"https:\/\/gijonbasket.com\/\",\"name\":\"gijonbasket\",\"description\":\"\",\"publisher\":{\"@id\":\"https:\/\/gijonbasket.com\/#organization\"},\"potentialAction\":[{\"@type\":\"SearchAction\",\"target\":{\"@type\":\"EntryPoint\",\"urlTemplate\":\"https:\/\/gijonbasket.com\/?s={search_term_string}\"},\"query-input\":{\"@type\":\"PropertyValueSpecification\",\"valueRequired\":true,\"valueName\":\"search_term_string\"}}],\"inLanguage\":\"en-US\"},{\"@type\":\"Organization\",\"@id\":\"https:\/\/gijonbasket.com\/#organization\",\"name\":\"gijonbasket\",\"url\":\"https:\/\/gijonbasket.com\/\",\"logo\":{\"@type\":\"ImageObject\",\"inLanguage\":\"en-US\",\"@id\":\"https:\/\/gijonbasket.com\/#\/schema\/logo\/image\/\",\"url\":\"https:\/\/gijonbasket.com\/wp-content\/uploads\/2023\/03\/LogoGijonBasket2.jpg\",\"contentUrl\":\"https:\/\/gijonbasket.com\/wp-content\/uploads\/2023\/03\/LogoGijonBasket2.jpg\",\"width\":2000,\"height\":550,\"caption\":\"gijonbasket\"},\"image\":{\"@id\":\"https:\/\/gijonbasket.com\/#\/schema\/logo\/image\/\"}},{\"@type\":\"Person\",\"@id\":\"https:\/\/gijonbasket.com\/#\/schema\/person\/91af9ff03e8eab582ccc344b715907c0\",\"name\":\"Cesar Morales\",\"image\":{\"@type\":\"ImageObject\",\"inLanguage\":\"en-US\",\"@id\":\"https:\/\/gijonbasket.com\/#\/schema\/person\/image\/\",\"url\":\"https:\/\/secure.gravatar.com\/avatar\/ab9ddf1e87f7580cae3deefb05a58c5cf4f0c7f96f033fd7dacc23f0e8d149ca?s=96&d=mm&r=g\",\"contentUrl\":\"https:\/\/secure.gravatar.com\/avatar\/ab9ddf1e87f7580cae3deefb05a58c5cf4f0c7f96f033fd7dacc23f0e8d149ca?s=96&d=mm&r=g\",\"caption\":\"Cesar Morales\"},\"url\":\"https:\/\/gijonbasket.com\/en\/author\/cesar\/\"}]}<\/script>\n<!-- \/ Yoast SEO plugin. -->","yoast_head_json":{"title":"Felipe Dos Anjos del MoraBanc Andorra al Monbus Obradoiro - gijonbasket","robots":{"index":"index","follow":"follow","max-snippet":"max-snippet:-1","max-image-preview":"max-image-preview:large","max-video-preview":"max-video-preview:-1"},"canonical":"https:\/\/gijonbasket.com\/en\/2025\/08\/01\/felipe-dos-anjos-del-morabanc-andorra-al-monbus-obradoiro\/","og_locale":"en_US","og_type":"article","og_title":"Felipe Dos Anjos del MoraBanc Andorra al Monbus Obradoiro - gijonbasket","og_description":"El Monbus Obradoiro anunci\u00f3 el fichaje de Felipe Dos Anjos para la pr\u00f3xima temporada, tal como publicamos el mi\u00e9rcoles en www.gijonbasket.com, donde vinculamos su futuro con el conjunto compostelano. P\u00edvot brasile\u00f1o con nacionalidad espa\u00f1ola de 27 a\u00f1os y 2.18 m. que milit\u00f3 las tres \u00faltimas temporadas en el MoraBanc Andorra. Felipe Dos Anjos aterriz\u00f3 en&hellip;&nbsp;Read More &raquo;Felipe Dos Anjos del MoraBanc Andorra al Monbus Obradoiro","og_url":"https:\/\/gijonbasket.com\/en\/2025\/08\/01\/felipe-dos-anjos-del-morabanc-andorra-al-monbus-obradoiro\/","og_site_name":"gijonbasket","article_published_time":"2025-08-01T05:15:04+00:00","article_modified_time":"2025-08-01T05:15:05+00:00","author":"Cesar Morales","twitter_card":"summary_large_image","twitter_misc":{"Written by":"Cesar Morales","Est. reading time":"2 minutes"},"schema":{"@context":"https:\/\/schema.org","@graph":[{"@type":"Article","@id":"https:\/\/gijonbasket.com\/2025\/08\/01\/felipe-dos-anjos-del-morabanc-andorra-al-monbus-obradoiro\/#article","isPartOf":{"@id":"https:\/\/gijonbasket.com\/2025\/08\/01\/felipe-dos-anjos-del-morabanc-andorra-al-monbus-obradoiro\/"},"author":{"name":"Cesar Morales","@id":"https:\/\/gijonbasket.com\/#\/schema\/person\/91af9ff03e8eab582ccc344b715907c0"},"headline":"Felipe Dos Anjos del MoraBanc Andorra al Monbus Obradoiro","datePublished":"2025-08-01T05:15:04+00:00","dateModified":"2025-08-01T05:15:05+00:00","mainEntityOfPage":{"@id":"https:\/\/gijonbasket.com\/2025\/08\/01\/felipe-dos-anjos-del-morabanc-andorra-al-monbus-obradoiro\/"},"wordCount":241,"commentCount":0,"publisher":{"@id":"https:\/\/gijonbasket.com\/#organization"},"articleSection":["noticias"],"inLanguage":"en-US","potentialAction":[{"@type":"CommentAction","name":"Comment","target":["https:\/\/gijonbasket.com\/2025\/08\/01\/felipe-dos-anjos-del-morabanc-andorra-al-monbus-obradoiro\/#respond"]}]},{"@type":"WebPage","@id":"https:\/\/gijonbasket.com\/2025\/08\/01\/felipe-dos-anjos-del-morabanc-andorra-al-monbus-obradoiro\/","url":"https:\/\/gijonbasket.com\/2025\/08\/01\/felipe-dos-anjos-del-morabanc-andorra-al-monbus-obradoiro\/","name":"Felipe Dos Anjos del MoraBanc Andorra al Monbus Obradoiro - gijonbasket","isPartOf":{"@id":"https:\/\/gijonbasket.com\/#website"},"datePublished":"2025-08-01T05:15:04+00:00","dateModified":"2025-08-01T05:15:05+00:00","breadcrumb":{"@id":"https:\/\/gijonbasket.com\/2025\/08\/01\/felipe-dos-anjos-del-morabanc-andorra-al-monbus-obradoiro\/#breadcrumb"},"inLanguage":"en-US","potentialAction":[{"@type":"ReadAction","target":["https:\/\/gijonbasket.com\/2025\/08\/01\/felipe-dos-anjos-del-morabanc-andorra-al-monbus-obradoiro\/"]}]},{"@type":"BreadcrumbList","@id":"https:\/\/gijonbasket.com\/2025\/08\/01\/felipe-dos-anjos-del-morabanc-andorra-al-monbus-obradoiro\/#breadcrumb","itemListElement":[{"@type":"ListItem","position":1,"name":"Portada","item":"https:\/\/gijonbasket.com\/"},{"@type":"ListItem","position":2,"name":"Felipe Dos Anjos del MoraBanc Andorra al Monbus Obradoiro"}]},{"@type":"WebSite","@id":"https:\/\/gijonbasket.com\/#website","url":"https:\/\/gijonbasket.com\/","name":"gijonbasket","description":"","publisher":{"@id":"https:\/\/gijonbasket.com\/#organization"},"potentialAction":[{"@type":"SearchAction","target":{"@type":"EntryPoint","urlTemplate":"https:\/\/gijonbasket.com\/?s={search_term_string}"},"query-input":{"@type":"PropertyValueSpecification","valueRequired":true,"valueName":"search_term_string"}}],"inLanguage":"en-US"},{"@type":"Organization","@id":"https:\/\/gijonbasket.com\/#organization","name":"gijonbasket","url":"https:\/\/gijonbasket.com\/","logo":{"@type":"ImageObject","inLanguage":"en-US","@id":"https:\/\/gijonbasket.com\/#\/schema\/logo\/image\/","url":"https:\/\/gijonbasket.com\/wp-content\/uploads\/2023\/03\/LogoGijonBasket2.jpg","contentUrl":"https:\/\/gijonbasket.com\/wp-content\/uploads\/2023\/03\/LogoGijonBasket2.jpg","width":2000,"height":550,"caption":"gijonbasket"},"image":{"@id":"https:\/\/gijonbasket.com\/#\/schema\/logo\/image\/"}},{"@type":"Person","@id":"https:\/\/gijonbasket.com\/#\/schema\/person\/91af9ff03e8eab582ccc344b715907c0","name":"Cesar Morales","image":{"@type":"ImageObject","inLanguage":"en-US","@id":"https:\/\/gijonbasket.com\/#\/schema\/person\/image\/","url":"https:\/\/secure.gravatar.com\/avatar\/ab9ddf1e87f7580cae3deefb05a58c5cf4f0c7f96f033fd7dacc23f0e8d149ca?s=96&d=mm&r=g","contentUrl":"https:\/\/secure.gravatar.com\/avatar\/ab9ddf1e87f7580cae3deefb05a58c5cf4f0c7f96f033fd7dacc23f0e8d149ca?s=96&d=mm&r=g","caption":"Cesar Morales"},"url":"https:\/\/gijonbasket.com\/en\/author\/cesar\/"}]}},"_links":{"self":[{"href":"https:\/\/gijonbasket.com\/en\/wp-json\/wp\/v2\/posts\/7800","targetHints":{"allow":["GET"]}}],"collection":[{"href":"https:\/\/gijonbasket.com\/en\/wp-json\/wp\/v2\/posts"}],"about":[{"href":"https:\/\/gijonbasket.com\/en\/wp-json\/wp\/v2\/types\/post"}],"author":[{"embeddable":true,"href":"https:\/\/gijonbasket.com\/en\/wp-json\/wp\/v2\/users\/2"}],"replies":[{"embeddable":true,"href":"https:\/\/gijonbasket.com\/en\/wp-json\/wp\/v2\/comments?post=7800"}],"version-history":[{"count":1,"href":"https:\/\/gijonbasket.com\/en\/wp-json\/wp\/v2\/posts\/7800\/revisions"}],"predecessor-version":[{"id":7801,"href":"https:\/\/gijonbasket.com\/en\/wp-json\/wp\/v2\/posts\/7800\/revisions\/7801"}],"wp:attachment":[{"href":"https:\/\/gijonbasket.com\/en\/wp-json\/wp\/v2\/media?parent=7800"}],"wp:term":[{"taxonomy":"category","embeddable":true,"href":"https:\/\/gijonbasket.com\/en\/wp-json\/wp\/v2\/categories?post=7800"},{"taxonomy":"post_tag","embeddable":true,"href":"https:\/\/gijonbasket.com\/en\/wp-json\/wp\/v2\/tags?post=7800"}],"curies":[{"name":"wp","href":"https:\/\/api.w.org\/{rel}","templated":true}]}}