{"id":7812,"date":"2025-08-01T21:31:27","date_gmt":"2025-08-01T19:31:27","guid":{"rendered":"https:\/\/gijonbasket.com\/?p=7812"},"modified":"2025-08-01T21:31:31","modified_gmt":"2025-08-01T19:31:31","slug":"david-jimenez-tercera-renovacion-de-gijon-basket","status":"publish","type":"post","link":"https:\/\/gijonbasket.com\/en\/2025\/08\/01\/david-jimenez-tercera-renovacion-de-gijon-basket\/","title":{"rendered":"David Jim\u00e9nez tercera renovaci\u00f3n de Gij\u00f3n Basket"},"content":{"rendered":"<p>Gij\u00f3n Basket anunci\u00f3 la renovaci\u00f3n de contrato a David Jim\u00e9nez para la temporada 2025\/2026.<\/p>\n\n\n\n<p>El escolta gijon\u00e9s de 23 a\u00f1os y 1.93 m. cumplir\u00e1 su tercera temporada en Gij\u00f3n Basket.<\/p>\n\n\n\n<p>David Jim\u00e9nez se estren\u00f3 con Gij\u00f3n Basket en la fat\u00eddica temporada 2023\/2024, en la que el conjunto rojiblanco perdi\u00f3 la categor\u00eda en Liga EBA. Fue una temporada en la que para el escolta gijon\u00e9s estuvo marcada por las lesiones, para disputar 15 encuentros con unas medias de 1.5 ppp; 1 rpp.<\/p>\n\n\n\n<p>Sus inicios en el mundo del baloncesto se produjeron en el Colegion Ursulinas para despu\u00e9s recalar en el C.B. Pumar\u00edn.<\/p>\n\n\n\n<p>En la temporada 2020\/2021 debut\u00f3 en LEB Plata con el C\u00edrculo Gij\u00f3n Baloncesto.<\/p>\n\n\n\n<p>La pasada temporada David Jim\u00e9nez firm\u00f3 unas estad\u00edsticas de 7 ppp; 3.4 rpp en 24 partidos.<\/p>\n\n\n\n<p>La plantilla de Gij\u00f3n Basket 2025\/2026 est\u00e1 compuesta por las renovaciones de David Jim\u00e9nez, Jacobo Gonz\u00e1lez y Marcos Lago.<\/p>","protected":false},"excerpt":{"rendered":"<p>Gij\u00f3n Basket anunci\u00f3 la renovaci\u00f3n de contrato a David Jim\u00e9nez para la temporada 2025\/2026. El escolta gijon\u00e9s de 23 a\u00f1os y 1.93 m. cumplir\u00e1 su tercera temporada en Gij\u00f3n Basket. David Jim\u00e9nez se estren\u00f3 con Gij\u00f3n Basket en la fat\u00eddica temporada 2023\/2024, en la que el conjunto rojiblanco perdi\u00f3 la categor\u00eda en Liga EBA. Fue&hellip;&nbsp;<a href=\"https:\/\/gijonbasket.com\/en\/2025\/08\/01\/david-jimenez-tercera-renovacion-de-gijon-basket\/\" class=\"\" rel=\"bookmark\">Read More &raquo;<span class=\"screen-reader-text\">David Jim\u00e9nez tercera renovaci\u00f3n de Gij\u00f3n Basket<\/span><\/a><\/p>","protected":false},"author":2,"featured_media":0,"comment_status":"open","ping_status":"open","sticky":false,"template":"","format":"standard","meta":{"neve_meta_sidebar":"","neve_meta_container":"","neve_meta_enable_content_width":"","neve_meta_content_width":0,"neve_meta_title_alignment":"","neve_meta_author_avatar":"","neve_post_elements_order":"","neve_meta_disable_header":"","neve_meta_disable_footer":"","neve_meta_disable_title":"","footnotes":""},"categories":[4],"tags":[],"class_list":["post-7812","post","type-post","status-publish","format-standard","hentry","category-noticias"],"yoast_head":"<!-- This site is optimized with the Yoast SEO plugin v23.4 - https:\/\/yoast.com\/wordpress\/plugins\/seo\/ -->\n<title>David Jim\u00e9nez tercera renovaci\u00f3n de Gij\u00f3n Basket - gijonbasket<\/title>\n<meta name=\"robots\" content=\"index, follow, max-snippet:-1, max-image-preview:large, max-video-preview:-1\" \/>\n<link rel=\"canonical\" href=\"https:\/\/gijonbasket.com\/en\/2025\/08\/01\/david-jimenez-tercera-renovacion-de-gijon-basket\/\" \/>\n<meta property=\"og:locale\" content=\"en_US\" \/>\n<meta property=\"og:type\" content=\"article\" \/>\n<meta property=\"og:title\" content=\"David Jim\u00e9nez tercera renovaci\u00f3n de Gij\u00f3n Basket - gijonbasket\" \/>\n<meta property=\"og:description\" content=\"Gij\u00f3n Basket anunci\u00f3 la renovaci\u00f3n de contrato a David Jim\u00e9nez para la temporada 2025\/2026. El escolta gijon\u00e9s de 23 a\u00f1os y 1.93 m. cumplir\u00e1 su tercera temporada en Gij\u00f3n Basket. David Jim\u00e9nez se estren\u00f3 con Gij\u00f3n Basket en la fat\u00eddica temporada 2023\/2024, en la que el conjunto rojiblanco perdi\u00f3 la categor\u00eda en Liga EBA. Fue&hellip;&nbsp;Read More &raquo;David Jim\u00e9nez tercera renovaci\u00f3n de Gij\u00f3n Basket\" \/>\n<meta property=\"og:url\" content=\"https:\/\/gijonbasket.com\/en\/2025\/08\/01\/david-jimenez-tercera-renovacion-de-gijon-basket\/\" \/>\n<meta property=\"og:site_name\" content=\"gijonbasket\" \/>\n<meta property=\"article:published_time\" content=\"2025-08-01T19:31:27+00:00\" \/>\n<meta property=\"article:modified_time\" content=\"2025-08-01T19:31:31+00:00\" \/>\n<meta name=\"author\" content=\"Cesar Morales\" \/>\n<meta name=\"twitter:card\" content=\"summary_large_image\" \/>\n<meta name=\"twitter:label1\" content=\"Written by\" \/>\n\t<meta name=\"twitter:data1\" content=\"Cesar Morales\" \/>\n\t<meta name=\"twitter:label2\" content=\"Est. reading time\" \/>\n\t<meta name=\"twitter:data2\" content=\"1 minute\" \/>\n<script type=\"application\/ld+json\" class=\"yoast-schema-graph\">{\"@context\":\"https:\/\/schema.org\",\"@graph\":[{\"@type\":\"Article\",\"@id\":\"https:\/\/gijonbasket.com\/2025\/08\/01\/david-jimenez-tercera-renovacion-de-gijon-basket\/#article\",\"isPartOf\":{\"@id\":\"https:\/\/gijonbasket.com\/2025\/08\/01\/david-jimenez-tercera-renovacion-de-gijon-basket\/\"},\"author\":{\"name\":\"Cesar Morales\",\"@id\":\"https:\/\/gijonbasket.com\/#\/schema\/person\/91af9ff03e8eab582ccc344b715907c0\"},\"headline\":\"David Jim\u00e9nez tercera renovaci\u00f3n de Gij\u00f3n Basket\",\"datePublished\":\"2025-08-01T19:31:27+00:00\",\"dateModified\":\"2025-08-01T19:31:31+00:00\",\"mainEntityOfPage\":{\"@id\":\"https:\/\/gijonbasket.com\/2025\/08\/01\/david-jimenez-tercera-renovacion-de-gijon-basket\/\"},\"wordCount\":168,\"commentCount\":0,\"publisher\":{\"@id\":\"https:\/\/gijonbasket.com\/#organization\"},\"articleSection\":[\"noticias\"],\"inLanguage\":\"en-US\",\"potentialAction\":[{\"@type\":\"CommentAction\",\"name\":\"Comment\",\"target\":[\"https:\/\/gijonbasket.com\/2025\/08\/01\/david-jimenez-tercera-renovacion-de-gijon-basket\/#respond\"]}]},{\"@type\":\"WebPage\",\"@id\":\"https:\/\/gijonbasket.com\/2025\/08\/01\/david-jimenez-tercera-renovacion-de-gijon-basket\/\",\"url\":\"https:\/\/gijonbasket.com\/2025\/08\/01\/david-jimenez-tercera-renovacion-de-gijon-basket\/\",\"name\":\"David Jim\u00e9nez tercera renovaci\u00f3n de Gij\u00f3n Basket - gijonbasket\",\"isPartOf\":{\"@id\":\"https:\/\/gijonbasket.com\/#website\"},\"datePublished\":\"2025-08-01T19:31:27+00:00\",\"dateModified\":\"2025-08-01T19:31:31+00:00\",\"breadcrumb\":{\"@id\":\"https:\/\/gijonbasket.com\/2025\/08\/01\/david-jimenez-tercera-renovacion-de-gijon-basket\/#breadcrumb\"},\"inLanguage\":\"en-US\",\"potentialAction\":[{\"@type\":\"ReadAction\",\"target\":[\"https:\/\/gijonbasket.com\/2025\/08\/01\/david-jimenez-tercera-renovacion-de-gijon-basket\/\"]}]},{\"@type\":\"BreadcrumbList\",\"@id\":\"https:\/\/gijonbasket.com\/2025\/08\/01\/david-jimenez-tercera-renovacion-de-gijon-basket\/#breadcrumb\",\"itemListElement\":[{\"@type\":\"ListItem\",\"position\":1,\"name\":\"Portada\",\"item\":\"https:\/\/gijonbasket.com\/\"},{\"@type\":\"ListItem\",\"position\":2,\"name\":\"David Jim\u00e9nez tercera renovaci\u00f3n de Gij\u00f3n Basket\"}]},{\"@type\":\"WebSite\",\"@id\":\"https:\/\/gijonbasket.com\/#website\",\"url\":\"https:\/\/gijonbasket.com\/\",\"name\":\"gijonbasket\",\"description\":\"\",\"publisher\":{\"@id\":\"https:\/\/gijonbasket.com\/#organization\"},\"potentialAction\":[{\"@type\":\"SearchAction\",\"target\":{\"@type\":\"EntryPoint\",\"urlTemplate\":\"https:\/\/gijonbasket.com\/?s={search_term_string}\"},\"query-input\":{\"@type\":\"PropertyValueSpecification\",\"valueRequired\":true,\"valueName\":\"search_term_string\"}}],\"inLanguage\":\"en-US\"},{\"@type\":\"Organization\",\"@id\":\"https:\/\/gijonbasket.com\/#organization\",\"name\":\"gijonbasket\",\"url\":\"https:\/\/gijonbasket.com\/\",\"logo\":{\"@type\":\"ImageObject\",\"inLanguage\":\"en-US\",\"@id\":\"https:\/\/gijonbasket.com\/#\/schema\/logo\/image\/\",\"url\":\"https:\/\/gijonbasket.com\/wp-content\/uploads\/2023\/03\/LogoGijonBasket2.jpg\",\"contentUrl\":\"https:\/\/gijonbasket.com\/wp-content\/uploads\/2023\/03\/LogoGijonBasket2.jpg\",\"width\":2000,\"height\":550,\"caption\":\"gijonbasket\"},\"image\":{\"@id\":\"https:\/\/gijonbasket.com\/#\/schema\/logo\/image\/\"}},{\"@type\":\"Person\",\"@id\":\"https:\/\/gijonbasket.com\/#\/schema\/person\/91af9ff03e8eab582ccc344b715907c0\",\"name\":\"Cesar Morales\",\"image\":{\"@type\":\"ImageObject\",\"inLanguage\":\"en-US\",\"@id\":\"https:\/\/gijonbasket.com\/#\/schema\/person\/image\/\",\"url\":\"https:\/\/secure.gravatar.com\/avatar\/ab9ddf1e87f7580cae3deefb05a58c5cf4f0c7f96f033fd7dacc23f0e8d149ca?s=96&d=mm&r=g\",\"contentUrl\":\"https:\/\/secure.gravatar.com\/avatar\/ab9ddf1e87f7580cae3deefb05a58c5cf4f0c7f96f033fd7dacc23f0e8d149ca?s=96&d=mm&r=g\",\"caption\":\"Cesar Morales\"},\"url\":\"https:\/\/gijonbasket.com\/en\/author\/cesar\/\"}]}<\/script>\n<!-- \/ Yoast SEO plugin. -->","yoast_head_json":{"title":"David Jim\u00e9nez tercera renovaci\u00f3n de Gij\u00f3n Basket - gijonbasket","robots":{"index":"index","follow":"follow","max-snippet":"max-snippet:-1","max-image-preview":"max-image-preview:large","max-video-preview":"max-video-preview:-1"},"canonical":"https:\/\/gijonbasket.com\/en\/2025\/08\/01\/david-jimenez-tercera-renovacion-de-gijon-basket\/","og_locale":"en_US","og_type":"article","og_title":"David Jim\u00e9nez tercera renovaci\u00f3n de Gij\u00f3n Basket - gijonbasket","og_description":"Gij\u00f3n Basket anunci\u00f3 la renovaci\u00f3n de contrato a David Jim\u00e9nez para la temporada 2025\/2026. El escolta gijon\u00e9s de 23 a\u00f1os y 1.93 m. cumplir\u00e1 su tercera temporada en Gij\u00f3n Basket. David Jim\u00e9nez se estren\u00f3 con Gij\u00f3n Basket en la fat\u00eddica temporada 2023\/2024, en la que el conjunto rojiblanco perdi\u00f3 la categor\u00eda en Liga EBA. Fue&hellip;&nbsp;Read More &raquo;David Jim\u00e9nez tercera renovaci\u00f3n de Gij\u00f3n Basket","og_url":"https:\/\/gijonbasket.com\/en\/2025\/08\/01\/david-jimenez-tercera-renovacion-de-gijon-basket\/","og_site_name":"gijonbasket","article_published_time":"2025-08-01T19:31:27+00:00","article_modified_time":"2025-08-01T19:31:31+00:00","author":"Cesar Morales","twitter_card":"summary_large_image","twitter_misc":{"Written by":"Cesar Morales","Est. reading time":"1 minute"},"schema":{"@context":"https:\/\/schema.org","@graph":[{"@type":"Article","@id":"https:\/\/gijonbasket.com\/2025\/08\/01\/david-jimenez-tercera-renovacion-de-gijon-basket\/#article","isPartOf":{"@id":"https:\/\/gijonbasket.com\/2025\/08\/01\/david-jimenez-tercera-renovacion-de-gijon-basket\/"},"author":{"name":"Cesar Morales","@id":"https:\/\/gijonbasket.com\/#\/schema\/person\/91af9ff03e8eab582ccc344b715907c0"},"headline":"David Jim\u00e9nez tercera renovaci\u00f3n de Gij\u00f3n Basket","datePublished":"2025-08-01T19:31:27+00:00","dateModified":"2025-08-01T19:31:31+00:00","mainEntityOfPage":{"@id":"https:\/\/gijonbasket.com\/2025\/08\/01\/david-jimenez-tercera-renovacion-de-gijon-basket\/"},"wordCount":168,"commentCount":0,"publisher":{"@id":"https:\/\/gijonbasket.com\/#organization"},"articleSection":["noticias"],"inLanguage":"en-US","potentialAction":[{"@type":"CommentAction","name":"Comment","target":["https:\/\/gijonbasket.com\/2025\/08\/01\/david-jimenez-tercera-renovacion-de-gijon-basket\/#respond"]}]},{"@type":"WebPage","@id":"https:\/\/gijonbasket.com\/2025\/08\/01\/david-jimenez-tercera-renovacion-de-gijon-basket\/","url":"https:\/\/gijonbasket.com\/2025\/08\/01\/david-jimenez-tercera-renovacion-de-gijon-basket\/","name":"David Jim\u00e9nez tercera renovaci\u00f3n de Gij\u00f3n Basket - gijonbasket","isPartOf":{"@id":"https:\/\/gijonbasket.com\/#website"},"datePublished":"2025-08-01T19:31:27+00:00","dateModified":"2025-08-01T19:31:31+00:00","breadcrumb":{"@id":"https:\/\/gijonbasket.com\/2025\/08\/01\/david-jimenez-tercera-renovacion-de-gijon-basket\/#breadcrumb"},"inLanguage":"en-US","potentialAction":[{"@type":"ReadAction","target":["https:\/\/gijonbasket.com\/2025\/08\/01\/david-jimenez-tercera-renovacion-de-gijon-basket\/"]}]},{"@type":"BreadcrumbList","@id":"https:\/\/gijonbasket.com\/2025\/08\/01\/david-jimenez-tercera-renovacion-de-gijon-basket\/#breadcrumb","itemListElement":[{"@type":"ListItem","position":1,"name":"Portada","item":"https:\/\/gijonbasket.com\/"},{"@type":"ListItem","position":2,"name":"David Jim\u00e9nez tercera renovaci\u00f3n de Gij\u00f3n Basket"}]},{"@type":"WebSite","@id":"https:\/\/gijonbasket.com\/#website","url":"https:\/\/gijonbasket.com\/","name":"gijonbasket","description":"","publisher":{"@id":"https:\/\/gijonbasket.com\/#organization"},"potentialAction":[{"@type":"SearchAction","target":{"@type":"EntryPoint","urlTemplate":"https:\/\/gijonbasket.com\/?s={search_term_string}"},"query-input":{"@type":"PropertyValueSpecification","valueRequired":true,"valueName":"search_term_string"}}],"inLanguage":"en-US"},{"@type":"Organization","@id":"https:\/\/gijonbasket.com\/#organization","name":"gijonbasket","url":"https:\/\/gijonbasket.com\/","logo":{"@type":"ImageObject","inLanguage":"en-US","@id":"https:\/\/gijonbasket.com\/#\/schema\/logo\/image\/","url":"https:\/\/gijonbasket.com\/wp-content\/uploads\/2023\/03\/LogoGijonBasket2.jpg","contentUrl":"https:\/\/gijonbasket.com\/wp-content\/uploads\/2023\/03\/LogoGijonBasket2.jpg","width":2000,"height":550,"caption":"gijonbasket"},"image":{"@id":"https:\/\/gijonbasket.com\/#\/schema\/logo\/image\/"}},{"@type":"Person","@id":"https:\/\/gijonbasket.com\/#\/schema\/person\/91af9ff03e8eab582ccc344b715907c0","name":"Cesar Morales","image":{"@type":"ImageObject","inLanguage":"en-US","@id":"https:\/\/gijonbasket.com\/#\/schema\/person\/image\/","url":"https:\/\/secure.gravatar.com\/avatar\/ab9ddf1e87f7580cae3deefb05a58c5cf4f0c7f96f033fd7dacc23f0e8d149ca?s=96&d=mm&r=g","contentUrl":"https:\/\/secure.gravatar.com\/avatar\/ab9ddf1e87f7580cae3deefb05a58c5cf4f0c7f96f033fd7dacc23f0e8d149ca?s=96&d=mm&r=g","caption":"Cesar Morales"},"url":"https:\/\/gijonbasket.com\/en\/author\/cesar\/"}]}},"_links":{"self":[{"href":"https:\/\/gijonbasket.com\/en\/wp-json\/wp\/v2\/posts\/7812","targetHints":{"allow":["GET"]}}],"collection":[{"href":"https:\/\/gijonbasket.com\/en\/wp-json\/wp\/v2\/posts"}],"about":[{"href":"https:\/\/gijonbasket.com\/en\/wp-json\/wp\/v2\/types\/post"}],"author":[{"embeddable":true,"href":"https:\/\/gijonbasket.com\/en\/wp-json\/wp\/v2\/users\/2"}],"replies":[{"embeddable":true,"href":"https:\/\/gijonbasket.com\/en\/wp-json\/wp\/v2\/comments?post=7812"}],"version-history":[{"count":1,"href":"https:\/\/gijonbasket.com\/en\/wp-json\/wp\/v2\/posts\/7812\/revisions"}],"predecessor-version":[{"id":7813,"href":"https:\/\/gijonbasket.com\/en\/wp-json\/wp\/v2\/posts\/7812\/revisions\/7813"}],"wp:attachment":[{"href":"https:\/\/gijonbasket.com\/en\/wp-json\/wp\/v2\/media?parent=7812"}],"wp:term":[{"taxonomy":"category","embeddable":true,"href":"https:\/\/gijonbasket.com\/en\/wp-json\/wp\/v2\/categories?post=7812"},{"taxonomy":"post_tag","embeddable":true,"href":"https:\/\/gijonbasket.com\/en\/wp-json\/wp\/v2\/tags?post=7812"}],"curies":[{"name":"wp","href":"https:\/\/api.w.org\/{rel}","templated":true}]}}