{"id":7814,"date":"2025-08-01T23:05:10","date_gmt":"2025-08-01T21:05:10","guid":{"rendered":"https:\/\/gijonbasket.com\/?p=7814"},"modified":"2025-08-02T06:53:46","modified_gmt":"2025-08-02T04:53:46","slug":"calendario-para-el-alimerka-oviedo-baloncesto-2025-2026-movistar-estudiantes-para-el-debut-en-el-palacio-de-los-deportes-de-oviedo","status":"publish","type":"post","link":"https:\/\/gijonbasket.com\/en\/2025\/08\/01\/calendario-para-el-alimerka-oviedo-baloncesto-2025-2026-movistar-estudiantes-para-el-debut-en-el-palacio-de-los-deportes-de-oviedo\/","title":{"rendered":"Calendario para el Alimerka Oviedo Baloncesto 2025\/2026. Movistar Estudiantes para el debut en el Palacio de los Deportes de Oviedo."},"content":{"rendered":"<p>El Alimerka Oviedo Baloncesto estrenar\u00e1 el Palacio de los Deportes de Oviedo en partido oficial recibiendo al Movistar Estudiantes en la primera jornada de Primera FEB. <\/p>\n\n\n\n<p>Un equipo hist\u00f3rico como el Movistar Estudiantes para una fecha para el recuerdo el domingo 28 de septiembre a las 17:00.<\/p>\n\n\n\n<p>En la Jornada 2, el Alimerka Oviedo Baloncesto rendir\u00e1 visita a la pista del Leyma Coru\u00f1a que la pasada temporada descendi\u00f3 de Liga Endesa.<\/p>\n\n\n\n<p>Con una competici\u00f3n compuesta por 17 equipos, cada jornada tendr\u00e1 un equipo sin competir.<\/p>\n\n\n\n<p>El Alimerka Oviedo Baloncesto tendr\u00e1 las dos jornadas de descanso que ser\u00e1n en la 12 y 32.<\/p>\n\n\n\n<p>De cara al periodo navide\u00f1o, el Alimerka Oviedo Baloncesto recibir\u00e1 el 28 de diciembre al Club Ourense Baloncesto.<\/p>\n\n\n\n<p>Cierre de a\u00f1o en casa y estreno de 2026 tambi\u00e9n como local para recibir al Fibwi Mallorca Basquet Palma (4 enero).<\/p>\n\n\n\n<p>El \u00faltimo partido de la temporada regular llevar\u00e1 al Alimerka Oviedo Baloncesto a tierras orensanas para jugar ante el Club Ourense Baloncesto (8 mayo).<\/p>","protected":false},"excerpt":{"rendered":"<p>El Alimerka Oviedo Baloncesto estrenar\u00e1 el Palacio de los Deportes de Oviedo en partido oficial recibiendo al Movistar Estudiantes en la primera jornada de Primera FEB. Un equipo hist\u00f3rico como el Movistar Estudiantes para una fecha para el recuerdo el domingo 28 de septiembre a las 17:00. En la Jornada 2, el Alimerka Oviedo Baloncesto&hellip;&nbsp;<a href=\"https:\/\/gijonbasket.com\/en\/2025\/08\/01\/calendario-para-el-alimerka-oviedo-baloncesto-2025-2026-movistar-estudiantes-para-el-debut-en-el-palacio-de-los-deportes-de-oviedo\/\" class=\"\" rel=\"bookmark\">Read More &raquo;<span class=\"screen-reader-text\">Calendario para el Alimerka Oviedo Baloncesto 2025\/2026. Movistar Estudiantes para el debut en el Palacio de los Deportes de Oviedo.<\/span><\/a><\/p>","protected":false},"author":2,"featured_media":0,"comment_status":"open","ping_status":"open","sticky":false,"template":"","format":"standard","meta":{"neve_meta_sidebar":"","neve_meta_container":"","neve_meta_enable_content_width":"","neve_meta_content_width":0,"neve_meta_title_alignment":"","neve_meta_author_avatar":"","neve_post_elements_order":"","neve_meta_disable_header":"","neve_meta_disable_footer":"","neve_meta_disable_title":"","footnotes":""},"categories":[4],"tags":[],"class_list":["post-7814","post","type-post","status-publish","format-standard","hentry","category-noticias"],"yoast_head":"<!-- This site is optimized with the Yoast SEO plugin v23.4 - https:\/\/yoast.com\/wordpress\/plugins\/seo\/ -->\n<title>Calendario para el Alimerka Oviedo Baloncesto 2025\/2026. Movistar Estudiantes para el debut en el Palacio de los Deportes de Oviedo. - gijonbasket<\/title>\n<meta name=\"robots\" content=\"index, follow, max-snippet:-1, max-image-preview:large, max-video-preview:-1\" \/>\n<link rel=\"canonical\" href=\"https:\/\/gijonbasket.com\/en\/2025\/08\/01\/calendario-para-el-alimerka-oviedo-baloncesto-2025-2026-movistar-estudiantes-para-el-debut-en-el-palacio-de-los-deportes-de-oviedo\/\" \/>\n<meta property=\"og:locale\" content=\"en_US\" \/>\n<meta property=\"og:type\" content=\"article\" \/>\n<meta property=\"og:title\" content=\"Calendario para el Alimerka Oviedo Baloncesto 2025\/2026. Movistar Estudiantes para el debut en el Palacio de los Deportes de Oviedo. - gijonbasket\" \/>\n<meta property=\"og:description\" content=\"El Alimerka Oviedo Baloncesto estrenar\u00e1 el Palacio de los Deportes de Oviedo en partido oficial recibiendo al Movistar Estudiantes en la primera jornada de Primera FEB. Un equipo hist\u00f3rico como el Movistar Estudiantes para una fecha para el recuerdo el domingo 28 de septiembre a las 17:00. En la Jornada 2, el Alimerka Oviedo Baloncesto&hellip;&nbsp;Read More &raquo;Calendario para el Alimerka Oviedo Baloncesto 2025\/2026. Movistar Estudiantes para el debut en el Palacio de los Deportes de Oviedo.\" \/>\n<meta property=\"og:url\" content=\"https:\/\/gijonbasket.com\/en\/2025\/08\/01\/calendario-para-el-alimerka-oviedo-baloncesto-2025-2026-movistar-estudiantes-para-el-debut-en-el-palacio-de-los-deportes-de-oviedo\/\" \/>\n<meta property=\"og:site_name\" content=\"gijonbasket\" \/>\n<meta property=\"article:published_time\" content=\"2025-08-01T21:05:10+00:00\" \/>\n<meta property=\"article:modified_time\" content=\"2025-08-02T04:53:46+00:00\" \/>\n<meta name=\"author\" content=\"Cesar Morales\" \/>\n<meta name=\"twitter:card\" content=\"summary_large_image\" \/>\n<meta name=\"twitter:label1\" content=\"Written by\" \/>\n\t<meta name=\"twitter:data1\" content=\"Cesar Morales\" \/>\n\t<meta name=\"twitter:label2\" content=\"Est. reading time\" \/>\n\t<meta name=\"twitter:data2\" content=\"1 minute\" \/>\n<script type=\"application\/ld+json\" class=\"yoast-schema-graph\">{\"@context\":\"https:\/\/schema.org\",\"@graph\":[{\"@type\":\"Article\",\"@id\":\"https:\/\/gijonbasket.com\/2025\/08\/01\/calendario-para-el-alimerka-oviedo-baloncesto-2025-2026-movistar-estudiantes-para-el-debut-en-el-palacio-de-los-deportes-de-oviedo\/#article\",\"isPartOf\":{\"@id\":\"https:\/\/gijonbasket.com\/2025\/08\/01\/calendario-para-el-alimerka-oviedo-baloncesto-2025-2026-movistar-estudiantes-para-el-debut-en-el-palacio-de-los-deportes-de-oviedo\/\"},\"author\":{\"name\":\"Cesar Morales\",\"@id\":\"https:\/\/gijonbasket.com\/#\/schema\/person\/91af9ff03e8eab582ccc344b715907c0\"},\"headline\":\"Calendario para el Alimerka Oviedo Baloncesto 2025\/2026. Movistar Estudiantes para el debut en el Palacio de los Deportes de Oviedo.\",\"datePublished\":\"2025-08-01T21:05:10+00:00\",\"dateModified\":\"2025-08-02T04:53:46+00:00\",\"mainEntityOfPage\":{\"@id\":\"https:\/\/gijonbasket.com\/2025\/08\/01\/calendario-para-el-alimerka-oviedo-baloncesto-2025-2026-movistar-estudiantes-para-el-debut-en-el-palacio-de-los-deportes-de-oviedo\/\"},\"wordCount\":181,\"commentCount\":0,\"publisher\":{\"@id\":\"https:\/\/gijonbasket.com\/#organization\"},\"articleSection\":[\"noticias\"],\"inLanguage\":\"en-US\",\"potentialAction\":[{\"@type\":\"CommentAction\",\"name\":\"Comment\",\"target\":[\"https:\/\/gijonbasket.com\/2025\/08\/01\/calendario-para-el-alimerka-oviedo-baloncesto-2025-2026-movistar-estudiantes-para-el-debut-en-el-palacio-de-los-deportes-de-oviedo\/#respond\"]}]},{\"@type\":\"WebPage\",\"@id\":\"https:\/\/gijonbasket.com\/2025\/08\/01\/calendario-para-el-alimerka-oviedo-baloncesto-2025-2026-movistar-estudiantes-para-el-debut-en-el-palacio-de-los-deportes-de-oviedo\/\",\"url\":\"https:\/\/gijonbasket.com\/2025\/08\/01\/calendario-para-el-alimerka-oviedo-baloncesto-2025-2026-movistar-estudiantes-para-el-debut-en-el-palacio-de-los-deportes-de-oviedo\/\",\"name\":\"Calendario para el Alimerka Oviedo Baloncesto 2025\/2026. Movistar Estudiantes para el debut en el Palacio de los Deportes de Oviedo. - gijonbasket\",\"isPartOf\":{\"@id\":\"https:\/\/gijonbasket.com\/#website\"},\"datePublished\":\"2025-08-01T21:05:10+00:00\",\"dateModified\":\"2025-08-02T04:53:46+00:00\",\"breadcrumb\":{\"@id\":\"https:\/\/gijonbasket.com\/2025\/08\/01\/calendario-para-el-alimerka-oviedo-baloncesto-2025-2026-movistar-estudiantes-para-el-debut-en-el-palacio-de-los-deportes-de-oviedo\/#breadcrumb\"},\"inLanguage\":\"en-US\",\"potentialAction\":[{\"@type\":\"ReadAction\",\"target\":[\"https:\/\/gijonbasket.com\/2025\/08\/01\/calendario-para-el-alimerka-oviedo-baloncesto-2025-2026-movistar-estudiantes-para-el-debut-en-el-palacio-de-los-deportes-de-oviedo\/\"]}]},{\"@type\":\"BreadcrumbList\",\"@id\":\"https:\/\/gijonbasket.com\/2025\/08\/01\/calendario-para-el-alimerka-oviedo-baloncesto-2025-2026-movistar-estudiantes-para-el-debut-en-el-palacio-de-los-deportes-de-oviedo\/#breadcrumb\",\"itemListElement\":[{\"@type\":\"ListItem\",\"position\":1,\"name\":\"Portada\",\"item\":\"https:\/\/gijonbasket.com\/\"},{\"@type\":\"ListItem\",\"position\":2,\"name\":\"Calendario para el Alimerka Oviedo Baloncesto 2025\/2026. Movistar Estudiantes para el debut en el Palacio de los Deportes de Oviedo.\"}]},{\"@type\":\"WebSite\",\"@id\":\"https:\/\/gijonbasket.com\/#website\",\"url\":\"https:\/\/gijonbasket.com\/\",\"name\":\"gijonbasket\",\"description\":\"\",\"publisher\":{\"@id\":\"https:\/\/gijonbasket.com\/#organization\"},\"potentialAction\":[{\"@type\":\"SearchAction\",\"target\":{\"@type\":\"EntryPoint\",\"urlTemplate\":\"https:\/\/gijonbasket.com\/?s={search_term_string}\"},\"query-input\":{\"@type\":\"PropertyValueSpecification\",\"valueRequired\":true,\"valueName\":\"search_term_string\"}}],\"inLanguage\":\"en-US\"},{\"@type\":\"Organization\",\"@id\":\"https:\/\/gijonbasket.com\/#organization\",\"name\":\"gijonbasket\",\"url\":\"https:\/\/gijonbasket.com\/\",\"logo\":{\"@type\":\"ImageObject\",\"inLanguage\":\"en-US\",\"@id\":\"https:\/\/gijonbasket.com\/#\/schema\/logo\/image\/\",\"url\":\"https:\/\/gijonbasket.com\/wp-content\/uploads\/2023\/03\/LogoGijonBasket2.jpg\",\"contentUrl\":\"https:\/\/gijonbasket.com\/wp-content\/uploads\/2023\/03\/LogoGijonBasket2.jpg\",\"width\":2000,\"height\":550,\"caption\":\"gijonbasket\"},\"image\":{\"@id\":\"https:\/\/gijonbasket.com\/#\/schema\/logo\/image\/\"}},{\"@type\":\"Person\",\"@id\":\"https:\/\/gijonbasket.com\/#\/schema\/person\/91af9ff03e8eab582ccc344b715907c0\",\"name\":\"Cesar Morales\",\"image\":{\"@type\":\"ImageObject\",\"inLanguage\":\"en-US\",\"@id\":\"https:\/\/gijonbasket.com\/#\/schema\/person\/image\/\",\"url\":\"https:\/\/secure.gravatar.com\/avatar\/ab9ddf1e87f7580cae3deefb05a58c5cf4f0c7f96f033fd7dacc23f0e8d149ca?s=96&d=mm&r=g\",\"contentUrl\":\"https:\/\/secure.gravatar.com\/avatar\/ab9ddf1e87f7580cae3deefb05a58c5cf4f0c7f96f033fd7dacc23f0e8d149ca?s=96&d=mm&r=g\",\"caption\":\"Cesar Morales\"},\"url\":\"https:\/\/gijonbasket.com\/en\/author\/cesar\/\"}]}<\/script>\n<!-- \/ Yoast SEO plugin. -->","yoast_head_json":{"title":"Calendario para el Alimerka Oviedo Baloncesto 2025\/2026. Movistar Estudiantes para el debut en el Palacio de los Deportes de Oviedo. - gijonbasket","robots":{"index":"index","follow":"follow","max-snippet":"max-snippet:-1","max-image-preview":"max-image-preview:large","max-video-preview":"max-video-preview:-1"},"canonical":"https:\/\/gijonbasket.com\/en\/2025\/08\/01\/calendario-para-el-alimerka-oviedo-baloncesto-2025-2026-movistar-estudiantes-para-el-debut-en-el-palacio-de-los-deportes-de-oviedo\/","og_locale":"en_US","og_type":"article","og_title":"Calendario para el Alimerka Oviedo Baloncesto 2025\/2026. Movistar Estudiantes para el debut en el Palacio de los Deportes de Oviedo. - gijonbasket","og_description":"El Alimerka Oviedo Baloncesto estrenar\u00e1 el Palacio de los Deportes de Oviedo en partido oficial recibiendo al Movistar Estudiantes en la primera jornada de Primera FEB. Un equipo hist\u00f3rico como el Movistar Estudiantes para una fecha para el recuerdo el domingo 28 de septiembre a las 17:00. En la Jornada 2, el Alimerka Oviedo Baloncesto&hellip;&nbsp;Read More &raquo;Calendario para el Alimerka Oviedo Baloncesto 2025\/2026. Movistar Estudiantes para el debut en el Palacio de los Deportes de Oviedo.","og_url":"https:\/\/gijonbasket.com\/en\/2025\/08\/01\/calendario-para-el-alimerka-oviedo-baloncesto-2025-2026-movistar-estudiantes-para-el-debut-en-el-palacio-de-los-deportes-de-oviedo\/","og_site_name":"gijonbasket","article_published_time":"2025-08-01T21:05:10+00:00","article_modified_time":"2025-08-02T04:53:46+00:00","author":"Cesar Morales","twitter_card":"summary_large_image","twitter_misc":{"Written by":"Cesar Morales","Est. reading time":"1 minute"},"schema":{"@context":"https:\/\/schema.org","@graph":[{"@type":"Article","@id":"https:\/\/gijonbasket.com\/2025\/08\/01\/calendario-para-el-alimerka-oviedo-baloncesto-2025-2026-movistar-estudiantes-para-el-debut-en-el-palacio-de-los-deportes-de-oviedo\/#article","isPartOf":{"@id":"https:\/\/gijonbasket.com\/2025\/08\/01\/calendario-para-el-alimerka-oviedo-baloncesto-2025-2026-movistar-estudiantes-para-el-debut-en-el-palacio-de-los-deportes-de-oviedo\/"},"author":{"name":"Cesar Morales","@id":"https:\/\/gijonbasket.com\/#\/schema\/person\/91af9ff03e8eab582ccc344b715907c0"},"headline":"Calendario para el Alimerka Oviedo Baloncesto 2025\/2026. Movistar Estudiantes para el debut en el Palacio de los Deportes de Oviedo.","datePublished":"2025-08-01T21:05:10+00:00","dateModified":"2025-08-02T04:53:46+00:00","mainEntityOfPage":{"@id":"https:\/\/gijonbasket.com\/2025\/08\/01\/calendario-para-el-alimerka-oviedo-baloncesto-2025-2026-movistar-estudiantes-para-el-debut-en-el-palacio-de-los-deportes-de-oviedo\/"},"wordCount":181,"commentCount":0,"publisher":{"@id":"https:\/\/gijonbasket.com\/#organization"},"articleSection":["noticias"],"inLanguage":"en-US","potentialAction":[{"@type":"CommentAction","name":"Comment","target":["https:\/\/gijonbasket.com\/2025\/08\/01\/calendario-para-el-alimerka-oviedo-baloncesto-2025-2026-movistar-estudiantes-para-el-debut-en-el-palacio-de-los-deportes-de-oviedo\/#respond"]}]},{"@type":"WebPage","@id":"https:\/\/gijonbasket.com\/2025\/08\/01\/calendario-para-el-alimerka-oviedo-baloncesto-2025-2026-movistar-estudiantes-para-el-debut-en-el-palacio-de-los-deportes-de-oviedo\/","url":"https:\/\/gijonbasket.com\/2025\/08\/01\/calendario-para-el-alimerka-oviedo-baloncesto-2025-2026-movistar-estudiantes-para-el-debut-en-el-palacio-de-los-deportes-de-oviedo\/","name":"Calendario para el Alimerka Oviedo Baloncesto 2025\/2026. Movistar Estudiantes para el debut en el Palacio de los Deportes de Oviedo. - gijonbasket","isPartOf":{"@id":"https:\/\/gijonbasket.com\/#website"},"datePublished":"2025-08-01T21:05:10+00:00","dateModified":"2025-08-02T04:53:46+00:00","breadcrumb":{"@id":"https:\/\/gijonbasket.com\/2025\/08\/01\/calendario-para-el-alimerka-oviedo-baloncesto-2025-2026-movistar-estudiantes-para-el-debut-en-el-palacio-de-los-deportes-de-oviedo\/#breadcrumb"},"inLanguage":"en-US","potentialAction":[{"@type":"ReadAction","target":["https:\/\/gijonbasket.com\/2025\/08\/01\/calendario-para-el-alimerka-oviedo-baloncesto-2025-2026-movistar-estudiantes-para-el-debut-en-el-palacio-de-los-deportes-de-oviedo\/"]}]},{"@type":"BreadcrumbList","@id":"https:\/\/gijonbasket.com\/2025\/08\/01\/calendario-para-el-alimerka-oviedo-baloncesto-2025-2026-movistar-estudiantes-para-el-debut-en-el-palacio-de-los-deportes-de-oviedo\/#breadcrumb","itemListElement":[{"@type":"ListItem","position":1,"name":"Portada","item":"https:\/\/gijonbasket.com\/"},{"@type":"ListItem","position":2,"name":"Calendario para el Alimerka Oviedo Baloncesto 2025\/2026. Movistar Estudiantes para el debut en el Palacio de los Deportes de Oviedo."}]},{"@type":"WebSite","@id":"https:\/\/gijonbasket.com\/#website","url":"https:\/\/gijonbasket.com\/","name":"gijonbasket","description":"","publisher":{"@id":"https:\/\/gijonbasket.com\/#organization"},"potentialAction":[{"@type":"SearchAction","target":{"@type":"EntryPoint","urlTemplate":"https:\/\/gijonbasket.com\/?s={search_term_string}"},"query-input":{"@type":"PropertyValueSpecification","valueRequired":true,"valueName":"search_term_string"}}],"inLanguage":"en-US"},{"@type":"Organization","@id":"https:\/\/gijonbasket.com\/#organization","name":"gijonbasket","url":"https:\/\/gijonbasket.com\/","logo":{"@type":"ImageObject","inLanguage":"en-US","@id":"https:\/\/gijonbasket.com\/#\/schema\/logo\/image\/","url":"https:\/\/gijonbasket.com\/wp-content\/uploads\/2023\/03\/LogoGijonBasket2.jpg","contentUrl":"https:\/\/gijonbasket.com\/wp-content\/uploads\/2023\/03\/LogoGijonBasket2.jpg","width":2000,"height":550,"caption":"gijonbasket"},"image":{"@id":"https:\/\/gijonbasket.com\/#\/schema\/logo\/image\/"}},{"@type":"Person","@id":"https:\/\/gijonbasket.com\/#\/schema\/person\/91af9ff03e8eab582ccc344b715907c0","name":"Cesar Morales","image":{"@type":"ImageObject","inLanguage":"en-US","@id":"https:\/\/gijonbasket.com\/#\/schema\/person\/image\/","url":"https:\/\/secure.gravatar.com\/avatar\/ab9ddf1e87f7580cae3deefb05a58c5cf4f0c7f96f033fd7dacc23f0e8d149ca?s=96&d=mm&r=g","contentUrl":"https:\/\/secure.gravatar.com\/avatar\/ab9ddf1e87f7580cae3deefb05a58c5cf4f0c7f96f033fd7dacc23f0e8d149ca?s=96&d=mm&r=g","caption":"Cesar Morales"},"url":"https:\/\/gijonbasket.com\/en\/author\/cesar\/"}]}},"_links":{"self":[{"href":"https:\/\/gijonbasket.com\/en\/wp-json\/wp\/v2\/posts\/7814","targetHints":{"allow":["GET"]}}],"collection":[{"href":"https:\/\/gijonbasket.com\/en\/wp-json\/wp\/v2\/posts"}],"about":[{"href":"https:\/\/gijonbasket.com\/en\/wp-json\/wp\/v2\/types\/post"}],"author":[{"embeddable":true,"href":"https:\/\/gijonbasket.com\/en\/wp-json\/wp\/v2\/users\/2"}],"replies":[{"embeddable":true,"href":"https:\/\/gijonbasket.com\/en\/wp-json\/wp\/v2\/comments?post=7814"}],"version-history":[{"count":2,"href":"https:\/\/gijonbasket.com\/en\/wp-json\/wp\/v2\/posts\/7814\/revisions"}],"predecessor-version":[{"id":7817,"href":"https:\/\/gijonbasket.com\/en\/wp-json\/wp\/v2\/posts\/7814\/revisions\/7817"}],"wp:attachment":[{"href":"https:\/\/gijonbasket.com\/en\/wp-json\/wp\/v2\/media?parent=7814"}],"wp:term":[{"taxonomy":"category","embeddable":true,"href":"https:\/\/gijonbasket.com\/en\/wp-json\/wp\/v2\/categories?post=7814"},{"taxonomy":"post_tag","embeddable":true,"href":"https:\/\/gijonbasket.com\/en\/wp-json\/wp\/v2\/tags?post=7814"}],"curies":[{"name":"wp","href":"https:\/\/api.w.org\/{rel}","templated":true}]}}