{"id":7852,"date":"2025-08-04T08:58:06","date_gmt":"2025-08-04T06:58:06","guid":{"rendered":"https:\/\/gijonbasket.com\/?p=7852"},"modified":"2025-08-04T08:58:07","modified_gmt":"2025-08-04T06:58:07","slug":"kevin-larsen-una-temporada-mas-con-el-hla-alicante","status":"publish","type":"post","link":"https:\/\/gijonbasket.com\/en\/2025\/08\/04\/kevin-larsen-una-temporada-mas-con-el-hla-alicante\/","title":{"rendered":"Kevin Larsen una temporada m\u00e1s con el HLA Alicante"},"content":{"rendered":"<p>El HLA  Alicante anunci\u00f3 la renovaci\u00f3n de contrato a Kevin Larsen para la pr\u00f3xima temporada.<\/p>\n\n\n\n<p>P\u00edvot dan\u00e9s de 32 a\u00f1os y 2.08 m. que cumplir\u00e1 su segunda temporada en el HLA Alicante.<\/p>\n\n\n\n<p>Kevin Larsen se estren\u00f3 en Espa\u00f1a con el RETAbet Bilbao Basket en la temporada 2018\/2019 logrando el ascenso a Liga Endesa, primero de su carrera.<\/p>\n\n\n\n<p>El Chocolates Trapa Palencia fue su segundo equipo en Espa\u00f1a en la temporada 2019\/2020.<\/p>\n\n\n\n<p>La temporada 2020\/2021, recal\u00f3 en el R\u00edo Breog\u00e1n, logrando el doblete como Campe\u00f3n LEB Oro y Campe\u00f3n de la Copa Princesa de Asturias. Segundo ascenso a Liga Endesa de su carrera.<\/p>\n\n\n\n<p>Kevin Larsen debut\u00f3 en Liga Endesa con el R\u00edo Breog\u00e1n en la temporada 2021\/2022 pero s\u00f3lo disput\u00f3 6 encuentros con el conjunto lucense puesto que a finales del mes de diciembre de 2021, fue fichado por el Movistar Estudiantes para cubrir la baja de larga duraci\u00f3n de Darel Poirier.<\/p>\n\n\n\n<p>Con el conjunto colegial, Kevin Larsen milit\u00f3 las \u00faltimas tres temporadas en LEB Oro, con el amargo sabor de boca de quedarse a las puertas del ansiado ascenso a Liga Endesa. El Movistar Estudiantes perdi\u00f3 las Finales por el Ascenso en la temporada 2021\/2022 ante el B\u00e1squet Girona y la pasada campa\u00f1a ante el ICG For\u00e7a Lleida, siendo especialmente dolorosa la \u00faltima ante el conjunto ilerdense ya que se produjo ante su afici\u00f3n en el Madrid Arena.<\/p>\n\n\n\n<p>Kevin Larsen acumula siete temporadas en Competiciones FEB, repartidas en seis en LEB Oro m\u00e1s la pasada temporada en el estreno de la Primera FEB.<\/p>\n\n\n\n<p>La pasada temporada Kevin Larsen, con el HLA Alicante, promedi\u00f3 15.3 ppp; 6.9 rpp (Temporada Regular) y 6 ppp; 2 rpp (Copa Espa\u00f1a).<\/p>","protected":false},"excerpt":{"rendered":"<p>El HLA Alicante anunci\u00f3 la renovaci\u00f3n de contrato a Kevin Larsen para la pr\u00f3xima temporada. P\u00edvot dan\u00e9s de 32 a\u00f1os y 2.08 m. que cumplir\u00e1 su segunda temporada en el HLA Alicante. Kevin Larsen se estren\u00f3 en Espa\u00f1a con el RETAbet Bilbao Basket en la temporada 2018\/2019 logrando el ascenso a Liga Endesa, primero de&hellip;&nbsp;<a href=\"https:\/\/gijonbasket.com\/en\/2025\/08\/04\/kevin-larsen-una-temporada-mas-con-el-hla-alicante\/\" class=\"\" rel=\"bookmark\">Read More &raquo;<span class=\"screen-reader-text\">Kevin Larsen una temporada m\u00e1s con el HLA Alicante<\/span><\/a><\/p>","protected":false},"author":2,"featured_media":0,"comment_status":"open","ping_status":"open","sticky":false,"template":"","format":"standard","meta":{"neve_meta_sidebar":"","neve_meta_container":"","neve_meta_enable_content_width":"","neve_meta_content_width":0,"neve_meta_title_alignment":"","neve_meta_author_avatar":"","neve_post_elements_order":"","neve_meta_disable_header":"","neve_meta_disable_footer":"","neve_meta_disable_title":"","footnotes":""},"categories":[4],"tags":[],"class_list":["post-7852","post","type-post","status-publish","format-standard","hentry","category-noticias"],"yoast_head":"<!-- This site is optimized with the Yoast SEO plugin v23.4 - https:\/\/yoast.com\/wordpress\/plugins\/seo\/ -->\n<title>Kevin Larsen una temporada m\u00e1s con el HLA Alicante - gijonbasket<\/title>\n<meta name=\"robots\" content=\"index, follow, max-snippet:-1, max-image-preview:large, max-video-preview:-1\" \/>\n<link rel=\"canonical\" href=\"https:\/\/gijonbasket.com\/en\/2025\/08\/04\/kevin-larsen-una-temporada-mas-con-el-hla-alicante\/\" \/>\n<meta property=\"og:locale\" content=\"en_US\" \/>\n<meta property=\"og:type\" content=\"article\" \/>\n<meta property=\"og:title\" content=\"Kevin Larsen una temporada m\u00e1s con el HLA Alicante - gijonbasket\" \/>\n<meta property=\"og:description\" content=\"El HLA Alicante anunci\u00f3 la renovaci\u00f3n de contrato a Kevin Larsen para la pr\u00f3xima temporada. P\u00edvot dan\u00e9s de 32 a\u00f1os y 2.08 m. que cumplir\u00e1 su segunda temporada en el HLA Alicante. Kevin Larsen se estren\u00f3 en Espa\u00f1a con el RETAbet Bilbao Basket en la temporada 2018\/2019 logrando el ascenso a Liga Endesa, primero de&hellip;&nbsp;Read More &raquo;Kevin Larsen una temporada m\u00e1s con el HLA Alicante\" \/>\n<meta property=\"og:url\" content=\"https:\/\/gijonbasket.com\/en\/2025\/08\/04\/kevin-larsen-una-temporada-mas-con-el-hla-alicante\/\" \/>\n<meta property=\"og:site_name\" content=\"gijonbasket\" \/>\n<meta property=\"article:published_time\" content=\"2025-08-04T06:58:06+00:00\" \/>\n<meta property=\"article:modified_time\" content=\"2025-08-04T06:58:07+00:00\" \/>\n<meta name=\"author\" content=\"Cesar Morales\" \/>\n<meta name=\"twitter:card\" content=\"summary_large_image\" \/>\n<meta name=\"twitter:label1\" content=\"Written by\" \/>\n\t<meta name=\"twitter:data1\" content=\"Cesar Morales\" \/>\n\t<meta name=\"twitter:label2\" content=\"Est. reading time\" \/>\n\t<meta name=\"twitter:data2\" content=\"2 minutes\" \/>\n<script type=\"application\/ld+json\" class=\"yoast-schema-graph\">{\"@context\":\"https:\/\/schema.org\",\"@graph\":[{\"@type\":\"Article\",\"@id\":\"https:\/\/gijonbasket.com\/2025\/08\/04\/kevin-larsen-una-temporada-mas-con-el-hla-alicante\/#article\",\"isPartOf\":{\"@id\":\"https:\/\/gijonbasket.com\/2025\/08\/04\/kevin-larsen-una-temporada-mas-con-el-hla-alicante\/\"},\"author\":{\"name\":\"Cesar Morales\",\"@id\":\"https:\/\/gijonbasket.com\/#\/schema\/person\/91af9ff03e8eab582ccc344b715907c0\"},\"headline\":\"Kevin Larsen una temporada m\u00e1s con el HLA Alicante\",\"datePublished\":\"2025-08-04T06:58:06+00:00\",\"dateModified\":\"2025-08-04T06:58:07+00:00\",\"mainEntityOfPage\":{\"@id\":\"https:\/\/gijonbasket.com\/2025\/08\/04\/kevin-larsen-una-temporada-mas-con-el-hla-alicante\/\"},\"wordCount\":294,\"commentCount\":0,\"publisher\":{\"@id\":\"https:\/\/gijonbasket.com\/#organization\"},\"articleSection\":[\"noticias\"],\"inLanguage\":\"en-US\",\"potentialAction\":[{\"@type\":\"CommentAction\",\"name\":\"Comment\",\"target\":[\"https:\/\/gijonbasket.com\/2025\/08\/04\/kevin-larsen-una-temporada-mas-con-el-hla-alicante\/#respond\"]}]},{\"@type\":\"WebPage\",\"@id\":\"https:\/\/gijonbasket.com\/2025\/08\/04\/kevin-larsen-una-temporada-mas-con-el-hla-alicante\/\",\"url\":\"https:\/\/gijonbasket.com\/2025\/08\/04\/kevin-larsen-una-temporada-mas-con-el-hla-alicante\/\",\"name\":\"Kevin Larsen una temporada m\u00e1s con el HLA Alicante - gijonbasket\",\"isPartOf\":{\"@id\":\"https:\/\/gijonbasket.com\/#website\"},\"datePublished\":\"2025-08-04T06:58:06+00:00\",\"dateModified\":\"2025-08-04T06:58:07+00:00\",\"breadcrumb\":{\"@id\":\"https:\/\/gijonbasket.com\/2025\/08\/04\/kevin-larsen-una-temporada-mas-con-el-hla-alicante\/#breadcrumb\"},\"inLanguage\":\"en-US\",\"potentialAction\":[{\"@type\":\"ReadAction\",\"target\":[\"https:\/\/gijonbasket.com\/2025\/08\/04\/kevin-larsen-una-temporada-mas-con-el-hla-alicante\/\"]}]},{\"@type\":\"BreadcrumbList\",\"@id\":\"https:\/\/gijonbasket.com\/2025\/08\/04\/kevin-larsen-una-temporada-mas-con-el-hla-alicante\/#breadcrumb\",\"itemListElement\":[{\"@type\":\"ListItem\",\"position\":1,\"name\":\"Portada\",\"item\":\"https:\/\/gijonbasket.com\/\"},{\"@type\":\"ListItem\",\"position\":2,\"name\":\"Kevin Larsen una temporada m\u00e1s con el HLA Alicante\"}]},{\"@type\":\"WebSite\",\"@id\":\"https:\/\/gijonbasket.com\/#website\",\"url\":\"https:\/\/gijonbasket.com\/\",\"name\":\"gijonbasket\",\"description\":\"\",\"publisher\":{\"@id\":\"https:\/\/gijonbasket.com\/#organization\"},\"potentialAction\":[{\"@type\":\"SearchAction\",\"target\":{\"@type\":\"EntryPoint\",\"urlTemplate\":\"https:\/\/gijonbasket.com\/?s={search_term_string}\"},\"query-input\":{\"@type\":\"PropertyValueSpecification\",\"valueRequired\":true,\"valueName\":\"search_term_string\"}}],\"inLanguage\":\"en-US\"},{\"@type\":\"Organization\",\"@id\":\"https:\/\/gijonbasket.com\/#organization\",\"name\":\"gijonbasket\",\"url\":\"https:\/\/gijonbasket.com\/\",\"logo\":{\"@type\":\"ImageObject\",\"inLanguage\":\"en-US\",\"@id\":\"https:\/\/gijonbasket.com\/#\/schema\/logo\/image\/\",\"url\":\"https:\/\/gijonbasket.com\/wp-content\/uploads\/2023\/03\/LogoGijonBasket2.jpg\",\"contentUrl\":\"https:\/\/gijonbasket.com\/wp-content\/uploads\/2023\/03\/LogoGijonBasket2.jpg\",\"width\":2000,\"height\":550,\"caption\":\"gijonbasket\"},\"image\":{\"@id\":\"https:\/\/gijonbasket.com\/#\/schema\/logo\/image\/\"}},{\"@type\":\"Person\",\"@id\":\"https:\/\/gijonbasket.com\/#\/schema\/person\/91af9ff03e8eab582ccc344b715907c0\",\"name\":\"Cesar Morales\",\"image\":{\"@type\":\"ImageObject\",\"inLanguage\":\"en-US\",\"@id\":\"https:\/\/gijonbasket.com\/#\/schema\/person\/image\/\",\"url\":\"https:\/\/secure.gravatar.com\/avatar\/ab9ddf1e87f7580cae3deefb05a58c5cf4f0c7f96f033fd7dacc23f0e8d149ca?s=96&d=mm&r=g\",\"contentUrl\":\"https:\/\/secure.gravatar.com\/avatar\/ab9ddf1e87f7580cae3deefb05a58c5cf4f0c7f96f033fd7dacc23f0e8d149ca?s=96&d=mm&r=g\",\"caption\":\"Cesar Morales\"},\"url\":\"https:\/\/gijonbasket.com\/en\/author\/cesar\/\"}]}<\/script>\n<!-- \/ Yoast SEO plugin. -->","yoast_head_json":{"title":"Kevin Larsen una temporada m\u00e1s con el HLA Alicante - gijonbasket","robots":{"index":"index","follow":"follow","max-snippet":"max-snippet:-1","max-image-preview":"max-image-preview:large","max-video-preview":"max-video-preview:-1"},"canonical":"https:\/\/gijonbasket.com\/en\/2025\/08\/04\/kevin-larsen-una-temporada-mas-con-el-hla-alicante\/","og_locale":"en_US","og_type":"article","og_title":"Kevin Larsen una temporada m\u00e1s con el HLA Alicante - gijonbasket","og_description":"El HLA Alicante anunci\u00f3 la renovaci\u00f3n de contrato a Kevin Larsen para la pr\u00f3xima temporada. P\u00edvot dan\u00e9s de 32 a\u00f1os y 2.08 m. que cumplir\u00e1 su segunda temporada en el HLA Alicante. Kevin Larsen se estren\u00f3 en Espa\u00f1a con el RETAbet Bilbao Basket en la temporada 2018\/2019 logrando el ascenso a Liga Endesa, primero de&hellip;&nbsp;Read More &raquo;Kevin Larsen una temporada m\u00e1s con el HLA Alicante","og_url":"https:\/\/gijonbasket.com\/en\/2025\/08\/04\/kevin-larsen-una-temporada-mas-con-el-hla-alicante\/","og_site_name":"gijonbasket","article_published_time":"2025-08-04T06:58:06+00:00","article_modified_time":"2025-08-04T06:58:07+00:00","author":"Cesar Morales","twitter_card":"summary_large_image","twitter_misc":{"Written by":"Cesar Morales","Est. reading time":"2 minutes"},"schema":{"@context":"https:\/\/schema.org","@graph":[{"@type":"Article","@id":"https:\/\/gijonbasket.com\/2025\/08\/04\/kevin-larsen-una-temporada-mas-con-el-hla-alicante\/#article","isPartOf":{"@id":"https:\/\/gijonbasket.com\/2025\/08\/04\/kevin-larsen-una-temporada-mas-con-el-hla-alicante\/"},"author":{"name":"Cesar Morales","@id":"https:\/\/gijonbasket.com\/#\/schema\/person\/91af9ff03e8eab582ccc344b715907c0"},"headline":"Kevin Larsen una temporada m\u00e1s con el HLA Alicante","datePublished":"2025-08-04T06:58:06+00:00","dateModified":"2025-08-04T06:58:07+00:00","mainEntityOfPage":{"@id":"https:\/\/gijonbasket.com\/2025\/08\/04\/kevin-larsen-una-temporada-mas-con-el-hla-alicante\/"},"wordCount":294,"commentCount":0,"publisher":{"@id":"https:\/\/gijonbasket.com\/#organization"},"articleSection":["noticias"],"inLanguage":"en-US","potentialAction":[{"@type":"CommentAction","name":"Comment","target":["https:\/\/gijonbasket.com\/2025\/08\/04\/kevin-larsen-una-temporada-mas-con-el-hla-alicante\/#respond"]}]},{"@type":"WebPage","@id":"https:\/\/gijonbasket.com\/2025\/08\/04\/kevin-larsen-una-temporada-mas-con-el-hla-alicante\/","url":"https:\/\/gijonbasket.com\/2025\/08\/04\/kevin-larsen-una-temporada-mas-con-el-hla-alicante\/","name":"Kevin Larsen una temporada m\u00e1s con el HLA Alicante - gijonbasket","isPartOf":{"@id":"https:\/\/gijonbasket.com\/#website"},"datePublished":"2025-08-04T06:58:06+00:00","dateModified":"2025-08-04T06:58:07+00:00","breadcrumb":{"@id":"https:\/\/gijonbasket.com\/2025\/08\/04\/kevin-larsen-una-temporada-mas-con-el-hla-alicante\/#breadcrumb"},"inLanguage":"en-US","potentialAction":[{"@type":"ReadAction","target":["https:\/\/gijonbasket.com\/2025\/08\/04\/kevin-larsen-una-temporada-mas-con-el-hla-alicante\/"]}]},{"@type":"BreadcrumbList","@id":"https:\/\/gijonbasket.com\/2025\/08\/04\/kevin-larsen-una-temporada-mas-con-el-hla-alicante\/#breadcrumb","itemListElement":[{"@type":"ListItem","position":1,"name":"Portada","item":"https:\/\/gijonbasket.com\/"},{"@type":"ListItem","position":2,"name":"Kevin Larsen una temporada m\u00e1s con el HLA Alicante"}]},{"@type":"WebSite","@id":"https:\/\/gijonbasket.com\/#website","url":"https:\/\/gijonbasket.com\/","name":"gijonbasket","description":"","publisher":{"@id":"https:\/\/gijonbasket.com\/#organization"},"potentialAction":[{"@type":"SearchAction","target":{"@type":"EntryPoint","urlTemplate":"https:\/\/gijonbasket.com\/?s={search_term_string}"},"query-input":{"@type":"PropertyValueSpecification","valueRequired":true,"valueName":"search_term_string"}}],"inLanguage":"en-US"},{"@type":"Organization","@id":"https:\/\/gijonbasket.com\/#organization","name":"gijonbasket","url":"https:\/\/gijonbasket.com\/","logo":{"@type":"ImageObject","inLanguage":"en-US","@id":"https:\/\/gijonbasket.com\/#\/schema\/logo\/image\/","url":"https:\/\/gijonbasket.com\/wp-content\/uploads\/2023\/03\/LogoGijonBasket2.jpg","contentUrl":"https:\/\/gijonbasket.com\/wp-content\/uploads\/2023\/03\/LogoGijonBasket2.jpg","width":2000,"height":550,"caption":"gijonbasket"},"image":{"@id":"https:\/\/gijonbasket.com\/#\/schema\/logo\/image\/"}},{"@type":"Person","@id":"https:\/\/gijonbasket.com\/#\/schema\/person\/91af9ff03e8eab582ccc344b715907c0","name":"Cesar Morales","image":{"@type":"ImageObject","inLanguage":"en-US","@id":"https:\/\/gijonbasket.com\/#\/schema\/person\/image\/","url":"https:\/\/secure.gravatar.com\/avatar\/ab9ddf1e87f7580cae3deefb05a58c5cf4f0c7f96f033fd7dacc23f0e8d149ca?s=96&d=mm&r=g","contentUrl":"https:\/\/secure.gravatar.com\/avatar\/ab9ddf1e87f7580cae3deefb05a58c5cf4f0c7f96f033fd7dacc23f0e8d149ca?s=96&d=mm&r=g","caption":"Cesar Morales"},"url":"https:\/\/gijonbasket.com\/en\/author\/cesar\/"}]}},"_links":{"self":[{"href":"https:\/\/gijonbasket.com\/en\/wp-json\/wp\/v2\/posts\/7852","targetHints":{"allow":["GET"]}}],"collection":[{"href":"https:\/\/gijonbasket.com\/en\/wp-json\/wp\/v2\/posts"}],"about":[{"href":"https:\/\/gijonbasket.com\/en\/wp-json\/wp\/v2\/types\/post"}],"author":[{"embeddable":true,"href":"https:\/\/gijonbasket.com\/en\/wp-json\/wp\/v2\/users\/2"}],"replies":[{"embeddable":true,"href":"https:\/\/gijonbasket.com\/en\/wp-json\/wp\/v2\/comments?post=7852"}],"version-history":[{"count":1,"href":"https:\/\/gijonbasket.com\/en\/wp-json\/wp\/v2\/posts\/7852\/revisions"}],"predecessor-version":[{"id":7853,"href":"https:\/\/gijonbasket.com\/en\/wp-json\/wp\/v2\/posts\/7852\/revisions\/7853"}],"wp:attachment":[{"href":"https:\/\/gijonbasket.com\/en\/wp-json\/wp\/v2\/media?parent=7852"}],"wp:term":[{"taxonomy":"category","embeddable":true,"href":"https:\/\/gijonbasket.com\/en\/wp-json\/wp\/v2\/categories?post=7852"},{"taxonomy":"post_tag","embeddable":true,"href":"https:\/\/gijonbasket.com\/en\/wp-json\/wp\/v2\/tags?post=7852"}],"curies":[{"name":"wp","href":"https:\/\/api.w.org\/{rel}","templated":true}]}}