{"id":8250,"date":"2025-09-04T10:55:23","date_gmt":"2025-09-04T08:55:23","guid":{"rendered":"https:\/\/gijonbasket.com\/?p=8250"},"modified":"2025-09-04T10:55:25","modified_gmt":"2025-09-04T08:55:25","slug":"angel-moro-de-vuelta-a-casa-con-el-real-grupo-de-cultura-covadonga","status":"publish","type":"post","link":"https:\/\/gijonbasket.com\/en\/2025\/09\/04\/angel-moro-de-vuelta-a-casa-con-el-real-grupo-de-cultura-covadonga\/","title":{"rendered":"\u00c1ngel Moro de vuelta a casa con el Real Grupo de Cultura Covadonga"},"content":{"rendered":"<p>Desde www.gijonbasket.com, adelantamos en exclusiva, que \u00c1ngel Moro regresar\u00e1 al Real Grupo de Cultura Covadonga para formar parte del primer equipo en 1\u00aa FBPA.<\/p>\n\n\n\n<p>El base gijon\u00e9s de 31 a\u00f1os y 1.79 m., que la pasada temporada milit\u00f3 en el Agencia Asturias Costa Norte (2\u00aa FBPA), logrando en su primera campa\u00f1a el ascenso a 1\u00aa FBPA.<\/p>\n\n\n\n<p>\u00c1ngel Moro regresar\u00e1 de esta forma por tercera vez al Real Grupo de Cultura Covadonga.<\/p>\n\n\n\n<p>Su \u00faltima temporada (2023\/2024) con el conjunto grupista, se cerr\u00f3 con el amargo sabor de boca, por la derrota en la Final del Campeonato de Espa\u00f1a de 1\u00aa Divisi\u00f3n Masculina ante el Alimerka Oviedo Baloncesto B.<\/p>\n\n\n\n<p>En la trayectoria de \u00c1ngel Moro destacan sus cuatro temporadas en el C\u00edrculo Gij\u00f3n Baloncesto en dos etapas: 2018\/2019; 2019\/2020; 2020\/2021 y 2022\/2023 entre medias form\u00f3 parte del USAL La Antigua (2021\/2022).<\/p>\n\n\n\n<p>Ascenso a LEB Plata con USAL La Antigua en la temporada 2021\/2022.<\/p>\n\n\n\n<p>Sus inicios en el mundo del baloncesto fueron en el Colegio Inmaculada y Colegio Clar\u00edn para posteriormente ingresar en el Real Grupo de Cultura Covadonga. \u00c1ngel Moro form\u00f3 parte de la cantera del Oviedo Baloncesto donde coincidi\u00f3 con \u00c1lex Lesmes, Borja Blanco y Marcos Garc\u00eda en la temporada 2011\/2012. Su incorporaci\u00f3n a la cantera del Oviedo Baloncesto se produjo desde el FormaBasket.<\/p>\n\n\n\n<p>Basket Villa de Mieres 2012 (2014\/2015) y Gij\u00f3n Basket (2016\/2017) son los otros dos equipos del Principado de Asturias en los que milit\u00f3 \u00c1ngel Moro en Liga EBA.<\/p>\n\n\n\n<p>La pasada temporada \u00c1ngel Moro defendiendo los colores del Agencia Asturias Costa Norte promedi\u00f3 4.3 ppp; 6 rpp; 1 app en 9 partidos.<\/p>\n\n\n\n<h2 class=\"wp-block-heading\" id=\"reply-title\">Deja una respuesta<\/h2>","protected":false},"excerpt":{"rendered":"<p>Desde www.gijonbasket.com, adelantamos en exclusiva, que \u00c1ngel Moro regresar\u00e1 al Real Grupo de Cultura Covadonga para formar parte del primer equipo en 1\u00aa FBPA. El base gijon\u00e9s de 31 a\u00f1os y 1.79 m., que la pasada temporada milit\u00f3 en el Agencia Asturias Costa Norte (2\u00aa FBPA), logrando en su primera campa\u00f1a el ascenso a 1\u00aa&hellip;&nbsp;<a href=\"https:\/\/gijonbasket.com\/en\/2025\/09\/04\/angel-moro-de-vuelta-a-casa-con-el-real-grupo-de-cultura-covadonga\/\" class=\"\" rel=\"bookmark\">Read More &raquo;<span class=\"screen-reader-text\">\u00c1ngel Moro de vuelta a casa con el Real Grupo de Cultura Covadonga<\/span><\/a><\/p>","protected":false},"author":2,"featured_media":0,"comment_status":"open","ping_status":"open","sticky":false,"template":"","format":"standard","meta":{"neve_meta_sidebar":"","neve_meta_container":"","neve_meta_enable_content_width":"","neve_meta_content_width":0,"neve_meta_title_alignment":"","neve_meta_author_avatar":"","neve_post_elements_order":"","neve_meta_disable_header":"","neve_meta_disable_footer":"","neve_meta_disable_title":"","footnotes":""},"categories":[3,4],"tags":[],"class_list":["post-8250","post","type-post","status-publish","format-standard","hentry","category-exclusivas","category-noticias"],"yoast_head":"<!-- This site is optimized with the Yoast SEO plugin v23.4 - https:\/\/yoast.com\/wordpress\/plugins\/seo\/ -->\n<title>\u00c1ngel Moro de vuelta a casa con el Real Grupo de Cultura Covadonga - gijonbasket<\/title>\n<meta name=\"robots\" content=\"index, follow, max-snippet:-1, max-image-preview:large, max-video-preview:-1\" \/>\n<link rel=\"canonical\" href=\"https:\/\/gijonbasket.com\/en\/2025\/09\/04\/angel-moro-de-vuelta-a-casa-con-el-real-grupo-de-cultura-covadonga\/\" \/>\n<meta property=\"og:locale\" content=\"en_US\" \/>\n<meta property=\"og:type\" content=\"article\" \/>\n<meta property=\"og:title\" content=\"\u00c1ngel Moro de vuelta a casa con el Real Grupo de Cultura Covadonga - gijonbasket\" \/>\n<meta property=\"og:description\" content=\"Desde www.gijonbasket.com, adelantamos en exclusiva, que \u00c1ngel Moro regresar\u00e1 al Real Grupo de Cultura Covadonga para formar parte del primer equipo en 1\u00aa FBPA. El base gijon\u00e9s de 31 a\u00f1os y 1.79 m., que la pasada temporada milit\u00f3 en el Agencia Asturias Costa Norte (2\u00aa FBPA), logrando en su primera campa\u00f1a el ascenso a 1\u00aa&hellip;&nbsp;Read More &raquo;\u00c1ngel Moro de vuelta a casa con el Real Grupo de Cultura Covadonga\" \/>\n<meta property=\"og:url\" content=\"https:\/\/gijonbasket.com\/en\/2025\/09\/04\/angel-moro-de-vuelta-a-casa-con-el-real-grupo-de-cultura-covadonga\/\" \/>\n<meta property=\"og:site_name\" content=\"gijonbasket\" \/>\n<meta property=\"article:published_time\" content=\"2025-09-04T08:55:23+00:00\" \/>\n<meta property=\"article:modified_time\" content=\"2025-09-04T08:55:25+00:00\" \/>\n<meta name=\"author\" content=\"Cesar Morales\" \/>\n<meta name=\"twitter:card\" content=\"summary_large_image\" \/>\n<meta name=\"twitter:label1\" content=\"Written by\" \/>\n\t<meta name=\"twitter:data1\" content=\"Cesar Morales\" \/>\n\t<meta name=\"twitter:label2\" content=\"Est. reading time\" \/>\n\t<meta name=\"twitter:data2\" content=\"2 minutes\" \/>\n<script type=\"application\/ld+json\" class=\"yoast-schema-graph\">{\"@context\":\"https:\/\/schema.org\",\"@graph\":[{\"@type\":\"Article\",\"@id\":\"https:\/\/gijonbasket.com\/2025\/09\/04\/angel-moro-de-vuelta-a-casa-con-el-real-grupo-de-cultura-covadonga\/#article\",\"isPartOf\":{\"@id\":\"https:\/\/gijonbasket.com\/2025\/09\/04\/angel-moro-de-vuelta-a-casa-con-el-real-grupo-de-cultura-covadonga\/\"},\"author\":{\"name\":\"Cesar Morales\",\"@id\":\"https:\/\/gijonbasket.com\/#\/schema\/person\/91af9ff03e8eab582ccc344b715907c0\"},\"headline\":\"\u00c1ngel Moro de vuelta a casa con el Real Grupo de Cultura Covadonga\",\"datePublished\":\"2025-09-04T08:55:23+00:00\",\"dateModified\":\"2025-09-04T08:55:25+00:00\",\"mainEntityOfPage\":{\"@id\":\"https:\/\/gijonbasket.com\/2025\/09\/04\/angel-moro-de-vuelta-a-casa-con-el-real-grupo-de-cultura-covadonga\/\"},\"wordCount\":272,\"commentCount\":0,\"publisher\":{\"@id\":\"https:\/\/gijonbasket.com\/#organization\"},\"articleSection\":[\"exclusivas\",\"noticias\"],\"inLanguage\":\"en-US\",\"potentialAction\":[{\"@type\":\"CommentAction\",\"name\":\"Comment\",\"target\":[\"https:\/\/gijonbasket.com\/2025\/09\/04\/angel-moro-de-vuelta-a-casa-con-el-real-grupo-de-cultura-covadonga\/#respond\"]}]},{\"@type\":\"WebPage\",\"@id\":\"https:\/\/gijonbasket.com\/2025\/09\/04\/angel-moro-de-vuelta-a-casa-con-el-real-grupo-de-cultura-covadonga\/\",\"url\":\"https:\/\/gijonbasket.com\/2025\/09\/04\/angel-moro-de-vuelta-a-casa-con-el-real-grupo-de-cultura-covadonga\/\",\"name\":\"\u00c1ngel Moro de vuelta a casa con el Real Grupo de Cultura Covadonga - gijonbasket\",\"isPartOf\":{\"@id\":\"https:\/\/gijonbasket.com\/#website\"},\"datePublished\":\"2025-09-04T08:55:23+00:00\",\"dateModified\":\"2025-09-04T08:55:25+00:00\",\"breadcrumb\":{\"@id\":\"https:\/\/gijonbasket.com\/2025\/09\/04\/angel-moro-de-vuelta-a-casa-con-el-real-grupo-de-cultura-covadonga\/#breadcrumb\"},\"inLanguage\":\"en-US\",\"potentialAction\":[{\"@type\":\"ReadAction\",\"target\":[\"https:\/\/gijonbasket.com\/2025\/09\/04\/angel-moro-de-vuelta-a-casa-con-el-real-grupo-de-cultura-covadonga\/\"]}]},{\"@type\":\"BreadcrumbList\",\"@id\":\"https:\/\/gijonbasket.com\/2025\/09\/04\/angel-moro-de-vuelta-a-casa-con-el-real-grupo-de-cultura-covadonga\/#breadcrumb\",\"itemListElement\":[{\"@type\":\"ListItem\",\"position\":1,\"name\":\"Portada\",\"item\":\"https:\/\/gijonbasket.com\/\"},{\"@type\":\"ListItem\",\"position\":2,\"name\":\"\u00c1ngel Moro de vuelta a casa con el Real Grupo de Cultura Covadonga\"}]},{\"@type\":\"WebSite\",\"@id\":\"https:\/\/gijonbasket.com\/#website\",\"url\":\"https:\/\/gijonbasket.com\/\",\"name\":\"gijonbasket\",\"description\":\"\",\"publisher\":{\"@id\":\"https:\/\/gijonbasket.com\/#organization\"},\"potentialAction\":[{\"@type\":\"SearchAction\",\"target\":{\"@type\":\"EntryPoint\",\"urlTemplate\":\"https:\/\/gijonbasket.com\/?s={search_term_string}\"},\"query-input\":{\"@type\":\"PropertyValueSpecification\",\"valueRequired\":true,\"valueName\":\"search_term_string\"}}],\"inLanguage\":\"en-US\"},{\"@type\":\"Organization\",\"@id\":\"https:\/\/gijonbasket.com\/#organization\",\"name\":\"gijonbasket\",\"url\":\"https:\/\/gijonbasket.com\/\",\"logo\":{\"@type\":\"ImageObject\",\"inLanguage\":\"en-US\",\"@id\":\"https:\/\/gijonbasket.com\/#\/schema\/logo\/image\/\",\"url\":\"https:\/\/gijonbasket.com\/wp-content\/uploads\/2023\/03\/LogoGijonBasket2.jpg\",\"contentUrl\":\"https:\/\/gijonbasket.com\/wp-content\/uploads\/2023\/03\/LogoGijonBasket2.jpg\",\"width\":2000,\"height\":550,\"caption\":\"gijonbasket\"},\"image\":{\"@id\":\"https:\/\/gijonbasket.com\/#\/schema\/logo\/image\/\"}},{\"@type\":\"Person\",\"@id\":\"https:\/\/gijonbasket.com\/#\/schema\/person\/91af9ff03e8eab582ccc344b715907c0\",\"name\":\"Cesar Morales\",\"image\":{\"@type\":\"ImageObject\",\"inLanguage\":\"en-US\",\"@id\":\"https:\/\/gijonbasket.com\/#\/schema\/person\/image\/\",\"url\":\"https:\/\/secure.gravatar.com\/avatar\/ab9ddf1e87f7580cae3deefb05a58c5cf4f0c7f96f033fd7dacc23f0e8d149ca?s=96&d=mm&r=g\",\"contentUrl\":\"https:\/\/secure.gravatar.com\/avatar\/ab9ddf1e87f7580cae3deefb05a58c5cf4f0c7f96f033fd7dacc23f0e8d149ca?s=96&d=mm&r=g\",\"caption\":\"Cesar Morales\"},\"url\":\"https:\/\/gijonbasket.com\/en\/author\/cesar\/\"}]}<\/script>\n<!-- \/ Yoast SEO plugin. -->","yoast_head_json":{"title":"\u00c1ngel Moro de vuelta a casa con el Real Grupo de Cultura Covadonga - gijonbasket","robots":{"index":"index","follow":"follow","max-snippet":"max-snippet:-1","max-image-preview":"max-image-preview:large","max-video-preview":"max-video-preview:-1"},"canonical":"https:\/\/gijonbasket.com\/en\/2025\/09\/04\/angel-moro-de-vuelta-a-casa-con-el-real-grupo-de-cultura-covadonga\/","og_locale":"en_US","og_type":"article","og_title":"\u00c1ngel Moro de vuelta a casa con el Real Grupo de Cultura Covadonga - gijonbasket","og_description":"Desde www.gijonbasket.com, adelantamos en exclusiva, que \u00c1ngel Moro regresar\u00e1 al Real Grupo de Cultura Covadonga para formar parte del primer equipo en 1\u00aa FBPA. El base gijon\u00e9s de 31 a\u00f1os y 1.79 m., que la pasada temporada milit\u00f3 en el Agencia Asturias Costa Norte (2\u00aa FBPA), logrando en su primera campa\u00f1a el ascenso a 1\u00aa&hellip;&nbsp;Read More &raquo;\u00c1ngel Moro de vuelta a casa con el Real Grupo de Cultura Covadonga","og_url":"https:\/\/gijonbasket.com\/en\/2025\/09\/04\/angel-moro-de-vuelta-a-casa-con-el-real-grupo-de-cultura-covadonga\/","og_site_name":"gijonbasket","article_published_time":"2025-09-04T08:55:23+00:00","article_modified_time":"2025-09-04T08:55:25+00:00","author":"Cesar Morales","twitter_card":"summary_large_image","twitter_misc":{"Written by":"Cesar Morales","Est. reading time":"2 minutes"},"schema":{"@context":"https:\/\/schema.org","@graph":[{"@type":"Article","@id":"https:\/\/gijonbasket.com\/2025\/09\/04\/angel-moro-de-vuelta-a-casa-con-el-real-grupo-de-cultura-covadonga\/#article","isPartOf":{"@id":"https:\/\/gijonbasket.com\/2025\/09\/04\/angel-moro-de-vuelta-a-casa-con-el-real-grupo-de-cultura-covadonga\/"},"author":{"name":"Cesar Morales","@id":"https:\/\/gijonbasket.com\/#\/schema\/person\/91af9ff03e8eab582ccc344b715907c0"},"headline":"\u00c1ngel Moro de vuelta a casa con el Real Grupo de Cultura Covadonga","datePublished":"2025-09-04T08:55:23+00:00","dateModified":"2025-09-04T08:55:25+00:00","mainEntityOfPage":{"@id":"https:\/\/gijonbasket.com\/2025\/09\/04\/angel-moro-de-vuelta-a-casa-con-el-real-grupo-de-cultura-covadonga\/"},"wordCount":272,"commentCount":0,"publisher":{"@id":"https:\/\/gijonbasket.com\/#organization"},"articleSection":["exclusivas","noticias"],"inLanguage":"en-US","potentialAction":[{"@type":"CommentAction","name":"Comment","target":["https:\/\/gijonbasket.com\/2025\/09\/04\/angel-moro-de-vuelta-a-casa-con-el-real-grupo-de-cultura-covadonga\/#respond"]}]},{"@type":"WebPage","@id":"https:\/\/gijonbasket.com\/2025\/09\/04\/angel-moro-de-vuelta-a-casa-con-el-real-grupo-de-cultura-covadonga\/","url":"https:\/\/gijonbasket.com\/2025\/09\/04\/angel-moro-de-vuelta-a-casa-con-el-real-grupo-de-cultura-covadonga\/","name":"\u00c1ngel Moro de vuelta a casa con el Real Grupo de Cultura Covadonga - gijonbasket","isPartOf":{"@id":"https:\/\/gijonbasket.com\/#website"},"datePublished":"2025-09-04T08:55:23+00:00","dateModified":"2025-09-04T08:55:25+00:00","breadcrumb":{"@id":"https:\/\/gijonbasket.com\/2025\/09\/04\/angel-moro-de-vuelta-a-casa-con-el-real-grupo-de-cultura-covadonga\/#breadcrumb"},"inLanguage":"en-US","potentialAction":[{"@type":"ReadAction","target":["https:\/\/gijonbasket.com\/2025\/09\/04\/angel-moro-de-vuelta-a-casa-con-el-real-grupo-de-cultura-covadonga\/"]}]},{"@type":"BreadcrumbList","@id":"https:\/\/gijonbasket.com\/2025\/09\/04\/angel-moro-de-vuelta-a-casa-con-el-real-grupo-de-cultura-covadonga\/#breadcrumb","itemListElement":[{"@type":"ListItem","position":1,"name":"Portada","item":"https:\/\/gijonbasket.com\/"},{"@type":"ListItem","position":2,"name":"\u00c1ngel Moro de vuelta a casa con el Real Grupo de Cultura Covadonga"}]},{"@type":"WebSite","@id":"https:\/\/gijonbasket.com\/#website","url":"https:\/\/gijonbasket.com\/","name":"gijonbasket","description":"","publisher":{"@id":"https:\/\/gijonbasket.com\/#organization"},"potentialAction":[{"@type":"SearchAction","target":{"@type":"EntryPoint","urlTemplate":"https:\/\/gijonbasket.com\/?s={search_term_string}"},"query-input":{"@type":"PropertyValueSpecification","valueRequired":true,"valueName":"search_term_string"}}],"inLanguage":"en-US"},{"@type":"Organization","@id":"https:\/\/gijonbasket.com\/#organization","name":"gijonbasket","url":"https:\/\/gijonbasket.com\/","logo":{"@type":"ImageObject","inLanguage":"en-US","@id":"https:\/\/gijonbasket.com\/#\/schema\/logo\/image\/","url":"https:\/\/gijonbasket.com\/wp-content\/uploads\/2023\/03\/LogoGijonBasket2.jpg","contentUrl":"https:\/\/gijonbasket.com\/wp-content\/uploads\/2023\/03\/LogoGijonBasket2.jpg","width":2000,"height":550,"caption":"gijonbasket"},"image":{"@id":"https:\/\/gijonbasket.com\/#\/schema\/logo\/image\/"}},{"@type":"Person","@id":"https:\/\/gijonbasket.com\/#\/schema\/person\/91af9ff03e8eab582ccc344b715907c0","name":"Cesar Morales","image":{"@type":"ImageObject","inLanguage":"en-US","@id":"https:\/\/gijonbasket.com\/#\/schema\/person\/image\/","url":"https:\/\/secure.gravatar.com\/avatar\/ab9ddf1e87f7580cae3deefb05a58c5cf4f0c7f96f033fd7dacc23f0e8d149ca?s=96&d=mm&r=g","contentUrl":"https:\/\/secure.gravatar.com\/avatar\/ab9ddf1e87f7580cae3deefb05a58c5cf4f0c7f96f033fd7dacc23f0e8d149ca?s=96&d=mm&r=g","caption":"Cesar Morales"},"url":"https:\/\/gijonbasket.com\/en\/author\/cesar\/"}]}},"_links":{"self":[{"href":"https:\/\/gijonbasket.com\/en\/wp-json\/wp\/v2\/posts\/8250","targetHints":{"allow":["GET"]}}],"collection":[{"href":"https:\/\/gijonbasket.com\/en\/wp-json\/wp\/v2\/posts"}],"about":[{"href":"https:\/\/gijonbasket.com\/en\/wp-json\/wp\/v2\/types\/post"}],"author":[{"embeddable":true,"href":"https:\/\/gijonbasket.com\/en\/wp-json\/wp\/v2\/users\/2"}],"replies":[{"embeddable":true,"href":"https:\/\/gijonbasket.com\/en\/wp-json\/wp\/v2\/comments?post=8250"}],"version-history":[{"count":1,"href":"https:\/\/gijonbasket.com\/en\/wp-json\/wp\/v2\/posts\/8250\/revisions"}],"predecessor-version":[{"id":8251,"href":"https:\/\/gijonbasket.com\/en\/wp-json\/wp\/v2\/posts\/8250\/revisions\/8251"}],"wp:attachment":[{"href":"https:\/\/gijonbasket.com\/en\/wp-json\/wp\/v2\/media?parent=8250"}],"wp:term":[{"taxonomy":"category","embeddable":true,"href":"https:\/\/gijonbasket.com\/en\/wp-json\/wp\/v2\/categories?post=8250"},{"taxonomy":"post_tag","embeddable":true,"href":"https:\/\/gijonbasket.com\/en\/wp-json\/wp\/v2\/tags?post=8250"}],"curies":[{"name":"wp","href":"https:\/\/api.w.org\/{rel}","templated":true}]}}