{"id":8654,"date":"2025-10-09T13:52:47","date_gmt":"2025-10-09T11:52:47","guid":{"rendered":"https:\/\/gijonbasket.com\/?p=8654"},"modified":"2025-10-09T13:53:50","modified_gmt":"2025-10-09T11:53:50","slug":"sergio-llorente-de-regreso-al-hla-alicante","status":"publish","type":"post","link":"https:\/\/gijonbasket.com\/en\/2025\/10\/09\/sergio-llorente-de-regreso-al-hla-alicante\/","title":{"rendered":"Sergio Llorente de regreso al HLA Alicante"},"content":{"rendered":"<p>El HLA Alicante anunci\u00f3 el fichaje de Sergio Llorente, con un contrato temporal por un mes, en lo que es su regreso al conjunto alicantino donde ya milit\u00f3 la pasada temporada.<\/p>\n\n\n\n<p>Base de 35 a\u00f1os y 1.85 m., que la pasada temporada comenz\u00f3 defendiendo los colores del HLA Alicante, hasta que a finales del mes de febrero recal\u00f3 en el Hestia Menorca.<\/p>\n\n\n\n<p>Con 8 temporadas de experiencia en LEB Oro, destacando su paso por el Liberbank Oviedo Baloncesto (2018\/2019; 2019\/2020).<\/p>\n\n\n\n<p>Sergio Llorente tambi\u00e9n cuenta con experiencia en Liga Endesa, 3 temporadas, militando en Bilbao Basket (2016\/2017; 2022\/2023) y Montakit Fuenlabrada (2017\/2018). 29 partidos disputados en Liga Endesa.<\/p>\n\n\n\n<p>En su trayectoria profesional tambi\u00e9n jug\u00f3 fuera de Espa\u00f1a. 3 temporadas en B\u00e9lgica militando en Spirou Basket (2020\/2021; 2021\/2022) y Brussels Basketball (2021\/2022; 2022\/2023).<\/p>\n\n\n\n<p>La pasada temporada con el HLA Alicante, Sergio Llorente promedi\u00f3 2.2 ppp; 1.2 rpp; 1 app en 9 partidos.<\/p>\n\n\n\n<p>Hijo de un hist\u00f3rico del baloncesto nacional como Jose Luis Llorente.<\/p>","protected":false},"excerpt":{"rendered":"<p>El HLA Alicante anunci\u00f3 el fichaje de Sergio Llorente, con un contrato temporal por un mes, en lo que es su regreso al conjunto alicantino donde ya milit\u00f3 la pasada temporada. Base de 35 a\u00f1os y 1.85 m., que la pasada temporada comenz\u00f3 defendiendo los colores del HLA Alicante, hasta que a finales del mes&hellip;&nbsp;<a href=\"https:\/\/gijonbasket.com\/en\/2025\/10\/09\/sergio-llorente-de-regreso-al-hla-alicante\/\" class=\"\" rel=\"bookmark\">Read More &raquo;<span class=\"screen-reader-text\">Sergio Llorente de regreso al HLA Alicante<\/span><\/a><\/p>","protected":false},"author":2,"featured_media":0,"comment_status":"open","ping_status":"open","sticky":false,"template":"","format":"standard","meta":{"neve_meta_sidebar":"","neve_meta_container":"","neve_meta_enable_content_width":"","neve_meta_content_width":0,"neve_meta_title_alignment":"","neve_meta_author_avatar":"","neve_post_elements_order":"","neve_meta_disable_header":"","neve_meta_disable_footer":"","neve_meta_disable_title":"","footnotes":""},"categories":[4],"tags":[],"class_list":["post-8654","post","type-post","status-publish","format-standard","hentry","category-noticias"],"yoast_head":"<!-- This site is optimized with the Yoast SEO plugin v23.4 - https:\/\/yoast.com\/wordpress\/plugins\/seo\/ -->\n<title>Sergio Llorente de regreso al HLA Alicante - gijonbasket<\/title>\n<meta name=\"robots\" content=\"index, follow, max-snippet:-1, max-image-preview:large, max-video-preview:-1\" \/>\n<link rel=\"canonical\" href=\"https:\/\/gijonbasket.com\/en\/2025\/10\/09\/sergio-llorente-de-regreso-al-hla-alicante\/\" \/>\n<meta property=\"og:locale\" content=\"en_US\" \/>\n<meta property=\"og:type\" content=\"article\" \/>\n<meta property=\"og:title\" content=\"Sergio Llorente de regreso al HLA Alicante - gijonbasket\" \/>\n<meta property=\"og:description\" content=\"El HLA Alicante anunci\u00f3 el fichaje de Sergio Llorente, con un contrato temporal por un mes, en lo que es su regreso al conjunto alicantino donde ya milit\u00f3 la pasada temporada. Base de 35 a\u00f1os y 1.85 m., que la pasada temporada comenz\u00f3 defendiendo los colores del HLA Alicante, hasta que a finales del mes&hellip;&nbsp;Read More &raquo;Sergio Llorente de regreso al HLA Alicante\" \/>\n<meta property=\"og:url\" content=\"https:\/\/gijonbasket.com\/en\/2025\/10\/09\/sergio-llorente-de-regreso-al-hla-alicante\/\" \/>\n<meta property=\"og:site_name\" content=\"gijonbasket\" \/>\n<meta property=\"article:published_time\" content=\"2025-10-09T11:52:47+00:00\" \/>\n<meta property=\"article:modified_time\" content=\"2025-10-09T11:53:50+00:00\" \/>\n<meta name=\"author\" content=\"Cesar Morales\" \/>\n<meta name=\"twitter:card\" content=\"summary_large_image\" \/>\n<meta name=\"twitter:label1\" content=\"Written by\" \/>\n\t<meta name=\"twitter:data1\" content=\"Cesar Morales\" \/>\n\t<meta name=\"twitter:label2\" content=\"Est. reading time\" \/>\n\t<meta name=\"twitter:data2\" content=\"1 minute\" \/>\n<script type=\"application\/ld+json\" class=\"yoast-schema-graph\">{\"@context\":\"https:\/\/schema.org\",\"@graph\":[{\"@type\":\"Article\",\"@id\":\"https:\/\/gijonbasket.com\/2025\/10\/09\/sergio-llorente-de-regreso-al-hla-alicante\/#article\",\"isPartOf\":{\"@id\":\"https:\/\/gijonbasket.com\/2025\/10\/09\/sergio-llorente-de-regreso-al-hla-alicante\/\"},\"author\":{\"name\":\"Cesar Morales\",\"@id\":\"https:\/\/gijonbasket.com\/#\/schema\/person\/91af9ff03e8eab582ccc344b715907c0\"},\"headline\":\"Sergio Llorente de regreso al HLA Alicante\",\"datePublished\":\"2025-10-09T11:52:47+00:00\",\"dateModified\":\"2025-10-09T11:53:50+00:00\",\"mainEntityOfPage\":{\"@id\":\"https:\/\/gijonbasket.com\/2025\/10\/09\/sergio-llorente-de-regreso-al-hla-alicante\/\"},\"wordCount\":155,\"commentCount\":0,\"publisher\":{\"@id\":\"https:\/\/gijonbasket.com\/#organization\"},\"articleSection\":[\"noticias\"],\"inLanguage\":\"en-US\",\"potentialAction\":[{\"@type\":\"CommentAction\",\"name\":\"Comment\",\"target\":[\"https:\/\/gijonbasket.com\/2025\/10\/09\/sergio-llorente-de-regreso-al-hla-alicante\/#respond\"]}]},{\"@type\":\"WebPage\",\"@id\":\"https:\/\/gijonbasket.com\/2025\/10\/09\/sergio-llorente-de-regreso-al-hla-alicante\/\",\"url\":\"https:\/\/gijonbasket.com\/2025\/10\/09\/sergio-llorente-de-regreso-al-hla-alicante\/\",\"name\":\"Sergio Llorente de regreso al HLA Alicante - gijonbasket\",\"isPartOf\":{\"@id\":\"https:\/\/gijonbasket.com\/#website\"},\"datePublished\":\"2025-10-09T11:52:47+00:00\",\"dateModified\":\"2025-10-09T11:53:50+00:00\",\"breadcrumb\":{\"@id\":\"https:\/\/gijonbasket.com\/2025\/10\/09\/sergio-llorente-de-regreso-al-hla-alicante\/#breadcrumb\"},\"inLanguage\":\"en-US\",\"potentialAction\":[{\"@type\":\"ReadAction\",\"target\":[\"https:\/\/gijonbasket.com\/2025\/10\/09\/sergio-llorente-de-regreso-al-hla-alicante\/\"]}]},{\"@type\":\"BreadcrumbList\",\"@id\":\"https:\/\/gijonbasket.com\/2025\/10\/09\/sergio-llorente-de-regreso-al-hla-alicante\/#breadcrumb\",\"itemListElement\":[{\"@type\":\"ListItem\",\"position\":1,\"name\":\"Portada\",\"item\":\"https:\/\/gijonbasket.com\/\"},{\"@type\":\"ListItem\",\"position\":2,\"name\":\"Sergio Llorente de regreso al HLA Alicante\"}]},{\"@type\":\"WebSite\",\"@id\":\"https:\/\/gijonbasket.com\/#website\",\"url\":\"https:\/\/gijonbasket.com\/\",\"name\":\"gijonbasket\",\"description\":\"\",\"publisher\":{\"@id\":\"https:\/\/gijonbasket.com\/#organization\"},\"potentialAction\":[{\"@type\":\"SearchAction\",\"target\":{\"@type\":\"EntryPoint\",\"urlTemplate\":\"https:\/\/gijonbasket.com\/?s={search_term_string}\"},\"query-input\":{\"@type\":\"PropertyValueSpecification\",\"valueRequired\":true,\"valueName\":\"search_term_string\"}}],\"inLanguage\":\"en-US\"},{\"@type\":\"Organization\",\"@id\":\"https:\/\/gijonbasket.com\/#organization\",\"name\":\"gijonbasket\",\"url\":\"https:\/\/gijonbasket.com\/\",\"logo\":{\"@type\":\"ImageObject\",\"inLanguage\":\"en-US\",\"@id\":\"https:\/\/gijonbasket.com\/#\/schema\/logo\/image\/\",\"url\":\"https:\/\/gijonbasket.com\/wp-content\/uploads\/2023\/03\/LogoGijonBasket2.jpg\",\"contentUrl\":\"https:\/\/gijonbasket.com\/wp-content\/uploads\/2023\/03\/LogoGijonBasket2.jpg\",\"width\":2000,\"height\":550,\"caption\":\"gijonbasket\"},\"image\":{\"@id\":\"https:\/\/gijonbasket.com\/#\/schema\/logo\/image\/\"}},{\"@type\":\"Person\",\"@id\":\"https:\/\/gijonbasket.com\/#\/schema\/person\/91af9ff03e8eab582ccc344b715907c0\",\"name\":\"Cesar Morales\",\"image\":{\"@type\":\"ImageObject\",\"inLanguage\":\"en-US\",\"@id\":\"https:\/\/gijonbasket.com\/#\/schema\/person\/image\/\",\"url\":\"https:\/\/secure.gravatar.com\/avatar\/ab9ddf1e87f7580cae3deefb05a58c5cf4f0c7f96f033fd7dacc23f0e8d149ca?s=96&d=mm&r=g\",\"contentUrl\":\"https:\/\/secure.gravatar.com\/avatar\/ab9ddf1e87f7580cae3deefb05a58c5cf4f0c7f96f033fd7dacc23f0e8d149ca?s=96&d=mm&r=g\",\"caption\":\"Cesar Morales\"},\"url\":\"https:\/\/gijonbasket.com\/en\/author\/cesar\/\"}]}<\/script>\n<!-- \/ Yoast SEO plugin. -->","yoast_head_json":{"title":"Sergio Llorente de regreso al HLA Alicante - gijonbasket","robots":{"index":"index","follow":"follow","max-snippet":"max-snippet:-1","max-image-preview":"max-image-preview:large","max-video-preview":"max-video-preview:-1"},"canonical":"https:\/\/gijonbasket.com\/en\/2025\/10\/09\/sergio-llorente-de-regreso-al-hla-alicante\/","og_locale":"en_US","og_type":"article","og_title":"Sergio Llorente de regreso al HLA Alicante - gijonbasket","og_description":"El HLA Alicante anunci\u00f3 el fichaje de Sergio Llorente, con un contrato temporal por un mes, en lo que es su regreso al conjunto alicantino donde ya milit\u00f3 la pasada temporada. Base de 35 a\u00f1os y 1.85 m., que la pasada temporada comenz\u00f3 defendiendo los colores del HLA Alicante, hasta que a finales del mes&hellip;&nbsp;Read More &raquo;Sergio Llorente de regreso al HLA Alicante","og_url":"https:\/\/gijonbasket.com\/en\/2025\/10\/09\/sergio-llorente-de-regreso-al-hla-alicante\/","og_site_name":"gijonbasket","article_published_time":"2025-10-09T11:52:47+00:00","article_modified_time":"2025-10-09T11:53:50+00:00","author":"Cesar Morales","twitter_card":"summary_large_image","twitter_misc":{"Written by":"Cesar Morales","Est. reading time":"1 minute"},"schema":{"@context":"https:\/\/schema.org","@graph":[{"@type":"Article","@id":"https:\/\/gijonbasket.com\/2025\/10\/09\/sergio-llorente-de-regreso-al-hla-alicante\/#article","isPartOf":{"@id":"https:\/\/gijonbasket.com\/2025\/10\/09\/sergio-llorente-de-regreso-al-hla-alicante\/"},"author":{"name":"Cesar Morales","@id":"https:\/\/gijonbasket.com\/#\/schema\/person\/91af9ff03e8eab582ccc344b715907c0"},"headline":"Sergio Llorente de regreso al HLA Alicante","datePublished":"2025-10-09T11:52:47+00:00","dateModified":"2025-10-09T11:53:50+00:00","mainEntityOfPage":{"@id":"https:\/\/gijonbasket.com\/2025\/10\/09\/sergio-llorente-de-regreso-al-hla-alicante\/"},"wordCount":155,"commentCount":0,"publisher":{"@id":"https:\/\/gijonbasket.com\/#organization"},"articleSection":["noticias"],"inLanguage":"en-US","potentialAction":[{"@type":"CommentAction","name":"Comment","target":["https:\/\/gijonbasket.com\/2025\/10\/09\/sergio-llorente-de-regreso-al-hla-alicante\/#respond"]}]},{"@type":"WebPage","@id":"https:\/\/gijonbasket.com\/2025\/10\/09\/sergio-llorente-de-regreso-al-hla-alicante\/","url":"https:\/\/gijonbasket.com\/2025\/10\/09\/sergio-llorente-de-regreso-al-hla-alicante\/","name":"Sergio Llorente de regreso al HLA Alicante - gijonbasket","isPartOf":{"@id":"https:\/\/gijonbasket.com\/#website"},"datePublished":"2025-10-09T11:52:47+00:00","dateModified":"2025-10-09T11:53:50+00:00","breadcrumb":{"@id":"https:\/\/gijonbasket.com\/2025\/10\/09\/sergio-llorente-de-regreso-al-hla-alicante\/#breadcrumb"},"inLanguage":"en-US","potentialAction":[{"@type":"ReadAction","target":["https:\/\/gijonbasket.com\/2025\/10\/09\/sergio-llorente-de-regreso-al-hla-alicante\/"]}]},{"@type":"BreadcrumbList","@id":"https:\/\/gijonbasket.com\/2025\/10\/09\/sergio-llorente-de-regreso-al-hla-alicante\/#breadcrumb","itemListElement":[{"@type":"ListItem","position":1,"name":"Portada","item":"https:\/\/gijonbasket.com\/"},{"@type":"ListItem","position":2,"name":"Sergio Llorente de regreso al HLA Alicante"}]},{"@type":"WebSite","@id":"https:\/\/gijonbasket.com\/#website","url":"https:\/\/gijonbasket.com\/","name":"gijonbasket","description":"","publisher":{"@id":"https:\/\/gijonbasket.com\/#organization"},"potentialAction":[{"@type":"SearchAction","target":{"@type":"EntryPoint","urlTemplate":"https:\/\/gijonbasket.com\/?s={search_term_string}"},"query-input":{"@type":"PropertyValueSpecification","valueRequired":true,"valueName":"search_term_string"}}],"inLanguage":"en-US"},{"@type":"Organization","@id":"https:\/\/gijonbasket.com\/#organization","name":"gijonbasket","url":"https:\/\/gijonbasket.com\/","logo":{"@type":"ImageObject","inLanguage":"en-US","@id":"https:\/\/gijonbasket.com\/#\/schema\/logo\/image\/","url":"https:\/\/gijonbasket.com\/wp-content\/uploads\/2023\/03\/LogoGijonBasket2.jpg","contentUrl":"https:\/\/gijonbasket.com\/wp-content\/uploads\/2023\/03\/LogoGijonBasket2.jpg","width":2000,"height":550,"caption":"gijonbasket"},"image":{"@id":"https:\/\/gijonbasket.com\/#\/schema\/logo\/image\/"}},{"@type":"Person","@id":"https:\/\/gijonbasket.com\/#\/schema\/person\/91af9ff03e8eab582ccc344b715907c0","name":"Cesar Morales","image":{"@type":"ImageObject","inLanguage":"en-US","@id":"https:\/\/gijonbasket.com\/#\/schema\/person\/image\/","url":"https:\/\/secure.gravatar.com\/avatar\/ab9ddf1e87f7580cae3deefb05a58c5cf4f0c7f96f033fd7dacc23f0e8d149ca?s=96&d=mm&r=g","contentUrl":"https:\/\/secure.gravatar.com\/avatar\/ab9ddf1e87f7580cae3deefb05a58c5cf4f0c7f96f033fd7dacc23f0e8d149ca?s=96&d=mm&r=g","caption":"Cesar Morales"},"url":"https:\/\/gijonbasket.com\/en\/author\/cesar\/"}]}},"_links":{"self":[{"href":"https:\/\/gijonbasket.com\/en\/wp-json\/wp\/v2\/posts\/8654","targetHints":{"allow":["GET"]}}],"collection":[{"href":"https:\/\/gijonbasket.com\/en\/wp-json\/wp\/v2\/posts"}],"about":[{"href":"https:\/\/gijonbasket.com\/en\/wp-json\/wp\/v2\/types\/post"}],"author":[{"embeddable":true,"href":"https:\/\/gijonbasket.com\/en\/wp-json\/wp\/v2\/users\/2"}],"replies":[{"embeddable":true,"href":"https:\/\/gijonbasket.com\/en\/wp-json\/wp\/v2\/comments?post=8654"}],"version-history":[{"count":3,"href":"https:\/\/gijonbasket.com\/en\/wp-json\/wp\/v2\/posts\/8654\/revisions"}],"predecessor-version":[{"id":8658,"href":"https:\/\/gijonbasket.com\/en\/wp-json\/wp\/v2\/posts\/8654\/revisions\/8658"}],"wp:attachment":[{"href":"https:\/\/gijonbasket.com\/en\/wp-json\/wp\/v2\/media?parent=8654"}],"wp:term":[{"taxonomy":"category","embeddable":true,"href":"https:\/\/gijonbasket.com\/en\/wp-json\/wp\/v2\/categories?post=8654"},{"taxonomy":"post_tag","embeddable":true,"href":"https:\/\/gijonbasket.com\/en\/wp-json\/wp\/v2\/tags?post=8654"}],"curies":[{"name":"wp","href":"https:\/\/api.w.org\/{rel}","templated":true}]}}