{"id":873,"date":"2023-04-27T18:55:32","date_gmt":"2023-04-27T16:55:32","guid":{"rendered":"https:\/\/gijonbasket.com\/?p=873"},"modified":"2023-04-27T19:05:53","modified_gmt":"2023-04-27T17:05:53","slug":"oliver-arteaga-adios-a-la-temporada","status":"publish","type":"post","link":"https:\/\/gijonbasket.com\/en\/2023\/04\/27\/oliver-arteaga-adios-a-la-temporada\/","title":{"rendered":"\u00d3liver Arteaga adi\u00f3s a la temporada"},"content":{"rendered":"<p>Duro golpe para el Alimerka Oviedo Baloncesto, tras conocer el alcance exacto de la lesi\u00f3n de \u00d3liver Artega, lesionado el pasado viernes en la pista del HLA Alicante.<\/p>\n\n\n\n<p>El capit\u00e1n del conjunto carbay\u00f3n sufri\u00f3 una doble fractura en la meseta tibial de su rodilla derecha, con lo que se despide de la temporada.<\/p>\n\n\n\n<p>\u00d3liver Arteaga a sus 40 a\u00f1os, est\u00e1 cumpliendo su s\u00e9ptima temporada en el Alimerka Oviedo Baloncesto, para un total de 175 partidos con el equipo de la Capital del Principado de Asturias.<\/p>\n\n\n\n<p>Leyenda LEB Oro siendo m\u00e1ximo reboteador y taponador.<\/p>","protected":false},"excerpt":{"rendered":"<p>Duro golpe para el Alimerka Oviedo Baloncesto, tras conocer el alcance exacto de la lesi\u00f3n de \u00d3liver Artega, lesionado el pasado viernes en la pista del HLA Alicante. El capit\u00e1n del conjunto carbay\u00f3n sufri\u00f3 una doble fractura en la meseta tibial de su rodilla derecha, con lo que se despide de la temporada. \u00d3liver Arteaga&hellip;&nbsp;<a href=\"https:\/\/gijonbasket.com\/en\/2023\/04\/27\/oliver-arteaga-adios-a-la-temporada\/\" class=\"\" rel=\"bookmark\">Read More &raquo;<span class=\"screen-reader-text\">\u00d3liver Arteaga adi\u00f3s a la temporada<\/span><\/a><\/p>","protected":false},"author":2,"featured_media":0,"comment_status":"open","ping_status":"open","sticky":false,"template":"","format":"standard","meta":{"neve_meta_sidebar":"","neve_meta_container":"","neve_meta_enable_content_width":"","neve_meta_content_width":0,"neve_meta_title_alignment":"","neve_meta_author_avatar":"","neve_post_elements_order":"","neve_meta_disable_header":"","neve_meta_disable_footer":"","neve_meta_disable_title":"","footnotes":""},"categories":[4],"tags":[],"class_list":["post-873","post","type-post","status-publish","format-standard","hentry","category-noticias"],"yoast_head":"<!-- This site is optimized with the Yoast SEO plugin v23.4 - https:\/\/yoast.com\/wordpress\/plugins\/seo\/ -->\n<title>\u00d3liver Arteaga adi\u00f3s a la temporada - gijonbasket<\/title>\n<meta name=\"robots\" content=\"index, follow, max-snippet:-1, max-image-preview:large, max-video-preview:-1\" \/>\n<link rel=\"canonical\" href=\"https:\/\/gijonbasket.com\/en\/2023\/04\/27\/oliver-arteaga-adios-a-la-temporada\/\" \/>\n<meta property=\"og:locale\" content=\"en_US\" \/>\n<meta property=\"og:type\" content=\"article\" \/>\n<meta property=\"og:title\" content=\"\u00d3liver Arteaga adi\u00f3s a la temporada - gijonbasket\" \/>\n<meta property=\"og:description\" content=\"Duro golpe para el Alimerka Oviedo Baloncesto, tras conocer el alcance exacto de la lesi\u00f3n de \u00d3liver Artega, lesionado el pasado viernes en la pista del HLA Alicante. El capit\u00e1n del conjunto carbay\u00f3n sufri\u00f3 una doble fractura en la meseta tibial de su rodilla derecha, con lo que se despide de la temporada. \u00d3liver Arteaga&hellip;&nbsp;Read More &raquo;\u00d3liver Arteaga adi\u00f3s a la temporada\" \/>\n<meta property=\"og:url\" content=\"https:\/\/gijonbasket.com\/en\/2023\/04\/27\/oliver-arteaga-adios-a-la-temporada\/\" \/>\n<meta property=\"og:site_name\" content=\"gijonbasket\" \/>\n<meta property=\"article:published_time\" content=\"2023-04-27T16:55:32+00:00\" \/>\n<meta property=\"article:modified_time\" content=\"2023-04-27T17:05:53+00:00\" \/>\n<meta name=\"author\" content=\"Cesar Morales\" \/>\n<meta name=\"twitter:card\" content=\"summary_large_image\" \/>\n<meta name=\"twitter:label1\" content=\"Written by\" \/>\n\t<meta name=\"twitter:data1\" content=\"Cesar Morales\" \/>\n<script type=\"application\/ld+json\" class=\"yoast-schema-graph\">{\"@context\":\"https:\/\/schema.org\",\"@graph\":[{\"@type\":\"Article\",\"@id\":\"https:\/\/gijonbasket.com\/2023\/04\/27\/oliver-arteaga-adios-a-la-temporada\/#article\",\"isPartOf\":{\"@id\":\"https:\/\/gijonbasket.com\/2023\/04\/27\/oliver-arteaga-adios-a-la-temporada\/\"},\"author\":{\"name\":\"Cesar Morales\",\"@id\":\"https:\/\/gijonbasket.com\/#\/schema\/person\/91af9ff03e8eab582ccc344b715907c0\"},\"headline\":\"\u00d3liver Arteaga adi\u00f3s a la temporada\",\"datePublished\":\"2023-04-27T16:55:32+00:00\",\"dateModified\":\"2023-04-27T17:05:53+00:00\",\"mainEntityOfPage\":{\"@id\":\"https:\/\/gijonbasket.com\/2023\/04\/27\/oliver-arteaga-adios-a-la-temporada\/\"},\"wordCount\":104,\"commentCount\":0,\"publisher\":{\"@id\":\"https:\/\/gijonbasket.com\/#organization\"},\"articleSection\":[\"noticias\"],\"inLanguage\":\"en-US\",\"potentialAction\":[{\"@type\":\"CommentAction\",\"name\":\"Comment\",\"target\":[\"https:\/\/gijonbasket.com\/2023\/04\/27\/oliver-arteaga-adios-a-la-temporada\/#respond\"]}]},{\"@type\":\"WebPage\",\"@id\":\"https:\/\/gijonbasket.com\/2023\/04\/27\/oliver-arteaga-adios-a-la-temporada\/\",\"url\":\"https:\/\/gijonbasket.com\/2023\/04\/27\/oliver-arteaga-adios-a-la-temporada\/\",\"name\":\"\u00d3liver Arteaga adi\u00f3s a la temporada - gijonbasket\",\"isPartOf\":{\"@id\":\"https:\/\/gijonbasket.com\/#website\"},\"datePublished\":\"2023-04-27T16:55:32+00:00\",\"dateModified\":\"2023-04-27T17:05:53+00:00\",\"breadcrumb\":{\"@id\":\"https:\/\/gijonbasket.com\/2023\/04\/27\/oliver-arteaga-adios-a-la-temporada\/#breadcrumb\"},\"inLanguage\":\"en-US\",\"potentialAction\":[{\"@type\":\"ReadAction\",\"target\":[\"https:\/\/gijonbasket.com\/2023\/04\/27\/oliver-arteaga-adios-a-la-temporada\/\"]}]},{\"@type\":\"BreadcrumbList\",\"@id\":\"https:\/\/gijonbasket.com\/2023\/04\/27\/oliver-arteaga-adios-a-la-temporada\/#breadcrumb\",\"itemListElement\":[{\"@type\":\"ListItem\",\"position\":1,\"name\":\"Portada\",\"item\":\"https:\/\/gijonbasket.com\/\"},{\"@type\":\"ListItem\",\"position\":2,\"name\":\"\u00d3liver Arteaga adi\u00f3s a la temporada\"}]},{\"@type\":\"WebSite\",\"@id\":\"https:\/\/gijonbasket.com\/#website\",\"url\":\"https:\/\/gijonbasket.com\/\",\"name\":\"gijonbasket\",\"description\":\"\",\"publisher\":{\"@id\":\"https:\/\/gijonbasket.com\/#organization\"},\"potentialAction\":[{\"@type\":\"SearchAction\",\"target\":{\"@type\":\"EntryPoint\",\"urlTemplate\":\"https:\/\/gijonbasket.com\/?s={search_term_string}\"},\"query-input\":{\"@type\":\"PropertyValueSpecification\",\"valueRequired\":true,\"valueName\":\"search_term_string\"}}],\"inLanguage\":\"en-US\"},{\"@type\":\"Organization\",\"@id\":\"https:\/\/gijonbasket.com\/#organization\",\"name\":\"gijonbasket\",\"url\":\"https:\/\/gijonbasket.com\/\",\"logo\":{\"@type\":\"ImageObject\",\"inLanguage\":\"en-US\",\"@id\":\"https:\/\/gijonbasket.com\/#\/schema\/logo\/image\/\",\"url\":\"https:\/\/gijonbasket.com\/wp-content\/uploads\/2023\/03\/LogoGijonBasket2.jpg\",\"contentUrl\":\"https:\/\/gijonbasket.com\/wp-content\/uploads\/2023\/03\/LogoGijonBasket2.jpg\",\"width\":2000,\"height\":550,\"caption\":\"gijonbasket\"},\"image\":{\"@id\":\"https:\/\/gijonbasket.com\/#\/schema\/logo\/image\/\"}},{\"@type\":\"Person\",\"@id\":\"https:\/\/gijonbasket.com\/#\/schema\/person\/91af9ff03e8eab582ccc344b715907c0\",\"name\":\"Cesar Morales\",\"image\":{\"@type\":\"ImageObject\",\"inLanguage\":\"en-US\",\"@id\":\"https:\/\/gijonbasket.com\/#\/schema\/person\/image\/\",\"url\":\"https:\/\/secure.gravatar.com\/avatar\/ab9ddf1e87f7580cae3deefb05a58c5cf4f0c7f96f033fd7dacc23f0e8d149ca?s=96&d=mm&r=g\",\"contentUrl\":\"https:\/\/secure.gravatar.com\/avatar\/ab9ddf1e87f7580cae3deefb05a58c5cf4f0c7f96f033fd7dacc23f0e8d149ca?s=96&d=mm&r=g\",\"caption\":\"Cesar Morales\"},\"url\":\"https:\/\/gijonbasket.com\/en\/author\/cesar\/\"}]}<\/script>\n<!-- \/ Yoast SEO plugin. -->","yoast_head_json":{"title":"\u00d3liver Arteaga adi\u00f3s a la temporada - gijonbasket","robots":{"index":"index","follow":"follow","max-snippet":"max-snippet:-1","max-image-preview":"max-image-preview:large","max-video-preview":"max-video-preview:-1"},"canonical":"https:\/\/gijonbasket.com\/en\/2023\/04\/27\/oliver-arteaga-adios-a-la-temporada\/","og_locale":"en_US","og_type":"article","og_title":"\u00d3liver Arteaga adi\u00f3s a la temporada - gijonbasket","og_description":"Duro golpe para el Alimerka Oviedo Baloncesto, tras conocer el alcance exacto de la lesi\u00f3n de \u00d3liver Artega, lesionado el pasado viernes en la pista del HLA Alicante. El capit\u00e1n del conjunto carbay\u00f3n sufri\u00f3 una doble fractura en la meseta tibial de su rodilla derecha, con lo que se despide de la temporada. \u00d3liver Arteaga&hellip;&nbsp;Read More &raquo;\u00d3liver Arteaga adi\u00f3s a la temporada","og_url":"https:\/\/gijonbasket.com\/en\/2023\/04\/27\/oliver-arteaga-adios-a-la-temporada\/","og_site_name":"gijonbasket","article_published_time":"2023-04-27T16:55:32+00:00","article_modified_time":"2023-04-27T17:05:53+00:00","author":"Cesar Morales","twitter_card":"summary_large_image","twitter_misc":{"Written by":"Cesar Morales"},"schema":{"@context":"https:\/\/schema.org","@graph":[{"@type":"Article","@id":"https:\/\/gijonbasket.com\/2023\/04\/27\/oliver-arteaga-adios-a-la-temporada\/#article","isPartOf":{"@id":"https:\/\/gijonbasket.com\/2023\/04\/27\/oliver-arteaga-adios-a-la-temporada\/"},"author":{"name":"Cesar Morales","@id":"https:\/\/gijonbasket.com\/#\/schema\/person\/91af9ff03e8eab582ccc344b715907c0"},"headline":"\u00d3liver Arteaga adi\u00f3s a la temporada","datePublished":"2023-04-27T16:55:32+00:00","dateModified":"2023-04-27T17:05:53+00:00","mainEntityOfPage":{"@id":"https:\/\/gijonbasket.com\/2023\/04\/27\/oliver-arteaga-adios-a-la-temporada\/"},"wordCount":104,"commentCount":0,"publisher":{"@id":"https:\/\/gijonbasket.com\/#organization"},"articleSection":["noticias"],"inLanguage":"en-US","potentialAction":[{"@type":"CommentAction","name":"Comment","target":["https:\/\/gijonbasket.com\/2023\/04\/27\/oliver-arteaga-adios-a-la-temporada\/#respond"]}]},{"@type":"WebPage","@id":"https:\/\/gijonbasket.com\/2023\/04\/27\/oliver-arteaga-adios-a-la-temporada\/","url":"https:\/\/gijonbasket.com\/2023\/04\/27\/oliver-arteaga-adios-a-la-temporada\/","name":"\u00d3liver Arteaga adi\u00f3s a la temporada - gijonbasket","isPartOf":{"@id":"https:\/\/gijonbasket.com\/#website"},"datePublished":"2023-04-27T16:55:32+00:00","dateModified":"2023-04-27T17:05:53+00:00","breadcrumb":{"@id":"https:\/\/gijonbasket.com\/2023\/04\/27\/oliver-arteaga-adios-a-la-temporada\/#breadcrumb"},"inLanguage":"en-US","potentialAction":[{"@type":"ReadAction","target":["https:\/\/gijonbasket.com\/2023\/04\/27\/oliver-arteaga-adios-a-la-temporada\/"]}]},{"@type":"BreadcrumbList","@id":"https:\/\/gijonbasket.com\/2023\/04\/27\/oliver-arteaga-adios-a-la-temporada\/#breadcrumb","itemListElement":[{"@type":"ListItem","position":1,"name":"Portada","item":"https:\/\/gijonbasket.com\/"},{"@type":"ListItem","position":2,"name":"\u00d3liver Arteaga adi\u00f3s a la temporada"}]},{"@type":"WebSite","@id":"https:\/\/gijonbasket.com\/#website","url":"https:\/\/gijonbasket.com\/","name":"gijonbasket","description":"","publisher":{"@id":"https:\/\/gijonbasket.com\/#organization"},"potentialAction":[{"@type":"SearchAction","target":{"@type":"EntryPoint","urlTemplate":"https:\/\/gijonbasket.com\/?s={search_term_string}"},"query-input":{"@type":"PropertyValueSpecification","valueRequired":true,"valueName":"search_term_string"}}],"inLanguage":"en-US"},{"@type":"Organization","@id":"https:\/\/gijonbasket.com\/#organization","name":"gijonbasket","url":"https:\/\/gijonbasket.com\/","logo":{"@type":"ImageObject","inLanguage":"en-US","@id":"https:\/\/gijonbasket.com\/#\/schema\/logo\/image\/","url":"https:\/\/gijonbasket.com\/wp-content\/uploads\/2023\/03\/LogoGijonBasket2.jpg","contentUrl":"https:\/\/gijonbasket.com\/wp-content\/uploads\/2023\/03\/LogoGijonBasket2.jpg","width":2000,"height":550,"caption":"gijonbasket"},"image":{"@id":"https:\/\/gijonbasket.com\/#\/schema\/logo\/image\/"}},{"@type":"Person","@id":"https:\/\/gijonbasket.com\/#\/schema\/person\/91af9ff03e8eab582ccc344b715907c0","name":"Cesar Morales","image":{"@type":"ImageObject","inLanguage":"en-US","@id":"https:\/\/gijonbasket.com\/#\/schema\/person\/image\/","url":"https:\/\/secure.gravatar.com\/avatar\/ab9ddf1e87f7580cae3deefb05a58c5cf4f0c7f96f033fd7dacc23f0e8d149ca?s=96&d=mm&r=g","contentUrl":"https:\/\/secure.gravatar.com\/avatar\/ab9ddf1e87f7580cae3deefb05a58c5cf4f0c7f96f033fd7dacc23f0e8d149ca?s=96&d=mm&r=g","caption":"Cesar Morales"},"url":"https:\/\/gijonbasket.com\/en\/author\/cesar\/"}]}},"_links":{"self":[{"href":"https:\/\/gijonbasket.com\/en\/wp-json\/wp\/v2\/posts\/873","targetHints":{"allow":["GET"]}}],"collection":[{"href":"https:\/\/gijonbasket.com\/en\/wp-json\/wp\/v2\/posts"}],"about":[{"href":"https:\/\/gijonbasket.com\/en\/wp-json\/wp\/v2\/types\/post"}],"author":[{"embeddable":true,"href":"https:\/\/gijonbasket.com\/en\/wp-json\/wp\/v2\/users\/2"}],"replies":[{"embeddable":true,"href":"https:\/\/gijonbasket.com\/en\/wp-json\/wp\/v2\/comments?post=873"}],"version-history":[{"count":4,"href":"https:\/\/gijonbasket.com\/en\/wp-json\/wp\/v2\/posts\/873\/revisions"}],"predecessor-version":[{"id":879,"href":"https:\/\/gijonbasket.com\/en\/wp-json\/wp\/v2\/posts\/873\/revisions\/879"}],"wp:attachment":[{"href":"https:\/\/gijonbasket.com\/en\/wp-json\/wp\/v2\/media?parent=873"}],"wp:term":[{"taxonomy":"category","embeddable":true,"href":"https:\/\/gijonbasket.com\/en\/wp-json\/wp\/v2\/categories?post=873"},{"taxonomy":"post_tag","embeddable":true,"href":"https:\/\/gijonbasket.com\/en\/wp-json\/wp\/v2\/tags?post=873"}],"curies":[{"name":"wp","href":"https:\/\/api.w.org\/{rel}","templated":true}]}}