{"id":8825,"date":"2025-10-23T12:05:11","date_gmt":"2025-10-23T10:05:11","guid":{"rendered":"https:\/\/gijonbasket.com\/?p=8825"},"modified":"2025-10-23T12:05:29","modified_gmt":"2025-10-23T10:05:29","slug":"justin-jaworski-baja-por-lesion-en-el-surne-bilbao-basket","status":"publish","type":"post","link":"https:\/\/gijonbasket.com\/en\/2025\/10\/23\/justin-jaworski-baja-por-lesion-en-el-surne-bilbao-basket\/","title":{"rendered":"Justin Jaworski baja por lesi\u00f3n en el Surne Bilbao Basket"},"content":{"rendered":"<p>El Surne Bilbao Basket contar\u00e1 con la baja de Justin Jaworski al sufrir una entorsis de su rodilla izquierda.<\/p>\n\n\n\n<p>Escolta estadounidense de 26 a\u00f1os y 1.90 m., que la pasada temporada milit\u00f3 en el EWE Baskets Oldenburg, para ser el m\u00e1ximo anotador de la Bundesliga con una media de 19.5 ppp.<\/p>\n\n\n\n<p>Justin Jaworski regres\u00f3 a Espa\u00f1a para dar el salto a la Liga Endesa con el Surne Bilbao Basket.<\/p>\n\n\n\n<p>Su primera experiencia profesional fue en Espa\u00f1a en la temporada 2022\/2023 con el Guuk Gipuzkoa Basket (LEB Oro), siendo una de las grandes sensaciones de la categor\u00eda por su poder anotador. Segundo m\u00e1ximo anotador de la temporada regular con una media de 19.3 ppp, s\u00f3lo por detr\u00e1s de Michael Carrera (20.3 ppp).<\/p>\n\n\n\n<p>Formado en Lafayette University (2017\/2018; 2018\/2019; 2019\/2020; 2020\/2021) donde cumpli\u00f3 su ciclo universitario.<\/p>\n\n\n\n<p>El Guuk Gipuzkoa Basket le sirvi\u00f3 de trampol\u00edn, para darle salto a Italia en la temporada 2023\/2024, recalando en el GeVi Napoli y terminar la temporada en Alemania con el MLP Academics Heidelberg.<\/p>","protected":false},"excerpt":{"rendered":"<p>El Surne Bilbao Basket contar\u00e1 con la baja de Justin Jaworski al sufrir una entorsis de su rodilla izquierda. Escolta estadounidense de 26 a\u00f1os y 1.90 m., que la pasada temporada milit\u00f3 en el EWE Baskets Oldenburg, para ser el m\u00e1ximo anotador de la Bundesliga con una media de 19.5 ppp. Justin Jaworski regres\u00f3 a&hellip;&nbsp;<a href=\"https:\/\/gijonbasket.com\/en\/2025\/10\/23\/justin-jaworski-baja-por-lesion-en-el-surne-bilbao-basket\/\" class=\"\" rel=\"bookmark\">Read More &raquo;<span class=\"screen-reader-text\">Justin Jaworski baja por lesi\u00f3n en el Surne Bilbao Basket<\/span><\/a><\/p>","protected":false},"author":2,"featured_media":0,"comment_status":"open","ping_status":"open","sticky":false,"template":"","format":"standard","meta":{"neve_meta_sidebar":"","neve_meta_container":"","neve_meta_enable_content_width":"","neve_meta_content_width":0,"neve_meta_title_alignment":"","neve_meta_author_avatar":"","neve_post_elements_order":"","neve_meta_disable_header":"","neve_meta_disable_footer":"","neve_meta_disable_title":"","footnotes":""},"categories":[4],"tags":[],"class_list":["post-8825","post","type-post","status-publish","format-standard","hentry","category-noticias"],"yoast_head":"<!-- This site is optimized with the Yoast SEO plugin v23.4 - https:\/\/yoast.com\/wordpress\/plugins\/seo\/ -->\n<title>Justin Jaworski baja por lesi\u00f3n en el Surne Bilbao Basket - gijonbasket<\/title>\n<meta name=\"robots\" content=\"index, follow, max-snippet:-1, max-image-preview:large, max-video-preview:-1\" \/>\n<link rel=\"canonical\" href=\"https:\/\/gijonbasket.com\/en\/2025\/10\/23\/justin-jaworski-baja-por-lesion-en-el-surne-bilbao-basket\/\" \/>\n<meta property=\"og:locale\" content=\"en_US\" \/>\n<meta property=\"og:type\" content=\"article\" \/>\n<meta property=\"og:title\" content=\"Justin Jaworski baja por lesi\u00f3n en el Surne Bilbao Basket - gijonbasket\" \/>\n<meta property=\"og:description\" content=\"El Surne Bilbao Basket contar\u00e1 con la baja de Justin Jaworski al sufrir una entorsis de su rodilla izquierda. Escolta estadounidense de 26 a\u00f1os y 1.90 m., que la pasada temporada milit\u00f3 en el EWE Baskets Oldenburg, para ser el m\u00e1ximo anotador de la Bundesliga con una media de 19.5 ppp. Justin Jaworski regres\u00f3 a&hellip;&nbsp;Read More &raquo;Justin Jaworski baja por lesi\u00f3n en el Surne Bilbao Basket\" \/>\n<meta property=\"og:url\" content=\"https:\/\/gijonbasket.com\/en\/2025\/10\/23\/justin-jaworski-baja-por-lesion-en-el-surne-bilbao-basket\/\" \/>\n<meta property=\"og:site_name\" content=\"gijonbasket\" \/>\n<meta property=\"article:published_time\" content=\"2025-10-23T10:05:11+00:00\" \/>\n<meta property=\"article:modified_time\" content=\"2025-10-23T10:05:29+00:00\" \/>\n<meta name=\"author\" content=\"Cesar Morales\" \/>\n<meta name=\"twitter:card\" content=\"summary_large_image\" \/>\n<meta name=\"twitter:label1\" content=\"Written by\" \/>\n\t<meta name=\"twitter:data1\" content=\"Cesar Morales\" \/>\n\t<meta name=\"twitter:label2\" content=\"Est. reading time\" \/>\n\t<meta name=\"twitter:data2\" content=\"1 minute\" \/>\n<script type=\"application\/ld+json\" class=\"yoast-schema-graph\">{\"@context\":\"https:\/\/schema.org\",\"@graph\":[{\"@type\":\"Article\",\"@id\":\"https:\/\/gijonbasket.com\/2025\/10\/23\/justin-jaworski-baja-por-lesion-en-el-surne-bilbao-basket\/#article\",\"isPartOf\":{\"@id\":\"https:\/\/gijonbasket.com\/2025\/10\/23\/justin-jaworski-baja-por-lesion-en-el-surne-bilbao-basket\/\"},\"author\":{\"name\":\"Cesar Morales\",\"@id\":\"https:\/\/gijonbasket.com\/#\/schema\/person\/91af9ff03e8eab582ccc344b715907c0\"},\"headline\":\"Justin Jaworski baja por lesi\u00f3n en el Surne Bilbao Basket\",\"datePublished\":\"2025-10-23T10:05:11+00:00\",\"dateModified\":\"2025-10-23T10:05:29+00:00\",\"mainEntityOfPage\":{\"@id\":\"https:\/\/gijonbasket.com\/2025\/10\/23\/justin-jaworski-baja-por-lesion-en-el-surne-bilbao-basket\/\"},\"wordCount\":176,\"commentCount\":0,\"publisher\":{\"@id\":\"https:\/\/gijonbasket.com\/#organization\"},\"articleSection\":[\"noticias\"],\"inLanguage\":\"en-US\",\"potentialAction\":[{\"@type\":\"CommentAction\",\"name\":\"Comment\",\"target\":[\"https:\/\/gijonbasket.com\/2025\/10\/23\/justin-jaworski-baja-por-lesion-en-el-surne-bilbao-basket\/#respond\"]}]},{\"@type\":\"WebPage\",\"@id\":\"https:\/\/gijonbasket.com\/2025\/10\/23\/justin-jaworski-baja-por-lesion-en-el-surne-bilbao-basket\/\",\"url\":\"https:\/\/gijonbasket.com\/2025\/10\/23\/justin-jaworski-baja-por-lesion-en-el-surne-bilbao-basket\/\",\"name\":\"Justin Jaworski baja por lesi\u00f3n en el Surne Bilbao Basket - gijonbasket\",\"isPartOf\":{\"@id\":\"https:\/\/gijonbasket.com\/#website\"},\"datePublished\":\"2025-10-23T10:05:11+00:00\",\"dateModified\":\"2025-10-23T10:05:29+00:00\",\"breadcrumb\":{\"@id\":\"https:\/\/gijonbasket.com\/2025\/10\/23\/justin-jaworski-baja-por-lesion-en-el-surne-bilbao-basket\/#breadcrumb\"},\"inLanguage\":\"en-US\",\"potentialAction\":[{\"@type\":\"ReadAction\",\"target\":[\"https:\/\/gijonbasket.com\/2025\/10\/23\/justin-jaworski-baja-por-lesion-en-el-surne-bilbao-basket\/\"]}]},{\"@type\":\"BreadcrumbList\",\"@id\":\"https:\/\/gijonbasket.com\/2025\/10\/23\/justin-jaworski-baja-por-lesion-en-el-surne-bilbao-basket\/#breadcrumb\",\"itemListElement\":[{\"@type\":\"ListItem\",\"position\":1,\"name\":\"Portada\",\"item\":\"https:\/\/gijonbasket.com\/\"},{\"@type\":\"ListItem\",\"position\":2,\"name\":\"Justin Jaworski baja por lesi\u00f3n en el Surne Bilbao Basket\"}]},{\"@type\":\"WebSite\",\"@id\":\"https:\/\/gijonbasket.com\/#website\",\"url\":\"https:\/\/gijonbasket.com\/\",\"name\":\"gijonbasket\",\"description\":\"\",\"publisher\":{\"@id\":\"https:\/\/gijonbasket.com\/#organization\"},\"potentialAction\":[{\"@type\":\"SearchAction\",\"target\":{\"@type\":\"EntryPoint\",\"urlTemplate\":\"https:\/\/gijonbasket.com\/?s={search_term_string}\"},\"query-input\":{\"@type\":\"PropertyValueSpecification\",\"valueRequired\":true,\"valueName\":\"search_term_string\"}}],\"inLanguage\":\"en-US\"},{\"@type\":\"Organization\",\"@id\":\"https:\/\/gijonbasket.com\/#organization\",\"name\":\"gijonbasket\",\"url\":\"https:\/\/gijonbasket.com\/\",\"logo\":{\"@type\":\"ImageObject\",\"inLanguage\":\"en-US\",\"@id\":\"https:\/\/gijonbasket.com\/#\/schema\/logo\/image\/\",\"url\":\"https:\/\/gijonbasket.com\/wp-content\/uploads\/2023\/03\/LogoGijonBasket2.jpg\",\"contentUrl\":\"https:\/\/gijonbasket.com\/wp-content\/uploads\/2023\/03\/LogoGijonBasket2.jpg\",\"width\":2000,\"height\":550,\"caption\":\"gijonbasket\"},\"image\":{\"@id\":\"https:\/\/gijonbasket.com\/#\/schema\/logo\/image\/\"}},{\"@type\":\"Person\",\"@id\":\"https:\/\/gijonbasket.com\/#\/schema\/person\/91af9ff03e8eab582ccc344b715907c0\",\"name\":\"Cesar Morales\",\"image\":{\"@type\":\"ImageObject\",\"inLanguage\":\"en-US\",\"@id\":\"https:\/\/gijonbasket.com\/#\/schema\/person\/image\/\",\"url\":\"https:\/\/secure.gravatar.com\/avatar\/ab9ddf1e87f7580cae3deefb05a58c5cf4f0c7f96f033fd7dacc23f0e8d149ca?s=96&d=mm&r=g\",\"contentUrl\":\"https:\/\/secure.gravatar.com\/avatar\/ab9ddf1e87f7580cae3deefb05a58c5cf4f0c7f96f033fd7dacc23f0e8d149ca?s=96&d=mm&r=g\",\"caption\":\"Cesar Morales\"},\"url\":\"https:\/\/gijonbasket.com\/en\/author\/cesar\/\"}]}<\/script>\n<!-- \/ Yoast SEO plugin. -->","yoast_head_json":{"title":"Justin Jaworski baja por lesi\u00f3n en el Surne Bilbao Basket - gijonbasket","robots":{"index":"index","follow":"follow","max-snippet":"max-snippet:-1","max-image-preview":"max-image-preview:large","max-video-preview":"max-video-preview:-1"},"canonical":"https:\/\/gijonbasket.com\/en\/2025\/10\/23\/justin-jaworski-baja-por-lesion-en-el-surne-bilbao-basket\/","og_locale":"en_US","og_type":"article","og_title":"Justin Jaworski baja por lesi\u00f3n en el Surne Bilbao Basket - gijonbasket","og_description":"El Surne Bilbao Basket contar\u00e1 con la baja de Justin Jaworski al sufrir una entorsis de su rodilla izquierda. Escolta estadounidense de 26 a\u00f1os y 1.90 m., que la pasada temporada milit\u00f3 en el EWE Baskets Oldenburg, para ser el m\u00e1ximo anotador de la Bundesliga con una media de 19.5 ppp. Justin Jaworski regres\u00f3 a&hellip;&nbsp;Read More &raquo;Justin Jaworski baja por lesi\u00f3n en el Surne Bilbao Basket","og_url":"https:\/\/gijonbasket.com\/en\/2025\/10\/23\/justin-jaworski-baja-por-lesion-en-el-surne-bilbao-basket\/","og_site_name":"gijonbasket","article_published_time":"2025-10-23T10:05:11+00:00","article_modified_time":"2025-10-23T10:05:29+00:00","author":"Cesar Morales","twitter_card":"summary_large_image","twitter_misc":{"Written by":"Cesar Morales","Est. reading time":"1 minute"},"schema":{"@context":"https:\/\/schema.org","@graph":[{"@type":"Article","@id":"https:\/\/gijonbasket.com\/2025\/10\/23\/justin-jaworski-baja-por-lesion-en-el-surne-bilbao-basket\/#article","isPartOf":{"@id":"https:\/\/gijonbasket.com\/2025\/10\/23\/justin-jaworski-baja-por-lesion-en-el-surne-bilbao-basket\/"},"author":{"name":"Cesar Morales","@id":"https:\/\/gijonbasket.com\/#\/schema\/person\/91af9ff03e8eab582ccc344b715907c0"},"headline":"Justin Jaworski baja por lesi\u00f3n en el Surne Bilbao Basket","datePublished":"2025-10-23T10:05:11+00:00","dateModified":"2025-10-23T10:05:29+00:00","mainEntityOfPage":{"@id":"https:\/\/gijonbasket.com\/2025\/10\/23\/justin-jaworski-baja-por-lesion-en-el-surne-bilbao-basket\/"},"wordCount":176,"commentCount":0,"publisher":{"@id":"https:\/\/gijonbasket.com\/#organization"},"articleSection":["noticias"],"inLanguage":"en-US","potentialAction":[{"@type":"CommentAction","name":"Comment","target":["https:\/\/gijonbasket.com\/2025\/10\/23\/justin-jaworski-baja-por-lesion-en-el-surne-bilbao-basket\/#respond"]}]},{"@type":"WebPage","@id":"https:\/\/gijonbasket.com\/2025\/10\/23\/justin-jaworski-baja-por-lesion-en-el-surne-bilbao-basket\/","url":"https:\/\/gijonbasket.com\/2025\/10\/23\/justin-jaworski-baja-por-lesion-en-el-surne-bilbao-basket\/","name":"Justin Jaworski baja por lesi\u00f3n en el Surne Bilbao Basket - gijonbasket","isPartOf":{"@id":"https:\/\/gijonbasket.com\/#website"},"datePublished":"2025-10-23T10:05:11+00:00","dateModified":"2025-10-23T10:05:29+00:00","breadcrumb":{"@id":"https:\/\/gijonbasket.com\/2025\/10\/23\/justin-jaworski-baja-por-lesion-en-el-surne-bilbao-basket\/#breadcrumb"},"inLanguage":"en-US","potentialAction":[{"@type":"ReadAction","target":["https:\/\/gijonbasket.com\/2025\/10\/23\/justin-jaworski-baja-por-lesion-en-el-surne-bilbao-basket\/"]}]},{"@type":"BreadcrumbList","@id":"https:\/\/gijonbasket.com\/2025\/10\/23\/justin-jaworski-baja-por-lesion-en-el-surne-bilbao-basket\/#breadcrumb","itemListElement":[{"@type":"ListItem","position":1,"name":"Portada","item":"https:\/\/gijonbasket.com\/"},{"@type":"ListItem","position":2,"name":"Justin Jaworski baja por lesi\u00f3n en el Surne Bilbao Basket"}]},{"@type":"WebSite","@id":"https:\/\/gijonbasket.com\/#website","url":"https:\/\/gijonbasket.com\/","name":"gijonbasket","description":"","publisher":{"@id":"https:\/\/gijonbasket.com\/#organization"},"potentialAction":[{"@type":"SearchAction","target":{"@type":"EntryPoint","urlTemplate":"https:\/\/gijonbasket.com\/?s={search_term_string}"},"query-input":{"@type":"PropertyValueSpecification","valueRequired":true,"valueName":"search_term_string"}}],"inLanguage":"en-US"},{"@type":"Organization","@id":"https:\/\/gijonbasket.com\/#organization","name":"gijonbasket","url":"https:\/\/gijonbasket.com\/","logo":{"@type":"ImageObject","inLanguage":"en-US","@id":"https:\/\/gijonbasket.com\/#\/schema\/logo\/image\/","url":"https:\/\/gijonbasket.com\/wp-content\/uploads\/2023\/03\/LogoGijonBasket2.jpg","contentUrl":"https:\/\/gijonbasket.com\/wp-content\/uploads\/2023\/03\/LogoGijonBasket2.jpg","width":2000,"height":550,"caption":"gijonbasket"},"image":{"@id":"https:\/\/gijonbasket.com\/#\/schema\/logo\/image\/"}},{"@type":"Person","@id":"https:\/\/gijonbasket.com\/#\/schema\/person\/91af9ff03e8eab582ccc344b715907c0","name":"Cesar Morales","image":{"@type":"ImageObject","inLanguage":"en-US","@id":"https:\/\/gijonbasket.com\/#\/schema\/person\/image\/","url":"https:\/\/secure.gravatar.com\/avatar\/ab9ddf1e87f7580cae3deefb05a58c5cf4f0c7f96f033fd7dacc23f0e8d149ca?s=96&d=mm&r=g","contentUrl":"https:\/\/secure.gravatar.com\/avatar\/ab9ddf1e87f7580cae3deefb05a58c5cf4f0c7f96f033fd7dacc23f0e8d149ca?s=96&d=mm&r=g","caption":"Cesar Morales"},"url":"https:\/\/gijonbasket.com\/en\/author\/cesar\/"}]}},"_links":{"self":[{"href":"https:\/\/gijonbasket.com\/en\/wp-json\/wp\/v2\/posts\/8825","targetHints":{"allow":["GET"]}}],"collection":[{"href":"https:\/\/gijonbasket.com\/en\/wp-json\/wp\/v2\/posts"}],"about":[{"href":"https:\/\/gijonbasket.com\/en\/wp-json\/wp\/v2\/types\/post"}],"author":[{"embeddable":true,"href":"https:\/\/gijonbasket.com\/en\/wp-json\/wp\/v2\/users\/2"}],"replies":[{"embeddable":true,"href":"https:\/\/gijonbasket.com\/en\/wp-json\/wp\/v2\/comments?post=8825"}],"version-history":[{"count":2,"href":"https:\/\/gijonbasket.com\/en\/wp-json\/wp\/v2\/posts\/8825\/revisions"}],"predecessor-version":[{"id":8827,"href":"https:\/\/gijonbasket.com\/en\/wp-json\/wp\/v2\/posts\/8825\/revisions\/8827"}],"wp:attachment":[{"href":"https:\/\/gijonbasket.com\/en\/wp-json\/wp\/v2\/media?parent=8825"}],"wp:term":[{"taxonomy":"category","embeddable":true,"href":"https:\/\/gijonbasket.com\/en\/wp-json\/wp\/v2\/categories?post=8825"},{"taxonomy":"post_tag","embeddable":true,"href":"https:\/\/gijonbasket.com\/en\/wp-json\/wp\/v2\/tags?post=8825"}],"curies":[{"name":"wp","href":"https:\/\/api.w.org\/{rel}","templated":true}]}}