{"id":892,"date":"2023-04-29T09:46:50","date_gmt":"2023-04-29T07:46:50","guid":{"rendered":"https:\/\/gijonbasket.com\/?p=892"},"modified":"2023-04-29T09:46:50","modified_gmt":"2023-04-29T07:46:50","slug":"qatar-2027-y-alemania-2026-sedes-mundiales-masculino-y-femenino","status":"publish","type":"post","link":"https:\/\/gijonbasket.com\/en\/2023\/04\/29\/qatar-2027-y-alemania-2026-sedes-mundiales-masculino-y-femenino\/","title":{"rendered":"Qatar 2027 y Alemania 2026 sedes Mundiales Masculino y Femenino"},"content":{"rendered":"<p>FIBA eligi\u00f3 ayer a Qatar y Alemania como sede de las pr\u00f3ximas Copas del Mundo de Baloncesto en categorias masculina y femenina para 2027 y 2026.<\/p>\n\n\n\n<p>Hoy s\u00e1bado a partir de 13:30, se celebrar\u00e1 el Sorteo de la Fase de Grupos de la Copa del Mundo de Baloncesto Masculino 2023, que se disputar\u00e1 en Indonesia, Filipinas y Jap\u00f3n del 25 de agosto al 10 de septiembre.<\/p>\n\n\n\n<p>Qatar con Doha, volver\u00e1 a ser sede de un evento de la magnitud de la Copa del Mundo de Baloncesto, al igual que sucedi\u00f3 en diciembre de 2022 con la Copa del Mundo de Futbol.<\/p>\n\n\n\n<figure class=\"wp-block-image size-full\"><img fetchpriority=\"high\" decoding=\"async\" width=\"976\" height=\"549\" src=\"https:\/\/gijonbasket.com\/wp-content\/uploads\/2023\/04\/COPA-MUNDO-BASKET-QATAR-2027-ALEMANIA-2026.jpg\" alt=\"\" class=\"wp-image-893\" srcset=\"https:\/\/gijonbasket.com\/wp-content\/uploads\/2023\/04\/COPA-MUNDO-BASKET-QATAR-2027-ALEMANIA-2026.jpg 976w, https:\/\/gijonbasket.com\/wp-content\/uploads\/2023\/04\/COPA-MUNDO-BASKET-QATAR-2027-ALEMANIA-2026-300x169.jpg 300w, https:\/\/gijonbasket.com\/wp-content\/uploads\/2023\/04\/COPA-MUNDO-BASKET-QATAR-2027-ALEMANIA-2026-768x432.jpg 768w, https:\/\/gijonbasket.com\/wp-content\/uploads\/2023\/04\/COPA-MUNDO-BASKET-QATAR-2027-ALEMANIA-2026-18x10.jpg 18w\" sizes=\"(max-width: 976px) 100vw, 976px\" \/><\/figure>","protected":false},"excerpt":{"rendered":"<p>FIBA eligi\u00f3 ayer a Qatar y Alemania como sede de las pr\u00f3ximas Copas del Mundo de Baloncesto en categorias masculina y femenina para 2027 y 2026. Hoy s\u00e1bado a partir de 13:30, se celebrar\u00e1 el Sorteo de la Fase de Grupos de la Copa del Mundo de Baloncesto Masculino 2023, que se disputar\u00e1 en Indonesia,&hellip;&nbsp;<a href=\"https:\/\/gijonbasket.com\/en\/2023\/04\/29\/qatar-2027-y-alemania-2026-sedes-mundiales-masculino-y-femenino\/\" class=\"\" rel=\"bookmark\">Read More &raquo;<span class=\"screen-reader-text\">Qatar 2027 y Alemania 2026 sedes Mundiales Masculino y Femenino<\/span><\/a><\/p>","protected":false},"author":2,"featured_media":0,"comment_status":"open","ping_status":"open","sticky":false,"template":"","format":"standard","meta":{"neve_meta_sidebar":"","neve_meta_container":"","neve_meta_enable_content_width":"","neve_meta_content_width":0,"neve_meta_title_alignment":"","neve_meta_author_avatar":"","neve_post_elements_order":"","neve_meta_disable_header":"","neve_meta_disable_footer":"","neve_meta_disable_title":"","footnotes":""},"categories":[4],"tags":[],"class_list":["post-892","post","type-post","status-publish","format-standard","hentry","category-noticias"],"yoast_head":"<!-- This site is optimized with the Yoast SEO plugin v23.4 - https:\/\/yoast.com\/wordpress\/plugins\/seo\/ -->\n<title>Qatar 2027 y Alemania 2026 sedes Mundiales Masculino y Femenino - gijonbasket<\/title>\n<meta name=\"robots\" content=\"index, follow, max-snippet:-1, max-image-preview:large, max-video-preview:-1\" \/>\n<link rel=\"canonical\" href=\"https:\/\/gijonbasket.com\/en\/2023\/04\/29\/qatar-2027-y-alemania-2026-sedes-mundiales-masculino-y-femenino\/\" \/>\n<meta property=\"og:locale\" content=\"en_US\" \/>\n<meta property=\"og:type\" content=\"article\" \/>\n<meta property=\"og:title\" content=\"Qatar 2027 y Alemania 2026 sedes Mundiales Masculino y Femenino - gijonbasket\" \/>\n<meta property=\"og:description\" content=\"FIBA eligi\u00f3 ayer a Qatar y Alemania como sede de las pr\u00f3ximas Copas del Mundo de Baloncesto en categorias masculina y femenina para 2027 y 2026. Hoy s\u00e1bado a partir de 13:30, se celebrar\u00e1 el Sorteo de la Fase de Grupos de la Copa del Mundo de Baloncesto Masculino 2023, que se disputar\u00e1 en Indonesia,&hellip;&nbsp;Read More &raquo;Qatar 2027 y Alemania 2026 sedes Mundiales Masculino y Femenino\" \/>\n<meta property=\"og:url\" content=\"https:\/\/gijonbasket.com\/en\/2023\/04\/29\/qatar-2027-y-alemania-2026-sedes-mundiales-masculino-y-femenino\/\" \/>\n<meta property=\"og:site_name\" content=\"gijonbasket\" \/>\n<meta property=\"article:published_time\" content=\"2023-04-29T07:46:50+00:00\" \/>\n<meta property=\"og:image\" content=\"https:\/\/gijonbasket.com\/wp-content\/uploads\/2023\/04\/COPA-MUNDO-BASKET-QATAR-2027-ALEMANIA-2026.jpg\" \/>\n<meta name=\"author\" content=\"Cesar Morales\" \/>\n<meta name=\"twitter:card\" content=\"summary_large_image\" \/>\n<meta name=\"twitter:label1\" content=\"Written by\" \/>\n\t<meta name=\"twitter:data1\" content=\"Cesar Morales\" \/>\n<script type=\"application\/ld+json\" class=\"yoast-schema-graph\">{\"@context\":\"https:\/\/schema.org\",\"@graph\":[{\"@type\":\"Article\",\"@id\":\"https:\/\/gijonbasket.com\/2023\/04\/29\/qatar-2027-y-alemania-2026-sedes-mundiales-masculino-y-femenino\/#article\",\"isPartOf\":{\"@id\":\"https:\/\/gijonbasket.com\/2023\/04\/29\/qatar-2027-y-alemania-2026-sedes-mundiales-masculino-y-femenino\/\"},\"author\":{\"name\":\"Cesar Morales\",\"@id\":\"https:\/\/gijonbasket.com\/#\/schema\/person\/91af9ff03e8eab582ccc344b715907c0\"},\"headline\":\"Qatar 2027 y Alemania 2026 sedes Mundiales Masculino y Femenino\",\"datePublished\":\"2023-04-29T07:46:50+00:00\",\"dateModified\":\"2023-04-29T07:46:50+00:00\",\"mainEntityOfPage\":{\"@id\":\"https:\/\/gijonbasket.com\/2023\/04\/29\/qatar-2027-y-alemania-2026-sedes-mundiales-masculino-y-femenino\/\"},\"wordCount\":105,\"commentCount\":0,\"publisher\":{\"@id\":\"https:\/\/gijonbasket.com\/#organization\"},\"image\":{\"@id\":\"https:\/\/gijonbasket.com\/2023\/04\/29\/qatar-2027-y-alemania-2026-sedes-mundiales-masculino-y-femenino\/#primaryimage\"},\"thumbnailUrl\":\"https:\/\/gijonbasket.com\/wp-content\/uploads\/2023\/04\/COPA-MUNDO-BASKET-QATAR-2027-ALEMANIA-2026.jpg\",\"articleSection\":[\"noticias\"],\"inLanguage\":\"en-US\",\"potentialAction\":[{\"@type\":\"CommentAction\",\"name\":\"Comment\",\"target\":[\"https:\/\/gijonbasket.com\/2023\/04\/29\/qatar-2027-y-alemania-2026-sedes-mundiales-masculino-y-femenino\/#respond\"]}]},{\"@type\":\"WebPage\",\"@id\":\"https:\/\/gijonbasket.com\/2023\/04\/29\/qatar-2027-y-alemania-2026-sedes-mundiales-masculino-y-femenino\/\",\"url\":\"https:\/\/gijonbasket.com\/2023\/04\/29\/qatar-2027-y-alemania-2026-sedes-mundiales-masculino-y-femenino\/\",\"name\":\"Qatar 2027 y Alemania 2026 sedes Mundiales Masculino y Femenino - gijonbasket\",\"isPartOf\":{\"@id\":\"https:\/\/gijonbasket.com\/#website\"},\"primaryImageOfPage\":{\"@id\":\"https:\/\/gijonbasket.com\/2023\/04\/29\/qatar-2027-y-alemania-2026-sedes-mundiales-masculino-y-femenino\/#primaryimage\"},\"image\":{\"@id\":\"https:\/\/gijonbasket.com\/2023\/04\/29\/qatar-2027-y-alemania-2026-sedes-mundiales-masculino-y-femenino\/#primaryimage\"},\"thumbnailUrl\":\"https:\/\/gijonbasket.com\/wp-content\/uploads\/2023\/04\/COPA-MUNDO-BASKET-QATAR-2027-ALEMANIA-2026.jpg\",\"datePublished\":\"2023-04-29T07:46:50+00:00\",\"dateModified\":\"2023-04-29T07:46:50+00:00\",\"breadcrumb\":{\"@id\":\"https:\/\/gijonbasket.com\/2023\/04\/29\/qatar-2027-y-alemania-2026-sedes-mundiales-masculino-y-femenino\/#breadcrumb\"},\"inLanguage\":\"en-US\",\"potentialAction\":[{\"@type\":\"ReadAction\",\"target\":[\"https:\/\/gijonbasket.com\/2023\/04\/29\/qatar-2027-y-alemania-2026-sedes-mundiales-masculino-y-femenino\/\"]}]},{\"@type\":\"ImageObject\",\"inLanguage\":\"en-US\",\"@id\":\"https:\/\/gijonbasket.com\/2023\/04\/29\/qatar-2027-y-alemania-2026-sedes-mundiales-masculino-y-femenino\/#primaryimage\",\"url\":\"https:\/\/gijonbasket.com\/wp-content\/uploads\/2023\/04\/COPA-MUNDO-BASKET-QATAR-2027-ALEMANIA-2026.jpg\",\"contentUrl\":\"https:\/\/gijonbasket.com\/wp-content\/uploads\/2023\/04\/COPA-MUNDO-BASKET-QATAR-2027-ALEMANIA-2026.jpg\"},{\"@type\":\"BreadcrumbList\",\"@id\":\"https:\/\/gijonbasket.com\/2023\/04\/29\/qatar-2027-y-alemania-2026-sedes-mundiales-masculino-y-femenino\/#breadcrumb\",\"itemListElement\":[{\"@type\":\"ListItem\",\"position\":1,\"name\":\"Portada\",\"item\":\"https:\/\/gijonbasket.com\/\"},{\"@type\":\"ListItem\",\"position\":2,\"name\":\"Qatar 2027 y Alemania 2026 sedes Mundiales Masculino y Femenino\"}]},{\"@type\":\"WebSite\",\"@id\":\"https:\/\/gijonbasket.com\/#website\",\"url\":\"https:\/\/gijonbasket.com\/\",\"name\":\"gijonbasket\",\"description\":\"\",\"publisher\":{\"@id\":\"https:\/\/gijonbasket.com\/#organization\"},\"potentialAction\":[{\"@type\":\"SearchAction\",\"target\":{\"@type\":\"EntryPoint\",\"urlTemplate\":\"https:\/\/gijonbasket.com\/?s={search_term_string}\"},\"query-input\":{\"@type\":\"PropertyValueSpecification\",\"valueRequired\":true,\"valueName\":\"search_term_string\"}}],\"inLanguage\":\"en-US\"},{\"@type\":\"Organization\",\"@id\":\"https:\/\/gijonbasket.com\/#organization\",\"name\":\"gijonbasket\",\"url\":\"https:\/\/gijonbasket.com\/\",\"logo\":{\"@type\":\"ImageObject\",\"inLanguage\":\"en-US\",\"@id\":\"https:\/\/gijonbasket.com\/#\/schema\/logo\/image\/\",\"url\":\"https:\/\/gijonbasket.com\/wp-content\/uploads\/2023\/03\/LogoGijonBasket2.jpg\",\"contentUrl\":\"https:\/\/gijonbasket.com\/wp-content\/uploads\/2023\/03\/LogoGijonBasket2.jpg\",\"width\":2000,\"height\":550,\"caption\":\"gijonbasket\"},\"image\":{\"@id\":\"https:\/\/gijonbasket.com\/#\/schema\/logo\/image\/\"}},{\"@type\":\"Person\",\"@id\":\"https:\/\/gijonbasket.com\/#\/schema\/person\/91af9ff03e8eab582ccc344b715907c0\",\"name\":\"Cesar Morales\",\"image\":{\"@type\":\"ImageObject\",\"inLanguage\":\"en-US\",\"@id\":\"https:\/\/gijonbasket.com\/#\/schema\/person\/image\/\",\"url\":\"https:\/\/secure.gravatar.com\/avatar\/ab9ddf1e87f7580cae3deefb05a58c5cf4f0c7f96f033fd7dacc23f0e8d149ca?s=96&d=mm&r=g\",\"contentUrl\":\"https:\/\/secure.gravatar.com\/avatar\/ab9ddf1e87f7580cae3deefb05a58c5cf4f0c7f96f033fd7dacc23f0e8d149ca?s=96&d=mm&r=g\",\"caption\":\"Cesar Morales\"},\"url\":\"https:\/\/gijonbasket.com\/en\/author\/cesar\/\"}]}<\/script>\n<!-- \/ Yoast SEO plugin. -->","yoast_head_json":{"title":"Qatar 2027 y Alemania 2026 sedes Mundiales Masculino y Femenino - gijonbasket","robots":{"index":"index","follow":"follow","max-snippet":"max-snippet:-1","max-image-preview":"max-image-preview:large","max-video-preview":"max-video-preview:-1"},"canonical":"https:\/\/gijonbasket.com\/en\/2023\/04\/29\/qatar-2027-y-alemania-2026-sedes-mundiales-masculino-y-femenino\/","og_locale":"en_US","og_type":"article","og_title":"Qatar 2027 y Alemania 2026 sedes Mundiales Masculino y Femenino - gijonbasket","og_description":"FIBA eligi\u00f3 ayer a Qatar y Alemania como sede de las pr\u00f3ximas Copas del Mundo de Baloncesto en categorias masculina y femenina para 2027 y 2026. Hoy s\u00e1bado a partir de 13:30, se celebrar\u00e1 el Sorteo de la Fase de Grupos de la Copa del Mundo de Baloncesto Masculino 2023, que se disputar\u00e1 en Indonesia,&hellip;&nbsp;Read More &raquo;Qatar 2027 y Alemania 2026 sedes Mundiales Masculino y Femenino","og_url":"https:\/\/gijonbasket.com\/en\/2023\/04\/29\/qatar-2027-y-alemania-2026-sedes-mundiales-masculino-y-femenino\/","og_site_name":"gijonbasket","article_published_time":"2023-04-29T07:46:50+00:00","og_image":[{"url":"https:\/\/gijonbasket.com\/wp-content\/uploads\/2023\/04\/COPA-MUNDO-BASKET-QATAR-2027-ALEMANIA-2026.jpg"}],"author":"Cesar Morales","twitter_card":"summary_large_image","twitter_misc":{"Written by":"Cesar Morales"},"schema":{"@context":"https:\/\/schema.org","@graph":[{"@type":"Article","@id":"https:\/\/gijonbasket.com\/2023\/04\/29\/qatar-2027-y-alemania-2026-sedes-mundiales-masculino-y-femenino\/#article","isPartOf":{"@id":"https:\/\/gijonbasket.com\/2023\/04\/29\/qatar-2027-y-alemania-2026-sedes-mundiales-masculino-y-femenino\/"},"author":{"name":"Cesar Morales","@id":"https:\/\/gijonbasket.com\/#\/schema\/person\/91af9ff03e8eab582ccc344b715907c0"},"headline":"Qatar 2027 y Alemania 2026 sedes Mundiales Masculino y Femenino","datePublished":"2023-04-29T07:46:50+00:00","dateModified":"2023-04-29T07:46:50+00:00","mainEntityOfPage":{"@id":"https:\/\/gijonbasket.com\/2023\/04\/29\/qatar-2027-y-alemania-2026-sedes-mundiales-masculino-y-femenino\/"},"wordCount":105,"commentCount":0,"publisher":{"@id":"https:\/\/gijonbasket.com\/#organization"},"image":{"@id":"https:\/\/gijonbasket.com\/2023\/04\/29\/qatar-2027-y-alemania-2026-sedes-mundiales-masculino-y-femenino\/#primaryimage"},"thumbnailUrl":"https:\/\/gijonbasket.com\/wp-content\/uploads\/2023\/04\/COPA-MUNDO-BASKET-QATAR-2027-ALEMANIA-2026.jpg","articleSection":["noticias"],"inLanguage":"en-US","potentialAction":[{"@type":"CommentAction","name":"Comment","target":["https:\/\/gijonbasket.com\/2023\/04\/29\/qatar-2027-y-alemania-2026-sedes-mundiales-masculino-y-femenino\/#respond"]}]},{"@type":"WebPage","@id":"https:\/\/gijonbasket.com\/2023\/04\/29\/qatar-2027-y-alemania-2026-sedes-mundiales-masculino-y-femenino\/","url":"https:\/\/gijonbasket.com\/2023\/04\/29\/qatar-2027-y-alemania-2026-sedes-mundiales-masculino-y-femenino\/","name":"Qatar 2027 y Alemania 2026 sedes Mundiales Masculino y Femenino - gijonbasket","isPartOf":{"@id":"https:\/\/gijonbasket.com\/#website"},"primaryImageOfPage":{"@id":"https:\/\/gijonbasket.com\/2023\/04\/29\/qatar-2027-y-alemania-2026-sedes-mundiales-masculino-y-femenino\/#primaryimage"},"image":{"@id":"https:\/\/gijonbasket.com\/2023\/04\/29\/qatar-2027-y-alemania-2026-sedes-mundiales-masculino-y-femenino\/#primaryimage"},"thumbnailUrl":"https:\/\/gijonbasket.com\/wp-content\/uploads\/2023\/04\/COPA-MUNDO-BASKET-QATAR-2027-ALEMANIA-2026.jpg","datePublished":"2023-04-29T07:46:50+00:00","dateModified":"2023-04-29T07:46:50+00:00","breadcrumb":{"@id":"https:\/\/gijonbasket.com\/2023\/04\/29\/qatar-2027-y-alemania-2026-sedes-mundiales-masculino-y-femenino\/#breadcrumb"},"inLanguage":"en-US","potentialAction":[{"@type":"ReadAction","target":["https:\/\/gijonbasket.com\/2023\/04\/29\/qatar-2027-y-alemania-2026-sedes-mundiales-masculino-y-femenino\/"]}]},{"@type":"ImageObject","inLanguage":"en-US","@id":"https:\/\/gijonbasket.com\/2023\/04\/29\/qatar-2027-y-alemania-2026-sedes-mundiales-masculino-y-femenino\/#primaryimage","url":"https:\/\/gijonbasket.com\/wp-content\/uploads\/2023\/04\/COPA-MUNDO-BASKET-QATAR-2027-ALEMANIA-2026.jpg","contentUrl":"https:\/\/gijonbasket.com\/wp-content\/uploads\/2023\/04\/COPA-MUNDO-BASKET-QATAR-2027-ALEMANIA-2026.jpg"},{"@type":"BreadcrumbList","@id":"https:\/\/gijonbasket.com\/2023\/04\/29\/qatar-2027-y-alemania-2026-sedes-mundiales-masculino-y-femenino\/#breadcrumb","itemListElement":[{"@type":"ListItem","position":1,"name":"Portada","item":"https:\/\/gijonbasket.com\/"},{"@type":"ListItem","position":2,"name":"Qatar 2027 y Alemania 2026 sedes Mundiales Masculino y Femenino"}]},{"@type":"WebSite","@id":"https:\/\/gijonbasket.com\/#website","url":"https:\/\/gijonbasket.com\/","name":"gijonbasket","description":"","publisher":{"@id":"https:\/\/gijonbasket.com\/#organization"},"potentialAction":[{"@type":"SearchAction","target":{"@type":"EntryPoint","urlTemplate":"https:\/\/gijonbasket.com\/?s={search_term_string}"},"query-input":{"@type":"PropertyValueSpecification","valueRequired":true,"valueName":"search_term_string"}}],"inLanguage":"en-US"},{"@type":"Organization","@id":"https:\/\/gijonbasket.com\/#organization","name":"gijonbasket","url":"https:\/\/gijonbasket.com\/","logo":{"@type":"ImageObject","inLanguage":"en-US","@id":"https:\/\/gijonbasket.com\/#\/schema\/logo\/image\/","url":"https:\/\/gijonbasket.com\/wp-content\/uploads\/2023\/03\/LogoGijonBasket2.jpg","contentUrl":"https:\/\/gijonbasket.com\/wp-content\/uploads\/2023\/03\/LogoGijonBasket2.jpg","width":2000,"height":550,"caption":"gijonbasket"},"image":{"@id":"https:\/\/gijonbasket.com\/#\/schema\/logo\/image\/"}},{"@type":"Person","@id":"https:\/\/gijonbasket.com\/#\/schema\/person\/91af9ff03e8eab582ccc344b715907c0","name":"Cesar Morales","image":{"@type":"ImageObject","inLanguage":"en-US","@id":"https:\/\/gijonbasket.com\/#\/schema\/person\/image\/","url":"https:\/\/secure.gravatar.com\/avatar\/ab9ddf1e87f7580cae3deefb05a58c5cf4f0c7f96f033fd7dacc23f0e8d149ca?s=96&d=mm&r=g","contentUrl":"https:\/\/secure.gravatar.com\/avatar\/ab9ddf1e87f7580cae3deefb05a58c5cf4f0c7f96f033fd7dacc23f0e8d149ca?s=96&d=mm&r=g","caption":"Cesar Morales"},"url":"https:\/\/gijonbasket.com\/en\/author\/cesar\/"}]}},"_links":{"self":[{"href":"https:\/\/gijonbasket.com\/en\/wp-json\/wp\/v2\/posts\/892","targetHints":{"allow":["GET"]}}],"collection":[{"href":"https:\/\/gijonbasket.com\/en\/wp-json\/wp\/v2\/posts"}],"about":[{"href":"https:\/\/gijonbasket.com\/en\/wp-json\/wp\/v2\/types\/post"}],"author":[{"embeddable":true,"href":"https:\/\/gijonbasket.com\/en\/wp-json\/wp\/v2\/users\/2"}],"replies":[{"embeddable":true,"href":"https:\/\/gijonbasket.com\/en\/wp-json\/wp\/v2\/comments?post=892"}],"version-history":[{"count":1,"href":"https:\/\/gijonbasket.com\/en\/wp-json\/wp\/v2\/posts\/892\/revisions"}],"predecessor-version":[{"id":894,"href":"https:\/\/gijonbasket.com\/en\/wp-json\/wp\/v2\/posts\/892\/revisions\/894"}],"wp:attachment":[{"href":"https:\/\/gijonbasket.com\/en\/wp-json\/wp\/v2\/media?parent=892"}],"wp:term":[{"taxonomy":"category","embeddable":true,"href":"https:\/\/gijonbasket.com\/en\/wp-json\/wp\/v2\/categories?post=892"},{"taxonomy":"post_tag","embeddable":true,"href":"https:\/\/gijonbasket.com\/en\/wp-json\/wp\/v2\/tags?post=892"}],"curies":[{"name":"wp","href":"https:\/\/api.w.org\/{rel}","templated":true}]}}