{"id":9008,"date":"2025-11-07T18:50:14","date_gmt":"2025-11-07T17:50:14","guid":{"rendered":"https:\/\/gijonbasket.com\/?p=9008"},"modified":"2025-11-07T18:50:15","modified_gmt":"2025-11-07T17:50:15","slug":"lucas-victoriano-nuevo-tecnico-del-palmer-basket-mallorca-palma","status":"publish","type":"post","link":"https:\/\/gijonbasket.com\/en\/2025\/11\/07\/lucas-victoriano-nuevo-tecnico-del-palmer-basket-mallorca-palma\/","title":{"rendered":"Lucas Victoriano nuevo t\u00e9cnico del Palmer Basket Mallorca Palma"},"content":{"rendered":"<p>El Palmer Basket Mallorca Palma anunci\u00f3 la contrataci\u00f3n de Lucas Victoriano como nuevo t\u00e9cnico del conjunto balear tras la marcha de Marco Justo.<\/p>\n\n\n\n<p>El t\u00e9cnico argentino con nacionalidad espa\u00f1ola de 48 a\u00f1os recala en el Palmer Basket Mallorca Palma procedente del Instituto Atl\u00e9tico Central C\u00f3rdoba.<\/p>\n\n\n\n<p>Lucas Victoriano, hist\u00f3rico ex-jugador, inici\u00f3 su carrera como t\u00e9cnico en la temporada 2015\/2016 dirigiendo al C.B. Pozuelo (1\u00aa Auton\u00f3mica Madrid).<\/p>\n\n\n\n<p>Tras dos temporadas en el C.B. Pozuelo, Lucas Victoriano regres\u00f3 a Argentina para dirigiri al Estudiantes Concordia (2017\/2018), Regatas Corrientes (2018\/2019) y desde la campa\u00f1a 2021\/2022 al frente del Instituto Atl\u00e9tico Central (2021\/2022; 2022\/2023; 2023\/2024; 2024\/2025).<\/p>\n\n\n\n<p>Lucas Victoriano tuvo una destacada carrera como jugador militando en Espa\u00f1a en las filas del Real Madrid (5 temporadas), Caprabo Lleida (1 temporada), Casademont Girona (1 temporada) y CAI Zaragoza (1 temporada). Argentina e Italia fueron los otros dos pa\u00edses en los que jug\u00f3 Lucas Victoriano.<\/p>\n\n\n\n<p>Internacional por Argentina.<\/p>\n\n\n\n<p>Subcampe\u00f3n de la Copa del Mundo Indian\u00e1polis 2002.<\/p>\n\n\n\n<p>Como t\u00e9cnico, Lucas Victoriano, conquist\u00f3 el t\u00edtulo como Campe\u00f3n de la LNB (Argentina) en la temporada 2021\/2022 con el Instituto Atl\u00e9tico Central C\u00f3rdoba.<\/p>","protected":false},"excerpt":{"rendered":"<p>El Palmer Basket Mallorca Palma anunci\u00f3 la contrataci\u00f3n de Lucas Victoriano como nuevo t\u00e9cnico del conjunto balear tras la marcha de Marco Justo. El t\u00e9cnico argentino con nacionalidad espa\u00f1ola de 48 a\u00f1os recala en el Palmer Basket Mallorca Palma procedente del Instituto Atl\u00e9tico Central C\u00f3rdoba. Lucas Victoriano, hist\u00f3rico ex-jugador, inici\u00f3 su carrera como t\u00e9cnico en&hellip;&nbsp;<a href=\"https:\/\/gijonbasket.com\/en\/2025\/11\/07\/lucas-victoriano-nuevo-tecnico-del-palmer-basket-mallorca-palma\/\" class=\"\" rel=\"bookmark\">Read More &raquo;<span class=\"screen-reader-text\">Lucas Victoriano nuevo t\u00e9cnico del Palmer Basket Mallorca Palma<\/span><\/a><\/p>","protected":false},"author":2,"featured_media":0,"comment_status":"open","ping_status":"open","sticky":false,"template":"","format":"standard","meta":{"neve_meta_sidebar":"","neve_meta_container":"","neve_meta_enable_content_width":"","neve_meta_content_width":0,"neve_meta_title_alignment":"","neve_meta_author_avatar":"","neve_post_elements_order":"","neve_meta_disable_header":"","neve_meta_disable_footer":"","neve_meta_disable_title":"","footnotes":""},"categories":[4],"tags":[],"class_list":["post-9008","post","type-post","status-publish","format-standard","hentry","category-noticias"],"yoast_head":"<!-- This site is optimized with the Yoast SEO plugin v23.4 - https:\/\/yoast.com\/wordpress\/plugins\/seo\/ -->\n<title>Lucas Victoriano nuevo t\u00e9cnico del Palmer Basket Mallorca Palma - gijonbasket<\/title>\n<meta name=\"robots\" content=\"index, follow, max-snippet:-1, max-image-preview:large, max-video-preview:-1\" \/>\n<link rel=\"canonical\" href=\"https:\/\/gijonbasket.com\/en\/2025\/11\/07\/lucas-victoriano-nuevo-tecnico-del-palmer-basket-mallorca-palma\/\" \/>\n<meta property=\"og:locale\" content=\"en_US\" \/>\n<meta property=\"og:type\" content=\"article\" \/>\n<meta property=\"og:title\" content=\"Lucas Victoriano nuevo t\u00e9cnico del Palmer Basket Mallorca Palma - gijonbasket\" \/>\n<meta property=\"og:description\" content=\"El Palmer Basket Mallorca Palma anunci\u00f3 la contrataci\u00f3n de Lucas Victoriano como nuevo t\u00e9cnico del conjunto balear tras la marcha de Marco Justo. El t\u00e9cnico argentino con nacionalidad espa\u00f1ola de 48 a\u00f1os recala en el Palmer Basket Mallorca Palma procedente del Instituto Atl\u00e9tico Central C\u00f3rdoba. Lucas Victoriano, hist\u00f3rico ex-jugador, inici\u00f3 su carrera como t\u00e9cnico en&hellip;&nbsp;Read More &raquo;Lucas Victoriano nuevo t\u00e9cnico del Palmer Basket Mallorca Palma\" \/>\n<meta property=\"og:url\" content=\"https:\/\/gijonbasket.com\/en\/2025\/11\/07\/lucas-victoriano-nuevo-tecnico-del-palmer-basket-mallorca-palma\/\" \/>\n<meta property=\"og:site_name\" content=\"gijonbasket\" \/>\n<meta property=\"article:published_time\" content=\"2025-11-07T17:50:14+00:00\" \/>\n<meta property=\"article:modified_time\" content=\"2025-11-07T17:50:15+00:00\" \/>\n<meta name=\"author\" content=\"Cesar Morales\" \/>\n<meta name=\"twitter:card\" content=\"summary_large_image\" \/>\n<meta name=\"twitter:label1\" content=\"Written by\" \/>\n\t<meta name=\"twitter:data1\" content=\"Cesar Morales\" \/>\n\t<meta name=\"twitter:label2\" content=\"Est. reading time\" \/>\n\t<meta name=\"twitter:data2\" content=\"1 minute\" \/>\n<script type=\"application\/ld+json\" class=\"yoast-schema-graph\">{\"@context\":\"https:\/\/schema.org\",\"@graph\":[{\"@type\":\"Article\",\"@id\":\"https:\/\/gijonbasket.com\/2025\/11\/07\/lucas-victoriano-nuevo-tecnico-del-palmer-basket-mallorca-palma\/#article\",\"isPartOf\":{\"@id\":\"https:\/\/gijonbasket.com\/2025\/11\/07\/lucas-victoriano-nuevo-tecnico-del-palmer-basket-mallorca-palma\/\"},\"author\":{\"name\":\"Cesar Morales\",\"@id\":\"https:\/\/gijonbasket.com\/#\/schema\/person\/91af9ff03e8eab582ccc344b715907c0\"},\"headline\":\"Lucas Victoriano nuevo t\u00e9cnico del Palmer Basket Mallorca Palma\",\"datePublished\":\"2025-11-07T17:50:14+00:00\",\"dateModified\":\"2025-11-07T17:50:15+00:00\",\"mainEntityOfPage\":{\"@id\":\"https:\/\/gijonbasket.com\/2025\/11\/07\/lucas-victoriano-nuevo-tecnico-del-palmer-basket-mallorca-palma\/\"},\"wordCount\":198,\"commentCount\":0,\"publisher\":{\"@id\":\"https:\/\/gijonbasket.com\/#organization\"},\"articleSection\":[\"noticias\"],\"inLanguage\":\"en-US\",\"potentialAction\":[{\"@type\":\"CommentAction\",\"name\":\"Comment\",\"target\":[\"https:\/\/gijonbasket.com\/2025\/11\/07\/lucas-victoriano-nuevo-tecnico-del-palmer-basket-mallorca-palma\/#respond\"]}]},{\"@type\":\"WebPage\",\"@id\":\"https:\/\/gijonbasket.com\/2025\/11\/07\/lucas-victoriano-nuevo-tecnico-del-palmer-basket-mallorca-palma\/\",\"url\":\"https:\/\/gijonbasket.com\/2025\/11\/07\/lucas-victoriano-nuevo-tecnico-del-palmer-basket-mallorca-palma\/\",\"name\":\"Lucas Victoriano nuevo t\u00e9cnico del Palmer Basket Mallorca Palma - gijonbasket\",\"isPartOf\":{\"@id\":\"https:\/\/gijonbasket.com\/#website\"},\"datePublished\":\"2025-11-07T17:50:14+00:00\",\"dateModified\":\"2025-11-07T17:50:15+00:00\",\"breadcrumb\":{\"@id\":\"https:\/\/gijonbasket.com\/2025\/11\/07\/lucas-victoriano-nuevo-tecnico-del-palmer-basket-mallorca-palma\/#breadcrumb\"},\"inLanguage\":\"en-US\",\"potentialAction\":[{\"@type\":\"ReadAction\",\"target\":[\"https:\/\/gijonbasket.com\/2025\/11\/07\/lucas-victoriano-nuevo-tecnico-del-palmer-basket-mallorca-palma\/\"]}]},{\"@type\":\"BreadcrumbList\",\"@id\":\"https:\/\/gijonbasket.com\/2025\/11\/07\/lucas-victoriano-nuevo-tecnico-del-palmer-basket-mallorca-palma\/#breadcrumb\",\"itemListElement\":[{\"@type\":\"ListItem\",\"position\":1,\"name\":\"Portada\",\"item\":\"https:\/\/gijonbasket.com\/\"},{\"@type\":\"ListItem\",\"position\":2,\"name\":\"Lucas Victoriano nuevo t\u00e9cnico del Palmer Basket Mallorca Palma\"}]},{\"@type\":\"WebSite\",\"@id\":\"https:\/\/gijonbasket.com\/#website\",\"url\":\"https:\/\/gijonbasket.com\/\",\"name\":\"gijonbasket\",\"description\":\"\",\"publisher\":{\"@id\":\"https:\/\/gijonbasket.com\/#organization\"},\"potentialAction\":[{\"@type\":\"SearchAction\",\"target\":{\"@type\":\"EntryPoint\",\"urlTemplate\":\"https:\/\/gijonbasket.com\/?s={search_term_string}\"},\"query-input\":{\"@type\":\"PropertyValueSpecification\",\"valueRequired\":true,\"valueName\":\"search_term_string\"}}],\"inLanguage\":\"en-US\"},{\"@type\":\"Organization\",\"@id\":\"https:\/\/gijonbasket.com\/#organization\",\"name\":\"gijonbasket\",\"url\":\"https:\/\/gijonbasket.com\/\",\"logo\":{\"@type\":\"ImageObject\",\"inLanguage\":\"en-US\",\"@id\":\"https:\/\/gijonbasket.com\/#\/schema\/logo\/image\/\",\"url\":\"https:\/\/gijonbasket.com\/wp-content\/uploads\/2023\/03\/LogoGijonBasket2.jpg\",\"contentUrl\":\"https:\/\/gijonbasket.com\/wp-content\/uploads\/2023\/03\/LogoGijonBasket2.jpg\",\"width\":2000,\"height\":550,\"caption\":\"gijonbasket\"},\"image\":{\"@id\":\"https:\/\/gijonbasket.com\/#\/schema\/logo\/image\/\"}},{\"@type\":\"Person\",\"@id\":\"https:\/\/gijonbasket.com\/#\/schema\/person\/91af9ff03e8eab582ccc344b715907c0\",\"name\":\"Cesar Morales\",\"image\":{\"@type\":\"ImageObject\",\"inLanguage\":\"en-US\",\"@id\":\"https:\/\/gijonbasket.com\/#\/schema\/person\/image\/\",\"url\":\"https:\/\/secure.gravatar.com\/avatar\/ab9ddf1e87f7580cae3deefb05a58c5cf4f0c7f96f033fd7dacc23f0e8d149ca?s=96&d=mm&r=g\",\"contentUrl\":\"https:\/\/secure.gravatar.com\/avatar\/ab9ddf1e87f7580cae3deefb05a58c5cf4f0c7f96f033fd7dacc23f0e8d149ca?s=96&d=mm&r=g\",\"caption\":\"Cesar Morales\"},\"url\":\"https:\/\/gijonbasket.com\/en\/author\/cesar\/\"}]}<\/script>\n<!-- \/ Yoast SEO plugin. -->","yoast_head_json":{"title":"Lucas Victoriano nuevo t\u00e9cnico del Palmer Basket Mallorca Palma - gijonbasket","robots":{"index":"index","follow":"follow","max-snippet":"max-snippet:-1","max-image-preview":"max-image-preview:large","max-video-preview":"max-video-preview:-1"},"canonical":"https:\/\/gijonbasket.com\/en\/2025\/11\/07\/lucas-victoriano-nuevo-tecnico-del-palmer-basket-mallorca-palma\/","og_locale":"en_US","og_type":"article","og_title":"Lucas Victoriano nuevo t\u00e9cnico del Palmer Basket Mallorca Palma - gijonbasket","og_description":"El Palmer Basket Mallorca Palma anunci\u00f3 la contrataci\u00f3n de Lucas Victoriano como nuevo t\u00e9cnico del conjunto balear tras la marcha de Marco Justo. El t\u00e9cnico argentino con nacionalidad espa\u00f1ola de 48 a\u00f1os recala en el Palmer Basket Mallorca Palma procedente del Instituto Atl\u00e9tico Central C\u00f3rdoba. Lucas Victoriano, hist\u00f3rico ex-jugador, inici\u00f3 su carrera como t\u00e9cnico en&hellip;&nbsp;Read More &raquo;Lucas Victoriano nuevo t\u00e9cnico del Palmer Basket Mallorca Palma","og_url":"https:\/\/gijonbasket.com\/en\/2025\/11\/07\/lucas-victoriano-nuevo-tecnico-del-palmer-basket-mallorca-palma\/","og_site_name":"gijonbasket","article_published_time":"2025-11-07T17:50:14+00:00","article_modified_time":"2025-11-07T17:50:15+00:00","author":"Cesar Morales","twitter_card":"summary_large_image","twitter_misc":{"Written by":"Cesar Morales","Est. reading time":"1 minute"},"schema":{"@context":"https:\/\/schema.org","@graph":[{"@type":"Article","@id":"https:\/\/gijonbasket.com\/2025\/11\/07\/lucas-victoriano-nuevo-tecnico-del-palmer-basket-mallorca-palma\/#article","isPartOf":{"@id":"https:\/\/gijonbasket.com\/2025\/11\/07\/lucas-victoriano-nuevo-tecnico-del-palmer-basket-mallorca-palma\/"},"author":{"name":"Cesar Morales","@id":"https:\/\/gijonbasket.com\/#\/schema\/person\/91af9ff03e8eab582ccc344b715907c0"},"headline":"Lucas Victoriano nuevo t\u00e9cnico del Palmer Basket Mallorca Palma","datePublished":"2025-11-07T17:50:14+00:00","dateModified":"2025-11-07T17:50:15+00:00","mainEntityOfPage":{"@id":"https:\/\/gijonbasket.com\/2025\/11\/07\/lucas-victoriano-nuevo-tecnico-del-palmer-basket-mallorca-palma\/"},"wordCount":198,"commentCount":0,"publisher":{"@id":"https:\/\/gijonbasket.com\/#organization"},"articleSection":["noticias"],"inLanguage":"en-US","potentialAction":[{"@type":"CommentAction","name":"Comment","target":["https:\/\/gijonbasket.com\/2025\/11\/07\/lucas-victoriano-nuevo-tecnico-del-palmer-basket-mallorca-palma\/#respond"]}]},{"@type":"WebPage","@id":"https:\/\/gijonbasket.com\/2025\/11\/07\/lucas-victoriano-nuevo-tecnico-del-palmer-basket-mallorca-palma\/","url":"https:\/\/gijonbasket.com\/2025\/11\/07\/lucas-victoriano-nuevo-tecnico-del-palmer-basket-mallorca-palma\/","name":"Lucas Victoriano nuevo t\u00e9cnico del Palmer Basket Mallorca Palma - gijonbasket","isPartOf":{"@id":"https:\/\/gijonbasket.com\/#website"},"datePublished":"2025-11-07T17:50:14+00:00","dateModified":"2025-11-07T17:50:15+00:00","breadcrumb":{"@id":"https:\/\/gijonbasket.com\/2025\/11\/07\/lucas-victoriano-nuevo-tecnico-del-palmer-basket-mallorca-palma\/#breadcrumb"},"inLanguage":"en-US","potentialAction":[{"@type":"ReadAction","target":["https:\/\/gijonbasket.com\/2025\/11\/07\/lucas-victoriano-nuevo-tecnico-del-palmer-basket-mallorca-palma\/"]}]},{"@type":"BreadcrumbList","@id":"https:\/\/gijonbasket.com\/2025\/11\/07\/lucas-victoriano-nuevo-tecnico-del-palmer-basket-mallorca-palma\/#breadcrumb","itemListElement":[{"@type":"ListItem","position":1,"name":"Portada","item":"https:\/\/gijonbasket.com\/"},{"@type":"ListItem","position":2,"name":"Lucas Victoriano nuevo t\u00e9cnico del Palmer Basket Mallorca Palma"}]},{"@type":"WebSite","@id":"https:\/\/gijonbasket.com\/#website","url":"https:\/\/gijonbasket.com\/","name":"gijonbasket","description":"","publisher":{"@id":"https:\/\/gijonbasket.com\/#organization"},"potentialAction":[{"@type":"SearchAction","target":{"@type":"EntryPoint","urlTemplate":"https:\/\/gijonbasket.com\/?s={search_term_string}"},"query-input":{"@type":"PropertyValueSpecification","valueRequired":true,"valueName":"search_term_string"}}],"inLanguage":"en-US"},{"@type":"Organization","@id":"https:\/\/gijonbasket.com\/#organization","name":"gijonbasket","url":"https:\/\/gijonbasket.com\/","logo":{"@type":"ImageObject","inLanguage":"en-US","@id":"https:\/\/gijonbasket.com\/#\/schema\/logo\/image\/","url":"https:\/\/gijonbasket.com\/wp-content\/uploads\/2023\/03\/LogoGijonBasket2.jpg","contentUrl":"https:\/\/gijonbasket.com\/wp-content\/uploads\/2023\/03\/LogoGijonBasket2.jpg","width":2000,"height":550,"caption":"gijonbasket"},"image":{"@id":"https:\/\/gijonbasket.com\/#\/schema\/logo\/image\/"}},{"@type":"Person","@id":"https:\/\/gijonbasket.com\/#\/schema\/person\/91af9ff03e8eab582ccc344b715907c0","name":"Cesar Morales","image":{"@type":"ImageObject","inLanguage":"en-US","@id":"https:\/\/gijonbasket.com\/#\/schema\/person\/image\/","url":"https:\/\/secure.gravatar.com\/avatar\/ab9ddf1e87f7580cae3deefb05a58c5cf4f0c7f96f033fd7dacc23f0e8d149ca?s=96&d=mm&r=g","contentUrl":"https:\/\/secure.gravatar.com\/avatar\/ab9ddf1e87f7580cae3deefb05a58c5cf4f0c7f96f033fd7dacc23f0e8d149ca?s=96&d=mm&r=g","caption":"Cesar Morales"},"url":"https:\/\/gijonbasket.com\/en\/author\/cesar\/"}]}},"_links":{"self":[{"href":"https:\/\/gijonbasket.com\/en\/wp-json\/wp\/v2\/posts\/9008","targetHints":{"allow":["GET"]}}],"collection":[{"href":"https:\/\/gijonbasket.com\/en\/wp-json\/wp\/v2\/posts"}],"about":[{"href":"https:\/\/gijonbasket.com\/en\/wp-json\/wp\/v2\/types\/post"}],"author":[{"embeddable":true,"href":"https:\/\/gijonbasket.com\/en\/wp-json\/wp\/v2\/users\/2"}],"replies":[{"embeddable":true,"href":"https:\/\/gijonbasket.com\/en\/wp-json\/wp\/v2\/comments?post=9008"}],"version-history":[{"count":1,"href":"https:\/\/gijonbasket.com\/en\/wp-json\/wp\/v2\/posts\/9008\/revisions"}],"predecessor-version":[{"id":9009,"href":"https:\/\/gijonbasket.com\/en\/wp-json\/wp\/v2\/posts\/9008\/revisions\/9009"}],"wp:attachment":[{"href":"https:\/\/gijonbasket.com\/en\/wp-json\/wp\/v2\/media?parent=9008"}],"wp:term":[{"taxonomy":"category","embeddable":true,"href":"https:\/\/gijonbasket.com\/en\/wp-json\/wp\/v2\/categories?post=9008"},{"taxonomy":"post_tag","embeddable":true,"href":"https:\/\/gijonbasket.com\/en\/wp-json\/wp\/v2\/tags?post=9008"}],"curies":[{"name":"wp","href":"https:\/\/api.w.org\/{rel}","templated":true}]}}