{"id":9308,"date":"2025-12-04T10:52:55","date_gmt":"2025-12-04T09:52:55","guid":{"rendered":"https:\/\/gijonbasket.com\/?p=9308"},"modified":"2025-12-04T10:52:56","modified_gmt":"2025-12-04T09:52:56","slug":"walter-cabral-al-insolac-caja87","status":"publish","type":"post","link":"https:\/\/gijonbasket.com\/en\/2025\/12\/04\/walter-cabral-al-insolac-caja87\/","title":{"rendered":"Walter Cabral al Insolac Caja87"},"content":{"rendered":"<p>El Insolac Caja87 se refuerza con el fichaje de Walter Cabral.<\/p>\n\n\n\n<p>Ala-p\u00edvot de 30 a\u00f1os y 2.01 m. procedente del C.B. Getafe.<\/p>\n\n\n\n<p>Walter Cabral comenz\u00f3 esta temporada militando en el C.B. Getafe (Segunda FEB-Grupo Este) promediando 8 ppp; 6 rpp en 5 partidos.<\/p>\n\n\n\n<p>Sus inicios en el mundo del baloncesto fueron en el Baloncesto Alcorc\u00f3n, para posteriormente recalar en la cantera del Baloncesto Fuenlabrada.<\/p>\n\n\n\n<p>3 temporadas en LEB Oro militando en ZTE Real Canoe N.C. (2018\/2019), HLA Alicante (2021\/2022) y Grupo Alega Cantabria (2022\/2023).<\/p>\n\n\n\n<p>En la temporada 2021\/2022 militando en el Grupo Alega Cantabria logr\u00f3 el ascenso a LEB Oro junto al t\u00edtulo de Campe\u00f3n Copa LEB Plata.<\/p>\n\n\n\n<p>Walter Cabral tuvo su primera experiencia fuera de Espa\u00f1a con el Sodertlaje Kings en la temporada 2023\/2024.<\/p>\n\n\n\n<p><\/p>","protected":false},"excerpt":{"rendered":"<p>El Insolac Caja87 se refuerza con el fichaje de Walter Cabral. Ala-p\u00edvot de 30 a\u00f1os y 2.01 m. procedente del C.B. Getafe. Walter Cabral comenz\u00f3 esta temporada militando en el C.B. Getafe (Segunda FEB-Grupo Este) promediando 8 ppp; 6 rpp en 5 partidos. Sus inicios en el mundo del baloncesto fueron en el Baloncesto Alcorc\u00f3n,&hellip;&nbsp;<a href=\"https:\/\/gijonbasket.com\/en\/2025\/12\/04\/walter-cabral-al-insolac-caja87\/\" class=\"\" rel=\"bookmark\">Read More &raquo;<span class=\"screen-reader-text\">Walter Cabral al Insolac Caja87<\/span><\/a><\/p>","protected":false},"author":2,"featured_media":0,"comment_status":"open","ping_status":"open","sticky":false,"template":"","format":"standard","meta":{"neve_meta_sidebar":"","neve_meta_container":"","neve_meta_enable_content_width":"","neve_meta_content_width":0,"neve_meta_title_alignment":"","neve_meta_author_avatar":"","neve_post_elements_order":"","neve_meta_disable_header":"","neve_meta_disable_footer":"","neve_meta_disable_title":"","footnotes":""},"categories":[4],"tags":[],"class_list":["post-9308","post","type-post","status-publish","format-standard","hentry","category-noticias"],"yoast_head":"<!-- This site is optimized with the Yoast SEO plugin v23.4 - https:\/\/yoast.com\/wordpress\/plugins\/seo\/ -->\n<title>Walter Cabral al Insolac Caja87 - gijonbasket<\/title>\n<meta name=\"robots\" content=\"index, follow, max-snippet:-1, max-image-preview:large, max-video-preview:-1\" \/>\n<link rel=\"canonical\" href=\"https:\/\/gijonbasket.com\/en\/2025\/12\/04\/walter-cabral-al-insolac-caja87\/\" \/>\n<meta property=\"og:locale\" content=\"en_US\" \/>\n<meta property=\"og:type\" content=\"article\" \/>\n<meta property=\"og:title\" content=\"Walter Cabral al Insolac Caja87 - gijonbasket\" \/>\n<meta property=\"og:description\" content=\"El Insolac Caja87 se refuerza con el fichaje de Walter Cabral. Ala-p\u00edvot de 30 a\u00f1os y 2.01 m. procedente del C.B. Getafe. Walter Cabral comenz\u00f3 esta temporada militando en el C.B. Getafe (Segunda FEB-Grupo Este) promediando 8 ppp; 6 rpp en 5 partidos. Sus inicios en el mundo del baloncesto fueron en el Baloncesto Alcorc\u00f3n,&hellip;&nbsp;Read More &raquo;Walter Cabral al Insolac Caja87\" \/>\n<meta property=\"og:url\" content=\"https:\/\/gijonbasket.com\/en\/2025\/12\/04\/walter-cabral-al-insolac-caja87\/\" \/>\n<meta property=\"og:site_name\" content=\"gijonbasket\" \/>\n<meta property=\"article:published_time\" content=\"2025-12-04T09:52:55+00:00\" \/>\n<meta property=\"article:modified_time\" content=\"2025-12-04T09:52:56+00:00\" \/>\n<meta name=\"author\" content=\"Cesar Morales\" \/>\n<meta name=\"twitter:card\" content=\"summary_large_image\" \/>\n<meta name=\"twitter:label1\" content=\"Written by\" \/>\n\t<meta name=\"twitter:data1\" content=\"Cesar Morales\" \/>\n\t<meta name=\"twitter:label2\" content=\"Est. reading time\" \/>\n\t<meta name=\"twitter:data2\" content=\"1 minute\" \/>\n<script type=\"application\/ld+json\" class=\"yoast-schema-graph\">{\"@context\":\"https:\/\/schema.org\",\"@graph\":[{\"@type\":\"Article\",\"@id\":\"https:\/\/gijonbasket.com\/2025\/12\/04\/walter-cabral-al-insolac-caja87\/#article\",\"isPartOf\":{\"@id\":\"https:\/\/gijonbasket.com\/2025\/12\/04\/walter-cabral-al-insolac-caja87\/\"},\"author\":{\"name\":\"Cesar Morales\",\"@id\":\"https:\/\/gijonbasket.com\/#\/schema\/person\/91af9ff03e8eab582ccc344b715907c0\"},\"headline\":\"Walter Cabral al Insolac Caja87\",\"datePublished\":\"2025-12-04T09:52:55+00:00\",\"dateModified\":\"2025-12-04T09:52:56+00:00\",\"mainEntityOfPage\":{\"@id\":\"https:\/\/gijonbasket.com\/2025\/12\/04\/walter-cabral-al-insolac-caja87\/\"},\"wordCount\":128,\"commentCount\":0,\"publisher\":{\"@id\":\"https:\/\/gijonbasket.com\/#organization\"},\"articleSection\":[\"noticias\"],\"inLanguage\":\"en-US\",\"potentialAction\":[{\"@type\":\"CommentAction\",\"name\":\"Comment\",\"target\":[\"https:\/\/gijonbasket.com\/2025\/12\/04\/walter-cabral-al-insolac-caja87\/#respond\"]}]},{\"@type\":\"WebPage\",\"@id\":\"https:\/\/gijonbasket.com\/2025\/12\/04\/walter-cabral-al-insolac-caja87\/\",\"url\":\"https:\/\/gijonbasket.com\/2025\/12\/04\/walter-cabral-al-insolac-caja87\/\",\"name\":\"Walter Cabral al Insolac Caja87 - gijonbasket\",\"isPartOf\":{\"@id\":\"https:\/\/gijonbasket.com\/#website\"},\"datePublished\":\"2025-12-04T09:52:55+00:00\",\"dateModified\":\"2025-12-04T09:52:56+00:00\",\"breadcrumb\":{\"@id\":\"https:\/\/gijonbasket.com\/2025\/12\/04\/walter-cabral-al-insolac-caja87\/#breadcrumb\"},\"inLanguage\":\"en-US\",\"potentialAction\":[{\"@type\":\"ReadAction\",\"target\":[\"https:\/\/gijonbasket.com\/2025\/12\/04\/walter-cabral-al-insolac-caja87\/\"]}]},{\"@type\":\"BreadcrumbList\",\"@id\":\"https:\/\/gijonbasket.com\/2025\/12\/04\/walter-cabral-al-insolac-caja87\/#breadcrumb\",\"itemListElement\":[{\"@type\":\"ListItem\",\"position\":1,\"name\":\"Portada\",\"item\":\"https:\/\/gijonbasket.com\/\"},{\"@type\":\"ListItem\",\"position\":2,\"name\":\"Walter Cabral al Insolac Caja87\"}]},{\"@type\":\"WebSite\",\"@id\":\"https:\/\/gijonbasket.com\/#website\",\"url\":\"https:\/\/gijonbasket.com\/\",\"name\":\"gijonbasket\",\"description\":\"\",\"publisher\":{\"@id\":\"https:\/\/gijonbasket.com\/#organization\"},\"potentialAction\":[{\"@type\":\"SearchAction\",\"target\":{\"@type\":\"EntryPoint\",\"urlTemplate\":\"https:\/\/gijonbasket.com\/?s={search_term_string}\"},\"query-input\":{\"@type\":\"PropertyValueSpecification\",\"valueRequired\":true,\"valueName\":\"search_term_string\"}}],\"inLanguage\":\"en-US\"},{\"@type\":\"Organization\",\"@id\":\"https:\/\/gijonbasket.com\/#organization\",\"name\":\"gijonbasket\",\"url\":\"https:\/\/gijonbasket.com\/\",\"logo\":{\"@type\":\"ImageObject\",\"inLanguage\":\"en-US\",\"@id\":\"https:\/\/gijonbasket.com\/#\/schema\/logo\/image\/\",\"url\":\"https:\/\/gijonbasket.com\/wp-content\/uploads\/2023\/03\/LogoGijonBasket2.jpg\",\"contentUrl\":\"https:\/\/gijonbasket.com\/wp-content\/uploads\/2023\/03\/LogoGijonBasket2.jpg\",\"width\":2000,\"height\":550,\"caption\":\"gijonbasket\"},\"image\":{\"@id\":\"https:\/\/gijonbasket.com\/#\/schema\/logo\/image\/\"}},{\"@type\":\"Person\",\"@id\":\"https:\/\/gijonbasket.com\/#\/schema\/person\/91af9ff03e8eab582ccc344b715907c0\",\"name\":\"Cesar Morales\",\"image\":{\"@type\":\"ImageObject\",\"inLanguage\":\"en-US\",\"@id\":\"https:\/\/gijonbasket.com\/#\/schema\/person\/image\/\",\"url\":\"https:\/\/secure.gravatar.com\/avatar\/ab9ddf1e87f7580cae3deefb05a58c5cf4f0c7f96f033fd7dacc23f0e8d149ca?s=96&d=mm&r=g\",\"contentUrl\":\"https:\/\/secure.gravatar.com\/avatar\/ab9ddf1e87f7580cae3deefb05a58c5cf4f0c7f96f033fd7dacc23f0e8d149ca?s=96&d=mm&r=g\",\"caption\":\"Cesar Morales\"},\"url\":\"https:\/\/gijonbasket.com\/en\/author\/cesar\/\"}]}<\/script>\n<!-- \/ Yoast SEO plugin. -->","yoast_head_json":{"title":"Walter Cabral al Insolac Caja87 - gijonbasket","robots":{"index":"index","follow":"follow","max-snippet":"max-snippet:-1","max-image-preview":"max-image-preview:large","max-video-preview":"max-video-preview:-1"},"canonical":"https:\/\/gijonbasket.com\/en\/2025\/12\/04\/walter-cabral-al-insolac-caja87\/","og_locale":"en_US","og_type":"article","og_title":"Walter Cabral al Insolac Caja87 - gijonbasket","og_description":"El Insolac Caja87 se refuerza con el fichaje de Walter Cabral. Ala-p\u00edvot de 30 a\u00f1os y 2.01 m. procedente del C.B. Getafe. Walter Cabral comenz\u00f3 esta temporada militando en el C.B. Getafe (Segunda FEB-Grupo Este) promediando 8 ppp; 6 rpp en 5 partidos. Sus inicios en el mundo del baloncesto fueron en el Baloncesto Alcorc\u00f3n,&hellip;&nbsp;Read More &raquo;Walter Cabral al Insolac Caja87","og_url":"https:\/\/gijonbasket.com\/en\/2025\/12\/04\/walter-cabral-al-insolac-caja87\/","og_site_name":"gijonbasket","article_published_time":"2025-12-04T09:52:55+00:00","article_modified_time":"2025-12-04T09:52:56+00:00","author":"Cesar Morales","twitter_card":"summary_large_image","twitter_misc":{"Written by":"Cesar Morales","Est. reading time":"1 minute"},"schema":{"@context":"https:\/\/schema.org","@graph":[{"@type":"Article","@id":"https:\/\/gijonbasket.com\/2025\/12\/04\/walter-cabral-al-insolac-caja87\/#article","isPartOf":{"@id":"https:\/\/gijonbasket.com\/2025\/12\/04\/walter-cabral-al-insolac-caja87\/"},"author":{"name":"Cesar Morales","@id":"https:\/\/gijonbasket.com\/#\/schema\/person\/91af9ff03e8eab582ccc344b715907c0"},"headline":"Walter Cabral al Insolac Caja87","datePublished":"2025-12-04T09:52:55+00:00","dateModified":"2025-12-04T09:52:56+00:00","mainEntityOfPage":{"@id":"https:\/\/gijonbasket.com\/2025\/12\/04\/walter-cabral-al-insolac-caja87\/"},"wordCount":128,"commentCount":0,"publisher":{"@id":"https:\/\/gijonbasket.com\/#organization"},"articleSection":["noticias"],"inLanguage":"en-US","potentialAction":[{"@type":"CommentAction","name":"Comment","target":["https:\/\/gijonbasket.com\/2025\/12\/04\/walter-cabral-al-insolac-caja87\/#respond"]}]},{"@type":"WebPage","@id":"https:\/\/gijonbasket.com\/2025\/12\/04\/walter-cabral-al-insolac-caja87\/","url":"https:\/\/gijonbasket.com\/2025\/12\/04\/walter-cabral-al-insolac-caja87\/","name":"Walter Cabral al Insolac Caja87 - gijonbasket","isPartOf":{"@id":"https:\/\/gijonbasket.com\/#website"},"datePublished":"2025-12-04T09:52:55+00:00","dateModified":"2025-12-04T09:52:56+00:00","breadcrumb":{"@id":"https:\/\/gijonbasket.com\/2025\/12\/04\/walter-cabral-al-insolac-caja87\/#breadcrumb"},"inLanguage":"en-US","potentialAction":[{"@type":"ReadAction","target":["https:\/\/gijonbasket.com\/2025\/12\/04\/walter-cabral-al-insolac-caja87\/"]}]},{"@type":"BreadcrumbList","@id":"https:\/\/gijonbasket.com\/2025\/12\/04\/walter-cabral-al-insolac-caja87\/#breadcrumb","itemListElement":[{"@type":"ListItem","position":1,"name":"Portada","item":"https:\/\/gijonbasket.com\/"},{"@type":"ListItem","position":2,"name":"Walter Cabral al Insolac Caja87"}]},{"@type":"WebSite","@id":"https:\/\/gijonbasket.com\/#website","url":"https:\/\/gijonbasket.com\/","name":"gijonbasket","description":"","publisher":{"@id":"https:\/\/gijonbasket.com\/#organization"},"potentialAction":[{"@type":"SearchAction","target":{"@type":"EntryPoint","urlTemplate":"https:\/\/gijonbasket.com\/?s={search_term_string}"},"query-input":{"@type":"PropertyValueSpecification","valueRequired":true,"valueName":"search_term_string"}}],"inLanguage":"en-US"},{"@type":"Organization","@id":"https:\/\/gijonbasket.com\/#organization","name":"gijonbasket","url":"https:\/\/gijonbasket.com\/","logo":{"@type":"ImageObject","inLanguage":"en-US","@id":"https:\/\/gijonbasket.com\/#\/schema\/logo\/image\/","url":"https:\/\/gijonbasket.com\/wp-content\/uploads\/2023\/03\/LogoGijonBasket2.jpg","contentUrl":"https:\/\/gijonbasket.com\/wp-content\/uploads\/2023\/03\/LogoGijonBasket2.jpg","width":2000,"height":550,"caption":"gijonbasket"},"image":{"@id":"https:\/\/gijonbasket.com\/#\/schema\/logo\/image\/"}},{"@type":"Person","@id":"https:\/\/gijonbasket.com\/#\/schema\/person\/91af9ff03e8eab582ccc344b715907c0","name":"Cesar Morales","image":{"@type":"ImageObject","inLanguage":"en-US","@id":"https:\/\/gijonbasket.com\/#\/schema\/person\/image\/","url":"https:\/\/secure.gravatar.com\/avatar\/ab9ddf1e87f7580cae3deefb05a58c5cf4f0c7f96f033fd7dacc23f0e8d149ca?s=96&d=mm&r=g","contentUrl":"https:\/\/secure.gravatar.com\/avatar\/ab9ddf1e87f7580cae3deefb05a58c5cf4f0c7f96f033fd7dacc23f0e8d149ca?s=96&d=mm&r=g","caption":"Cesar Morales"},"url":"https:\/\/gijonbasket.com\/en\/author\/cesar\/"}]}},"_links":{"self":[{"href":"https:\/\/gijonbasket.com\/en\/wp-json\/wp\/v2\/posts\/9308","targetHints":{"allow":["GET"]}}],"collection":[{"href":"https:\/\/gijonbasket.com\/en\/wp-json\/wp\/v2\/posts"}],"about":[{"href":"https:\/\/gijonbasket.com\/en\/wp-json\/wp\/v2\/types\/post"}],"author":[{"embeddable":true,"href":"https:\/\/gijonbasket.com\/en\/wp-json\/wp\/v2\/users\/2"}],"replies":[{"embeddable":true,"href":"https:\/\/gijonbasket.com\/en\/wp-json\/wp\/v2\/comments?post=9308"}],"version-history":[{"count":1,"href":"https:\/\/gijonbasket.com\/en\/wp-json\/wp\/v2\/posts\/9308\/revisions"}],"predecessor-version":[{"id":9309,"href":"https:\/\/gijonbasket.com\/en\/wp-json\/wp\/v2\/posts\/9308\/revisions\/9309"}],"wp:attachment":[{"href":"https:\/\/gijonbasket.com\/en\/wp-json\/wp\/v2\/media?parent=9308"}],"wp:term":[{"taxonomy":"category","embeddable":true,"href":"https:\/\/gijonbasket.com\/en\/wp-json\/wp\/v2\/categories?post=9308"},{"taxonomy":"post_tag","embeddable":true,"href":"https:\/\/gijonbasket.com\/en\/wp-json\/wp\/v2\/tags?post=9308"}],"curies":[{"name":"wp","href":"https:\/\/api.w.org\/{rel}","templated":true}]}}