{"id":9321,"date":"2025-12-05T11:00:08","date_gmt":"2025-12-05T10:00:08","guid":{"rendered":"https:\/\/gijonbasket.com\/?p=9321"},"modified":"2025-12-05T11:00:32","modified_gmt":"2025-12-05T10:00:32","slug":"wilhem-falk-dos-temporadas-mas-con-el-ucam-murcia","status":"publish","type":"post","link":"https:\/\/gijonbasket.com\/en\/2025\/12\/05\/wilhem-falk-dos-temporadas-mas-con-el-ucam-murcia\/","title":{"rendered":"Wilhem Falk dos temporadas m\u00e1s con el UCAM Murcia"},"content":{"rendered":"<p>El UCAM Murcia anunci\u00f3 la renovaci\u00f3n de contrato a Wilhem Falk por dos temporadas m\u00e1s.<\/p>\n\n\n\n<p>Escolta sueco de 22 a\u00f1os y 2.03 m., que cumple su cuarta temporada en el primer equipo del UCAM Murcia (2020\/2021; 2023\/2024; 2024\/2025; 2025\/2026), las tres \u00faltimas de forma consecutiva.<\/p>\n\n\n\n<p>Su llegada al UCAM Murcia se produjo en edad junior en la temporada 2020\/2021. <\/p>\n\n\n\n<p>Formado en las categorias inferiores del Boras Basket.<\/p>\n\n\n\n<p>Con 16 a\u00f1os recal\u00f3 en el Stella Azzurra Roma.<\/p>\n\n\n\n<p>Debut en Liga Endesa para Wilhem Falk con UCAM Murcia en la temporada 2020\/2021. <\/p>\n\n\n\n<p>4 temporadas defendiendo los colores del UCAM Murcia B (2020\/2021; 2021\/2022; 2022\/2023; 2023\/2024) en Liga EBA.<\/p>\n\n\n\n<p>La pasada temporada Wilhem Falk comenz\u00f3 militando en el Hestia Menorca (Primera FEB) para a finales del mes de febrero recalar en el Sol Giron\u00e9s Bisbal B\u00e1squet (Segunda FEB) y tras estas dos cesiones regresar al UCAM Murcia y disputar tres partidos del final de la temporada regular.<\/p>\n\n\n\n<p>Esta temporada Wilhem Falk con el UCAM Murcia  est\u00e1 promediando 1.6 ppp; 2 rpp en 8 partidos.<\/p>","protected":false},"excerpt":{"rendered":"<p>El UCAM Murcia anunci\u00f3 la renovaci\u00f3n de contrato a Wilhem Falk por dos temporadas m\u00e1s. Escolta sueco de 22 a\u00f1os y 2.03 m., que cumple su cuarta temporada en el primer equipo del UCAM Murcia (2020\/2021; 2023\/2024; 2024\/2025; 2025\/2026), las tres \u00faltimas de forma consecutiva. Su llegada al UCAM Murcia se produjo en edad junior&hellip;&nbsp;<a href=\"https:\/\/gijonbasket.com\/en\/2025\/12\/05\/wilhem-falk-dos-temporadas-mas-con-el-ucam-murcia\/\" class=\"\" rel=\"bookmark\">Read More &raquo;<span class=\"screen-reader-text\">Wilhem Falk dos temporadas m\u00e1s con el UCAM Murcia<\/span><\/a><\/p>","protected":false},"author":2,"featured_media":0,"comment_status":"open","ping_status":"open","sticky":false,"template":"","format":"standard","meta":{"neve_meta_sidebar":"","neve_meta_container":"","neve_meta_enable_content_width":"","neve_meta_content_width":0,"neve_meta_title_alignment":"","neve_meta_author_avatar":"","neve_post_elements_order":"","neve_meta_disable_header":"","neve_meta_disable_footer":"","neve_meta_disable_title":"","footnotes":""},"categories":[4],"tags":[],"class_list":["post-9321","post","type-post","status-publish","format-standard","hentry","category-noticias"],"yoast_head":"<!-- This site is optimized with the Yoast SEO plugin v23.4 - https:\/\/yoast.com\/wordpress\/plugins\/seo\/ -->\n<title>Wilhem Falk dos temporadas m\u00e1s con el UCAM Murcia - gijonbasket<\/title>\n<meta name=\"robots\" content=\"index, follow, max-snippet:-1, max-image-preview:large, max-video-preview:-1\" \/>\n<link rel=\"canonical\" href=\"https:\/\/gijonbasket.com\/en\/2025\/12\/05\/wilhem-falk-dos-temporadas-mas-con-el-ucam-murcia\/\" \/>\n<meta property=\"og:locale\" content=\"en_US\" \/>\n<meta property=\"og:type\" content=\"article\" \/>\n<meta property=\"og:title\" content=\"Wilhem Falk dos temporadas m\u00e1s con el UCAM Murcia - gijonbasket\" \/>\n<meta property=\"og:description\" content=\"El UCAM Murcia anunci\u00f3 la renovaci\u00f3n de contrato a Wilhem Falk por dos temporadas m\u00e1s. Escolta sueco de 22 a\u00f1os y 2.03 m., que cumple su cuarta temporada en el primer equipo del UCAM Murcia (2020\/2021; 2023\/2024; 2024\/2025; 2025\/2026), las tres \u00faltimas de forma consecutiva. Su llegada al UCAM Murcia se produjo en edad junior&hellip;&nbsp;Read More &raquo;Wilhem Falk dos temporadas m\u00e1s con el UCAM Murcia\" \/>\n<meta property=\"og:url\" content=\"https:\/\/gijonbasket.com\/en\/2025\/12\/05\/wilhem-falk-dos-temporadas-mas-con-el-ucam-murcia\/\" \/>\n<meta property=\"og:site_name\" content=\"gijonbasket\" \/>\n<meta property=\"article:published_time\" content=\"2025-12-05T10:00:08+00:00\" \/>\n<meta property=\"article:modified_time\" content=\"2025-12-05T10:00:32+00:00\" \/>\n<meta name=\"author\" content=\"Cesar Morales\" \/>\n<meta name=\"twitter:card\" content=\"summary_large_image\" \/>\n<meta name=\"twitter:label1\" content=\"Written by\" \/>\n\t<meta name=\"twitter:data1\" content=\"Cesar Morales\" \/>\n\t<meta name=\"twitter:label2\" content=\"Est. reading time\" \/>\n\t<meta name=\"twitter:data2\" content=\"1 minute\" \/>\n<script type=\"application\/ld+json\" class=\"yoast-schema-graph\">{\"@context\":\"https:\/\/schema.org\",\"@graph\":[{\"@type\":\"Article\",\"@id\":\"https:\/\/gijonbasket.com\/2025\/12\/05\/wilhem-falk-dos-temporadas-mas-con-el-ucam-murcia\/#article\",\"isPartOf\":{\"@id\":\"https:\/\/gijonbasket.com\/2025\/12\/05\/wilhem-falk-dos-temporadas-mas-con-el-ucam-murcia\/\"},\"author\":{\"name\":\"Cesar Morales\",\"@id\":\"https:\/\/gijonbasket.com\/#\/schema\/person\/91af9ff03e8eab582ccc344b715907c0\"},\"headline\":\"Wilhem Falk dos temporadas m\u00e1s con el UCAM Murcia\",\"datePublished\":\"2025-12-05T10:00:08+00:00\",\"dateModified\":\"2025-12-05T10:00:32+00:00\",\"mainEntityOfPage\":{\"@id\":\"https:\/\/gijonbasket.com\/2025\/12\/05\/wilhem-falk-dos-temporadas-mas-con-el-ucam-murcia\/\"},\"wordCount\":170,\"commentCount\":0,\"publisher\":{\"@id\":\"https:\/\/gijonbasket.com\/#organization\"},\"articleSection\":[\"noticias\"],\"inLanguage\":\"en-US\",\"potentialAction\":[{\"@type\":\"CommentAction\",\"name\":\"Comment\",\"target\":[\"https:\/\/gijonbasket.com\/2025\/12\/05\/wilhem-falk-dos-temporadas-mas-con-el-ucam-murcia\/#respond\"]}]},{\"@type\":\"WebPage\",\"@id\":\"https:\/\/gijonbasket.com\/2025\/12\/05\/wilhem-falk-dos-temporadas-mas-con-el-ucam-murcia\/\",\"url\":\"https:\/\/gijonbasket.com\/2025\/12\/05\/wilhem-falk-dos-temporadas-mas-con-el-ucam-murcia\/\",\"name\":\"Wilhem Falk dos temporadas m\u00e1s con el UCAM Murcia - gijonbasket\",\"isPartOf\":{\"@id\":\"https:\/\/gijonbasket.com\/#website\"},\"datePublished\":\"2025-12-05T10:00:08+00:00\",\"dateModified\":\"2025-12-05T10:00:32+00:00\",\"breadcrumb\":{\"@id\":\"https:\/\/gijonbasket.com\/2025\/12\/05\/wilhem-falk-dos-temporadas-mas-con-el-ucam-murcia\/#breadcrumb\"},\"inLanguage\":\"en-US\",\"potentialAction\":[{\"@type\":\"ReadAction\",\"target\":[\"https:\/\/gijonbasket.com\/2025\/12\/05\/wilhem-falk-dos-temporadas-mas-con-el-ucam-murcia\/\"]}]},{\"@type\":\"BreadcrumbList\",\"@id\":\"https:\/\/gijonbasket.com\/2025\/12\/05\/wilhem-falk-dos-temporadas-mas-con-el-ucam-murcia\/#breadcrumb\",\"itemListElement\":[{\"@type\":\"ListItem\",\"position\":1,\"name\":\"Portada\",\"item\":\"https:\/\/gijonbasket.com\/\"},{\"@type\":\"ListItem\",\"position\":2,\"name\":\"Wilhem Falk dos temporadas m\u00e1s con el UCAM Murcia\"}]},{\"@type\":\"WebSite\",\"@id\":\"https:\/\/gijonbasket.com\/#website\",\"url\":\"https:\/\/gijonbasket.com\/\",\"name\":\"gijonbasket\",\"description\":\"\",\"publisher\":{\"@id\":\"https:\/\/gijonbasket.com\/#organization\"},\"potentialAction\":[{\"@type\":\"SearchAction\",\"target\":{\"@type\":\"EntryPoint\",\"urlTemplate\":\"https:\/\/gijonbasket.com\/?s={search_term_string}\"},\"query-input\":{\"@type\":\"PropertyValueSpecification\",\"valueRequired\":true,\"valueName\":\"search_term_string\"}}],\"inLanguage\":\"en-US\"},{\"@type\":\"Organization\",\"@id\":\"https:\/\/gijonbasket.com\/#organization\",\"name\":\"gijonbasket\",\"url\":\"https:\/\/gijonbasket.com\/\",\"logo\":{\"@type\":\"ImageObject\",\"inLanguage\":\"en-US\",\"@id\":\"https:\/\/gijonbasket.com\/#\/schema\/logo\/image\/\",\"url\":\"https:\/\/gijonbasket.com\/wp-content\/uploads\/2023\/03\/LogoGijonBasket2.jpg\",\"contentUrl\":\"https:\/\/gijonbasket.com\/wp-content\/uploads\/2023\/03\/LogoGijonBasket2.jpg\",\"width\":2000,\"height\":550,\"caption\":\"gijonbasket\"},\"image\":{\"@id\":\"https:\/\/gijonbasket.com\/#\/schema\/logo\/image\/\"}},{\"@type\":\"Person\",\"@id\":\"https:\/\/gijonbasket.com\/#\/schema\/person\/91af9ff03e8eab582ccc344b715907c0\",\"name\":\"Cesar Morales\",\"image\":{\"@type\":\"ImageObject\",\"inLanguage\":\"en-US\",\"@id\":\"https:\/\/gijonbasket.com\/#\/schema\/person\/image\/\",\"url\":\"https:\/\/secure.gravatar.com\/avatar\/ab9ddf1e87f7580cae3deefb05a58c5cf4f0c7f96f033fd7dacc23f0e8d149ca?s=96&d=mm&r=g\",\"contentUrl\":\"https:\/\/secure.gravatar.com\/avatar\/ab9ddf1e87f7580cae3deefb05a58c5cf4f0c7f96f033fd7dacc23f0e8d149ca?s=96&d=mm&r=g\",\"caption\":\"Cesar Morales\"},\"url\":\"https:\/\/gijonbasket.com\/en\/author\/cesar\/\"}]}<\/script>\n<!-- \/ Yoast SEO plugin. -->","yoast_head_json":{"title":"Wilhem Falk dos temporadas m\u00e1s con el UCAM Murcia - gijonbasket","robots":{"index":"index","follow":"follow","max-snippet":"max-snippet:-1","max-image-preview":"max-image-preview:large","max-video-preview":"max-video-preview:-1"},"canonical":"https:\/\/gijonbasket.com\/en\/2025\/12\/05\/wilhem-falk-dos-temporadas-mas-con-el-ucam-murcia\/","og_locale":"en_US","og_type":"article","og_title":"Wilhem Falk dos temporadas m\u00e1s con el UCAM Murcia - gijonbasket","og_description":"El UCAM Murcia anunci\u00f3 la renovaci\u00f3n de contrato a Wilhem Falk por dos temporadas m\u00e1s. Escolta sueco de 22 a\u00f1os y 2.03 m., que cumple su cuarta temporada en el primer equipo del UCAM Murcia (2020\/2021; 2023\/2024; 2024\/2025; 2025\/2026), las tres \u00faltimas de forma consecutiva. Su llegada al UCAM Murcia se produjo en edad junior&hellip;&nbsp;Read More &raquo;Wilhem Falk dos temporadas m\u00e1s con el UCAM Murcia","og_url":"https:\/\/gijonbasket.com\/en\/2025\/12\/05\/wilhem-falk-dos-temporadas-mas-con-el-ucam-murcia\/","og_site_name":"gijonbasket","article_published_time":"2025-12-05T10:00:08+00:00","article_modified_time":"2025-12-05T10:00:32+00:00","author":"Cesar Morales","twitter_card":"summary_large_image","twitter_misc":{"Written by":"Cesar Morales","Est. reading time":"1 minute"},"schema":{"@context":"https:\/\/schema.org","@graph":[{"@type":"Article","@id":"https:\/\/gijonbasket.com\/2025\/12\/05\/wilhem-falk-dos-temporadas-mas-con-el-ucam-murcia\/#article","isPartOf":{"@id":"https:\/\/gijonbasket.com\/2025\/12\/05\/wilhem-falk-dos-temporadas-mas-con-el-ucam-murcia\/"},"author":{"name":"Cesar Morales","@id":"https:\/\/gijonbasket.com\/#\/schema\/person\/91af9ff03e8eab582ccc344b715907c0"},"headline":"Wilhem Falk dos temporadas m\u00e1s con el UCAM Murcia","datePublished":"2025-12-05T10:00:08+00:00","dateModified":"2025-12-05T10:00:32+00:00","mainEntityOfPage":{"@id":"https:\/\/gijonbasket.com\/2025\/12\/05\/wilhem-falk-dos-temporadas-mas-con-el-ucam-murcia\/"},"wordCount":170,"commentCount":0,"publisher":{"@id":"https:\/\/gijonbasket.com\/#organization"},"articleSection":["noticias"],"inLanguage":"en-US","potentialAction":[{"@type":"CommentAction","name":"Comment","target":["https:\/\/gijonbasket.com\/2025\/12\/05\/wilhem-falk-dos-temporadas-mas-con-el-ucam-murcia\/#respond"]}]},{"@type":"WebPage","@id":"https:\/\/gijonbasket.com\/2025\/12\/05\/wilhem-falk-dos-temporadas-mas-con-el-ucam-murcia\/","url":"https:\/\/gijonbasket.com\/2025\/12\/05\/wilhem-falk-dos-temporadas-mas-con-el-ucam-murcia\/","name":"Wilhem Falk dos temporadas m\u00e1s con el UCAM Murcia - gijonbasket","isPartOf":{"@id":"https:\/\/gijonbasket.com\/#website"},"datePublished":"2025-12-05T10:00:08+00:00","dateModified":"2025-12-05T10:00:32+00:00","breadcrumb":{"@id":"https:\/\/gijonbasket.com\/2025\/12\/05\/wilhem-falk-dos-temporadas-mas-con-el-ucam-murcia\/#breadcrumb"},"inLanguage":"en-US","potentialAction":[{"@type":"ReadAction","target":["https:\/\/gijonbasket.com\/2025\/12\/05\/wilhem-falk-dos-temporadas-mas-con-el-ucam-murcia\/"]}]},{"@type":"BreadcrumbList","@id":"https:\/\/gijonbasket.com\/2025\/12\/05\/wilhem-falk-dos-temporadas-mas-con-el-ucam-murcia\/#breadcrumb","itemListElement":[{"@type":"ListItem","position":1,"name":"Portada","item":"https:\/\/gijonbasket.com\/"},{"@type":"ListItem","position":2,"name":"Wilhem Falk dos temporadas m\u00e1s con el UCAM Murcia"}]},{"@type":"WebSite","@id":"https:\/\/gijonbasket.com\/#website","url":"https:\/\/gijonbasket.com\/","name":"gijonbasket","description":"","publisher":{"@id":"https:\/\/gijonbasket.com\/#organization"},"potentialAction":[{"@type":"SearchAction","target":{"@type":"EntryPoint","urlTemplate":"https:\/\/gijonbasket.com\/?s={search_term_string}"},"query-input":{"@type":"PropertyValueSpecification","valueRequired":true,"valueName":"search_term_string"}}],"inLanguage":"en-US"},{"@type":"Organization","@id":"https:\/\/gijonbasket.com\/#organization","name":"gijonbasket","url":"https:\/\/gijonbasket.com\/","logo":{"@type":"ImageObject","inLanguage":"en-US","@id":"https:\/\/gijonbasket.com\/#\/schema\/logo\/image\/","url":"https:\/\/gijonbasket.com\/wp-content\/uploads\/2023\/03\/LogoGijonBasket2.jpg","contentUrl":"https:\/\/gijonbasket.com\/wp-content\/uploads\/2023\/03\/LogoGijonBasket2.jpg","width":2000,"height":550,"caption":"gijonbasket"},"image":{"@id":"https:\/\/gijonbasket.com\/#\/schema\/logo\/image\/"}},{"@type":"Person","@id":"https:\/\/gijonbasket.com\/#\/schema\/person\/91af9ff03e8eab582ccc344b715907c0","name":"Cesar Morales","image":{"@type":"ImageObject","inLanguage":"en-US","@id":"https:\/\/gijonbasket.com\/#\/schema\/person\/image\/","url":"https:\/\/secure.gravatar.com\/avatar\/ab9ddf1e87f7580cae3deefb05a58c5cf4f0c7f96f033fd7dacc23f0e8d149ca?s=96&d=mm&r=g","contentUrl":"https:\/\/secure.gravatar.com\/avatar\/ab9ddf1e87f7580cae3deefb05a58c5cf4f0c7f96f033fd7dacc23f0e8d149ca?s=96&d=mm&r=g","caption":"Cesar Morales"},"url":"https:\/\/gijonbasket.com\/en\/author\/cesar\/"}]}},"_links":{"self":[{"href":"https:\/\/gijonbasket.com\/en\/wp-json\/wp\/v2\/posts\/9321","targetHints":{"allow":["GET"]}}],"collection":[{"href":"https:\/\/gijonbasket.com\/en\/wp-json\/wp\/v2\/posts"}],"about":[{"href":"https:\/\/gijonbasket.com\/en\/wp-json\/wp\/v2\/types\/post"}],"author":[{"embeddable":true,"href":"https:\/\/gijonbasket.com\/en\/wp-json\/wp\/v2\/users\/2"}],"replies":[{"embeddable":true,"href":"https:\/\/gijonbasket.com\/en\/wp-json\/wp\/v2\/comments?post=9321"}],"version-history":[{"count":2,"href":"https:\/\/gijonbasket.com\/en\/wp-json\/wp\/v2\/posts\/9321\/revisions"}],"predecessor-version":[{"id":9323,"href":"https:\/\/gijonbasket.com\/en\/wp-json\/wp\/v2\/posts\/9321\/revisions\/9323"}],"wp:attachment":[{"href":"https:\/\/gijonbasket.com\/en\/wp-json\/wp\/v2\/media?parent=9321"}],"wp:term":[{"taxonomy":"category","embeddable":true,"href":"https:\/\/gijonbasket.com\/en\/wp-json\/wp\/v2\/categories?post=9321"},{"taxonomy":"post_tag","embeddable":true,"href":"https:\/\/gijonbasket.com\/en\/wp-json\/wp\/v2\/tags?post=9321"}],"curies":[{"name":"wp","href":"https:\/\/api.w.org\/{rel}","templated":true}]}}