{"id":9348,"date":"2025-12-08T12:42:44","date_gmt":"2025-12-08T11:42:44","guid":{"rendered":"https:\/\/gijonbasket.com\/?p=9348"},"modified":"2025-12-08T12:42:45","modified_gmt":"2025-12-08T11:42:45","slug":"bruno-savignani-destituido-en-el-recoletas-salud-san-pablo-burgos-porfirio-fisac-primer-candidato-al-banquillo-burgales","status":"publish","type":"post","link":"https:\/\/gijonbasket.com\/en\/2025\/12\/08\/bruno-savignani-destituido-en-el-recoletas-salud-san-pablo-burgos-porfirio-fisac-primer-candidato-al-banquillo-burgales\/","title":{"rendered":"Bruno Savignani destituido en el Recoletas Salud San Pablo Burgos. Porfirio Fisac  primer candidato al banquillo burgal\u00e9s."},"content":{"rendered":"<p>La derrota del Recoletas Salud San Pablo Burgos ante el UCAM Murcia (88-110) provoc\u00f3 ayer la destituci\u00f3n de Bruno Savignani como t\u00e9cnico del conjunto burgal\u00e9s. El Recoletas Salud San Pablo Burgos ocupa la posici\u00f3n de colista de la Liga Endesa con un balance de 1 victoria &#8211; 8 derrotas.<\/p>\n\n\n\n<p>Bruno Savignani, t\u00e9cnico brasile\u00f1o con nacionalidad italiana de 43 a\u00f1os, hizo historia la pasada temporada con el conjunto burgal\u00e9s logrando el doblete, Campe\u00f3n Primera FEB y Copa Princesa de Asturias, m\u00e1s el ascenso a Liga Endesa.<\/p>\n\n\n\n<p>En su primera temporada con el Silb\u00f6 San Pablo Burgos logr\u00f3 llevar al equipo a una hist\u00f3rica temporada culminada con un balance en temporada regular en Primera FEB de 32 victorias \u2013 2 derrotas.<\/p>\n\n\n\n<p>La temporada 2023\/2024, Bruno Savignani, aterriz\u00f3 en Espa\u00f1a para dirigir al Real Betis Baloncesto, previo a su llegada al Silb\u00f6 San Pablo Burgos.<\/p>\n\n\n\n<p>Como primer entrenador dirigi\u00f3 a UniCEUB Brasilia (2015\/2016; 2016\/2017) y S.C. Corinthians (2018\/2019; 2019\/2020) previa a su llegada al Real Betis Baloncesto.<\/p>\n\n\n\n<p>Porfirio Fisac se posiciona como el principal candidato a dirigir al Recoletas Salud San Pablo Burgos.<\/p>","protected":false},"excerpt":{"rendered":"<p>La derrota del Recoletas Salud San Pablo Burgos ante el UCAM Murcia (88-110) provoc\u00f3 ayer la destituci\u00f3n de Bruno Savignani como t\u00e9cnico del conjunto burgal\u00e9s. El Recoletas Salud San Pablo Burgos ocupa la posici\u00f3n de colista de la Liga Endesa con un balance de 1 victoria &#8211; 8 derrotas. Bruno Savignani, t\u00e9cnico brasile\u00f1o con nacionalidad&hellip;&nbsp;<a href=\"https:\/\/gijonbasket.com\/en\/2025\/12\/08\/bruno-savignani-destituido-en-el-recoletas-salud-san-pablo-burgos-porfirio-fisac-primer-candidato-al-banquillo-burgales\/\" class=\"\" rel=\"bookmark\">Read More &raquo;<span class=\"screen-reader-text\">Bruno Savignani destituido en el Recoletas Salud San Pablo Burgos. Porfirio Fisac  primer candidato al banquillo burgal\u00e9s.<\/span><\/a><\/p>","protected":false},"author":2,"featured_media":0,"comment_status":"open","ping_status":"open","sticky":false,"template":"","format":"standard","meta":{"neve_meta_sidebar":"","neve_meta_container":"","neve_meta_enable_content_width":"","neve_meta_content_width":0,"neve_meta_title_alignment":"","neve_meta_author_avatar":"","neve_post_elements_order":"","neve_meta_disable_header":"","neve_meta_disable_footer":"","neve_meta_disable_title":"","footnotes":""},"categories":[4],"tags":[],"class_list":["post-9348","post","type-post","status-publish","format-standard","hentry","category-noticias"],"yoast_head":"<!-- This site is optimized with the Yoast SEO plugin v23.4 - https:\/\/yoast.com\/wordpress\/plugins\/seo\/ -->\n<title>Bruno Savignani destituido en el Recoletas Salud San Pablo Burgos. Porfirio Fisac primer candidato al banquillo burgal\u00e9s. - gijonbasket<\/title>\n<meta name=\"robots\" content=\"index, follow, max-snippet:-1, max-image-preview:large, max-video-preview:-1\" \/>\n<link rel=\"canonical\" href=\"https:\/\/gijonbasket.com\/en\/2025\/12\/08\/bruno-savignani-destituido-en-el-recoletas-salud-san-pablo-burgos-porfirio-fisac-primer-candidato-al-banquillo-burgales\/\" \/>\n<meta property=\"og:locale\" content=\"en_US\" \/>\n<meta property=\"og:type\" content=\"article\" \/>\n<meta property=\"og:title\" content=\"Bruno Savignani destituido en el Recoletas Salud San Pablo Burgos. Porfirio Fisac primer candidato al banquillo burgal\u00e9s. - gijonbasket\" \/>\n<meta property=\"og:description\" content=\"La derrota del Recoletas Salud San Pablo Burgos ante el UCAM Murcia (88-110) provoc\u00f3 ayer la destituci\u00f3n de Bruno Savignani como t\u00e9cnico del conjunto burgal\u00e9s. El Recoletas Salud San Pablo Burgos ocupa la posici\u00f3n de colista de la Liga Endesa con un balance de 1 victoria &#8211; 8 derrotas. Bruno Savignani, t\u00e9cnico brasile\u00f1o con nacionalidad&hellip;&nbsp;Read More &raquo;Bruno Savignani destituido en el Recoletas Salud San Pablo Burgos. Porfirio Fisac primer candidato al banquillo burgal\u00e9s.\" \/>\n<meta property=\"og:url\" content=\"https:\/\/gijonbasket.com\/en\/2025\/12\/08\/bruno-savignani-destituido-en-el-recoletas-salud-san-pablo-burgos-porfirio-fisac-primer-candidato-al-banquillo-burgales\/\" \/>\n<meta property=\"og:site_name\" content=\"gijonbasket\" \/>\n<meta property=\"article:published_time\" content=\"2025-12-08T11:42:44+00:00\" \/>\n<meta property=\"article:modified_time\" content=\"2025-12-08T11:42:45+00:00\" \/>\n<meta name=\"author\" content=\"Cesar Morales\" \/>\n<meta name=\"twitter:card\" content=\"summary_large_image\" \/>\n<meta name=\"twitter:label1\" content=\"Written by\" \/>\n\t<meta name=\"twitter:data1\" content=\"Cesar Morales\" \/>\n\t<meta name=\"twitter:label2\" content=\"Est. reading time\" \/>\n\t<meta name=\"twitter:data2\" content=\"1 minute\" \/>\n<script type=\"application\/ld+json\" class=\"yoast-schema-graph\">{\"@context\":\"https:\/\/schema.org\",\"@graph\":[{\"@type\":\"Article\",\"@id\":\"https:\/\/gijonbasket.com\/2025\/12\/08\/bruno-savignani-destituido-en-el-recoletas-salud-san-pablo-burgos-porfirio-fisac-primer-candidato-al-banquillo-burgales\/#article\",\"isPartOf\":{\"@id\":\"https:\/\/gijonbasket.com\/2025\/12\/08\/bruno-savignani-destituido-en-el-recoletas-salud-san-pablo-burgos-porfirio-fisac-primer-candidato-al-banquillo-burgales\/\"},\"author\":{\"name\":\"Cesar Morales\",\"@id\":\"https:\/\/gijonbasket.com\/#\/schema\/person\/91af9ff03e8eab582ccc344b715907c0\"},\"headline\":\"Bruno Savignani destituido en el Recoletas Salud San Pablo Burgos. Porfirio Fisac primer candidato al banquillo burgal\u00e9s.\",\"datePublished\":\"2025-12-08T11:42:44+00:00\",\"dateModified\":\"2025-12-08T11:42:45+00:00\",\"mainEntityOfPage\":{\"@id\":\"https:\/\/gijonbasket.com\/2025\/12\/08\/bruno-savignani-destituido-en-el-recoletas-salud-san-pablo-burgos-porfirio-fisac-primer-candidato-al-banquillo-burgales\/\"},\"wordCount\":200,\"commentCount\":0,\"publisher\":{\"@id\":\"https:\/\/gijonbasket.com\/#organization\"},\"articleSection\":[\"noticias\"],\"inLanguage\":\"en-US\",\"potentialAction\":[{\"@type\":\"CommentAction\",\"name\":\"Comment\",\"target\":[\"https:\/\/gijonbasket.com\/2025\/12\/08\/bruno-savignani-destituido-en-el-recoletas-salud-san-pablo-burgos-porfirio-fisac-primer-candidato-al-banquillo-burgales\/#respond\"]}]},{\"@type\":\"WebPage\",\"@id\":\"https:\/\/gijonbasket.com\/2025\/12\/08\/bruno-savignani-destituido-en-el-recoletas-salud-san-pablo-burgos-porfirio-fisac-primer-candidato-al-banquillo-burgales\/\",\"url\":\"https:\/\/gijonbasket.com\/2025\/12\/08\/bruno-savignani-destituido-en-el-recoletas-salud-san-pablo-burgos-porfirio-fisac-primer-candidato-al-banquillo-burgales\/\",\"name\":\"Bruno Savignani destituido en el Recoletas Salud San Pablo Burgos. Porfirio Fisac primer candidato al banquillo burgal\u00e9s. - gijonbasket\",\"isPartOf\":{\"@id\":\"https:\/\/gijonbasket.com\/#website\"},\"datePublished\":\"2025-12-08T11:42:44+00:00\",\"dateModified\":\"2025-12-08T11:42:45+00:00\",\"breadcrumb\":{\"@id\":\"https:\/\/gijonbasket.com\/2025\/12\/08\/bruno-savignani-destituido-en-el-recoletas-salud-san-pablo-burgos-porfirio-fisac-primer-candidato-al-banquillo-burgales\/#breadcrumb\"},\"inLanguage\":\"en-US\",\"potentialAction\":[{\"@type\":\"ReadAction\",\"target\":[\"https:\/\/gijonbasket.com\/2025\/12\/08\/bruno-savignani-destituido-en-el-recoletas-salud-san-pablo-burgos-porfirio-fisac-primer-candidato-al-banquillo-burgales\/\"]}]},{\"@type\":\"BreadcrumbList\",\"@id\":\"https:\/\/gijonbasket.com\/2025\/12\/08\/bruno-savignani-destituido-en-el-recoletas-salud-san-pablo-burgos-porfirio-fisac-primer-candidato-al-banquillo-burgales\/#breadcrumb\",\"itemListElement\":[{\"@type\":\"ListItem\",\"position\":1,\"name\":\"Portada\",\"item\":\"https:\/\/gijonbasket.com\/\"},{\"@type\":\"ListItem\",\"position\":2,\"name\":\"Bruno Savignani destituido en el Recoletas Salud San Pablo Burgos. Porfirio Fisac primer candidato al banquillo burgal\u00e9s.\"}]},{\"@type\":\"WebSite\",\"@id\":\"https:\/\/gijonbasket.com\/#website\",\"url\":\"https:\/\/gijonbasket.com\/\",\"name\":\"gijonbasket\",\"description\":\"\",\"publisher\":{\"@id\":\"https:\/\/gijonbasket.com\/#organization\"},\"potentialAction\":[{\"@type\":\"SearchAction\",\"target\":{\"@type\":\"EntryPoint\",\"urlTemplate\":\"https:\/\/gijonbasket.com\/?s={search_term_string}\"},\"query-input\":{\"@type\":\"PropertyValueSpecification\",\"valueRequired\":true,\"valueName\":\"search_term_string\"}}],\"inLanguage\":\"en-US\"},{\"@type\":\"Organization\",\"@id\":\"https:\/\/gijonbasket.com\/#organization\",\"name\":\"gijonbasket\",\"url\":\"https:\/\/gijonbasket.com\/\",\"logo\":{\"@type\":\"ImageObject\",\"inLanguage\":\"en-US\",\"@id\":\"https:\/\/gijonbasket.com\/#\/schema\/logo\/image\/\",\"url\":\"https:\/\/gijonbasket.com\/wp-content\/uploads\/2023\/03\/LogoGijonBasket2.jpg\",\"contentUrl\":\"https:\/\/gijonbasket.com\/wp-content\/uploads\/2023\/03\/LogoGijonBasket2.jpg\",\"width\":2000,\"height\":550,\"caption\":\"gijonbasket\"},\"image\":{\"@id\":\"https:\/\/gijonbasket.com\/#\/schema\/logo\/image\/\"}},{\"@type\":\"Person\",\"@id\":\"https:\/\/gijonbasket.com\/#\/schema\/person\/91af9ff03e8eab582ccc344b715907c0\",\"name\":\"Cesar Morales\",\"image\":{\"@type\":\"ImageObject\",\"inLanguage\":\"en-US\",\"@id\":\"https:\/\/gijonbasket.com\/#\/schema\/person\/image\/\",\"url\":\"https:\/\/secure.gravatar.com\/avatar\/ab9ddf1e87f7580cae3deefb05a58c5cf4f0c7f96f033fd7dacc23f0e8d149ca?s=96&d=mm&r=g\",\"contentUrl\":\"https:\/\/secure.gravatar.com\/avatar\/ab9ddf1e87f7580cae3deefb05a58c5cf4f0c7f96f033fd7dacc23f0e8d149ca?s=96&d=mm&r=g\",\"caption\":\"Cesar Morales\"},\"url\":\"https:\/\/gijonbasket.com\/en\/author\/cesar\/\"}]}<\/script>\n<!-- \/ Yoast SEO plugin. -->","yoast_head_json":{"title":"Bruno Savignani destituido en el Recoletas Salud San Pablo Burgos. Porfirio Fisac primer candidato al banquillo burgal\u00e9s. - gijonbasket","robots":{"index":"index","follow":"follow","max-snippet":"max-snippet:-1","max-image-preview":"max-image-preview:large","max-video-preview":"max-video-preview:-1"},"canonical":"https:\/\/gijonbasket.com\/en\/2025\/12\/08\/bruno-savignani-destituido-en-el-recoletas-salud-san-pablo-burgos-porfirio-fisac-primer-candidato-al-banquillo-burgales\/","og_locale":"en_US","og_type":"article","og_title":"Bruno Savignani destituido en el Recoletas Salud San Pablo Burgos. Porfirio Fisac primer candidato al banquillo burgal\u00e9s. - gijonbasket","og_description":"La derrota del Recoletas Salud San Pablo Burgos ante el UCAM Murcia (88-110) provoc\u00f3 ayer la destituci\u00f3n de Bruno Savignani como t\u00e9cnico del conjunto burgal\u00e9s. El Recoletas Salud San Pablo Burgos ocupa la posici\u00f3n de colista de la Liga Endesa con un balance de 1 victoria &#8211; 8 derrotas. Bruno Savignani, t\u00e9cnico brasile\u00f1o con nacionalidad&hellip;&nbsp;Read More &raquo;Bruno Savignani destituido en el Recoletas Salud San Pablo Burgos. Porfirio Fisac primer candidato al banquillo burgal\u00e9s.","og_url":"https:\/\/gijonbasket.com\/en\/2025\/12\/08\/bruno-savignani-destituido-en-el-recoletas-salud-san-pablo-burgos-porfirio-fisac-primer-candidato-al-banquillo-burgales\/","og_site_name":"gijonbasket","article_published_time":"2025-12-08T11:42:44+00:00","article_modified_time":"2025-12-08T11:42:45+00:00","author":"Cesar Morales","twitter_card":"summary_large_image","twitter_misc":{"Written by":"Cesar Morales","Est. reading time":"1 minute"},"schema":{"@context":"https:\/\/schema.org","@graph":[{"@type":"Article","@id":"https:\/\/gijonbasket.com\/2025\/12\/08\/bruno-savignani-destituido-en-el-recoletas-salud-san-pablo-burgos-porfirio-fisac-primer-candidato-al-banquillo-burgales\/#article","isPartOf":{"@id":"https:\/\/gijonbasket.com\/2025\/12\/08\/bruno-savignani-destituido-en-el-recoletas-salud-san-pablo-burgos-porfirio-fisac-primer-candidato-al-banquillo-burgales\/"},"author":{"name":"Cesar Morales","@id":"https:\/\/gijonbasket.com\/#\/schema\/person\/91af9ff03e8eab582ccc344b715907c0"},"headline":"Bruno Savignani destituido en el Recoletas Salud San Pablo Burgos. Porfirio Fisac primer candidato al banquillo burgal\u00e9s.","datePublished":"2025-12-08T11:42:44+00:00","dateModified":"2025-12-08T11:42:45+00:00","mainEntityOfPage":{"@id":"https:\/\/gijonbasket.com\/2025\/12\/08\/bruno-savignani-destituido-en-el-recoletas-salud-san-pablo-burgos-porfirio-fisac-primer-candidato-al-banquillo-burgales\/"},"wordCount":200,"commentCount":0,"publisher":{"@id":"https:\/\/gijonbasket.com\/#organization"},"articleSection":["noticias"],"inLanguage":"en-US","potentialAction":[{"@type":"CommentAction","name":"Comment","target":["https:\/\/gijonbasket.com\/2025\/12\/08\/bruno-savignani-destituido-en-el-recoletas-salud-san-pablo-burgos-porfirio-fisac-primer-candidato-al-banquillo-burgales\/#respond"]}]},{"@type":"WebPage","@id":"https:\/\/gijonbasket.com\/2025\/12\/08\/bruno-savignani-destituido-en-el-recoletas-salud-san-pablo-burgos-porfirio-fisac-primer-candidato-al-banquillo-burgales\/","url":"https:\/\/gijonbasket.com\/2025\/12\/08\/bruno-savignani-destituido-en-el-recoletas-salud-san-pablo-burgos-porfirio-fisac-primer-candidato-al-banquillo-burgales\/","name":"Bruno Savignani destituido en el Recoletas Salud San Pablo Burgos. Porfirio Fisac primer candidato al banquillo burgal\u00e9s. - gijonbasket","isPartOf":{"@id":"https:\/\/gijonbasket.com\/#website"},"datePublished":"2025-12-08T11:42:44+00:00","dateModified":"2025-12-08T11:42:45+00:00","breadcrumb":{"@id":"https:\/\/gijonbasket.com\/2025\/12\/08\/bruno-savignani-destituido-en-el-recoletas-salud-san-pablo-burgos-porfirio-fisac-primer-candidato-al-banquillo-burgales\/#breadcrumb"},"inLanguage":"en-US","potentialAction":[{"@type":"ReadAction","target":["https:\/\/gijonbasket.com\/2025\/12\/08\/bruno-savignani-destituido-en-el-recoletas-salud-san-pablo-burgos-porfirio-fisac-primer-candidato-al-banquillo-burgales\/"]}]},{"@type":"BreadcrumbList","@id":"https:\/\/gijonbasket.com\/2025\/12\/08\/bruno-savignani-destituido-en-el-recoletas-salud-san-pablo-burgos-porfirio-fisac-primer-candidato-al-banquillo-burgales\/#breadcrumb","itemListElement":[{"@type":"ListItem","position":1,"name":"Portada","item":"https:\/\/gijonbasket.com\/"},{"@type":"ListItem","position":2,"name":"Bruno Savignani destituido en el Recoletas Salud San Pablo Burgos. Porfirio Fisac primer candidato al banquillo burgal\u00e9s."}]},{"@type":"WebSite","@id":"https:\/\/gijonbasket.com\/#website","url":"https:\/\/gijonbasket.com\/","name":"gijonbasket","description":"","publisher":{"@id":"https:\/\/gijonbasket.com\/#organization"},"potentialAction":[{"@type":"SearchAction","target":{"@type":"EntryPoint","urlTemplate":"https:\/\/gijonbasket.com\/?s={search_term_string}"},"query-input":{"@type":"PropertyValueSpecification","valueRequired":true,"valueName":"search_term_string"}}],"inLanguage":"en-US"},{"@type":"Organization","@id":"https:\/\/gijonbasket.com\/#organization","name":"gijonbasket","url":"https:\/\/gijonbasket.com\/","logo":{"@type":"ImageObject","inLanguage":"en-US","@id":"https:\/\/gijonbasket.com\/#\/schema\/logo\/image\/","url":"https:\/\/gijonbasket.com\/wp-content\/uploads\/2023\/03\/LogoGijonBasket2.jpg","contentUrl":"https:\/\/gijonbasket.com\/wp-content\/uploads\/2023\/03\/LogoGijonBasket2.jpg","width":2000,"height":550,"caption":"gijonbasket"},"image":{"@id":"https:\/\/gijonbasket.com\/#\/schema\/logo\/image\/"}},{"@type":"Person","@id":"https:\/\/gijonbasket.com\/#\/schema\/person\/91af9ff03e8eab582ccc344b715907c0","name":"Cesar Morales","image":{"@type":"ImageObject","inLanguage":"en-US","@id":"https:\/\/gijonbasket.com\/#\/schema\/person\/image\/","url":"https:\/\/secure.gravatar.com\/avatar\/ab9ddf1e87f7580cae3deefb05a58c5cf4f0c7f96f033fd7dacc23f0e8d149ca?s=96&d=mm&r=g","contentUrl":"https:\/\/secure.gravatar.com\/avatar\/ab9ddf1e87f7580cae3deefb05a58c5cf4f0c7f96f033fd7dacc23f0e8d149ca?s=96&d=mm&r=g","caption":"Cesar Morales"},"url":"https:\/\/gijonbasket.com\/en\/author\/cesar\/"}]}},"_links":{"self":[{"href":"https:\/\/gijonbasket.com\/en\/wp-json\/wp\/v2\/posts\/9348","targetHints":{"allow":["GET"]}}],"collection":[{"href":"https:\/\/gijonbasket.com\/en\/wp-json\/wp\/v2\/posts"}],"about":[{"href":"https:\/\/gijonbasket.com\/en\/wp-json\/wp\/v2\/types\/post"}],"author":[{"embeddable":true,"href":"https:\/\/gijonbasket.com\/en\/wp-json\/wp\/v2\/users\/2"}],"replies":[{"embeddable":true,"href":"https:\/\/gijonbasket.com\/en\/wp-json\/wp\/v2\/comments?post=9348"}],"version-history":[{"count":2,"href":"https:\/\/gijonbasket.com\/en\/wp-json\/wp\/v2\/posts\/9348\/revisions"}],"predecessor-version":[{"id":9350,"href":"https:\/\/gijonbasket.com\/en\/wp-json\/wp\/v2\/posts\/9348\/revisions\/9350"}],"wp:attachment":[{"href":"https:\/\/gijonbasket.com\/en\/wp-json\/wp\/v2\/media?parent=9348"}],"wp:term":[{"taxonomy":"category","embeddable":true,"href":"https:\/\/gijonbasket.com\/en\/wp-json\/wp\/v2\/categories?post=9348"},{"taxonomy":"post_tag","embeddable":true,"href":"https:\/\/gijonbasket.com\/en\/wp-json\/wp\/v2\/tags?post=9348"}],"curies":[{"name":"wp","href":"https:\/\/api.w.org\/{rel}","templated":true}]}}