{"id":938,"date":"2023-05-07T13:23:32","date_gmt":"2023-05-07T11:23:32","guid":{"rendered":"https:\/\/gijonbasket.com\/?p=938"},"modified":"2023-05-07T13:23:33","modified_gmt":"2023-05-07T11:23:33","slug":"universidad-de-oviedo-y-alecar-skoda-atletica-avilesina-a-por-el-titulo-de-1a-nacional-mas-el-ascenso-a-eba-2023-2024","status":"publish","type":"post","link":"https:\/\/gijonbasket.com\/en\/2023\/05\/07\/universidad-de-oviedo-y-alecar-skoda-atletica-avilesina-a-por-el-titulo-de-1a-nacional-mas-el-ascenso-a-eba-2023-2024\/","title":{"rendered":"Universidad de Oviedo y Alecar Skoda Atl\u00e9tica Avilesina a por el t\u00edtulo de 1\u00aa Nacional m\u00e1s el ascenso a  EBA 2023\/2024"},"content":{"rendered":"<p>Universidad  de Oviedo y Alecar Skoda Atl\u00e9tica Avilesina disputar\u00e1n a partir de las 20:00 la Final del Campeonato de Espa\u00f1a de 1\u00aa Divisi\u00f3n Masculina en el Polideportivo Universitario de Oviedo.<\/p>\n\n\n\n<p>El Universidad de Oviedo se impuso en la primera Semifinal al Real Grupo de Cultura Covadonga B (77-62) mientras que el Alecar Skoda Atl\u00e9tica Avilesina necesit\u00f3 de dos pr\u00f3rrogas para superar al Avil\u00e9s Sur (77-81).<\/p>\n\n\n\n<p>El Universidad de Oviedo se presenta como el gran favorito para llevarse el t\u00edtulo y la plaza de Asceso a Liga EBA y as\u00ed poder culminar una temporada con pleno de triunfos.<\/p>\n\n\n\n<p>En temporada regular, el Universidad de Oviedo se impuso en los dos encuentros al Alecar Skoda Atl\u00e9tica Avilesina. En el encuentro de la primera vuelta disputado en pista avilesina, victoria por la m\u00ednima para el conjunto universitario (59-60). En la segunda vuelta, el Universidad de Oviedo en su pista, se impuso con facilidad al Alecar Skoda Atl\u00e9tica Avilesina (83-54).<\/p>","protected":false},"excerpt":{"rendered":"<p>Universidad de Oviedo y Alecar Skoda Atl\u00e9tica Avilesina disputar\u00e1n a partir de las 20:00 la Final del Campeonato de Espa\u00f1a de 1\u00aa Divisi\u00f3n Masculina en el Polideportivo Universitario de Oviedo. El Universidad de Oviedo se impuso en la primera Semifinal al Real Grupo de Cultura Covadonga B (77-62) mientras que el Alecar Skoda Atl\u00e9tica Avilesina&hellip;&nbsp;<a href=\"https:\/\/gijonbasket.com\/en\/2023\/05\/07\/universidad-de-oviedo-y-alecar-skoda-atletica-avilesina-a-por-el-titulo-de-1a-nacional-mas-el-ascenso-a-eba-2023-2024\/\" class=\"\" rel=\"bookmark\">Read More &raquo;<span class=\"screen-reader-text\">Universidad de Oviedo y Alecar Skoda Atl\u00e9tica Avilesina a por el t\u00edtulo de 1\u00aa Nacional m\u00e1s el ascenso a  EBA 2023\/2024<\/span><\/a><\/p>","protected":false},"author":2,"featured_media":0,"comment_status":"open","ping_status":"open","sticky":false,"template":"","format":"standard","meta":{"neve_meta_sidebar":"","neve_meta_container":"","neve_meta_enable_content_width":"","neve_meta_content_width":0,"neve_meta_title_alignment":"","neve_meta_author_avatar":"","neve_post_elements_order":"","neve_meta_disable_header":"","neve_meta_disable_footer":"","neve_meta_disable_title":"","footnotes":""},"categories":[4],"tags":[],"class_list":["post-938","post","type-post","status-publish","format-standard","hentry","category-noticias"],"yoast_head":"<!-- This site is optimized with the Yoast SEO plugin v23.4 - https:\/\/yoast.com\/wordpress\/plugins\/seo\/ -->\n<title>Universidad de Oviedo y Alecar Skoda Atl\u00e9tica Avilesina a por el t\u00edtulo de 1\u00aa Nacional m\u00e1s el ascenso a EBA 2023\/2024 - gijonbasket<\/title>\n<meta name=\"robots\" content=\"index, follow, max-snippet:-1, max-image-preview:large, max-video-preview:-1\" \/>\n<link rel=\"canonical\" href=\"https:\/\/gijonbasket.com\/en\/2023\/05\/07\/universidad-de-oviedo-y-alecar-skoda-atletica-avilesina-a-por-el-titulo-de-1a-nacional-mas-el-ascenso-a-eba-2023-2024\/\" \/>\n<meta property=\"og:locale\" content=\"en_US\" \/>\n<meta property=\"og:type\" content=\"article\" \/>\n<meta property=\"og:title\" content=\"Universidad de Oviedo y Alecar Skoda Atl\u00e9tica Avilesina a por el t\u00edtulo de 1\u00aa Nacional m\u00e1s el ascenso a EBA 2023\/2024 - gijonbasket\" \/>\n<meta property=\"og:description\" content=\"Universidad de Oviedo y Alecar Skoda Atl\u00e9tica Avilesina disputar\u00e1n a partir de las 20:00 la Final del Campeonato de Espa\u00f1a de 1\u00aa Divisi\u00f3n Masculina en el Polideportivo Universitario de Oviedo. El Universidad de Oviedo se impuso en la primera Semifinal al Real Grupo de Cultura Covadonga B (77-62) mientras que el Alecar Skoda Atl\u00e9tica Avilesina&hellip;&nbsp;Read More &raquo;Universidad de Oviedo y Alecar Skoda Atl\u00e9tica Avilesina a por el t\u00edtulo de 1\u00aa Nacional m\u00e1s el ascenso a EBA 2023\/2024\" \/>\n<meta property=\"og:url\" content=\"https:\/\/gijonbasket.com\/en\/2023\/05\/07\/universidad-de-oviedo-y-alecar-skoda-atletica-avilesina-a-por-el-titulo-de-1a-nacional-mas-el-ascenso-a-eba-2023-2024\/\" \/>\n<meta property=\"og:site_name\" content=\"gijonbasket\" \/>\n<meta property=\"article:published_time\" content=\"2023-05-07T11:23:32+00:00\" \/>\n<meta property=\"article:modified_time\" content=\"2023-05-07T11:23:33+00:00\" \/>\n<meta name=\"author\" content=\"Cesar Morales\" \/>\n<meta name=\"twitter:card\" content=\"summary_large_image\" \/>\n<meta name=\"twitter:label1\" content=\"Written by\" \/>\n\t<meta name=\"twitter:data1\" content=\"Cesar Morales\" \/>\n\t<meta name=\"twitter:label2\" content=\"Est. reading time\" \/>\n\t<meta name=\"twitter:data2\" content=\"1 minute\" \/>\n<script type=\"application\/ld+json\" class=\"yoast-schema-graph\">{\"@context\":\"https:\/\/schema.org\",\"@graph\":[{\"@type\":\"Article\",\"@id\":\"https:\/\/gijonbasket.com\/2023\/05\/07\/universidad-de-oviedo-y-alecar-skoda-atletica-avilesina-a-por-el-titulo-de-1a-nacional-mas-el-ascenso-a-eba-2023-2024\/#article\",\"isPartOf\":{\"@id\":\"https:\/\/gijonbasket.com\/2023\/05\/07\/universidad-de-oviedo-y-alecar-skoda-atletica-avilesina-a-por-el-titulo-de-1a-nacional-mas-el-ascenso-a-eba-2023-2024\/\"},\"author\":{\"name\":\"Cesar Morales\",\"@id\":\"https:\/\/gijonbasket.com\/#\/schema\/person\/91af9ff03e8eab582ccc344b715907c0\"},\"headline\":\"Universidad de Oviedo y Alecar Skoda Atl\u00e9tica Avilesina a por el t\u00edtulo de 1\u00aa Nacional m\u00e1s el ascenso a EBA 2023\/2024\",\"datePublished\":\"2023-05-07T11:23:32+00:00\",\"dateModified\":\"2023-05-07T11:23:33+00:00\",\"mainEntityOfPage\":{\"@id\":\"https:\/\/gijonbasket.com\/2023\/05\/07\/universidad-de-oviedo-y-alecar-skoda-atletica-avilesina-a-por-el-titulo-de-1a-nacional-mas-el-ascenso-a-eba-2023-2024\/\"},\"wordCount\":187,\"commentCount\":0,\"publisher\":{\"@id\":\"https:\/\/gijonbasket.com\/#organization\"},\"articleSection\":[\"noticias\"],\"inLanguage\":\"en-US\",\"potentialAction\":[{\"@type\":\"CommentAction\",\"name\":\"Comment\",\"target\":[\"https:\/\/gijonbasket.com\/2023\/05\/07\/universidad-de-oviedo-y-alecar-skoda-atletica-avilesina-a-por-el-titulo-de-1a-nacional-mas-el-ascenso-a-eba-2023-2024\/#respond\"]}]},{\"@type\":\"WebPage\",\"@id\":\"https:\/\/gijonbasket.com\/2023\/05\/07\/universidad-de-oviedo-y-alecar-skoda-atletica-avilesina-a-por-el-titulo-de-1a-nacional-mas-el-ascenso-a-eba-2023-2024\/\",\"url\":\"https:\/\/gijonbasket.com\/2023\/05\/07\/universidad-de-oviedo-y-alecar-skoda-atletica-avilesina-a-por-el-titulo-de-1a-nacional-mas-el-ascenso-a-eba-2023-2024\/\",\"name\":\"Universidad de Oviedo y Alecar Skoda Atl\u00e9tica Avilesina a por el t\u00edtulo de 1\u00aa Nacional m\u00e1s el ascenso a EBA 2023\/2024 - gijonbasket\",\"isPartOf\":{\"@id\":\"https:\/\/gijonbasket.com\/#website\"},\"datePublished\":\"2023-05-07T11:23:32+00:00\",\"dateModified\":\"2023-05-07T11:23:33+00:00\",\"breadcrumb\":{\"@id\":\"https:\/\/gijonbasket.com\/2023\/05\/07\/universidad-de-oviedo-y-alecar-skoda-atletica-avilesina-a-por-el-titulo-de-1a-nacional-mas-el-ascenso-a-eba-2023-2024\/#breadcrumb\"},\"inLanguage\":\"en-US\",\"potentialAction\":[{\"@type\":\"ReadAction\",\"target\":[\"https:\/\/gijonbasket.com\/2023\/05\/07\/universidad-de-oviedo-y-alecar-skoda-atletica-avilesina-a-por-el-titulo-de-1a-nacional-mas-el-ascenso-a-eba-2023-2024\/\"]}]},{\"@type\":\"BreadcrumbList\",\"@id\":\"https:\/\/gijonbasket.com\/2023\/05\/07\/universidad-de-oviedo-y-alecar-skoda-atletica-avilesina-a-por-el-titulo-de-1a-nacional-mas-el-ascenso-a-eba-2023-2024\/#breadcrumb\",\"itemListElement\":[{\"@type\":\"ListItem\",\"position\":1,\"name\":\"Portada\",\"item\":\"https:\/\/gijonbasket.com\/\"},{\"@type\":\"ListItem\",\"position\":2,\"name\":\"Universidad de Oviedo y Alecar Skoda Atl\u00e9tica Avilesina a por el t\u00edtulo de 1\u00aa Nacional m\u00e1s el ascenso a EBA 2023\/2024\"}]},{\"@type\":\"WebSite\",\"@id\":\"https:\/\/gijonbasket.com\/#website\",\"url\":\"https:\/\/gijonbasket.com\/\",\"name\":\"gijonbasket\",\"description\":\"\",\"publisher\":{\"@id\":\"https:\/\/gijonbasket.com\/#organization\"},\"potentialAction\":[{\"@type\":\"SearchAction\",\"target\":{\"@type\":\"EntryPoint\",\"urlTemplate\":\"https:\/\/gijonbasket.com\/?s={search_term_string}\"},\"query-input\":{\"@type\":\"PropertyValueSpecification\",\"valueRequired\":true,\"valueName\":\"search_term_string\"}}],\"inLanguage\":\"en-US\"},{\"@type\":\"Organization\",\"@id\":\"https:\/\/gijonbasket.com\/#organization\",\"name\":\"gijonbasket\",\"url\":\"https:\/\/gijonbasket.com\/\",\"logo\":{\"@type\":\"ImageObject\",\"inLanguage\":\"en-US\",\"@id\":\"https:\/\/gijonbasket.com\/#\/schema\/logo\/image\/\",\"url\":\"https:\/\/gijonbasket.com\/wp-content\/uploads\/2023\/03\/LogoGijonBasket2.jpg\",\"contentUrl\":\"https:\/\/gijonbasket.com\/wp-content\/uploads\/2023\/03\/LogoGijonBasket2.jpg\",\"width\":2000,\"height\":550,\"caption\":\"gijonbasket\"},\"image\":{\"@id\":\"https:\/\/gijonbasket.com\/#\/schema\/logo\/image\/\"}},{\"@type\":\"Person\",\"@id\":\"https:\/\/gijonbasket.com\/#\/schema\/person\/91af9ff03e8eab582ccc344b715907c0\",\"name\":\"Cesar Morales\",\"image\":{\"@type\":\"ImageObject\",\"inLanguage\":\"en-US\",\"@id\":\"https:\/\/gijonbasket.com\/#\/schema\/person\/image\/\",\"url\":\"https:\/\/secure.gravatar.com\/avatar\/ab9ddf1e87f7580cae3deefb05a58c5cf4f0c7f96f033fd7dacc23f0e8d149ca?s=96&d=mm&r=g\",\"contentUrl\":\"https:\/\/secure.gravatar.com\/avatar\/ab9ddf1e87f7580cae3deefb05a58c5cf4f0c7f96f033fd7dacc23f0e8d149ca?s=96&d=mm&r=g\",\"caption\":\"Cesar Morales\"},\"url\":\"https:\/\/gijonbasket.com\/en\/author\/cesar\/\"}]}<\/script>\n<!-- \/ Yoast SEO plugin. -->","yoast_head_json":{"title":"Universidad de Oviedo y Alecar Skoda Atl\u00e9tica Avilesina a por el t\u00edtulo de 1\u00aa Nacional m\u00e1s el ascenso a EBA 2023\/2024 - gijonbasket","robots":{"index":"index","follow":"follow","max-snippet":"max-snippet:-1","max-image-preview":"max-image-preview:large","max-video-preview":"max-video-preview:-1"},"canonical":"https:\/\/gijonbasket.com\/en\/2023\/05\/07\/universidad-de-oviedo-y-alecar-skoda-atletica-avilesina-a-por-el-titulo-de-1a-nacional-mas-el-ascenso-a-eba-2023-2024\/","og_locale":"en_US","og_type":"article","og_title":"Universidad de Oviedo y Alecar Skoda Atl\u00e9tica Avilesina a por el t\u00edtulo de 1\u00aa Nacional m\u00e1s el ascenso a EBA 2023\/2024 - gijonbasket","og_description":"Universidad de Oviedo y Alecar Skoda Atl\u00e9tica Avilesina disputar\u00e1n a partir de las 20:00 la Final del Campeonato de Espa\u00f1a de 1\u00aa Divisi\u00f3n Masculina en el Polideportivo Universitario de Oviedo. El Universidad de Oviedo se impuso en la primera Semifinal al Real Grupo de Cultura Covadonga B (77-62) mientras que el Alecar Skoda Atl\u00e9tica Avilesina&hellip;&nbsp;Read More &raquo;Universidad de Oviedo y Alecar Skoda Atl\u00e9tica Avilesina a por el t\u00edtulo de 1\u00aa Nacional m\u00e1s el ascenso a EBA 2023\/2024","og_url":"https:\/\/gijonbasket.com\/en\/2023\/05\/07\/universidad-de-oviedo-y-alecar-skoda-atletica-avilesina-a-por-el-titulo-de-1a-nacional-mas-el-ascenso-a-eba-2023-2024\/","og_site_name":"gijonbasket","article_published_time":"2023-05-07T11:23:32+00:00","article_modified_time":"2023-05-07T11:23:33+00:00","author":"Cesar Morales","twitter_card":"summary_large_image","twitter_misc":{"Written by":"Cesar Morales","Est. reading time":"1 minute"},"schema":{"@context":"https:\/\/schema.org","@graph":[{"@type":"Article","@id":"https:\/\/gijonbasket.com\/2023\/05\/07\/universidad-de-oviedo-y-alecar-skoda-atletica-avilesina-a-por-el-titulo-de-1a-nacional-mas-el-ascenso-a-eba-2023-2024\/#article","isPartOf":{"@id":"https:\/\/gijonbasket.com\/2023\/05\/07\/universidad-de-oviedo-y-alecar-skoda-atletica-avilesina-a-por-el-titulo-de-1a-nacional-mas-el-ascenso-a-eba-2023-2024\/"},"author":{"name":"Cesar Morales","@id":"https:\/\/gijonbasket.com\/#\/schema\/person\/91af9ff03e8eab582ccc344b715907c0"},"headline":"Universidad de Oviedo y Alecar Skoda Atl\u00e9tica Avilesina a por el t\u00edtulo de 1\u00aa Nacional m\u00e1s el ascenso a EBA 2023\/2024","datePublished":"2023-05-07T11:23:32+00:00","dateModified":"2023-05-07T11:23:33+00:00","mainEntityOfPage":{"@id":"https:\/\/gijonbasket.com\/2023\/05\/07\/universidad-de-oviedo-y-alecar-skoda-atletica-avilesina-a-por-el-titulo-de-1a-nacional-mas-el-ascenso-a-eba-2023-2024\/"},"wordCount":187,"commentCount":0,"publisher":{"@id":"https:\/\/gijonbasket.com\/#organization"},"articleSection":["noticias"],"inLanguage":"en-US","potentialAction":[{"@type":"CommentAction","name":"Comment","target":["https:\/\/gijonbasket.com\/2023\/05\/07\/universidad-de-oviedo-y-alecar-skoda-atletica-avilesina-a-por-el-titulo-de-1a-nacional-mas-el-ascenso-a-eba-2023-2024\/#respond"]}]},{"@type":"WebPage","@id":"https:\/\/gijonbasket.com\/2023\/05\/07\/universidad-de-oviedo-y-alecar-skoda-atletica-avilesina-a-por-el-titulo-de-1a-nacional-mas-el-ascenso-a-eba-2023-2024\/","url":"https:\/\/gijonbasket.com\/2023\/05\/07\/universidad-de-oviedo-y-alecar-skoda-atletica-avilesina-a-por-el-titulo-de-1a-nacional-mas-el-ascenso-a-eba-2023-2024\/","name":"Universidad de Oviedo y Alecar Skoda Atl\u00e9tica Avilesina a por el t\u00edtulo de 1\u00aa Nacional m\u00e1s el ascenso a EBA 2023\/2024 - gijonbasket","isPartOf":{"@id":"https:\/\/gijonbasket.com\/#website"},"datePublished":"2023-05-07T11:23:32+00:00","dateModified":"2023-05-07T11:23:33+00:00","breadcrumb":{"@id":"https:\/\/gijonbasket.com\/2023\/05\/07\/universidad-de-oviedo-y-alecar-skoda-atletica-avilesina-a-por-el-titulo-de-1a-nacional-mas-el-ascenso-a-eba-2023-2024\/#breadcrumb"},"inLanguage":"en-US","potentialAction":[{"@type":"ReadAction","target":["https:\/\/gijonbasket.com\/2023\/05\/07\/universidad-de-oviedo-y-alecar-skoda-atletica-avilesina-a-por-el-titulo-de-1a-nacional-mas-el-ascenso-a-eba-2023-2024\/"]}]},{"@type":"BreadcrumbList","@id":"https:\/\/gijonbasket.com\/2023\/05\/07\/universidad-de-oviedo-y-alecar-skoda-atletica-avilesina-a-por-el-titulo-de-1a-nacional-mas-el-ascenso-a-eba-2023-2024\/#breadcrumb","itemListElement":[{"@type":"ListItem","position":1,"name":"Portada","item":"https:\/\/gijonbasket.com\/"},{"@type":"ListItem","position":2,"name":"Universidad de Oviedo y Alecar Skoda Atl\u00e9tica Avilesina a por el t\u00edtulo de 1\u00aa Nacional m\u00e1s el ascenso a EBA 2023\/2024"}]},{"@type":"WebSite","@id":"https:\/\/gijonbasket.com\/#website","url":"https:\/\/gijonbasket.com\/","name":"gijonbasket","description":"","publisher":{"@id":"https:\/\/gijonbasket.com\/#organization"},"potentialAction":[{"@type":"SearchAction","target":{"@type":"EntryPoint","urlTemplate":"https:\/\/gijonbasket.com\/?s={search_term_string}"},"query-input":{"@type":"PropertyValueSpecification","valueRequired":true,"valueName":"search_term_string"}}],"inLanguage":"en-US"},{"@type":"Organization","@id":"https:\/\/gijonbasket.com\/#organization","name":"gijonbasket","url":"https:\/\/gijonbasket.com\/","logo":{"@type":"ImageObject","inLanguage":"en-US","@id":"https:\/\/gijonbasket.com\/#\/schema\/logo\/image\/","url":"https:\/\/gijonbasket.com\/wp-content\/uploads\/2023\/03\/LogoGijonBasket2.jpg","contentUrl":"https:\/\/gijonbasket.com\/wp-content\/uploads\/2023\/03\/LogoGijonBasket2.jpg","width":2000,"height":550,"caption":"gijonbasket"},"image":{"@id":"https:\/\/gijonbasket.com\/#\/schema\/logo\/image\/"}},{"@type":"Person","@id":"https:\/\/gijonbasket.com\/#\/schema\/person\/91af9ff03e8eab582ccc344b715907c0","name":"Cesar Morales","image":{"@type":"ImageObject","inLanguage":"en-US","@id":"https:\/\/gijonbasket.com\/#\/schema\/person\/image\/","url":"https:\/\/secure.gravatar.com\/avatar\/ab9ddf1e87f7580cae3deefb05a58c5cf4f0c7f96f033fd7dacc23f0e8d149ca?s=96&d=mm&r=g","contentUrl":"https:\/\/secure.gravatar.com\/avatar\/ab9ddf1e87f7580cae3deefb05a58c5cf4f0c7f96f033fd7dacc23f0e8d149ca?s=96&d=mm&r=g","caption":"Cesar Morales"},"url":"https:\/\/gijonbasket.com\/en\/author\/cesar\/"}]}},"_links":{"self":[{"href":"https:\/\/gijonbasket.com\/en\/wp-json\/wp\/v2\/posts\/938","targetHints":{"allow":["GET"]}}],"collection":[{"href":"https:\/\/gijonbasket.com\/en\/wp-json\/wp\/v2\/posts"}],"about":[{"href":"https:\/\/gijonbasket.com\/en\/wp-json\/wp\/v2\/types\/post"}],"author":[{"embeddable":true,"href":"https:\/\/gijonbasket.com\/en\/wp-json\/wp\/v2\/users\/2"}],"replies":[{"embeddable":true,"href":"https:\/\/gijonbasket.com\/en\/wp-json\/wp\/v2\/comments?post=938"}],"version-history":[{"count":1,"href":"https:\/\/gijonbasket.com\/en\/wp-json\/wp\/v2\/posts\/938\/revisions"}],"predecessor-version":[{"id":939,"href":"https:\/\/gijonbasket.com\/en\/wp-json\/wp\/v2\/posts\/938\/revisions\/939"}],"wp:attachment":[{"href":"https:\/\/gijonbasket.com\/en\/wp-json\/wp\/v2\/media?parent=938"}],"wp:term":[{"taxonomy":"category","embeddable":true,"href":"https:\/\/gijonbasket.com\/en\/wp-json\/wp\/v2\/categories?post=938"},{"taxonomy":"post_tag","embeddable":true,"href":"https:\/\/gijonbasket.com\/en\/wp-json\/wp\/v2\/tags?post=938"}],"curies":[{"name":"wp","href":"https:\/\/api.w.org\/{rel}","templated":true}]}}