{"id":9458,"date":"2025-12-18T10:15:51","date_gmt":"2025-12-18T09:15:51","guid":{"rendered":"https:\/\/gijonbasket.com\/?p=9458"},"modified":"2025-12-18T10:15:52","modified_gmt":"2025-12-18T09:15:52","slug":"ivan-aurrecoechea-nuevo-fichaje-del-flexicar-fuenlabrada-y-adios-a-lassi-nikkarinen","status":"publish","type":"post","link":"https:\/\/gijonbasket.com\/en\/2025\/12\/18\/ivan-aurrecoechea-nuevo-fichaje-del-flexicar-fuenlabrada-y-adios-a-lassi-nikkarinen\/","title":{"rendered":"Iv\u00e1n Aurrecoechea nuevo fichaje del Flexicar Fuenlabrada y adi\u00f3s a Lassi Nikkarinen"},"content":{"rendered":"<p>El Flexicar Fuenlabrada cerr\u00f3 el fichaje de Iv\u00e1n Aurrecoechea con un contrato temporal hasta la ventana FIBA de febrero de 2026.<\/p>\n\n\n\n<p>Ala-p\u00edvot de 30 a\u00f1os y 2.04 m. procedente del Covir\u00e1n Granada donde milit\u00f3 las dos \u00faltimas temporadas.<\/p>\n\n\n\n<p>Esta temporada con el Covir\u00e1n Granada, Ivan Aurrecoechea promedi\u00f3 0.3 ppp; 1 rpp.<\/p>\n\n\n\n<p>Con experiencia en LEB Oro tras jugar en el Bueno Arenas Albacete Basket y Movistar Estudiantes en la temporada 2022\/2023 y con el Guuk Gipuzkoa Basket (2023\/2024).<\/p>\n\n\n\n<p>Iv\u00e1n Aurrecoechea milit\u00f3 durante su formaci\u00f3n universitaria en New Mexico State University (2018\/2019; 2019\/2020).<\/p>\n\n\n\n<p>2 temporadas en Islandia defendiendo los colores del Thor Akureyri (2020\/2021) y U.M.F. Grindavik (2021\/2022).<\/p>\n\n\n\n<p>Lassi Nikkarinen, base finland\u00e9s de 28 a\u00f1os y 1.88 m., abandona la disciplina del Flexicar Fuenlabrada.<\/p>\n\n\n\n<p>Primera temporada en el conjunto fuenlabre\u00f1o donde promedi\u00f3 0.8 ppp; 0.6 rpp; 1 app en 8 partidos.<\/p>\n\n\n\n<p><\/p>","protected":false},"excerpt":{"rendered":"<p>El Flexicar Fuenlabrada cerr\u00f3 el fichaje de Iv\u00e1n Aurrecoechea con un contrato temporal hasta la ventana FIBA de febrero de 2026. Ala-p\u00edvot de 30 a\u00f1os y 2.04 m. procedente del Covir\u00e1n Granada donde milit\u00f3 las dos \u00faltimas temporadas. Esta temporada con el Covir\u00e1n Granada, Ivan Aurrecoechea promedi\u00f3 0.3 ppp; 1 rpp. Con experiencia en LEB&hellip;&nbsp;<a href=\"https:\/\/gijonbasket.com\/en\/2025\/12\/18\/ivan-aurrecoechea-nuevo-fichaje-del-flexicar-fuenlabrada-y-adios-a-lassi-nikkarinen\/\" class=\"\" rel=\"bookmark\">Read More &raquo;<span class=\"screen-reader-text\">Iv\u00e1n Aurrecoechea nuevo fichaje del Flexicar Fuenlabrada y adi\u00f3s a Lassi Nikkarinen<\/span><\/a><\/p>","protected":false},"author":2,"featured_media":0,"comment_status":"open","ping_status":"open","sticky":false,"template":"","format":"standard","meta":{"neve_meta_sidebar":"","neve_meta_container":"","neve_meta_enable_content_width":"","neve_meta_content_width":0,"neve_meta_title_alignment":"","neve_meta_author_avatar":"","neve_post_elements_order":"","neve_meta_disable_header":"","neve_meta_disable_footer":"","neve_meta_disable_title":"","footnotes":""},"categories":[4],"tags":[],"class_list":["post-9458","post","type-post","status-publish","format-standard","hentry","category-noticias"],"yoast_head":"<!-- This site is optimized with the Yoast SEO plugin v23.4 - https:\/\/yoast.com\/wordpress\/plugins\/seo\/ -->\n<title>Iv\u00e1n Aurrecoechea nuevo fichaje del Flexicar Fuenlabrada y adi\u00f3s a Lassi Nikkarinen - gijonbasket<\/title>\n<meta name=\"robots\" content=\"index, follow, max-snippet:-1, max-image-preview:large, max-video-preview:-1\" \/>\n<link rel=\"canonical\" href=\"https:\/\/gijonbasket.com\/en\/2025\/12\/18\/ivan-aurrecoechea-nuevo-fichaje-del-flexicar-fuenlabrada-y-adios-a-lassi-nikkarinen\/\" \/>\n<meta property=\"og:locale\" content=\"en_US\" \/>\n<meta property=\"og:type\" content=\"article\" \/>\n<meta property=\"og:title\" content=\"Iv\u00e1n Aurrecoechea nuevo fichaje del Flexicar Fuenlabrada y adi\u00f3s a Lassi Nikkarinen - gijonbasket\" \/>\n<meta property=\"og:description\" content=\"El Flexicar Fuenlabrada cerr\u00f3 el fichaje de Iv\u00e1n Aurrecoechea con un contrato temporal hasta la ventana FIBA de febrero de 2026. Ala-p\u00edvot de 30 a\u00f1os y 2.04 m. procedente del Covir\u00e1n Granada donde milit\u00f3 las dos \u00faltimas temporadas. Esta temporada con el Covir\u00e1n Granada, Ivan Aurrecoechea promedi\u00f3 0.3 ppp; 1 rpp. Con experiencia en LEB&hellip;&nbsp;Read More &raquo;Iv\u00e1n Aurrecoechea nuevo fichaje del Flexicar Fuenlabrada y adi\u00f3s a Lassi Nikkarinen\" \/>\n<meta property=\"og:url\" content=\"https:\/\/gijonbasket.com\/en\/2025\/12\/18\/ivan-aurrecoechea-nuevo-fichaje-del-flexicar-fuenlabrada-y-adios-a-lassi-nikkarinen\/\" \/>\n<meta property=\"og:site_name\" content=\"gijonbasket\" \/>\n<meta property=\"article:published_time\" content=\"2025-12-18T09:15:51+00:00\" \/>\n<meta property=\"article:modified_time\" content=\"2025-12-18T09:15:52+00:00\" \/>\n<meta name=\"author\" content=\"Cesar Morales\" \/>\n<meta name=\"twitter:card\" content=\"summary_large_image\" \/>\n<meta name=\"twitter:label1\" content=\"Written by\" \/>\n\t<meta name=\"twitter:data1\" content=\"Cesar Morales\" \/>\n\t<meta name=\"twitter:label2\" content=\"Est. reading time\" \/>\n\t<meta name=\"twitter:data2\" content=\"1 minute\" \/>\n<script type=\"application\/ld+json\" class=\"yoast-schema-graph\">{\"@context\":\"https:\/\/schema.org\",\"@graph\":[{\"@type\":\"Article\",\"@id\":\"https:\/\/gijonbasket.com\/2025\/12\/18\/ivan-aurrecoechea-nuevo-fichaje-del-flexicar-fuenlabrada-y-adios-a-lassi-nikkarinen\/#article\",\"isPartOf\":{\"@id\":\"https:\/\/gijonbasket.com\/2025\/12\/18\/ivan-aurrecoechea-nuevo-fichaje-del-flexicar-fuenlabrada-y-adios-a-lassi-nikkarinen\/\"},\"author\":{\"name\":\"Cesar Morales\",\"@id\":\"https:\/\/gijonbasket.com\/#\/schema\/person\/91af9ff03e8eab582ccc344b715907c0\"},\"headline\":\"Iv\u00e1n Aurrecoechea nuevo fichaje del Flexicar Fuenlabrada y adi\u00f3s a Lassi Nikkarinen\",\"datePublished\":\"2025-12-18T09:15:51+00:00\",\"dateModified\":\"2025-12-18T09:15:52+00:00\",\"mainEntityOfPage\":{\"@id\":\"https:\/\/gijonbasket.com\/2025\/12\/18\/ivan-aurrecoechea-nuevo-fichaje-del-flexicar-fuenlabrada-y-adios-a-lassi-nikkarinen\/\"},\"wordCount\":148,\"commentCount\":0,\"publisher\":{\"@id\":\"https:\/\/gijonbasket.com\/#organization\"},\"articleSection\":[\"noticias\"],\"inLanguage\":\"en-US\",\"potentialAction\":[{\"@type\":\"CommentAction\",\"name\":\"Comment\",\"target\":[\"https:\/\/gijonbasket.com\/2025\/12\/18\/ivan-aurrecoechea-nuevo-fichaje-del-flexicar-fuenlabrada-y-adios-a-lassi-nikkarinen\/#respond\"]}]},{\"@type\":\"WebPage\",\"@id\":\"https:\/\/gijonbasket.com\/2025\/12\/18\/ivan-aurrecoechea-nuevo-fichaje-del-flexicar-fuenlabrada-y-adios-a-lassi-nikkarinen\/\",\"url\":\"https:\/\/gijonbasket.com\/2025\/12\/18\/ivan-aurrecoechea-nuevo-fichaje-del-flexicar-fuenlabrada-y-adios-a-lassi-nikkarinen\/\",\"name\":\"Iv\u00e1n Aurrecoechea nuevo fichaje del Flexicar Fuenlabrada y adi\u00f3s a Lassi Nikkarinen - gijonbasket\",\"isPartOf\":{\"@id\":\"https:\/\/gijonbasket.com\/#website\"},\"datePublished\":\"2025-12-18T09:15:51+00:00\",\"dateModified\":\"2025-12-18T09:15:52+00:00\",\"breadcrumb\":{\"@id\":\"https:\/\/gijonbasket.com\/2025\/12\/18\/ivan-aurrecoechea-nuevo-fichaje-del-flexicar-fuenlabrada-y-adios-a-lassi-nikkarinen\/#breadcrumb\"},\"inLanguage\":\"en-US\",\"potentialAction\":[{\"@type\":\"ReadAction\",\"target\":[\"https:\/\/gijonbasket.com\/2025\/12\/18\/ivan-aurrecoechea-nuevo-fichaje-del-flexicar-fuenlabrada-y-adios-a-lassi-nikkarinen\/\"]}]},{\"@type\":\"BreadcrumbList\",\"@id\":\"https:\/\/gijonbasket.com\/2025\/12\/18\/ivan-aurrecoechea-nuevo-fichaje-del-flexicar-fuenlabrada-y-adios-a-lassi-nikkarinen\/#breadcrumb\",\"itemListElement\":[{\"@type\":\"ListItem\",\"position\":1,\"name\":\"Portada\",\"item\":\"https:\/\/gijonbasket.com\/\"},{\"@type\":\"ListItem\",\"position\":2,\"name\":\"Iv\u00e1n Aurrecoechea nuevo fichaje del Flexicar Fuenlabrada y adi\u00f3s a Lassi Nikkarinen\"}]},{\"@type\":\"WebSite\",\"@id\":\"https:\/\/gijonbasket.com\/#website\",\"url\":\"https:\/\/gijonbasket.com\/\",\"name\":\"gijonbasket\",\"description\":\"\",\"publisher\":{\"@id\":\"https:\/\/gijonbasket.com\/#organization\"},\"potentialAction\":[{\"@type\":\"SearchAction\",\"target\":{\"@type\":\"EntryPoint\",\"urlTemplate\":\"https:\/\/gijonbasket.com\/?s={search_term_string}\"},\"query-input\":{\"@type\":\"PropertyValueSpecification\",\"valueRequired\":true,\"valueName\":\"search_term_string\"}}],\"inLanguage\":\"en-US\"},{\"@type\":\"Organization\",\"@id\":\"https:\/\/gijonbasket.com\/#organization\",\"name\":\"gijonbasket\",\"url\":\"https:\/\/gijonbasket.com\/\",\"logo\":{\"@type\":\"ImageObject\",\"inLanguage\":\"en-US\",\"@id\":\"https:\/\/gijonbasket.com\/#\/schema\/logo\/image\/\",\"url\":\"https:\/\/gijonbasket.com\/wp-content\/uploads\/2023\/03\/LogoGijonBasket2.jpg\",\"contentUrl\":\"https:\/\/gijonbasket.com\/wp-content\/uploads\/2023\/03\/LogoGijonBasket2.jpg\",\"width\":2000,\"height\":550,\"caption\":\"gijonbasket\"},\"image\":{\"@id\":\"https:\/\/gijonbasket.com\/#\/schema\/logo\/image\/\"}},{\"@type\":\"Person\",\"@id\":\"https:\/\/gijonbasket.com\/#\/schema\/person\/91af9ff03e8eab582ccc344b715907c0\",\"name\":\"Cesar Morales\",\"image\":{\"@type\":\"ImageObject\",\"inLanguage\":\"en-US\",\"@id\":\"https:\/\/gijonbasket.com\/#\/schema\/person\/image\/\",\"url\":\"https:\/\/secure.gravatar.com\/avatar\/ab9ddf1e87f7580cae3deefb05a58c5cf4f0c7f96f033fd7dacc23f0e8d149ca?s=96&d=mm&r=g\",\"contentUrl\":\"https:\/\/secure.gravatar.com\/avatar\/ab9ddf1e87f7580cae3deefb05a58c5cf4f0c7f96f033fd7dacc23f0e8d149ca?s=96&d=mm&r=g\",\"caption\":\"Cesar Morales\"},\"url\":\"https:\/\/gijonbasket.com\/en\/author\/cesar\/\"}]}<\/script>\n<!-- \/ Yoast SEO plugin. -->","yoast_head_json":{"title":"Iv\u00e1n Aurrecoechea nuevo fichaje del Flexicar Fuenlabrada y adi\u00f3s a Lassi Nikkarinen - gijonbasket","robots":{"index":"index","follow":"follow","max-snippet":"max-snippet:-1","max-image-preview":"max-image-preview:large","max-video-preview":"max-video-preview:-1"},"canonical":"https:\/\/gijonbasket.com\/en\/2025\/12\/18\/ivan-aurrecoechea-nuevo-fichaje-del-flexicar-fuenlabrada-y-adios-a-lassi-nikkarinen\/","og_locale":"en_US","og_type":"article","og_title":"Iv\u00e1n Aurrecoechea nuevo fichaje del Flexicar Fuenlabrada y adi\u00f3s a Lassi Nikkarinen - gijonbasket","og_description":"El Flexicar Fuenlabrada cerr\u00f3 el fichaje de Iv\u00e1n Aurrecoechea con un contrato temporal hasta la ventana FIBA de febrero de 2026. Ala-p\u00edvot de 30 a\u00f1os y 2.04 m. procedente del Covir\u00e1n Granada donde milit\u00f3 las dos \u00faltimas temporadas. Esta temporada con el Covir\u00e1n Granada, Ivan Aurrecoechea promedi\u00f3 0.3 ppp; 1 rpp. Con experiencia en LEB&hellip;&nbsp;Read More &raquo;Iv\u00e1n Aurrecoechea nuevo fichaje del Flexicar Fuenlabrada y adi\u00f3s a Lassi Nikkarinen","og_url":"https:\/\/gijonbasket.com\/en\/2025\/12\/18\/ivan-aurrecoechea-nuevo-fichaje-del-flexicar-fuenlabrada-y-adios-a-lassi-nikkarinen\/","og_site_name":"gijonbasket","article_published_time":"2025-12-18T09:15:51+00:00","article_modified_time":"2025-12-18T09:15:52+00:00","author":"Cesar Morales","twitter_card":"summary_large_image","twitter_misc":{"Written by":"Cesar Morales","Est. reading time":"1 minute"},"schema":{"@context":"https:\/\/schema.org","@graph":[{"@type":"Article","@id":"https:\/\/gijonbasket.com\/2025\/12\/18\/ivan-aurrecoechea-nuevo-fichaje-del-flexicar-fuenlabrada-y-adios-a-lassi-nikkarinen\/#article","isPartOf":{"@id":"https:\/\/gijonbasket.com\/2025\/12\/18\/ivan-aurrecoechea-nuevo-fichaje-del-flexicar-fuenlabrada-y-adios-a-lassi-nikkarinen\/"},"author":{"name":"Cesar Morales","@id":"https:\/\/gijonbasket.com\/#\/schema\/person\/91af9ff03e8eab582ccc344b715907c0"},"headline":"Iv\u00e1n Aurrecoechea nuevo fichaje del Flexicar Fuenlabrada y adi\u00f3s a Lassi Nikkarinen","datePublished":"2025-12-18T09:15:51+00:00","dateModified":"2025-12-18T09:15:52+00:00","mainEntityOfPage":{"@id":"https:\/\/gijonbasket.com\/2025\/12\/18\/ivan-aurrecoechea-nuevo-fichaje-del-flexicar-fuenlabrada-y-adios-a-lassi-nikkarinen\/"},"wordCount":148,"commentCount":0,"publisher":{"@id":"https:\/\/gijonbasket.com\/#organization"},"articleSection":["noticias"],"inLanguage":"en-US","potentialAction":[{"@type":"CommentAction","name":"Comment","target":["https:\/\/gijonbasket.com\/2025\/12\/18\/ivan-aurrecoechea-nuevo-fichaje-del-flexicar-fuenlabrada-y-adios-a-lassi-nikkarinen\/#respond"]}]},{"@type":"WebPage","@id":"https:\/\/gijonbasket.com\/2025\/12\/18\/ivan-aurrecoechea-nuevo-fichaje-del-flexicar-fuenlabrada-y-adios-a-lassi-nikkarinen\/","url":"https:\/\/gijonbasket.com\/2025\/12\/18\/ivan-aurrecoechea-nuevo-fichaje-del-flexicar-fuenlabrada-y-adios-a-lassi-nikkarinen\/","name":"Iv\u00e1n Aurrecoechea nuevo fichaje del Flexicar Fuenlabrada y adi\u00f3s a Lassi Nikkarinen - gijonbasket","isPartOf":{"@id":"https:\/\/gijonbasket.com\/#website"},"datePublished":"2025-12-18T09:15:51+00:00","dateModified":"2025-12-18T09:15:52+00:00","breadcrumb":{"@id":"https:\/\/gijonbasket.com\/2025\/12\/18\/ivan-aurrecoechea-nuevo-fichaje-del-flexicar-fuenlabrada-y-adios-a-lassi-nikkarinen\/#breadcrumb"},"inLanguage":"en-US","potentialAction":[{"@type":"ReadAction","target":["https:\/\/gijonbasket.com\/2025\/12\/18\/ivan-aurrecoechea-nuevo-fichaje-del-flexicar-fuenlabrada-y-adios-a-lassi-nikkarinen\/"]}]},{"@type":"BreadcrumbList","@id":"https:\/\/gijonbasket.com\/2025\/12\/18\/ivan-aurrecoechea-nuevo-fichaje-del-flexicar-fuenlabrada-y-adios-a-lassi-nikkarinen\/#breadcrumb","itemListElement":[{"@type":"ListItem","position":1,"name":"Portada","item":"https:\/\/gijonbasket.com\/"},{"@type":"ListItem","position":2,"name":"Iv\u00e1n Aurrecoechea nuevo fichaje del Flexicar Fuenlabrada y adi\u00f3s a Lassi Nikkarinen"}]},{"@type":"WebSite","@id":"https:\/\/gijonbasket.com\/#website","url":"https:\/\/gijonbasket.com\/","name":"gijonbasket","description":"","publisher":{"@id":"https:\/\/gijonbasket.com\/#organization"},"potentialAction":[{"@type":"SearchAction","target":{"@type":"EntryPoint","urlTemplate":"https:\/\/gijonbasket.com\/?s={search_term_string}"},"query-input":{"@type":"PropertyValueSpecification","valueRequired":true,"valueName":"search_term_string"}}],"inLanguage":"en-US"},{"@type":"Organization","@id":"https:\/\/gijonbasket.com\/#organization","name":"gijonbasket","url":"https:\/\/gijonbasket.com\/","logo":{"@type":"ImageObject","inLanguage":"en-US","@id":"https:\/\/gijonbasket.com\/#\/schema\/logo\/image\/","url":"https:\/\/gijonbasket.com\/wp-content\/uploads\/2023\/03\/LogoGijonBasket2.jpg","contentUrl":"https:\/\/gijonbasket.com\/wp-content\/uploads\/2023\/03\/LogoGijonBasket2.jpg","width":2000,"height":550,"caption":"gijonbasket"},"image":{"@id":"https:\/\/gijonbasket.com\/#\/schema\/logo\/image\/"}},{"@type":"Person","@id":"https:\/\/gijonbasket.com\/#\/schema\/person\/91af9ff03e8eab582ccc344b715907c0","name":"Cesar Morales","image":{"@type":"ImageObject","inLanguage":"en-US","@id":"https:\/\/gijonbasket.com\/#\/schema\/person\/image\/","url":"https:\/\/secure.gravatar.com\/avatar\/ab9ddf1e87f7580cae3deefb05a58c5cf4f0c7f96f033fd7dacc23f0e8d149ca?s=96&d=mm&r=g","contentUrl":"https:\/\/secure.gravatar.com\/avatar\/ab9ddf1e87f7580cae3deefb05a58c5cf4f0c7f96f033fd7dacc23f0e8d149ca?s=96&d=mm&r=g","caption":"Cesar Morales"},"url":"https:\/\/gijonbasket.com\/en\/author\/cesar\/"}]}},"_links":{"self":[{"href":"https:\/\/gijonbasket.com\/en\/wp-json\/wp\/v2\/posts\/9458","targetHints":{"allow":["GET"]}}],"collection":[{"href":"https:\/\/gijonbasket.com\/en\/wp-json\/wp\/v2\/posts"}],"about":[{"href":"https:\/\/gijonbasket.com\/en\/wp-json\/wp\/v2\/types\/post"}],"author":[{"embeddable":true,"href":"https:\/\/gijonbasket.com\/en\/wp-json\/wp\/v2\/users\/2"}],"replies":[{"embeddable":true,"href":"https:\/\/gijonbasket.com\/en\/wp-json\/wp\/v2\/comments?post=9458"}],"version-history":[{"count":1,"href":"https:\/\/gijonbasket.com\/en\/wp-json\/wp\/v2\/posts\/9458\/revisions"}],"predecessor-version":[{"id":9459,"href":"https:\/\/gijonbasket.com\/en\/wp-json\/wp\/v2\/posts\/9458\/revisions\/9459"}],"wp:attachment":[{"href":"https:\/\/gijonbasket.com\/en\/wp-json\/wp\/v2\/media?parent=9458"}],"wp:term":[{"taxonomy":"category","embeddable":true,"href":"https:\/\/gijonbasket.com\/en\/wp-json\/wp\/v2\/categories?post=9458"},{"taxonomy":"post_tag","embeddable":true,"href":"https:\/\/gijonbasket.com\/en\/wp-json\/wp\/v2\/tags?post=9458"}],"curies":[{"name":"wp","href":"https:\/\/api.w.org\/{rel}","templated":true}]}}