{"id":9464,"date":"2025-12-19T08:38:27","date_gmt":"2025-12-19T07:38:27","guid":{"rendered":"https:\/\/gijonbasket.com\/?p=9464"},"modified":"2025-12-19T08:38:27","modified_gmt":"2025-12-19T07:38:27","slug":"joaquin-cebolla-del-insolac-caja87-al-biele-isb","status":"publish","type":"post","link":"https:\/\/gijonbasket.com\/en\/2025\/12\/19\/joaquin-cebolla-del-insolac-caja87-al-biele-isb\/","title":{"rendered":"Joaqu\u00edn Cebolla del Insolac Caja87 al Biele ISB"},"content":{"rendered":"<p>El Biele ISB anunci\u00f3 el fichaje de Joaqu\u00edn Cebolla tras su desvinculaci\u00f3n del Insolac Caja87.<\/p>\n\n\n\n<p>Joaqu\u00edn Cebolla cambia de equipo en el Grupo Oeste de 2\u00aa FEB. Del quinto clasificado Insolac Caja87 al l\u00edder Biele ISB que comanda la clasificaci\u00f3n con el mismo balance que el Coto C\u00f3rdoba CB (9 victorias &#8211; 2 derrotas).<\/p>\n\n\n\n<p>Escolta de 23 a\u00f1os y 1.90 m. que cumpl\u00eda su primera temporada en el Insolac Caja87.<\/p>\n\n\n\n<p>Esta temporada Joaqu\u00edn Cebolla con el Insolac Caja87 estaba promediando 2.8 ppp; 1.1 rpp (Temporada Regular).<\/p>\n\n\n\n<p>2 temporadas defendiendo los colores del Atica Sevilla CB Coria (2023\/2024; 2024\/2025) previo a su llegada al Insolac Caja87.<\/p>","protected":false},"excerpt":{"rendered":"<p>El Biele ISB anunci\u00f3 el fichaje de Joaqu\u00edn Cebolla tras su desvinculaci\u00f3n del Insolac Caja87. Joaqu\u00edn Cebolla cambia de equipo en el Grupo Oeste de 2\u00aa FEB. Del quinto clasificado Insolac Caja87 al l\u00edder Biele ISB que comanda la clasificaci\u00f3n con el mismo balance que el Coto C\u00f3rdoba CB (9 victorias &#8211; 2 derrotas). Escolta&hellip;&nbsp;<a href=\"https:\/\/gijonbasket.com\/en\/2025\/12\/19\/joaquin-cebolla-del-insolac-caja87-al-biele-isb\/\" class=\"\" rel=\"bookmark\">Read More &raquo;<span class=\"screen-reader-text\">Joaqu\u00edn Cebolla del Insolac Caja87 al Biele ISB<\/span><\/a><\/p>","protected":false},"author":2,"featured_media":0,"comment_status":"open","ping_status":"open","sticky":false,"template":"","format":"standard","meta":{"neve_meta_sidebar":"","neve_meta_container":"","neve_meta_enable_content_width":"","neve_meta_content_width":0,"neve_meta_title_alignment":"","neve_meta_author_avatar":"","neve_post_elements_order":"","neve_meta_disable_header":"","neve_meta_disable_footer":"","neve_meta_disable_title":"","footnotes":""},"categories":[4],"tags":[],"class_list":["post-9464","post","type-post","status-publish","format-standard","hentry","category-noticias"],"yoast_head":"<!-- This site is optimized with the Yoast SEO plugin v23.4 - https:\/\/yoast.com\/wordpress\/plugins\/seo\/ -->\n<title>Joaqu\u00edn Cebolla del Insolac Caja87 al Biele ISB - gijonbasket<\/title>\n<meta name=\"robots\" content=\"index, follow, max-snippet:-1, max-image-preview:large, max-video-preview:-1\" \/>\n<link rel=\"canonical\" href=\"https:\/\/gijonbasket.com\/en\/2025\/12\/19\/joaquin-cebolla-del-insolac-caja87-al-biele-isb\/\" \/>\n<meta property=\"og:locale\" content=\"en_US\" \/>\n<meta property=\"og:type\" content=\"article\" \/>\n<meta property=\"og:title\" content=\"Joaqu\u00edn Cebolla del Insolac Caja87 al Biele ISB - gijonbasket\" \/>\n<meta property=\"og:description\" content=\"El Biele ISB anunci\u00f3 el fichaje de Joaqu\u00edn Cebolla tras su desvinculaci\u00f3n del Insolac Caja87. Joaqu\u00edn Cebolla cambia de equipo en el Grupo Oeste de 2\u00aa FEB. Del quinto clasificado Insolac Caja87 al l\u00edder Biele ISB que comanda la clasificaci\u00f3n con el mismo balance que el Coto C\u00f3rdoba CB (9 victorias &#8211; 2 derrotas). Escolta&hellip;&nbsp;Read More &raquo;Joaqu\u00edn Cebolla del Insolac Caja87 al Biele ISB\" \/>\n<meta property=\"og:url\" content=\"https:\/\/gijonbasket.com\/en\/2025\/12\/19\/joaquin-cebolla-del-insolac-caja87-al-biele-isb\/\" \/>\n<meta property=\"og:site_name\" content=\"gijonbasket\" \/>\n<meta property=\"article:published_time\" content=\"2025-12-19T07:38:27+00:00\" \/>\n<meta name=\"author\" content=\"Cesar Morales\" \/>\n<meta name=\"twitter:card\" content=\"summary_large_image\" \/>\n<meta name=\"twitter:label1\" content=\"Written by\" \/>\n\t<meta name=\"twitter:data1\" content=\"Cesar Morales\" \/>\n\t<meta name=\"twitter:label2\" content=\"Est. reading time\" \/>\n\t<meta name=\"twitter:data2\" content=\"1 minute\" \/>\n<script type=\"application\/ld+json\" class=\"yoast-schema-graph\">{\"@context\":\"https:\/\/schema.org\",\"@graph\":[{\"@type\":\"Article\",\"@id\":\"https:\/\/gijonbasket.com\/2025\/12\/19\/joaquin-cebolla-del-insolac-caja87-al-biele-isb\/#article\",\"isPartOf\":{\"@id\":\"https:\/\/gijonbasket.com\/2025\/12\/19\/joaquin-cebolla-del-insolac-caja87-al-biele-isb\/\"},\"author\":{\"name\":\"Cesar Morales\",\"@id\":\"https:\/\/gijonbasket.com\/#\/schema\/person\/91af9ff03e8eab582ccc344b715907c0\"},\"headline\":\"Joaqu\u00edn Cebolla del Insolac Caja87 al Biele ISB\",\"datePublished\":\"2025-12-19T07:38:27+00:00\",\"dateModified\":\"2025-12-19T07:38:27+00:00\",\"mainEntityOfPage\":{\"@id\":\"https:\/\/gijonbasket.com\/2025\/12\/19\/joaquin-cebolla-del-insolac-caja87-al-biele-isb\/\"},\"wordCount\":113,\"commentCount\":0,\"publisher\":{\"@id\":\"https:\/\/gijonbasket.com\/#organization\"},\"articleSection\":[\"noticias\"],\"inLanguage\":\"en-US\",\"potentialAction\":[{\"@type\":\"CommentAction\",\"name\":\"Comment\",\"target\":[\"https:\/\/gijonbasket.com\/2025\/12\/19\/joaquin-cebolla-del-insolac-caja87-al-biele-isb\/#respond\"]}]},{\"@type\":\"WebPage\",\"@id\":\"https:\/\/gijonbasket.com\/2025\/12\/19\/joaquin-cebolla-del-insolac-caja87-al-biele-isb\/\",\"url\":\"https:\/\/gijonbasket.com\/2025\/12\/19\/joaquin-cebolla-del-insolac-caja87-al-biele-isb\/\",\"name\":\"Joaqu\u00edn Cebolla del Insolac Caja87 al Biele ISB - gijonbasket\",\"isPartOf\":{\"@id\":\"https:\/\/gijonbasket.com\/#website\"},\"datePublished\":\"2025-12-19T07:38:27+00:00\",\"dateModified\":\"2025-12-19T07:38:27+00:00\",\"breadcrumb\":{\"@id\":\"https:\/\/gijonbasket.com\/2025\/12\/19\/joaquin-cebolla-del-insolac-caja87-al-biele-isb\/#breadcrumb\"},\"inLanguage\":\"en-US\",\"potentialAction\":[{\"@type\":\"ReadAction\",\"target\":[\"https:\/\/gijonbasket.com\/2025\/12\/19\/joaquin-cebolla-del-insolac-caja87-al-biele-isb\/\"]}]},{\"@type\":\"BreadcrumbList\",\"@id\":\"https:\/\/gijonbasket.com\/2025\/12\/19\/joaquin-cebolla-del-insolac-caja87-al-biele-isb\/#breadcrumb\",\"itemListElement\":[{\"@type\":\"ListItem\",\"position\":1,\"name\":\"Portada\",\"item\":\"https:\/\/gijonbasket.com\/\"},{\"@type\":\"ListItem\",\"position\":2,\"name\":\"Joaqu\u00edn Cebolla del Insolac Caja87 al Biele ISB\"}]},{\"@type\":\"WebSite\",\"@id\":\"https:\/\/gijonbasket.com\/#website\",\"url\":\"https:\/\/gijonbasket.com\/\",\"name\":\"gijonbasket\",\"description\":\"\",\"publisher\":{\"@id\":\"https:\/\/gijonbasket.com\/#organization\"},\"potentialAction\":[{\"@type\":\"SearchAction\",\"target\":{\"@type\":\"EntryPoint\",\"urlTemplate\":\"https:\/\/gijonbasket.com\/?s={search_term_string}\"},\"query-input\":{\"@type\":\"PropertyValueSpecification\",\"valueRequired\":true,\"valueName\":\"search_term_string\"}}],\"inLanguage\":\"en-US\"},{\"@type\":\"Organization\",\"@id\":\"https:\/\/gijonbasket.com\/#organization\",\"name\":\"gijonbasket\",\"url\":\"https:\/\/gijonbasket.com\/\",\"logo\":{\"@type\":\"ImageObject\",\"inLanguage\":\"en-US\",\"@id\":\"https:\/\/gijonbasket.com\/#\/schema\/logo\/image\/\",\"url\":\"https:\/\/gijonbasket.com\/wp-content\/uploads\/2023\/03\/LogoGijonBasket2.jpg\",\"contentUrl\":\"https:\/\/gijonbasket.com\/wp-content\/uploads\/2023\/03\/LogoGijonBasket2.jpg\",\"width\":2000,\"height\":550,\"caption\":\"gijonbasket\"},\"image\":{\"@id\":\"https:\/\/gijonbasket.com\/#\/schema\/logo\/image\/\"}},{\"@type\":\"Person\",\"@id\":\"https:\/\/gijonbasket.com\/#\/schema\/person\/91af9ff03e8eab582ccc344b715907c0\",\"name\":\"Cesar Morales\",\"image\":{\"@type\":\"ImageObject\",\"inLanguage\":\"en-US\",\"@id\":\"https:\/\/gijonbasket.com\/#\/schema\/person\/image\/\",\"url\":\"https:\/\/secure.gravatar.com\/avatar\/ab9ddf1e87f7580cae3deefb05a58c5cf4f0c7f96f033fd7dacc23f0e8d149ca?s=96&d=mm&r=g\",\"contentUrl\":\"https:\/\/secure.gravatar.com\/avatar\/ab9ddf1e87f7580cae3deefb05a58c5cf4f0c7f96f033fd7dacc23f0e8d149ca?s=96&d=mm&r=g\",\"caption\":\"Cesar Morales\"},\"url\":\"https:\/\/gijonbasket.com\/en\/author\/cesar\/\"}]}<\/script>\n<!-- \/ Yoast SEO plugin. -->","yoast_head_json":{"title":"Joaqu\u00edn Cebolla del Insolac Caja87 al Biele ISB - gijonbasket","robots":{"index":"index","follow":"follow","max-snippet":"max-snippet:-1","max-image-preview":"max-image-preview:large","max-video-preview":"max-video-preview:-1"},"canonical":"https:\/\/gijonbasket.com\/en\/2025\/12\/19\/joaquin-cebolla-del-insolac-caja87-al-biele-isb\/","og_locale":"en_US","og_type":"article","og_title":"Joaqu\u00edn Cebolla del Insolac Caja87 al Biele ISB - gijonbasket","og_description":"El Biele ISB anunci\u00f3 el fichaje de Joaqu\u00edn Cebolla tras su desvinculaci\u00f3n del Insolac Caja87. Joaqu\u00edn Cebolla cambia de equipo en el Grupo Oeste de 2\u00aa FEB. Del quinto clasificado Insolac Caja87 al l\u00edder Biele ISB que comanda la clasificaci\u00f3n con el mismo balance que el Coto C\u00f3rdoba CB (9 victorias &#8211; 2 derrotas). Escolta&hellip;&nbsp;Read More &raquo;Joaqu\u00edn Cebolla del Insolac Caja87 al Biele ISB","og_url":"https:\/\/gijonbasket.com\/en\/2025\/12\/19\/joaquin-cebolla-del-insolac-caja87-al-biele-isb\/","og_site_name":"gijonbasket","article_published_time":"2025-12-19T07:38:27+00:00","author":"Cesar Morales","twitter_card":"summary_large_image","twitter_misc":{"Written by":"Cesar Morales","Est. reading time":"1 minute"},"schema":{"@context":"https:\/\/schema.org","@graph":[{"@type":"Article","@id":"https:\/\/gijonbasket.com\/2025\/12\/19\/joaquin-cebolla-del-insolac-caja87-al-biele-isb\/#article","isPartOf":{"@id":"https:\/\/gijonbasket.com\/2025\/12\/19\/joaquin-cebolla-del-insolac-caja87-al-biele-isb\/"},"author":{"name":"Cesar Morales","@id":"https:\/\/gijonbasket.com\/#\/schema\/person\/91af9ff03e8eab582ccc344b715907c0"},"headline":"Joaqu\u00edn Cebolla del Insolac Caja87 al Biele ISB","datePublished":"2025-12-19T07:38:27+00:00","dateModified":"2025-12-19T07:38:27+00:00","mainEntityOfPage":{"@id":"https:\/\/gijonbasket.com\/2025\/12\/19\/joaquin-cebolla-del-insolac-caja87-al-biele-isb\/"},"wordCount":113,"commentCount":0,"publisher":{"@id":"https:\/\/gijonbasket.com\/#organization"},"articleSection":["noticias"],"inLanguage":"en-US","potentialAction":[{"@type":"CommentAction","name":"Comment","target":["https:\/\/gijonbasket.com\/2025\/12\/19\/joaquin-cebolla-del-insolac-caja87-al-biele-isb\/#respond"]}]},{"@type":"WebPage","@id":"https:\/\/gijonbasket.com\/2025\/12\/19\/joaquin-cebolla-del-insolac-caja87-al-biele-isb\/","url":"https:\/\/gijonbasket.com\/2025\/12\/19\/joaquin-cebolla-del-insolac-caja87-al-biele-isb\/","name":"Joaqu\u00edn Cebolla del Insolac Caja87 al Biele ISB - gijonbasket","isPartOf":{"@id":"https:\/\/gijonbasket.com\/#website"},"datePublished":"2025-12-19T07:38:27+00:00","dateModified":"2025-12-19T07:38:27+00:00","breadcrumb":{"@id":"https:\/\/gijonbasket.com\/2025\/12\/19\/joaquin-cebolla-del-insolac-caja87-al-biele-isb\/#breadcrumb"},"inLanguage":"en-US","potentialAction":[{"@type":"ReadAction","target":["https:\/\/gijonbasket.com\/2025\/12\/19\/joaquin-cebolla-del-insolac-caja87-al-biele-isb\/"]}]},{"@type":"BreadcrumbList","@id":"https:\/\/gijonbasket.com\/2025\/12\/19\/joaquin-cebolla-del-insolac-caja87-al-biele-isb\/#breadcrumb","itemListElement":[{"@type":"ListItem","position":1,"name":"Portada","item":"https:\/\/gijonbasket.com\/"},{"@type":"ListItem","position":2,"name":"Joaqu\u00edn Cebolla del Insolac Caja87 al Biele ISB"}]},{"@type":"WebSite","@id":"https:\/\/gijonbasket.com\/#website","url":"https:\/\/gijonbasket.com\/","name":"gijonbasket","description":"","publisher":{"@id":"https:\/\/gijonbasket.com\/#organization"},"potentialAction":[{"@type":"SearchAction","target":{"@type":"EntryPoint","urlTemplate":"https:\/\/gijonbasket.com\/?s={search_term_string}"},"query-input":{"@type":"PropertyValueSpecification","valueRequired":true,"valueName":"search_term_string"}}],"inLanguage":"en-US"},{"@type":"Organization","@id":"https:\/\/gijonbasket.com\/#organization","name":"gijonbasket","url":"https:\/\/gijonbasket.com\/","logo":{"@type":"ImageObject","inLanguage":"en-US","@id":"https:\/\/gijonbasket.com\/#\/schema\/logo\/image\/","url":"https:\/\/gijonbasket.com\/wp-content\/uploads\/2023\/03\/LogoGijonBasket2.jpg","contentUrl":"https:\/\/gijonbasket.com\/wp-content\/uploads\/2023\/03\/LogoGijonBasket2.jpg","width":2000,"height":550,"caption":"gijonbasket"},"image":{"@id":"https:\/\/gijonbasket.com\/#\/schema\/logo\/image\/"}},{"@type":"Person","@id":"https:\/\/gijonbasket.com\/#\/schema\/person\/91af9ff03e8eab582ccc344b715907c0","name":"Cesar Morales","image":{"@type":"ImageObject","inLanguage":"en-US","@id":"https:\/\/gijonbasket.com\/#\/schema\/person\/image\/","url":"https:\/\/secure.gravatar.com\/avatar\/ab9ddf1e87f7580cae3deefb05a58c5cf4f0c7f96f033fd7dacc23f0e8d149ca?s=96&d=mm&r=g","contentUrl":"https:\/\/secure.gravatar.com\/avatar\/ab9ddf1e87f7580cae3deefb05a58c5cf4f0c7f96f033fd7dacc23f0e8d149ca?s=96&d=mm&r=g","caption":"Cesar Morales"},"url":"https:\/\/gijonbasket.com\/en\/author\/cesar\/"}]}},"_links":{"self":[{"href":"https:\/\/gijonbasket.com\/en\/wp-json\/wp\/v2\/posts\/9464","targetHints":{"allow":["GET"]}}],"collection":[{"href":"https:\/\/gijonbasket.com\/en\/wp-json\/wp\/v2\/posts"}],"about":[{"href":"https:\/\/gijonbasket.com\/en\/wp-json\/wp\/v2\/types\/post"}],"author":[{"embeddable":true,"href":"https:\/\/gijonbasket.com\/en\/wp-json\/wp\/v2\/users\/2"}],"replies":[{"embeddable":true,"href":"https:\/\/gijonbasket.com\/en\/wp-json\/wp\/v2\/comments?post=9464"}],"version-history":[{"count":1,"href":"https:\/\/gijonbasket.com\/en\/wp-json\/wp\/v2\/posts\/9464\/revisions"}],"predecessor-version":[{"id":9465,"href":"https:\/\/gijonbasket.com\/en\/wp-json\/wp\/v2\/posts\/9464\/revisions\/9465"}],"wp:attachment":[{"href":"https:\/\/gijonbasket.com\/en\/wp-json\/wp\/v2\/media?parent=9464"}],"wp:term":[{"taxonomy":"category","embeddable":true,"href":"https:\/\/gijonbasket.com\/en\/wp-json\/wp\/v2\/categories?post=9464"},{"taxonomy":"post_tag","embeddable":true,"href":"https:\/\/gijonbasket.com\/en\/wp-json\/wp\/v2\/tags?post=9464"}],"curies":[{"name":"wp","href":"https:\/\/api.w.org\/{rel}","templated":true}]}}